{"id":29194,"date":"2024-01-17T17:37:30","date_gmt":"2024-01-17T20:37:30","guid":{"rendered":"https:\/\/noticiasribeiraopreto.com.br\/index.php\/2024\/01\/17\/camara-agenda-visitas-guiadas\/"},"modified":"2024-01-17T17:37:30","modified_gmt":"2024-01-17T20:37:30","slug":"camara-agenda-visitas-guiadas","status":"publish","type":"post","link":"https:\/\/noticiasribeiraopreto.com.br\/index.php\/2024\/01\/17\/camara-agenda-visitas-guiadas\/","title":{"rendered":"C\u00e2mara agenda visitas guiadas\u00a0 &#8211; Jornal Tribuna Ribeir\u00e3o"},"content":{"rendered":"<div class='code-block code-block-1' style='margin: 8px 0 8px auto; text-align: right; display: block; clear: both;'>\n<p><a href=\"https:\/\/wa.link\/vpicfd\"><img data-recalc-dims=\"1\" class=\"wp-image-4922\" style=\"aspect-ratio: 2.0253164556962027; width: 561px; height: auto;\" src=\"https:\/\/i0.wp.com\/ismaelcolosi.com.br\/wp-content\/uploads\/2023\/11\/grupo-de-empregos-whatsapp-e-facebook-ismael-colosi-vagas.jpg?ssl=1\" alt=\"\" \/><\/a><\/p>\n<!-- \/wp:image -->\n<\/div>\n<p> <br \/>\n<\/p>\n<div id=\"post-370631\">\n<header class=\"entry-header penci-entry-header penci-title-center\">\n<p> <span class=\"entry-meta-item penci-posted-on\"><i class=\"fa fa-clock-o\"\/><time class=\"entry-date published\" datetime=\"2024-01-17T17:00:46-03:00\">17 de janeiro de 2024 | 17:00<\/time><time class=\"updated\" datetime=\"2024-01-17T10:18:00-03:00\">17 de janeiro de 2024 | 10:18<\/time><\/span><\/p>\n<p> <span class=\"penci-social-buttons penci-social-share-footer\"><a href=\"#\" class=\"penci-post-like penci_post-meta_item  single-like-button penci-social-item like\" data-post_id=\"370631\" title=\"Like\" data-like=\"Like\" data-unlike=\"Unlike\"><i class=\"fa fa-thumbs-o-up\"\/><span class=\"penci-share-number\">0<\/span><\/a><i class=\"fa fa-facebook\"\/><a class=\"penci-social-item twitter\" target=\"_blank\" rel=\"noopener\" title=\"\" href=\"https:\/\/twitter.com\/intent\/tweet?text=C\u00e2mara%20agenda%20visitas%20guiadas\u00a0%20-%20https:\/\/www.tribunaribeirao.com.br\/site\/camara-agenda-visitas-guiadas\/\"><i class=\"fa fa-twitter\"\/><\/a><i class=\"fa fa-whatsapp\"\/><\/span><\/header>\n<div class=\"penci-entry-content entry-content\">\n<p><span class=\"TextRun SCXW97573923 BCX0\" lang=\"PT-BR\" xml:lang=\"PT-BR\" data-contrast=\"auto\"><span class=\"NormalTextRun SCXW97573923 BCX0\">A<\/span><\/span><span class=\"TextRun SCXW97573923 BCX0\" lang=\"PT-BR\" xml:lang=\"PT-BR\" data-contrast=\"auto\"><span class=\"NormalTextRun SCXW97573923 BCX0\"> C\u00e2mara <\/span><span class=\"NormalTextRun SCXW97573923 BCX0\">de Vereadores <\/span><span class=\"NormalTextRun SCXW97573923 BCX0\">de Ribeir\u00e3o Preto abriu <\/span><span class=\"NormalTextRun SCXW97573923 BCX0\">o per\u00edodo de <\/span><span class=\"NormalTextRun SCXW97573923 BCX0\">agendamento para escolas p\u00fablicas e <\/span><span class=\"NormalTextRun SCXW97573923 BCX0\">particulares interessadas em participar de visitas guiadas ao Legislativo por meio do <\/span><span class=\"NormalTextRun SCXW97573923 BCX0\">P<\/span><span class=\"NormalTextRun SCXW97573923 BCX0\">rograma C\u00e2mara na Escola<\/span><span class=\"NormalTextRun SCXW97573923 BCX0\">, c<\/span><span class=\"NormalTextRun SCXW97573923 BCX0\">riado h\u00e1 15 anos<\/span><span class=\"NormalTextRun SCXW97573923 BCX0\">.<\/span><\/span><span class=\"LineBreakBlob BlobObject DragDrop SCXW97573923 BCX0\"><span class=\"SCXW97573923 BCX0\">\u00a0<\/span><br class=\"SCXW97573923 BCX0\"\/><\/span><span class=\"LineBreakBlob BlobObject DragDrop SCXW97573923 BCX0\"><span class=\"SCXW97573923 BCX0\">\u00a0<\/span><br class=\"SCXW97573923 BCX0\"\/><\/span><span class=\"TextRun SCXW97573923 BCX0\" lang=\"PT-BR\" xml:lang=\"PT-BR\" data-contrast=\"auto\"><span class=\"NormalTextRun SCXW97573923 BCX0\">O p<\/span><span class=\"NormalTextRun SCXW97573923 BCX0\">rograma ensina, por meio de visitas monitoradas de estudantes, como a cidade de Ribeir\u00e3o Preto foi formada, a hist\u00f3ria de personagens importantes para o munic\u00edpio, al\u00e9m da diferen\u00e7a entre os poderes Legislativo, Executivo e Judici\u00e1rio. <\/span><span class=\"NormalTextRun SCXW97573923 BCX0\">Podem participar desde <\/span><span class=\"NormalTextRun SCXW97573923 BCX0\">alunos <\/span><span class=\"NormalTextRun SCXW97573923 BCX0\">do <\/span><span class=\"NormalTextRun SCXW97573923 BCX0\">ensino fundamental at\u00e9 <\/span><span class=\"NormalTextRun SCXW97573923 BCX0\">COM <\/span><span class=\"NormalTextRun SCXW97573923 BCX0\">n\u00edvel superior<\/span><\/span><span class=\"LineBreakBlob BlobObject DragDrop SCXW97573923 BCX0\"><span class=\"SCXW97573923 BCX0\">\u00a0<\/span><br class=\"SCXW97573923 BCX0\"\/><\/span><span class=\"LineBreakBlob BlobObject DragDrop SCXW97573923 BCX0\"><span class=\"SCXW97573923 BCX0\">\u00a0<\/span><br class=\"SCXW97573923 BCX0\"\/><\/span><span class=\"TextRun SCXW97573923 BCX0\" lang=\"PT-BR\" xml:lang=\"PT-BR\" data-contrast=\"auto\"><span class=\"NormalTextRun SCXW97573923 BCX0\">No ano passado<\/span><span class=\"NormalTextRun SCXW97573923 BCX0\">,<\/span><span class=\"NormalTextRun SCXW97573923 BCX0\"> o <\/span><span class=\"NormalTextRun SCXW97573923 BCX0\">programa <\/span><span class=\"NormalTextRun SCXW97573923 BCX0\">recebeu 33 escolas<\/span><span class=\"NormalTextRun SCXW97573923 BCX0\">,<\/span><span class=\"NormalTextRun SCXW97573923 BCX0\"> totalizando 2.392 estudantes nas visitas monitoradas e nas palestras realizadas. Foram 83 <\/span><span class=\"NormalTextRun SCXW97573923 BCX0\">passeios <\/span><span class=\"NormalTextRun SCXW97573923 BCX0\">guiad<\/span><span class=\"NormalTextRun SCXW97573923 BCX0\">o<\/span><span class=\"NormalTextRun SCXW97573923 BCX0\">s em que os alunos aprenderam sobre a hist\u00f3ria do Legislativo atrav\u00e9s de pain\u00e9is que ilustram fatos hist\u00f3ricos e curiosidades da cidade e palestras que explicam de forma did\u00e1tica o funcionamento da C\u00e2mara. <\/span><\/span><span class=\"LineBreakBlob BlobObject DragDrop SCXW97573923 BCX0\"><span class=\"SCXW97573923 BCX0\">\u00a0<\/span><br class=\"SCXW97573923 BCX0\"\/><\/span><span class=\"LineBreakBlob BlobObject DragDrop SCXW97573923 BCX0\"><span class=\"SCXW97573923 BCX0\">\u00a0<\/span><br class=\"SCXW97573923 BCX0\"\/><\/span><span class=\"TextRun SCXW97573923 BCX0\" lang=\"PT-BR\" xml:lang=\"PT-BR\" data-contrast=\"auto\"><span class=\"NormalTextRun SCXW97573923 BCX0\">Segundo a professora de Geografia, Regiane Rangel, \u201cO C\u00e2mara na Escola, possibilita aos estudantes uma viv\u00eancia \u00fanica, ao entenderem a import\u00e2ncia de acompanhar as a\u00e7\u00f5es do Poder Legislativo, estimula o interesse sobre conhecer melhor a hist\u00f3ria da nossa cidade, al\u00e9m de despertar um olhar com mais encanto para os estudos\u201d <\/span><\/span><span class=\"LineBreakBlob BlobObject DragDrop SCXW97573923 BCX0\"><span class=\"SCXW97573923 BCX0\">\u00a0<\/span><br class=\"SCXW97573923 BCX0\"\/><\/span><span class=\"LineBreakBlob BlobObject DragDrop SCXW97573923 BCX0\"><span class=\"SCXW97573923 BCX0\">\u00a0<\/span><br class=\"SCXW97573923 BCX0\"\/><\/span><span class=\"TextRun SCXW97573923 BCX0\" lang=\"PT-BR\" xml:lang=\"PT-BR\" data-contrast=\"auto\"><span class=\"NormalTextRun SCXW97573923 BCX0\">Engajado para que todos, sem distin\u00e7\u00e3o, possam usufruir de informa\u00e7\u00f5es e conhecimento, o programa recebeu com sucesso os alunos do Centro de Educa\u00e7\u00e3o Especial <\/span><span class=\"NormalTextRun SCXW97573923 BCX0\">Egydio<\/span> <span class=\"NormalTextRun SpellingErrorV2Themed SCXW97573923 BCX0\">Pedreschi<\/span><span class=\"NormalTextRun SCXW97573923 BCX0\">. Tamb\u00e9m foi destaque a aula ministrada ap\u00f3s as palestras aos alunos do <\/span><span class=\"NormalTextRun SCXW97573923 BCX0\">Senac<\/span><span class=\"NormalTextRun SCXW97573923 BCX0\">, que estudaram atas secretas do per\u00edodo da ditadura militar.<\/span><\/span><span class=\"LineBreakBlob BlobObject DragDrop SCXW97573923 BCX0\"><span class=\"SCXW97573923 BCX0\">\u00a0<\/span><br class=\"SCXW97573923 BCX0\"\/><\/span><span class=\"LineBreakBlob BlobObject DragDrop SCXW97573923 BCX0\"><span class=\"SCXW97573923 BCX0\">\u00a0<\/span><br class=\"SCXW97573923 BCX0\"\/><\/span><span class=\"TextRun SCXW97573923 BCX0\" lang=\"PT-BR\" xml:lang=\"PT-BR\" data-contrast=\"auto\"><span class=\"NormalTextRun SCXW97573923 BCX0\">Para o presidente da C\u00e2mara de Ribeir\u00e3o Preto, Franco Ferro (PRTB), \u201c<\/span><span class=\"NormalTextRun SCXW97573923 BCX0\">a<\/span><span class=\"NormalTextRun SCXW97573923 BCX0\"> C\u00e2mara de Ribeir\u00e3o Preto sente-se honrada em receber estudantes de todas as escolas do munic\u00edpio, contribuindo para que a cidadania seja despertada em cada jovem, incentivando a participa\u00e7\u00e3o democr\u00e1tica na vida p\u00fablica. Parabenizo o Programa C\u00e2mara na Escola que \u00e9 eficiente em disseminar a hist\u00f3ria e o papel do Legislativo Municipal aos estudantes.\u201d\u00a0\u00a0 <\/span><\/span><span class=\"LineBreakBlob BlobObject DragDrop SCXW97573923 BCX0\"><span class=\"SCXW97573923 BCX0\">\u00a0<\/span><br class=\"SCXW97573923 BCX0\"\/><\/span><span class=\"LineBreakBlob BlobObject DragDrop SCXW97573923 BCX0\"><span class=\"SCXW97573923 BCX0\">\u00a0<\/span><br class=\"SCXW97573923 BCX0\"\/><\/span><span class=\"TextRun SCXW97573923 BCX0\" lang=\"PT-BR\" xml:lang=\"PT-BR\" data-contrast=\"auto\"><span class=\"NormalTextRun SCXW97573923 BCX0\">Os estudantes ainda foram recebidos por vereadores que responderam e esclareceram perguntas e d\u00favidas, al\u00e9m de acolher<\/span><span class=\"NormalTextRun SCXW97573923 BCX0\">e<\/span><span class=\"NormalTextRun SCXW97573923 BCX0\">m sugest\u00f5es apresentadas pelos estudantes. As escolas interessadas em agendar as vistas <\/span><span class=\"NormalTextRun SCXW97573923 BCX0\">podem entrar em contato atrav\u00e9s do telefone 3607-4160 ou pelo <\/span><span class=\"NormalTextRun SpellingErrorV2Themed SCXW97573923 BCX0\">email<\/span><span class=\"NormalTextRun SCXW97573923 BCX0\"> [email\u00a0protected]<\/span><span class=\"NormalTextRun SCXW97573923 BCX0\">.<\/span><\/span><span class=\"LineBreakBlob BlobObject DragDrop SCXW97573923 BCX0\"><span class=\"SCXW97573923 BCX0\">\u00a0<\/span><br class=\"SCXW97573923 BCX0\"\/><\/span><span class=\"LineBreakBlob BlobObject DragDrop SCXW97573923 BCX0\"><span class=\"SCXW97573923 BCX0\">\u00a0<\/span><br class=\"SCXW97573923 BCX0\"\/><\/span><span class=\"LineBreakBlob BlobObject DragDrop SCXW97573923 BCX0\"><br class=\"SCXW97573923 BCX0\"\/><\/span><\/p>\n<\/div>\n<footer class=\"penci-entry-footer\"\/><\/div>\n<p><script async src=\"\/\/platform.twitter.com\/widgets.js\" charset=\"utf-8\"><\/script><br \/>\n<br \/><br \/>\n<br \/><a href=\"https:\/\/www.tribunaribeirao.com.br\/site\/camara-agenda-visitas-guiadas\/\">Source link <\/a><\/p>\n<!-- CONTENT END 1 -->\n","protected":false},"excerpt":{"rendered":"<p>17 de janeiro de 2024 | 17:0017 de janeiro de 2024 | 10:18 0 A C\u00e2mara de Vereadores de Ribeir\u00e3o Preto abriu o per\u00edodo de&#8230;<\/p>\n","protected":false},"author":1,"featured_media":29195,"comment_status":"open","ping_status":"open","sticky":false,"template":"","format":"standard","meta":{"advanced_seo_description":"","jetpack_seo_html_title":"","jetpack_seo_noindex":false,"jetpack_post_was_ever_published":false,"_jetpack_newsletter_access":"","_jetpack_dont_email_post_to_subs":false,"_jetpack_newsletter_tier_id":0,"_jetpack_memberships_contains_paywalled_content":false,"_jetpack_memberships_contains_paid_content":false,"footnotes":"","jetpack_publicize_message":"","jetpack_publicize_feature_enabled":true,"jetpack_social_post_already_shared":true,"jetpack_social_options":{"image_generator_settings":{"template":"highway","default_image_id":0,"font":"","enabled":false},"version":2}},"categories":[11],"tags":[3645,154,3646,785,26,786,2797],"class_list":["post-29194","post","type-post","status-publish","format-standard","has-post-thumbnail","hentry","category-noticias-de-ribeirao-preto-sp-e-regiao-ismael-colosi","tag-agenda","tag-camara","tag-guiadas","tag-jornal","tag-ribeirao","tag-tribuna","tag-visitas"],"jetpack_publicize_connections":[],"jetpack_featured_media_url":"https:\/\/i0.wp.com\/noticiasribeiraopreto.com.br\/wp-content\/uploads\/2024\/01\/Camara-Silvia-Morais-scaled.jpg?fit=1000%2C565&ssl=1","jetpack-related-posts":[{"id":79040,"url":"https:\/\/noticiasribeiraopreto.com.br\/index.php\/2025\/10\/23\/o-nao-ja-tem-tribuna-ribeirao\/","url_meta":{"origin":29194,"position":0},"title":"O n\u00e3o j\u00e1 tem&#8230; &#8211; Tribuna Ribeir\u00e3o","author":"noticiasribeiraopreto.com.br","date":"23 de October de 2025","format":false,"excerpt":"23 de outubro de 2025 12:175 Compartilhar0 O presidente da C\u00e2mara Municipal de Ribeir\u00e3o Preto, Isaac Antunes (PL), protocolou no Supremo Tribunal Federal (STF) um pedido ao ministro Alexandre de Moraes para visitar o ex-presidente Jair Bolsonaro (PL) \u2013 que cumpre pris\u00e3o domiciliar em Bras\u00edlia \u2013 e entregar pessoalmente o\u2026","rel":"","context":"In &quot;Not\u00edcias de Ribeir\u00e3o Preto-SP e Regi\u00e3o&quot;","block_context":{"text":"Not\u00edcias de Ribeir\u00e3o Preto-SP e Regi\u00e3o","link":"https:\/\/noticiasribeiraopreto.com.br\/index.php\/category\/noticias-de-ribeirao-preto-sp-e-regiao-ismael-colosi\/"},"img":{"alt_text":"","src":"https:\/\/i0.wp.com\/noticiasribeiraopreto.com.br\/wp-content\/uploads\/2025\/10\/1761232732_confessionario.jpg?fit=700%2C392&ssl=1&resize=350%2C200","width":350,"height":200,"srcset":"https:\/\/i0.wp.com\/noticiasribeiraopreto.com.br\/wp-content\/uploads\/2025\/10\/1761232732_confessionario.jpg?fit=700%2C392&ssl=1&resize=350%2C200 1x, https:\/\/i0.wp.com\/noticiasribeiraopreto.com.br\/wp-content\/uploads\/2025\/10\/1761232732_confessionario.jpg?fit=700%2C392&ssl=1&resize=525%2C300 1.5x, https:\/\/i0.wp.com\/noticiasribeiraopreto.com.br\/wp-content\/uploads\/2025\/10\/1761232732_confessionario.jpg?fit=700%2C392&ssl=1&resize=700%2C400 2x"},"classes":[]},{"id":33655,"url":"https:\/\/noticiasribeiraopreto.com.br\/index.php\/2024\/01\/30\/jornal-tribuna-se-despede-de-colaborador-paulo-sergio-porfirio\/","url_meta":{"origin":29194,"position":1},"title":"Jornal Tribuna se despede do colaborador Paulo S\u00e9rgio Porf\u00edrio","author":"noticiasribeiraopreto.com.br","date":"30 de January de 2024","format":false,"excerpt":"30 de janeiro de 2024 | 11:5430 de janeiro de 2024 | 11:59 0A equipe do jornal Tribuna Ribeir\u00e3o, sensibilizada, comunica o falecimento de seu colaborador PAULO S\u00c9RGIO PORF\u00cdRIO, ocorrido na noite desta segunda-feira (29) e informa que as \u00faltimas homenagens acontecer\u00e3o nesta quarta-feira (31), no Vel\u00f3rio Samaritano (Rua Fl\u00e1vio\u2026","rel":"","context":"In &quot;Not\u00edcias de Ribeir\u00e3o Preto-SP e Regi\u00e3o&quot;","block_context":{"text":"Not\u00edcias de Ribeir\u00e3o Preto-SP e Regi\u00e3o","link":"https:\/\/noticiasribeiraopreto.com.br\/index.php\/category\/noticias-de-ribeirao-preto-sp-e-regiao-ismael-colosi\/"},"img":{"alt_text":"","src":"https:\/\/i0.wp.com\/noticiasribeiraopreto.com.br\/wp-content\/uploads\/2024\/01\/e97dfea8-cfab-47b6-a309-b47e19c16e29-scaled.jpg?fit=645%2C645&ssl=1&resize=350%2C200","width":350,"height":200,"srcset":"https:\/\/i0.wp.com\/noticiasribeiraopreto.com.br\/wp-content\/uploads\/2024\/01\/e97dfea8-cfab-47b6-a309-b47e19c16e29-scaled.jpg?fit=645%2C645&ssl=1&resize=350%2C200 1x, https:\/\/i0.wp.com\/noticiasribeiraopreto.com.br\/wp-content\/uploads\/2024\/01\/e97dfea8-cfab-47b6-a309-b47e19c16e29-scaled.jpg?fit=645%2C645&ssl=1&resize=525%2C300 1.5x"},"classes":[]},{"id":81824,"url":"https:\/\/noticiasribeiraopreto.com.br\/index.php\/2026\/01\/27\/casa-da-memoria-italiana-promove-visita-guiada-no-encerramento-da-mostra-silencio-involuntario\/","url_meta":{"origin":29194,"position":2},"title":"Casa da Mem\u00f3ria Italiana promove visita guiada no encerramento da mostra \u2018Sil\u00eancio Involunt\u00e1rio\u2019","author":"noticiasribeiraopreto.com.br","date":"27 de January de 2026","format":false,"excerpt":"O Museu Casa da Mem\u00f3ria Italiana, em Ribeir\u00e3o Preto, promove no pr\u00f3ximo s\u00e1bado (31), \u00e0s 10h, uma visita guiada seguida de bate-papo com os artistas para marcar o encerramento da mostra \u201cSil\u00eancio Involunt\u00e1rio\u201d. A atividade \u00e9 gratuita e n\u00e3o requer agendamento pr\u00e9vio, sendo aberta a todas as pessoas interessadas em\u2026","rel":"","context":"In &quot;Not\u00edcias de Ribeir\u00e3o Preto-SP e Regi\u00e3o&quot;","block_context":{"text":"Not\u00edcias de Ribeir\u00e3o Preto-SP e Regi\u00e3o","link":"https:\/\/noticiasribeiraopreto.com.br\/index.php\/category\/noticias-de-ribeirao-preto-sp-e-regiao-ismael-colosi\/"},"img":{"alt_text":"","src":"https:\/\/i0.wp.com\/noticiasribeiraopreto.com.br\/wp-content\/uploads\/2025\/09\/Fachada-2025_2025-02-18_12-58-23_jpg_2025-02-18_12-58-24-1024x586.webp.webp?fit=1024%2C586&ssl=1&resize=350%2C200","width":350,"height":200,"srcset":"https:\/\/i0.wp.com\/noticiasribeiraopreto.com.br\/wp-content\/uploads\/2025\/09\/Fachada-2025_2025-02-18_12-58-23_jpg_2025-02-18_12-58-24-1024x586.webp.webp?fit=1024%2C586&ssl=1&resize=350%2C200 1x, https:\/\/i0.wp.com\/noticiasribeiraopreto.com.br\/wp-content\/uploads\/2025\/09\/Fachada-2025_2025-02-18_12-58-23_jpg_2025-02-18_12-58-24-1024x586.webp.webp?fit=1024%2C586&ssl=1&resize=525%2C300 1.5x, https:\/\/i0.wp.com\/noticiasribeiraopreto.com.br\/wp-content\/uploads\/2025\/09\/Fachada-2025_2025-02-18_12-58-23_jpg_2025-02-18_12-58-24-1024x586.webp.webp?fit=1024%2C586&ssl=1&resize=700%2C400 2x"},"classes":[]},{"id":66800,"url":"https:\/\/noticiasribeiraopreto.com.br\/index.php\/2025\/04\/05\/catedral-de-ribeirao-preto-continua-com-visitas-guiadas-veja-como-participar\/","url_meta":{"origin":29194,"position":3},"title":"Catedral de Ribeir\u00e3o Preto continua com visitas guiadas; Veja como participar","author":"noticiasribeiraopreto.com.br","date":"5 de April de 2025","format":false,"excerpt":"A Catedral Metropolitana de Ribeir\u00e3o Preto continuar\u00e1 realizando visitas guiadas gratuitas durante o m\u00eas de abril. Elas acontecem aos s\u00e1bados, com exce\u00e7\u00e3o do dia 19 de abril, devido ao feriado de P\u00e1scoa, celebrado no dia 20. As visitas acontecem em dois hor\u00e1rios: das 13h30 \u00e0s 14h30 e das 14h30 \u00e0s\u2026","rel":"","context":"In &quot;Not\u00edcias de Ribeir\u00e3o Preto-SP e Regi\u00e3o&quot;","block_context":{"text":"Not\u00edcias de Ribeir\u00e3o Preto-SP e Regi\u00e3o","link":"https:\/\/noticiasribeiraopreto.com.br\/index.php\/category\/noticias-de-ribeirao-preto-sp-e-regiao-ismael-colosi\/"},"img":{"alt_text":"","src":"https:\/\/i0.wp.com\/noticiasribeiraopreto.com.br\/wp-content\/uploads\/2025\/04\/Copia-de-Copia-de-Copia-de-TAMANHO-EXATO-PARA-FOTOS-NO-SISTEMA-NOVO-42_2025-04-05_14-09-40_jpg_2025-04-05_14-09-40.webp.webp?fit=1200%2C675&ssl=1&resize=350%2C200","width":350,"height":200,"srcset":"https:\/\/i0.wp.com\/noticiasribeiraopreto.com.br\/wp-content\/uploads\/2025\/04\/Copia-de-Copia-de-Copia-de-TAMANHO-EXATO-PARA-FOTOS-NO-SISTEMA-NOVO-42_2025-04-05_14-09-40_jpg_2025-04-05_14-09-40.webp.webp?fit=1200%2C675&ssl=1&resize=350%2C200 1x, https:\/\/i0.wp.com\/noticiasribeiraopreto.com.br\/wp-content\/uploads\/2025\/04\/Copia-de-Copia-de-Copia-de-TAMANHO-EXATO-PARA-FOTOS-NO-SISTEMA-NOVO-42_2025-04-05_14-09-40_jpg_2025-04-05_14-09-40.webp.webp?fit=1200%2C675&ssl=1&resize=525%2C300 1.5x, https:\/\/i0.wp.com\/noticiasribeiraopreto.com.br\/wp-content\/uploads\/2025\/04\/Copia-de-Copia-de-Copia-de-TAMANHO-EXATO-PARA-FOTOS-NO-SISTEMA-NOVO-42_2025-04-05_14-09-40_jpg_2025-04-05_14-09-40.webp.webp?fit=1200%2C675&ssl=1&resize=700%2C400 2x, https:\/\/i0.wp.com\/noticiasribeiraopreto.com.br\/wp-content\/uploads\/2025\/04\/Copia-de-Copia-de-Copia-de-TAMANHO-EXATO-PARA-FOTOS-NO-SISTEMA-NOVO-42_2025-04-05_14-09-40_jpg_2025-04-05_14-09-40.webp.webp?fit=1200%2C675&ssl=1&resize=1050%2C600 3x"},"classes":[]},{"id":31984,"url":"https:\/\/noticiasribeiraopreto.com.br\/index.php\/2024\/01\/23\/agenda-em-brasilia\/","url_meta":{"origin":29194,"position":4},"title":"Agenda em Bras\u00edlia &#8211; Jornal Tribuna Ribeir\u00e3o","author":"noticiasribeiraopreto.com.br","date":"23 de January de 2024","format":false,"excerpt":"23 de janeiro de 2024 | 16:3023 de janeiro de 2024 | 16:20 0Encontro em Bras\u00edlia, dia 19 de janeiro de 2024, com o Ministro do Trabalho, Luiz Marinho, do Presidente do SINDTUR de Ribeir\u00e3o Preto, Aguinaldo Rodrigues da Silva, Jos\u00e9 Alfredo Carvalho, Diretor de Comunica\u00e7\u00f5es da Rede PT e\u2026","rel":"","context":"In &quot;Not\u00edcias de Ribeir\u00e3o Preto-SP e Regi\u00e3o&quot;","block_context":{"text":"Not\u00edcias de Ribeir\u00e3o Preto-SP e Regi\u00e3o","link":"https:\/\/noticiasribeiraopreto.com.br\/index.php\/category\/noticias-de-ribeirao-preto-sp-e-regiao-ismael-colosi\/"},"img":{"alt_text":"","src":"https:\/\/i0.wp.com\/noticiasribeiraopreto.com.br\/wp-content\/uploads\/2024\/01\/5d86d03a-b2d3-4807-9182-f61265670092-scaled.jpg?fit=1000%2C634&ssl=1&resize=350%2C200","width":350,"height":200,"srcset":"https:\/\/i0.wp.com\/noticiasribeiraopreto.com.br\/wp-content\/uploads\/2024\/01\/5d86d03a-b2d3-4807-9182-f61265670092-scaled.jpg?fit=1000%2C634&ssl=1&resize=350%2C200 1x, https:\/\/i0.wp.com\/noticiasribeiraopreto.com.br\/wp-content\/uploads\/2024\/01\/5d86d03a-b2d3-4807-9182-f61265670092-scaled.jpg?fit=1000%2C634&ssl=1&resize=525%2C300 1.5x, https:\/\/i0.wp.com\/noticiasribeiraopreto.com.br\/wp-content\/uploads\/2024\/01\/5d86d03a-b2d3-4807-9182-f61265670092-scaled.jpg?fit=1000%2C634&ssl=1&resize=700%2C400 2x"},"classes":[]},{"id":64474,"url":"https:\/\/noticiasribeiraopreto.com.br\/index.php\/2025\/03\/08\/catedral-de-ribeirao-preto-inicia-programa-de-visitas-guiadas-veja-galeria-de-fotos\/","url_meta":{"origin":29194,"position":5},"title":"Catedral de Ribeir\u00e3o Preto inicia programa de visitas guiadas; Veja galeria de fotos","author":"noticiasribeiraopreto.com.br","date":"8 de March de 2025","format":false,"excerpt":"A Catedral\u00a0Metropolitana\u00a0de Ribeir\u00e3o Preto deu in\u00edcio neste s\u00e1bado (8) ao programa de visitas guiadas no m\u00eas de mar\u00e7o. Confira galeria de fotos abaixo. A a\u00e7\u00e3o \u00e9 realizada em parceria com os cursos de Hist\u00f3ria e Arquitetura do Centro Universit\u00e1rio Bar\u00e3o de Mau\u00e1, com objetivo de proporcionar ao p\u00fablico a oportunidade\u2026","rel":"","context":"In &quot;Not\u00edcias de Ribeir\u00e3o Preto-SP e Regi\u00e3o&quot;","block_context":{"text":"Not\u00edcias de Ribeir\u00e3o Preto-SP e Regi\u00e3o","link":"https:\/\/noticiasribeiraopreto.com.br\/index.php\/category\/noticias-de-ribeirao-preto-sp-e-regiao-ismael-colosi\/"},"img":{"alt_text":"","src":"https:\/\/i0.wp.com\/noticiasribeiraopreto.com.br\/wp-content\/uploads\/2025\/03\/WhatsApp-Image-2025-03-08-at-15.54.51_2025-03-08_18-56-03_jpeg_2025-03-08_18-56-03.webp.webp?fit=1200%2C958&ssl=1&resize=350%2C200","width":350,"height":200,"srcset":"https:\/\/i0.wp.com\/noticiasribeiraopreto.com.br\/wp-content\/uploads\/2025\/03\/WhatsApp-Image-2025-03-08-at-15.54.51_2025-03-08_18-56-03_jpeg_2025-03-08_18-56-03.webp.webp?fit=1200%2C958&ssl=1&resize=350%2C200 1x, https:\/\/i0.wp.com\/noticiasribeiraopreto.com.br\/wp-content\/uploads\/2025\/03\/WhatsApp-Image-2025-03-08-at-15.54.51_2025-03-08_18-56-03_jpeg_2025-03-08_18-56-03.webp.webp?fit=1200%2C958&ssl=1&resize=525%2C300 1.5x, https:\/\/i0.wp.com\/noticiasribeiraopreto.com.br\/wp-content\/uploads\/2025\/03\/WhatsApp-Image-2025-03-08-at-15.54.51_2025-03-08_18-56-03_jpeg_2025-03-08_18-56-03.webp.webp?fit=1200%2C958&ssl=1&resize=700%2C400 2x, https:\/\/i0.wp.com\/noticiasribeiraopreto.com.br\/wp-content\/uploads\/2025\/03\/WhatsApp-Image-2025-03-08-at-15.54.51_2025-03-08_18-56-03_jpeg_2025-03-08_18-56-03.webp.webp?fit=1200%2C958&ssl=1&resize=1050%2C600 3x"},"classes":[]}],"jetpack_sharing_enabled":true,"jetpack_shortlink":"https:\/\/wp.me\/peQAOb-7AS","_links":{"self":[{"href":"https:\/\/noticiasribeiraopreto.com.br\/index.php\/wp-json\/wp\/v2\/posts\/29194","targetHints":{"allow":["GET"]}}],"collection":[{"href":"https:\/\/noticiasribeiraopreto.com.br\/index.php\/wp-json\/wp\/v2\/posts"}],"about":[{"href":"https:\/\/noticiasribeiraopreto.com.br\/index.php\/wp-json\/wp\/v2\/types\/post"}],"author":[{"embeddable":true,"href":"https:\/\/noticiasribeiraopreto.com.br\/index.php\/wp-json\/wp\/v2\/users\/1"}],"replies":[{"embeddable":true,"href":"https:\/\/noticiasribeiraopreto.com.br\/index.php\/wp-json\/wp\/v2\/comments?post=29194"}],"version-history":[{"count":0,"href":"https:\/\/noticiasribeiraopreto.com.br\/index.php\/wp-json\/wp\/v2\/posts\/29194\/revisions"}],"wp:featuredmedia":[{"embeddable":true,"href":"https:\/\/noticiasribeiraopreto.com.br\/index.php\/wp-json\/wp\/v2\/media\/29195"}],"wp:attachment":[{"href":"https:\/\/noticiasribeiraopreto.com.br\/index.php\/wp-json\/wp\/v2\/media?parent=29194"}],"wp:term":[{"taxonomy":"category","embeddable":true,"href":"https:\/\/noticiasribeiraopreto.com.br\/index.php\/wp-json\/wp\/v2\/categories?post=29194"},{"taxonomy":"post_tag","embeddable":true,"href":"https:\/\/noticiasribeiraopreto.com.br\/index.php\/wp-json\/wp\/v2\/tags?post=29194"}],"curies":[{"name":"wp","href":"https:\/\/api.w.org\/{rel}","templated":true}]}}