{"id":29202,"date":"2024-01-17T17:54:43","date_gmt":"2024-01-17T20:54:43","guid":{"rendered":"https:\/\/noticiasribeiraopreto.com.br\/index.php\/2024\/01\/17\/bosque-zoologico-de-ribeirao-tem-evento-especial-de-ferias-confira-a-programacao\/"},"modified":"2024-01-17T17:54:43","modified_gmt":"2024-01-17T20:54:43","slug":"bosque-zoologico-de-ribeirao-tem-evento-especial-de-ferias-confira-a-programacao","status":"publish","type":"post","link":"https:\/\/noticiasribeiraopreto.com.br\/index.php\/2024\/01\/17\/bosque-zoologico-de-ribeirao-tem-evento-especial-de-ferias-confira-a-programacao\/","title":{"rendered":"Bosque Zool\u00f3gico de Ribeir\u00e3o tem evento especial de f\u00e9rias; Confira a programa\u00e7\u00e3o"},"content":{"rendered":"<div class='code-block code-block-1' style='margin: 8px 0 8px auto; text-align: right; display: block; clear: both;'>\n<p><a href=\"https:\/\/wa.link\/vpicfd\"><img data-recalc-dims=\"1\" class=\"wp-image-4922\" style=\"aspect-ratio: 2.0253164556962027; width: 561px; height: auto;\" src=\"https:\/\/i0.wp.com\/ismaelcolosi.com.br\/wp-content\/uploads\/2023\/11\/grupo-de-empregos-whatsapp-e-facebook-ismael-colosi-vagas.jpg?ssl=1\" alt=\"\" \/><\/a><\/p>\n<!-- \/wp:image -->\n<\/div>\n<p> <br \/>\n<\/p>\n<div>\n<p>O <strong>Bosque Zool\u00f3gico F\u00e1bio Barreto<\/strong> recebe, nos dias <strong>20 <\/strong>e <strong>27 <\/strong>de <strong>janeiro<\/strong>, das <strong>9h<\/strong> \u00e0s <strong>16h30<\/strong>, uma programa\u00e7\u00e3o especial de f\u00e9rias.<\/p>\n<p>O grupo \u201cComo \u00c1rvores\u201d realizar\u00e1 oficinas educativas, com o objetivo de <strong>conscientizar os visitantes do local sobre a import\u00e2ncia da preserva\u00e7\u00e3o do meio ambiente.<\/strong><\/p>\n<p>De acordo com a<strong> Secretaria Municipal do Meio Ambiente<\/strong>, o local foi escolhido por ser um espa\u00e7o de <strong>preserva\u00e7\u00e3o ambiental<\/strong> significativo para a popula\u00e7\u00e3o, bem como por suas <strong>dimens\u00f5es hist\u00f3ricas<\/strong> e <strong>culturais <\/strong>para a cidade.<\/p>\n<figure class=\"wp-block-pullquote has-text-align-left\">\n<blockquote>\n<p>\u201cA realiza\u00e7\u00e3o do evento no Bosque tem o objetivo de envolver o p\u00fablico que frequenta em uma atividade ao ar livre, despertar uma maior conex\u00e3o com a natureza e as v\u00e1rias artes, estimular a participa\u00e7\u00e3o, intera\u00e7\u00e3o e maior conhecimento de crian\u00e7as fam\u00edlias sobre as riquezas naturais do local\u201d, disse a Administra\u00e7\u00e3o Municipal por meio de nota.<\/p>\n<\/blockquote>\n<\/figure>\n<h4 class=\"wp-block-heading\"><strong>Como ser\u00e3o as oficinas?<\/strong><\/h4>\n<p>As oficinas ser\u00e3o desenvolvidas de forma <strong>objetiva <\/strong>e <strong>din\u00e2mica<\/strong>, promovendo a <strong>intera\u00e7\u00e3o <\/strong>entre os <strong>participantes <\/strong>e o <strong>meio ambiente<\/strong>.<\/p>\n<p>De acordo com o grupo respons\u00e1vel pela a\u00e7\u00e3o, nas oficinas ser\u00e3o destacadas \u201cas riquezas contidas na simbologia da \u00e1rvore, como elemento integrador das diversas manifesta\u00e7\u00f5es art\u00edsticas, envolvendo diferentes \u00e1reas da cultura, da educa\u00e7\u00e3o, do social, da sa\u00fade, do meio ambiente em suas dimens\u00f5es objetivas e subjetivas\u201d.<\/p>\n<h4 class=\"wp-block-heading\"><strong>Confira a programa\u00e7\u00e3o das oficinas<\/strong><\/h4>\n<p><strong><mark style=\"background-color:rgba(0, 0, 0, 0)\" class=\"has-inline-color has-luminous-vivid-orange-color\">Dia 20 de janeiro (s\u00e1bado)<\/mark><\/strong><\/p>\n<ul>\n<li><strong>Ornamentos Bot\u00e2nicos (Oficina de cer\u00e2mica)<\/strong><\/li>\n<\/ul>\n<p>Ministrante: Elizana Reis<\/p>\n<p>P\u00fablico: 10 anos a terceira idade.<\/p>\n<hr class=\"wp-block-separator has-alpha-channel-opacity\"\/>\n<p>Ministrantes: B\u00e1rbara Vieira e Josana<\/p>\n<p>P\u00fablico: todas as idades<\/p>\n<hr class=\"wp-block-separator has-alpha-channel-opacity\"\/>\n<p>Ministrante: Fernanda Dal Piccolo<\/p>\n<p>P\u00fablico: 7anos +<\/p>\n<hr class=\"wp-block-separator has-alpha-channel-opacity\"\/>\n<p>Ministrante: Dr Nelson Jacinto, Du Mara e Thiago Klumb<\/p>\n<p>P\u00fablico: Livre<\/p>\n<hr class=\"wp-block-separator has-alpha-channel-opacity\"\/>\n<ul>\n<li><strong>\u00c1rvores da B\u00edblia (exposi\u00e7\u00e3o de Obras por crian\u00e7as)<\/strong><\/li>\n<\/ul>\n<p>Ministrante: Caf\u00e9 com o Carpinteiro<\/p>\n<p>P\u00fablico: Livre<\/p>\n<hr class=\"wp-block-separator has-alpha-channel-opacity\"\/>\n<p>Ministrante: Encontro do Fot\u00f3grafos<\/p>\n<p>P\u00fablico: Livre<\/p>\n<p><strong><mark style=\"background-color:rgba(0, 0, 0, 0)\" class=\"has-inline-color has-luminous-vivid-orange-color\">Dia 27 de janeiro (s\u00e1bado)<\/mark><\/strong><\/p>\n<p><strong>Ornamentos Bot\u00e2nicos (Oficina de cer\u00e2mica)<\/strong><\/p>\n<p>Ministrante: Elizana Reis<\/p>\n<p>P\u00fablico: 10 anos a terceira idade.<\/p>\n<hr class=\"wp-block-separator has-alpha-channel-opacity\"\/>\n<p>Ministrantes: B\u00e1rbara Vieira e Josana<\/p>\n<p>P\u00fablico alvo: todas as idades<\/p>\n<hr class=\"wp-block-separator has-alpha-channel-opacity\"\/>\n<ul>\n<li><strong>Cobra Mariela visita o Bosque (interven\u00e7\u00e3o com Fantoche)<\/strong><\/li>\n<\/ul>\n<p>Ministrante: Tino Nascimento<\/p>\n<p>P\u00fablico: Geral<\/p>\n<hr class=\"wp-block-separator has-alpha-channel-opacity\"\/>\n<ul>\n<li><strong>Oficina Sensa\u00e7\u00f5es da Natureza<\/strong><\/li>\n<\/ul>\n<p>Ministrante: Luana Vitoria Santana Furigo<\/p>\n<p>P\u00fablico: Livre<\/p>\n<hr class=\"wp-block-separator has-alpha-channel-opacity\"\/>\n<ul>\n<li><strong>Arquitetura e Natureza no Bosque (caminhada educativa)<\/strong><\/li>\n<\/ul>\n<p>Ministrante: Viviane Tarrifa e Haline Nobre<\/p>\n<p>P\u00fablico Livre<\/p>\n<p>SAIBA MAIS<\/p>\n<p>Ribeir\u00e3o Preto tem quermesse neste final de semana; Veja onde acontece a festa<\/p>\n<h4 class=\"wp-block-heading\"><strong><mark style=\"background-color:#fcb900\" class=\"has-inline-color\">FIQUE ON<\/mark><\/strong><\/h4>\n<p>Fique ligado em tudo que acontece em Ribeir\u00e3o Preto e regi\u00e3o. Siga os perfis do acidade on no\u00a0<a href=\"https:\/\/www.instagram.com\/acidadeonribeirao\/?igsh=MTUzeTBnamJyM2g0dw%3D%3D\" target=\"_blank\" rel=\"noreferrer noopener\">Instagram<\/a>\u00a0e no\u00a0<a href=\"https:\/\/www.facebook.com\/acidadeonribeirao\" target=\"_blank\" rel=\"noreferrer noopener\">Facebook.<\/a><\/p>\n<p>Receba not\u00edcias do acidade on no WhatsApp. Para entrar no grupo, basta\u00a0<a href=\"https:\/\/chat.whatsapp.com\/Bnv2w66ZT4VDyZW3oiZ69n\" target=\"_blank\" rel=\"noreferrer noopener\">clicar aqui<\/a>.<\/p>\n<p>Fa\u00e7a uma den\u00fancia ou sugira uma reportagem sobre Ribeir\u00e3o Preto e regi\u00e3o pelo WhatsApp: 16\u00a0 99117 7802.<\/p>\n<p>VEJA TAMB\u00c9M<\/p>\n<p>Dia de S\u00e3o Sebasti\u00e3o: veja simpatias e curiosidades<\/p>\n<p><!-- AI CONTENT END 1 -->\n<\/div>\n<p><script async src=\"\/\/www.instagram.com\/embed.js\"><\/script><br \/>\n<br \/><br \/>\n<br \/><a href=\"https:\/\/www.acidadeon.com\/ribeiraopreto\/lazer-e-cultura\/bosque-zoologico-de-ribeirao-tem-evento-especial-de-ferias-confira-a-programacao\/\">Source link <\/a><\/p>\n<!-- CONTENT END 1 -->\n","protected":false},"excerpt":{"rendered":"<p>O Bosque Zool\u00f3gico F\u00e1bio Barreto recebe, nos dias 20 e 27 de janeiro, das 9h \u00e0s 16h30, uma programa\u00e7\u00e3o especial de f\u00e9rias. O grupo \u201cComo&#8230;<\/p>\n","protected":false},"author":1,"featured_media":29203,"comment_status":"open","ping_status":"open","sticky":false,"template":"","format":"standard","meta":{"advanced_seo_description":"","jetpack_seo_html_title":"","jetpack_seo_noindex":false,"jetpack_post_was_ever_published":false,"_jetpack_newsletter_access":"","_jetpack_dont_email_post_to_subs":false,"_jetpack_newsletter_tier_id":0,"_jetpack_memberships_contains_paywalled_content":false,"_jetpack_memberships_contains_paid_content":false,"footnotes":"","jetpack_publicize_message":"","jetpack_publicize_feature_enabled":true,"jetpack_social_post_already_shared":true,"jetpack_social_options":{"image_generator_settings":{"template":"highway","default_image_id":0,"font":"","enabled":false},"version":2}},"categories":[11],"tags":[380,269,923,773,2970,70,26,162,1952],"class_list":["post-29202","post","type-post","status-publish","format-standard","has-post-thumbnail","hentry","category-noticias-de-ribeirao-preto-sp-e-regiao-ismael-colosi","tag-bosque","tag-confira","tag-especial","tag-evento","tag-ferias","tag-programacao","tag-ribeirao","tag-tem","tag-zoologico"],"jetpack_publicize_connections":[],"jetpack_featured_media_url":"https:\/\/i0.wp.com\/noticiasribeiraopreto.com.br\/wp-content\/uploads\/2024\/01\/obras_bosque_-_foto_guilherme_sircili_30-1068x712-1.jpg?fit=1068%2C712&ssl=1","jetpack-related-posts":[{"id":26899,"url":"https:\/\/noticiasribeiraopreto.com.br\/index.php\/2024\/01\/11\/bosque-zoo-de-ribeirao-preto-e-opcao-de-lazer-nas-ferias-de-janeiro\/","url_meta":{"origin":29202,"position":0},"title":"Bosque Zoo de Ribeir\u00e3o Preto \u00e9 op\u00e7\u00e3o de lazer nas f\u00e9rias de janeiro","author":"noticiasribeiraopreto.com.br","date":"11 de January de 2024","format":false,"excerpt":"No per\u00edodo de f\u00e9rias, o Bosque e Zool\u00f3gico F\u00e1bio Barreto, na zona Norte de Ribeir\u00e3o Preto, \u00e9 uma op\u00e7\u00e3o para passear em fam\u00edlia. O local fica aberto de quarta a domingo, das 9h \u00e0s 16h30, e a entrada \u00e9 gratuita. No Zoo, h\u00e1 lanchonete e estrutura com banheiros para os\u2026","rel":"","context":"In &quot;Not\u00edcias de Ribeir\u00e3o Preto-SP e Regi\u00e3o&quot;","block_context":{"text":"Not\u00edcias de Ribeir\u00e3o Preto-SP e Regi\u00e3o","link":"https:\/\/noticiasribeiraopreto.com.br\/index.php\/category\/noticias-de-ribeirao-preto-sp-e-regiao-ismael-colosi\/"},"img":{"alt_text":"","src":"https:\/\/i0.wp.com\/noticiasribeiraopreto.com.br\/wp-content\/uploads\/2024\/01\/WhatsApp-Image-2024-01-10-at-10.05.17.jpeg?fit=1200%2C798&ssl=1&resize=350%2C200","width":350,"height":200,"srcset":"https:\/\/i0.wp.com\/noticiasribeiraopreto.com.br\/wp-content\/uploads\/2024\/01\/WhatsApp-Image-2024-01-10-at-10.05.17.jpeg?fit=1200%2C798&ssl=1&resize=350%2C200 1x, https:\/\/i0.wp.com\/noticiasribeiraopreto.com.br\/wp-content\/uploads\/2024\/01\/WhatsApp-Image-2024-01-10-at-10.05.17.jpeg?fit=1200%2C798&ssl=1&resize=525%2C300 1.5x, https:\/\/i0.wp.com\/noticiasribeiraopreto.com.br\/wp-content\/uploads\/2024\/01\/WhatsApp-Image-2024-01-10-at-10.05.17.jpeg?fit=1200%2C798&ssl=1&resize=700%2C400 2x, https:\/\/i0.wp.com\/noticiasribeiraopreto.com.br\/wp-content\/uploads\/2024\/01\/WhatsApp-Image-2024-01-10-at-10.05.17.jpeg?fit=1200%2C798&ssl=1&resize=1050%2C600 3x"},"classes":[]},{"id":61647,"url":"https:\/\/noticiasribeiraopreto.com.br\/index.php\/2024\/12\/18\/bosque-zoologico-de-ribeirao-preto-e-opcao-gratuita-de-lazer-nas-ferias-veja-horario\/","url_meta":{"origin":29202,"position":1},"title":"Bosque Zool\u00f3gico de Ribeir\u00e3o Preto \u00e9 op\u00e7\u00e3o gratuita de lazer nas f\u00e9rias; Veja hor\u00e1rio","author":"noticiasribeiraopreto.com.br","date":"18 de December de 2024","format":false,"excerpt":"O Bosque Zool\u00f3gico F\u00e1bio Barreto, em Ribeir\u00e3o Preto, est\u00e1 entre as op\u00e7\u00f5es de lazer gratuitas para aproveitar durante as f\u00e9rias na cidade. O espa\u00e7o, localizado na rua Liberdade, s\/n\u00ba, no bairro Campos El\u00edseos, zona Norte, abre para visita\u00e7\u00e3o de quarta-feira a domingo, das 9h \u00e0s 16h30. Para o Natal e\u2026","rel":"","context":"In &quot;Not\u00edcias de Ribeir\u00e3o Preto-SP e Regi\u00e3o&quot;","block_context":{"text":"Not\u00edcias de Ribeir\u00e3o Preto-SP e Regi\u00e3o","link":"https:\/\/noticiasribeiraopreto.com.br\/index.php\/category\/noticias-de-ribeirao-preto-sp-e-regiao-ismael-colosi\/"},"img":{"alt_text":"","src":"https:\/\/i0.wp.com\/noticiasribeiraopreto.com.br\/wp-content\/uploads\/2024\/12\/bosque_1_-_foto_guilherme_sircili.jpg?fit=1200%2C799&ssl=1&resize=350%2C200","width":350,"height":200,"srcset":"https:\/\/i0.wp.com\/noticiasribeiraopreto.com.br\/wp-content\/uploads\/2024\/12\/bosque_1_-_foto_guilherme_sircili.jpg?fit=1200%2C799&ssl=1&resize=350%2C200 1x, https:\/\/i0.wp.com\/noticiasribeiraopreto.com.br\/wp-content\/uploads\/2024\/12\/bosque_1_-_foto_guilherme_sircili.jpg?fit=1200%2C799&ssl=1&resize=525%2C300 1.5x, https:\/\/i0.wp.com\/noticiasribeiraopreto.com.br\/wp-content\/uploads\/2024\/12\/bosque_1_-_foto_guilherme_sircili.jpg?fit=1200%2C799&ssl=1&resize=700%2C400 2x, https:\/\/i0.wp.com\/noticiasribeiraopreto.com.br\/wp-content\/uploads\/2024\/12\/bosque_1_-_foto_guilherme_sircili.jpg?fit=1200%2C799&ssl=1&resize=1050%2C600 3x"},"classes":[]},{"id":47797,"url":"https:\/\/noticiasribeiraopreto.com.br\/index.php\/2024\/04\/28\/saiba-como-participar-das-visitas-monitoradas-ao-bosque-zoologico-de-ribeirao-preto\/","url_meta":{"origin":29202,"position":2},"title":"Saiba como participar das visitas monitoradas ao Bosque Zool\u00f3gico de Ribeir\u00e3o Preto","author":"noticiasribeiraopreto.com.br","date":"28 de April de 2024","format":false,"excerpt":"O Bosque e Zool\u00f3gico F\u00e1bio Barretos, em Ribeir\u00e3o Preto, realiza entre os dias 3 e 24 de maio, das 13h30 \u00e0s 16h30, visitas guiadas atrav\u00e9s do projeto \u2018Jornada ao Bosque\u2019. As visitas s\u00e3o gratuitas e ser\u00e3o realizadas por agendamento, atendendo escolas p\u00fablicas, privadas e demais grupos de 15 a 30\u2026","rel":"","context":"In &quot;Not\u00edcias de Ribeir\u00e3o Preto-SP e Regi\u00e3o&quot;","block_context":{"text":"Not\u00edcias de Ribeir\u00e3o Preto-SP e Regi\u00e3o","link":"https:\/\/noticiasribeiraopreto.com.br\/index.php\/category\/noticias-de-ribeirao-preto-sp-e-regiao-ismael-colosi\/"},"img":{"alt_text":"","src":"https:\/\/i0.wp.com\/noticiasribeiraopreto.com.br\/wp-content\/uploads\/2024\/04\/bosque_1_-_foto_guilherme_sircili.jpg?fit=1200%2C799&ssl=1&resize=350%2C200","width":350,"height":200,"srcset":"https:\/\/i0.wp.com\/noticiasribeiraopreto.com.br\/wp-content\/uploads\/2024\/04\/bosque_1_-_foto_guilherme_sircili.jpg?fit=1200%2C799&ssl=1&resize=350%2C200 1x, https:\/\/i0.wp.com\/noticiasribeiraopreto.com.br\/wp-content\/uploads\/2024\/04\/bosque_1_-_foto_guilherme_sircili.jpg?fit=1200%2C799&ssl=1&resize=525%2C300 1.5x, https:\/\/i0.wp.com\/noticiasribeiraopreto.com.br\/wp-content\/uploads\/2024\/04\/bosque_1_-_foto_guilherme_sircili.jpg?fit=1200%2C799&ssl=1&resize=700%2C400 2x, https:\/\/i0.wp.com\/noticiasribeiraopreto.com.br\/wp-content\/uploads\/2024\/04\/bosque_1_-_foto_guilherme_sircili.jpg?fit=1200%2C799&ssl=1&resize=1050%2C600 3x"},"classes":[]},{"id":13886,"url":"https:\/\/noticiasribeiraopreto.com.br\/index.php\/2023\/12\/11\/apos-manutencao-bosque-e-zoologico-de-ribeirao-preto-vai-reabrir-veja-quando\/","url_meta":{"origin":29202,"position":3},"title":"Ap\u00f3s manuten\u00e7\u00e3o, Bosque e Zool\u00f3gico de Ribeir\u00e3o Preto vai reabrir; Veja quando\u00a0","author":"noticiasribeiraopreto.com.br","date":"11 de December de 2023","format":false,"excerpt":"O Bosque e Zool\u00f3gico F\u00e1bio Barreto, localizado no Parque Municipal do Morro do S\u00e3o Bento, ser\u00e1 reaberto nesta quarta-feira (13). O local \u00e9 op\u00e7\u00e3o para as f\u00e9rias e para quem gosta de curtir a natureza. A entrada \u00e9 gratuita. Na \u00faltima semana o bosque recebeu a implanta\u00e7\u00e3o de um asfalto\u2026","rel":"","context":"In &quot;Not\u00edcias de Ribeir\u00e3o Preto-SP e Regi\u00e3o&quot;","block_context":{"text":"Not\u00edcias de Ribeir\u00e3o Preto-SP e Regi\u00e3o","link":"https:\/\/noticiasribeiraopreto.com.br\/index.php\/category\/noticias-de-ribeirao-preto-sp-e-regiao-ismael-colosi\/"},"img":{"alt_text":"","src":"https:\/\/i0.wp.com\/noticiasribeiraopreto.com.br\/wp-content\/uploads\/2023\/12\/obras_bosque_-_foto_guilherme_sircili_30-1068x712-1.jpg?fit=1068%2C712&ssl=1&resize=350%2C200","width":350,"height":200,"srcset":"https:\/\/i0.wp.com\/noticiasribeiraopreto.com.br\/wp-content\/uploads\/2023\/12\/obras_bosque_-_foto_guilherme_sircili_30-1068x712-1.jpg?fit=1068%2C712&ssl=1&resize=350%2C200 1x, https:\/\/i0.wp.com\/noticiasribeiraopreto.com.br\/wp-content\/uploads\/2023\/12\/obras_bosque_-_foto_guilherme_sircili_30-1068x712-1.jpg?fit=1068%2C712&ssl=1&resize=525%2C300 1.5x, https:\/\/i0.wp.com\/noticiasribeiraopreto.com.br\/wp-content\/uploads\/2023\/12\/obras_bosque_-_foto_guilherme_sircili_30-1068x712-1.jpg?fit=1068%2C712&ssl=1&resize=700%2C400 2x, https:\/\/i0.wp.com\/noticiasribeiraopreto.com.br\/wp-content\/uploads\/2023\/12\/obras_bosque_-_foto_guilherme_sircili_30-1068x712-1.jpg?fit=1068%2C712&ssl=1&resize=1050%2C600 3x"},"classes":[]},{"id":60788,"url":"https:\/\/noticiasribeiraopreto.com.br\/index.php\/2024\/11\/25\/bosque-de-ribeirao-preto-recebe-nova-moradora-conheca-a-lontra-tudy\/","url_meta":{"origin":29202,"position":4},"title":"Bosque de Ribeir\u00e3o Preto recebe nova moradora; conhe\u00e7a a lontra Tudy","author":"noticiasribeiraopreto.com.br","date":"25 de November de 2024","format":false,"excerpt":"O Bosque Zool\u00f3gico F\u00e1bio Barreto anunciou, nesta segunda-feira (25), a chegada de sua nova moradora: A Tudy, uma lontra f\u00eamea, que veio do Parque Quinta da Boa Vista\/Bioparque, no Rio de Janeiro. Tudy rapidamente conquistou o carinho dos cuidadores. Ap\u00f3s uma avalia\u00e7\u00e3o criteriosa das equipes de biologia, veterin\u00e1ria e zootecnia,\u2026","rel":"","context":"In &quot;Not\u00edcias de Ribeir\u00e3o Preto-SP e Regi\u00e3o&quot;","block_context":{"text":"Not\u00edcias de Ribeir\u00e3o Preto-SP e Regi\u00e3o","link":"https:\/\/noticiasribeiraopreto.com.br\/index.php\/category\/noticias-de-ribeirao-preto-sp-e-regiao-ismael-colosi\/"},"img":{"alt_text":"","src":"https:\/\/i0.wp.com\/noticiasribeiraopreto.com.br\/wp-content\/uploads\/2024\/11\/Copia-de-Copia-de-Copia-de-TAMANHO-EXATO-PARA-FOTOS-NO-SISTEMA-NOVO-2024-11-25T175927.237_2024-11-25_21-01-44_png_2024-11-25_21-01-44.webp.webp?fit=1200%2C675&ssl=1&resize=350%2C200","width":350,"height":200,"srcset":"https:\/\/i0.wp.com\/noticiasribeiraopreto.com.br\/wp-content\/uploads\/2024\/11\/Copia-de-Copia-de-Copia-de-TAMANHO-EXATO-PARA-FOTOS-NO-SISTEMA-NOVO-2024-11-25T175927.237_2024-11-25_21-01-44_png_2024-11-25_21-01-44.webp.webp?fit=1200%2C675&ssl=1&resize=350%2C200 1x, https:\/\/i0.wp.com\/noticiasribeiraopreto.com.br\/wp-content\/uploads\/2024\/11\/Copia-de-Copia-de-Copia-de-TAMANHO-EXATO-PARA-FOTOS-NO-SISTEMA-NOVO-2024-11-25T175927.237_2024-11-25_21-01-44_png_2024-11-25_21-01-44.webp.webp?fit=1200%2C675&ssl=1&resize=525%2C300 1.5x, https:\/\/i0.wp.com\/noticiasribeiraopreto.com.br\/wp-content\/uploads\/2024\/11\/Copia-de-Copia-de-Copia-de-TAMANHO-EXATO-PARA-FOTOS-NO-SISTEMA-NOVO-2024-11-25T175927.237_2024-11-25_21-01-44_png_2024-11-25_21-01-44.webp.webp?fit=1200%2C675&ssl=1&resize=700%2C400 2x, https:\/\/i0.wp.com\/noticiasribeiraopreto.com.br\/wp-content\/uploads\/2024\/11\/Copia-de-Copia-de-Copia-de-TAMANHO-EXATO-PARA-FOTOS-NO-SISTEMA-NOVO-2024-11-25T175927.237_2024-11-25_21-01-44_png_2024-11-25_21-01-44.webp.webp?fit=1200%2C675&ssl=1&resize=1050%2C600 3x"},"classes":[]},{"id":21512,"url":"https:\/\/noticiasribeiraopreto.com.br\/index.php\/2023\/12\/27\/bosque-fabio-barreto-esta-com-inscricoes-abertas-para-estagio\/","url_meta":{"origin":29202,"position":5},"title":"Bosque F\u00e1bio Barreto est\u00e1 com inscri\u00e7\u00f5es abertas para est\u00e1gio","author":"noticiasribeiraopreto.com.br","date":"27 de December de 2023","format":false,"excerpt":"27 de dezembro de 2023 | 16:0027 de dezembro de 2023 | 16:10 0O Bosque Zool\u00f3gico F\u00e1bio Barreto est\u00e1 com inscri\u00e7\u00f5es abertas para o programa de treinamento e est\u00e1gio de 2024 com foco em enriquecimento ambiental de animais silvestres. As vagas s\u00e3o limitadas e os interessados poder\u00e3o se inscrever at\u00e9\u2026","rel":"","context":"In &quot;Not\u00edcias de Ribeir\u00e3o Preto-SP e Regi\u00e3o&quot;","block_context":{"text":"Not\u00edcias de Ribeir\u00e3o Preto-SP e Regi\u00e3o","link":"https:\/\/noticiasribeiraopreto.com.br\/index.php\/category\/noticias-de-ribeirao-preto-sp-e-regiao-ismael-colosi\/"},"img":{"alt_text":"","src":"https:\/\/i0.wp.com\/noticiasribeiraopreto.com.br\/wp-content\/uploads\/2023\/12\/programa_estagio_bosque_-_foto_fernando_gonzaga-1-scaled.jpg?fit=967%2C645&ssl=1&resize=350%2C200","width":350,"height":200,"srcset":"https:\/\/i0.wp.com\/noticiasribeiraopreto.com.br\/wp-content\/uploads\/2023\/12\/programa_estagio_bosque_-_foto_fernando_gonzaga-1-scaled.jpg?fit=967%2C645&ssl=1&resize=350%2C200 1x, https:\/\/i0.wp.com\/noticiasribeiraopreto.com.br\/wp-content\/uploads\/2023\/12\/programa_estagio_bosque_-_foto_fernando_gonzaga-1-scaled.jpg?fit=967%2C645&ssl=1&resize=525%2C300 1.5x, https:\/\/i0.wp.com\/noticiasribeiraopreto.com.br\/wp-content\/uploads\/2023\/12\/programa_estagio_bosque_-_foto_fernando_gonzaga-1-scaled.jpg?fit=967%2C645&ssl=1&resize=700%2C400 2x"},"classes":[]}],"jetpack_sharing_enabled":true,"jetpack_shortlink":"https:\/\/wp.me\/peQAOb-7B0","_links":{"self":[{"href":"https:\/\/noticiasribeiraopreto.com.br\/index.php\/wp-json\/wp\/v2\/posts\/29202","targetHints":{"allow":["GET"]}}],"collection":[{"href":"https:\/\/noticiasribeiraopreto.com.br\/index.php\/wp-json\/wp\/v2\/posts"}],"about":[{"href":"https:\/\/noticiasribeiraopreto.com.br\/index.php\/wp-json\/wp\/v2\/types\/post"}],"author":[{"embeddable":true,"href":"https:\/\/noticiasribeiraopreto.com.br\/index.php\/wp-json\/wp\/v2\/users\/1"}],"replies":[{"embeddable":true,"href":"https:\/\/noticiasribeiraopreto.com.br\/index.php\/wp-json\/wp\/v2\/comments?post=29202"}],"version-history":[{"count":0,"href":"https:\/\/noticiasribeiraopreto.com.br\/index.php\/wp-json\/wp\/v2\/posts\/29202\/revisions"}],"wp:featuredmedia":[{"embeddable":true,"href":"https:\/\/noticiasribeiraopreto.com.br\/index.php\/wp-json\/wp\/v2\/media\/29203"}],"wp:attachment":[{"href":"https:\/\/noticiasribeiraopreto.com.br\/index.php\/wp-json\/wp\/v2\/media?parent=29202"}],"wp:term":[{"taxonomy":"category","embeddable":true,"href":"https:\/\/noticiasribeiraopreto.com.br\/index.php\/wp-json\/wp\/v2\/categories?post=29202"},{"taxonomy":"post_tag","embeddable":true,"href":"https:\/\/noticiasribeiraopreto.com.br\/index.php\/wp-json\/wp\/v2\/tags?post=29202"}],"curies":[{"name":"wp","href":"https:\/\/api.w.org\/{rel}","templated":true}]}}