{"id":29219,"date":"2024-01-17T18:59:18","date_gmt":"2024-01-17T21:59:18","guid":{"rendered":"https:\/\/noticiasribeiraopreto.com.br\/index.php\/2024\/01\/17\/cai-mais-uma-barreira-para-a-amil-mudar-de-maos-empresario-que-venceu-tanure-e-a-bain-capital-fica-mais-perto-do-controle-da-operadora-de-saude\/"},"modified":"2024-01-17T18:59:18","modified_gmt":"2024-01-17T21:59:18","slug":"cai-mais-uma-barreira-para-a-amil-mudar-de-maos-empresario-que-venceu-tanure-e-a-bain-capital-fica-mais-perto-do-controle-da-operadora-de-saude","status":"publish","type":"post","link":"https:\/\/noticiasribeiraopreto.com.br\/index.php\/2024\/01\/17\/cai-mais-uma-barreira-para-a-amil-mudar-de-maos-empresario-que-venceu-tanure-e-a-bain-capital-fica-mais-perto-do-controle-da-operadora-de-saude\/","title":{"rendered":"Cai mais uma barreira para a Amil mudar de m\u00e3os: empres\u00e1rio que venceu Tanure e a Bain Capital fica mais perto do controle da operadora de sa\u00fade"},"content":{"rendered":"<div class='code-block code-block-1' style='margin: 8px 0 8px auto; text-align: right; display: block; clear: both;'>\n<p><a href=\"https:\/\/wa.link\/vpicfd\"><img data-recalc-dims=\"1\" class=\"wp-image-4922\" style=\"aspect-ratio: 2.0253164556962027; width: 561px; height: auto;\" src=\"https:\/\/i0.wp.com\/ismaelcolosi.com.br\/wp-content\/uploads\/2023\/11\/grupo-de-empregos-whatsapp-e-facebook-ismael-colosi-vagas.jpg?ssl=1\" alt=\"\" \/><\/a><\/p>\n<!-- \/wp:image -->\n<\/div>\n<p> <br \/>\n<\/p>\n<div id=\"js-first-letter\">\n<p>As \u00faltimas barreiras para a <strong>Amil <\/strong>mudar de m\u00e3os acabaram de cair. O neg\u00f3cio recebeu nesta quarta-feira (17) as aprova\u00e7\u00f5es necess\u00e1rias para a venda da empresa para o empres\u00e1rio <a href=\"https:\/\/www.seudinheiro.com\/2023\/empresas\/quem-e-jose-seripieri-filho-o-junior-que-venceu-a-disputa-com-tanure-e-a-bain-capital-e-ficou-com-a-amil-em-uma-aquisicao-historica-ccgg\/\"><strong>Jos\u00e9 Seripieri Filho<\/strong><\/a>.<\/p>\n<p>A Superintend\u00eancia-Geral do Conselho Administrativo de Defesa Econ\u00f4mica (Cade) e a Ag\u00eancia Nacional de Sa\u00fade Suplementar (ANS) deram o sinal verde para a troca de controle da companhia, segundo o colunista Lauro Jardim d\u2019<em>O Globo<\/em>.<\/p>\n<p>Conhecido no mercado como \u201cJ\u00fanior da Qualicorp\u201d, o executivo venceu no fim de dezembro uma disputa acirrada pelo controle da operadora de sa\u00fade, que at\u00e9 ent\u00e3o pertencia ao United Health Group.<\/p>\n<p>Entre os interessados, estavam a Bain Capital, que pretendia replicar o sucesso com a NotreDame Interm\u00e9dica; a Coruja Capital, do ex-chefe da \u00e1rea de varejo do Ita\u00fa, Marcio Schettini; e at\u00e9 mesmo Nelson Tanure, o investidor de refer\u00eancia em empresas como Prio (PRIO3), Gafisa (GFSA3) e Light (LIGT3).\u00a0<\/p>\n<p>O empres\u00e1rio, que fundou a operadora Qsa\u00fade em 2020, n\u00e3o possu\u00eda mais investimentos no setor de sa\u00fade at\u00e9 ent\u00e3o. Na realidade, foi a <a href=\"https:\/\/www.seudinheiro.com\/2023\/empresas\/quem-e-jose-seripieri-filho-o-junior-que-venceu-a-disputa-com-tanure-e-a-bain-capital-e-ficou-com-a-amil-em-uma-aquisicao-historica-ccgg\/\">aquisi\u00e7\u00e3o da Amil por R$ 11 bilh\u00f5es<\/a> que marcou o retorno de J\u00fanior ao setor.<\/p>\n<p>Vale ressaltar que a transa\u00e7\u00e3o se tornou o maior neg\u00f3cio de fus\u00e3o e aquisi\u00e7\u00e3o (M&amp;A) j\u00e1 realizado no Brasil por uma pessoa f\u00edsica sozinha.<\/p>\n<figure class=\"wp-block-embed is-type-video is-provider-youtube wp-block-embed-youtube wp-embed-aspect-16-9 wp-has-aspect-ratio\">\n<p>\n<iframe loading=\"lazy\" title=\"ONDE INVESTIR EM 2024: A\u00c7\u00d5ES, RENDA FIXA, DIVIDENDOS, FIIS, BDRs E CRIPTOMOEDAS - INDICA\u00c7\u00d5ES GR\u00c1TIS\" width=\"500\" height=\"281\" src=\"https:\/\/www.youtube.com\/embed\/12mhWLu7bl4?feature=oembed\" frameborder=\"0\" allow=\"accelerometer; autoplay; clipboard-write; encrypted-media; gyroscope; picture-in-picture; web-share\" referrerpolicy=\"strict-origin-when-cross-origin\" allowfullscreen><\/iframe>\n<\/p>\n<\/figure>\n<h2 class=\"wp-block-heading\" id=\"h-a-aprovacao-da-compra-bilionaria-da-amil\">A aprova\u00e7\u00e3o da compra bilion\u00e1ria da Amil<\/h2>\n<p>Em termos mais simples, a b\u00ean\u00e7\u00e3o do Cade para a compra da Amil por Jos\u00e9 Seripieri Filho avalia que n\u00e3o h\u00e1 conflitos de interesses no neg\u00f3cio.<\/p>\n<p>Para o Cade, a Amil atua exclusivamente no setor de sa\u00fade, com a opera\u00e7\u00e3o de planos de sa\u00fade e odontol\u00f3gicos, enquanto o fundador da Qualicorp possui atividades no ramo de investimentos financeiros e imobili\u00e1rios.<\/p>\n<p>Segundo o Cade, apesar de J\u00falio ter fundado o grupo QSa\u00fade, a autarquia observou que todas as empresas do conglomerado nas quais o comprador det\u00e9m participa\u00e7\u00e3o indireta n\u00e3o est\u00e3o mais em opera\u00e7\u00e3o.<\/p>\n<p>Al\u00e9m disso, o empres\u00e1rio n\u00e3o possui a\u00e7\u00f5es em outras empresas com atividades em mercados horizontal ou verticalmente relacionados \u00e0queles em que atua o Grupo Amil.<\/p>\n<p>Afinal, Seripieri deixou a Qualicorp em 2019 e vendeu a carteira de benefici\u00e1rios da QSa\u00fade para o plano de sa\u00fade Alice em maio do ano passado.\u00a0<\/p>\n<p>&#8220;Assim, a opera\u00e7\u00e3o representa apenas uma substitui\u00e7\u00e3o de agente econ\u00f4mico e decidiu pela sua aprova\u00e7\u00e3o sem restri\u00e7\u00f5es&#8221;, disse o Cade.<\/p>\n<p>A \u00faltima etapa do processo \u00e9 a decis\u00e3o do Tribunal do Cade. Se a autarquia n\u00e3o convocar os atos de concentra\u00e7\u00e3o para an\u00e1lise ou se ningu\u00e9m recorrer da decis\u00e3o dentro de um prazo de 15 dias, o aval para a venda ser\u00e1 definitivo.<\/p>\n<p><em>*Com informa\u00e7\u00f5es de Estad\u00e3o Conte\u00fado e O Globo.<\/em><\/p>\n<\/div>\n<p><br \/>\n<br \/><a href=\"https:\/\/www.seudinheiro.com\/2024\/empresas\/cai-mais-uma-barreira-para-a-amil-mudar-de-maos-empresario-que-venceu-tanure-e-a-bain-capital-fica-mais-perto-do-controle-da-operadora-de-saude-ccgg-miql\/\">Source link <\/a><\/p>\n<!-- CONTENT END 1 -->\n","protected":false},"excerpt":{"rendered":"<p>As \u00faltimas barreiras para a Amil mudar de m\u00e3os acabaram de cair. O neg\u00f3cio recebeu nesta quarta-feira (17) as aprova\u00e7\u00f5es necess\u00e1rias para a venda da&#8230;<\/p>\n","protected":false},"author":1,"featured_media":29220,"comment_status":"open","ping_status":"open","sticky":false,"template":"","format":"standard","meta":{"advanced_seo_description":"","jetpack_seo_html_title":"","jetpack_seo_noindex":false,"jetpack_post_was_ever_published":false,"_jetpack_newsletter_access":"","_jetpack_dont_email_post_to_subs":false,"_jetpack_newsletter_tier_id":0,"_jetpack_memberships_contains_paywalled_content":false,"_jetpack_memberships_contains_paid_content":false,"footnotes":"","jetpack_publicize_message":"","jetpack_publicize_feature_enabled":true,"jetpack_social_post_already_shared":true,"jetpack_social_options":{"image_generator_settings":{"template":"highway","default_image_id":0,"font":"","enabled":false},"version":2}},"categories":[1235],"tags":[],"class_list":["post-29219","post","type-post","status-publish","format-standard","has-post-thumbnail","hentry","category-dinheiro-e-investimento-como-fazer-como-ganhar"],"jetpack_publicize_connections":[],"jetpack_featured_media_url":"https:\/\/i0.wp.com\/noticiasribeiraopreto.com.br\/wp-content\/uploads\/2024\/01\/Amil-1-715x402.jpg?fit=715%2C402&ssl=1","jetpack-related-posts":[{"id":19646,"url":"https:\/\/noticiasribeiraopreto.com.br\/index.php\/2023\/12\/22\/quem-e-o-empresario-que-pagou-sozinho-r-11-bi-pela-amil\/","url_meta":{"origin":29219,"position":0},"title":"Quem \u00e9 o empres\u00e1rio que pagou sozinho R$ 11 bi pela Amil","author":"noticiasribeiraopreto.com.br","date":"22 de December de 2023","format":false,"excerpt":"A disputa pela Amil foi acirrada entre a Bain Capital, que pretendia replicar o sucesso com a NotreDame Interm\u00e9dica; a Coruja Capital, do ex-chefe da \u00e1rea de varejo do Ita\u00fa, Marcio Schettini; e Nelson Tanure, o investidor de refer\u00eancia em empresas como Prio, Gafisa e Light. Mas quem levou a\u2026","rel":"","context":"In &quot;Dinheiro e Investimento&quot;","block_context":{"text":"Dinheiro e Investimento","link":"https:\/\/noticiasribeiraopreto.com.br\/index.php\/category\/dinheiro-e-investimento-como-fazer-como-ganhar\/"},"img":{"alt_text":"","src":"https:\/\/i0.wp.com\/noticiasribeiraopreto.com.br\/wp-content\/uploads\/2023\/12\/Amil-1-715x402.jpg?fit=715%2C402&ssl=1&resize=350%2C200","width":350,"height":200,"srcset":"https:\/\/i0.wp.com\/noticiasribeiraopreto.com.br\/wp-content\/uploads\/2023\/12\/Amil-1-715x402.jpg?fit=715%2C402&ssl=1&resize=350%2C200 1x, https:\/\/i0.wp.com\/noticiasribeiraopreto.com.br\/wp-content\/uploads\/2023\/12\/Amil-1-715x402.jpg?fit=715%2C402&ssl=1&resize=525%2C300 1.5x, https:\/\/i0.wp.com\/noticiasribeiraopreto.com.br\/wp-content\/uploads\/2023\/12\/Amil-1-715x402.jpg?fit=715%2C402&ssl=1&resize=700%2C400 2x"},"classes":[]},{"id":22990,"url":"https:\/\/noticiasribeiraopreto.com.br\/index.php\/2023\/12\/31\/ans-define-regras-para-notificacao-de-inadimplente-de-plano-de-saude\/","url_meta":{"origin":29219,"position":1},"title":"ANS define regras para notifica\u00e7\u00e3o de inadimplente de plano de sa\u00fade","author":"noticiasribeiraopreto.com.br","date":"31 de December de 2023","format":false,"excerpt":"A Ag\u00eancia Nacional de Sa\u00fade Suplementar (ANS) definiu que a notifica\u00e7\u00e3o de usu\u00e1rios de planos de sa\u00fade\u00a0inadimplentes, que poder\u00e1 resultar no cancelamento do contrato, poder\u00e1 ser feita por meios eletr\u00f4nicos,\u00a0como e-mail, mensagem\u00a0para celulares e\u00a0aplicativo.A ag\u00eancia reguladora divulgou, nesta sexta-feira (29), as novas regras sobre como dever\u00e1 ser feita a notifica\u00e7\u00e3o.\u2026","rel":"","context":"In &quot;Not\u00edcias de Ribeir\u00e3o Preto-SP e Regi\u00e3o&quot;","block_context":{"text":"Not\u00edcias de Ribeir\u00e3o Preto-SP e Regi\u00e3o","link":"https:\/\/noticiasribeiraopreto.com.br\/index.php\/category\/noticias-de-ribeirao-preto-sp-e-regiao-ismael-colosi\/"},"img":{"alt_text":"","src":"https:\/\/i0.wp.com\/noticiasribeiraopreto.com.br\/wp-content\/uploads\/2023\/12\/35353960-6181-460a-bf82-25eb45dff665.jpg?fit=684%2C460&ssl=1&resize=350%2C200","width":350,"height":200,"srcset":"https:\/\/i0.wp.com\/noticiasribeiraopreto.com.br\/wp-content\/uploads\/2023\/12\/35353960-6181-460a-bf82-25eb45dff665.jpg?fit=684%2C460&ssl=1&resize=350%2C200 1x, https:\/\/i0.wp.com\/noticiasribeiraopreto.com.br\/wp-content\/uploads\/2023\/12\/35353960-6181-460a-bf82-25eb45dff665.jpg?fit=684%2C460&ssl=1&resize=525%2C300 1.5x"},"classes":[]},{"id":75045,"url":"https:\/\/noticiasribeiraopreto.com.br\/index.php\/2025\/08\/02\/operadoras-atenderao-sus-para-pagar-divida\/","url_meta":{"origin":29219,"position":2},"title":"Operadoras atender\u00e3o SUS para pagar d\u00edvida","author":"noticiasribeiraopreto.com.br","date":"2 de August de 2025","format":false,"excerpt":"2 de agosto de 2025 10:301 de agosto de 2025 20:435 Compartilhar0 Desde esta sexta-feira, 1\u00ba de agosto, pacientes da rede p\u00fablica podem ser atendidos de forma gratuita por planos de sa\u00fade. Uma portaria que viabiliza a troca de d\u00edvidas de ressarcimento ao Sistema \u00danico de Sa\u00fade (SUS) pela presta\u00e7\u00e3o\u2026","rel":"","context":"In &quot;Not\u00edcias de Ribeir\u00e3o Preto-SP e Regi\u00e3o&quot;","block_context":{"text":"Not\u00edcias de Ribeir\u00e3o Preto-SP e Regi\u00e3o","link":"https:\/\/noticiasribeiraopreto.com.br\/index.php\/category\/noticias-de-ribeirao-preto-sp-e-regiao-ismael-colosi\/"},"img":{"alt_text":"","src":"https:\/\/i0.wp.com\/noticiasribeiraopreto.com.br\/wp-content\/uploads\/2025\/08\/PlanoSUS-Marcello-Casal-Jr.-Ag.Br_.jpg?fit=1170%2C700&ssl=1&resize=350%2C200","width":350,"height":200,"srcset":"https:\/\/i0.wp.com\/noticiasribeiraopreto.com.br\/wp-content\/uploads\/2025\/08\/PlanoSUS-Marcello-Casal-Jr.-Ag.Br_.jpg?fit=1170%2C700&ssl=1&resize=350%2C200 1x, https:\/\/i0.wp.com\/noticiasribeiraopreto.com.br\/wp-content\/uploads\/2025\/08\/PlanoSUS-Marcello-Casal-Jr.-Ag.Br_.jpg?fit=1170%2C700&ssl=1&resize=525%2C300 1.5x, https:\/\/i0.wp.com\/noticiasribeiraopreto.com.br\/wp-content\/uploads\/2025\/08\/PlanoSUS-Marcello-Casal-Jr.-Ag.Br_.jpg?fit=1170%2C700&ssl=1&resize=700%2C400 2x, https:\/\/i0.wp.com\/noticiasribeiraopreto.com.br\/wp-content\/uploads\/2025\/08\/PlanoSUS-Marcello-Casal-Jr.-Ag.Br_.jpg?fit=1170%2C700&ssl=1&resize=1050%2C600 3x"},"classes":[]},{"id":72954,"url":"https:\/\/noticiasribeiraopreto.com.br\/index.php\/2025\/06\/23\/reajuste-de-planos-de-saude-chega-a-606\/","url_meta":{"origin":29219,"position":3},"title":"Reajuste de planos de sa\u00fade chega a 6,06%","author":"noticiasribeiraopreto.com.br","date":"23 de June de 2025","format":false,"excerpt":"A Ag\u00eancia Nacional\u202fde\u202fSa\u00fade\u202fSuplementar (ANS) limitou\u202fa 6,06% o percentual de reajuste anual que poder\u00e1 ser aplicado aos planos de\u202fsa\u00fade\u202fde assist\u00eancia m\u00e9dica individuais\u202fe\u202ffamiliares regulamentados (contratados a partir de 1\u00ba de janeiro de 1999 ou adaptados \u00e0 lei n\u00ba 9.656\/98). O percentual \u00e9 o\u202fteto\u202fv\u00e1lido\u202fpara\u202fo per\u00edodo entre maio de 2025 e abril de 2026\u2026","rel":"","context":"In &quot;Not\u00edcias de Ribeir\u00e3o Preto-SP e Regi\u00e3o&quot;","block_context":{"text":"Not\u00edcias de Ribeir\u00e3o Preto-SP e Regi\u00e3o","link":"https:\/\/noticiasribeiraopreto.com.br\/index.php\/category\/noticias-de-ribeirao-preto-sp-e-regiao-ismael-colosi\/"},"img":{"alt_text":"","src":"https:\/\/i0.wp.com\/noticiasribeiraopreto.com.br\/wp-content\/uploads\/2025\/06\/PlanoANS-Marcello-Casal-Jr.-Ag.Br_-scaled.jpg?fit=800%2C479&ssl=1&resize=350%2C200","width":350,"height":200,"srcset":"https:\/\/i0.wp.com\/noticiasribeiraopreto.com.br\/wp-content\/uploads\/2025\/06\/PlanoANS-Marcello-Casal-Jr.-Ag.Br_-scaled.jpg?fit=800%2C479&ssl=1&resize=350%2C200 1x, https:\/\/i0.wp.com\/noticiasribeiraopreto.com.br\/wp-content\/uploads\/2025\/06\/PlanoANS-Marcello-Casal-Jr.-Ag.Br_-scaled.jpg?fit=800%2C479&ssl=1&resize=525%2C300 1.5x, https:\/\/i0.wp.com\/noticiasribeiraopreto.com.br\/wp-content\/uploads\/2025\/06\/PlanoANS-Marcello-Casal-Jr.-Ag.Br_-scaled.jpg?fit=800%2C479&ssl=1&resize=700%2C400 2x"},"classes":[]},{"id":16992,"url":"https:\/\/noticiasribeiraopreto.com.br\/index.php\/2023\/12\/17\/desafios-na-cobertura-de-tratamento-para-autistas-e-as-negativas-de-plano-de-saude\/","url_meta":{"origin":29219,"position":4},"title":"Desafios na cobertura de tratamento para autistas e as negativas de plano de sa\u00fade\u00a0","author":"noticiasribeiraopreto.com.br","date":"17 de December de 2023","format":false,"excerpt":"17 de dezembro de 2023 | 8:2016 de dezembro de 2023 | 13:43 0Jos\u00e9 dos Santos Santana J\u00fanior*\u00a0\u00c9 crescente a preocupa\u00e7\u00e3o em rela\u00e7\u00e3o as negativas de tratamento para indiv\u00edduos autistas por parte dos planos de sa\u00fade. Essa problem\u00e1tica levanta quest\u00f5es essenciais sobre a equidade no acesso aos cuidados de sa\u00fade\u2026","rel":"","context":"In &quot;Not\u00edcias de Ribeir\u00e3o Preto-SP e Regi\u00e3o&quot;","block_context":{"text":"Not\u00edcias de Ribeir\u00e3o Preto-SP e Regi\u00e3o","link":"https:\/\/noticiasribeiraopreto.com.br\/index.php\/category\/noticias-de-ribeirao-preto-sp-e-regiao-ismael-colosi\/"},"img":{"alt_text":"","src":"https:\/\/i0.wp.com\/noticiasribeiraopreto.com.br\/wp-content\/uploads\/2023\/12\/Jose-dos-Santos-Santana-Junior-scaled.jpg?fit=444%2C645&ssl=1&resize=350%2C200","width":350,"height":200},"classes":[]},{"id":67198,"url":"https:\/\/noticiasribeiraopreto.com.br\/index.php\/2025\/04\/10\/saiba-o-que-esta-em-jogo-no-julgamento-da-lei-que-amplia-cobertura-dos-planos-de-saude\/","url_meta":{"origin":29219,"position":5},"title":"Saiba o que est\u00e1 em jogo no julgamento da lei que amplia cobertura dos planos de sa\u00fade","author":"noticiasribeiraopreto.com.br","date":"10 de April de 2025","format":false,"excerpt":"O STF (Supremo Tribunal Federal) come\u00e7ou nesta quinta-feira (10) o julgamento da lei que obrigou os planos de sa\u00fade a cobrir procedimentos que n\u00e3o est\u00e3o na lista da ANS (Ag\u00eancia Nacional de Sa\u00fade Suplementar). Ap\u00f3s as sustenta\u00e7\u00f5es das partes envolvidas no processo o julgamento foi suspenso e uma nova data\u2026","rel":"","context":"In &quot;Not\u00edcias de Ribeir\u00e3o Preto-SP e Regi\u00e3o&quot;","block_context":{"text":"Not\u00edcias de Ribeir\u00e3o Preto-SP e Regi\u00e3o","link":"https:\/\/noticiasribeiraopreto.com.br\/index.php\/category\/noticias-de-ribeirao-preto-sp-e-regiao-ismael-colosi\/"},"img":{"alt_text":"","src":"https:\/\/i0.wp.com\/noticiasribeiraopreto.com.br\/wp-content\/uploads\/2025\/04\/planos-de-saude_2025-04-10_21-09-26_jpg_2025-04-10_21-09-26.webp.webp?fit=1200%2C800&ssl=1&resize=350%2C200","width":350,"height":200,"srcset":"https:\/\/i0.wp.com\/noticiasribeiraopreto.com.br\/wp-content\/uploads\/2025\/04\/planos-de-saude_2025-04-10_21-09-26_jpg_2025-04-10_21-09-26.webp.webp?fit=1200%2C800&ssl=1&resize=350%2C200 1x, https:\/\/i0.wp.com\/noticiasribeiraopreto.com.br\/wp-content\/uploads\/2025\/04\/planos-de-saude_2025-04-10_21-09-26_jpg_2025-04-10_21-09-26.webp.webp?fit=1200%2C800&ssl=1&resize=525%2C300 1.5x, https:\/\/i0.wp.com\/noticiasribeiraopreto.com.br\/wp-content\/uploads\/2025\/04\/planos-de-saude_2025-04-10_21-09-26_jpg_2025-04-10_21-09-26.webp.webp?fit=1200%2C800&ssl=1&resize=700%2C400 2x, https:\/\/i0.wp.com\/noticiasribeiraopreto.com.br\/wp-content\/uploads\/2025\/04\/planos-de-saude_2025-04-10_21-09-26_jpg_2025-04-10_21-09-26.webp.webp?fit=1200%2C800&ssl=1&resize=1050%2C600 3x"},"classes":[]}],"jetpack_sharing_enabled":true,"jetpack_shortlink":"https:\/\/wp.me\/peQAOb-7Bh","_links":{"self":[{"href":"https:\/\/noticiasribeiraopreto.com.br\/index.php\/wp-json\/wp\/v2\/posts\/29219","targetHints":{"allow":["GET"]}}],"collection":[{"href":"https:\/\/noticiasribeiraopreto.com.br\/index.php\/wp-json\/wp\/v2\/posts"}],"about":[{"href":"https:\/\/noticiasribeiraopreto.com.br\/index.php\/wp-json\/wp\/v2\/types\/post"}],"author":[{"embeddable":true,"href":"https:\/\/noticiasribeiraopreto.com.br\/index.php\/wp-json\/wp\/v2\/users\/1"}],"replies":[{"embeddable":true,"href":"https:\/\/noticiasribeiraopreto.com.br\/index.php\/wp-json\/wp\/v2\/comments?post=29219"}],"version-history":[{"count":0,"href":"https:\/\/noticiasribeiraopreto.com.br\/index.php\/wp-json\/wp\/v2\/posts\/29219\/revisions"}],"wp:featuredmedia":[{"embeddable":true,"href":"https:\/\/noticiasribeiraopreto.com.br\/index.php\/wp-json\/wp\/v2\/media\/29220"}],"wp:attachment":[{"href":"https:\/\/noticiasribeiraopreto.com.br\/index.php\/wp-json\/wp\/v2\/media?parent=29219"}],"wp:term":[{"taxonomy":"category","embeddable":true,"href":"https:\/\/noticiasribeiraopreto.com.br\/index.php\/wp-json\/wp\/v2\/categories?post=29219"},{"taxonomy":"post_tag","embeddable":true,"href":"https:\/\/noticiasribeiraopreto.com.br\/index.php\/wp-json\/wp\/v2\/tags?post=29219"}],"curies":[{"name":"wp","href":"https:\/\/api.w.org\/{rel}","templated":true}]}}