{"id":29223,"date":"2024-01-17T19:07:16","date_gmt":"2024-01-17T22:07:16","guid":{"rendered":"https:\/\/noticiasribeiraopreto.com.br\/index.php\/2024\/01\/17\/whindersson-nunes-comenta-comparacao-entre-seu-antes-e-depois-trocaria-de-calcada\/"},"modified":"2024-01-17T19:07:16","modified_gmt":"2024-01-17T22:07:16","slug":"whindersson-nunes-comenta-comparacao-entre-seu-antes-e-depois-trocaria-de-calcada","status":"publish","type":"post","link":"https:\/\/noticiasribeiraopreto.com.br\/index.php\/2024\/01\/17\/whindersson-nunes-comenta-comparacao-entre-seu-antes-e-depois-trocaria-de-calcada\/","title":{"rendered":"Whindersson Nunes comenta compara\u00e7\u00e3o entre seu antes e depois: \u201cTrocaria de cal\u00e7ada\u201d"},"content":{"rendered":"<div class='code-block code-block-1' style='margin: 8px 0 8px auto; text-align: right; display: block; clear: both;'>\n<p><a href=\"https:\/\/wa.link\/vpicfd\"><img data-recalc-dims=\"1\" class=\"wp-image-4922\" style=\"aspect-ratio: 2.0253164556962027; width: 561px; height: auto;\" src=\"https:\/\/i0.wp.com\/ismaelcolosi.com.br\/wp-content\/uploads\/2023\/11\/grupo-de-empregos-whatsapp-e-facebook-ismael-colosi-vagas.jpg?ssl=1\" alt=\"\" \/><\/a><\/p>\n<!-- \/wp:image -->\n<\/div>\n<p> <br \/>\n<\/p>\n<div itemprop=\"text\">\n<p>Aos 29 anos, Whindersson Nunes \u00e9 um daqueles artistas que cresceu diante dos olhos do p\u00fablico. Ainda adolescente, ele come\u00e7ou a fazer sucesso nas redes sociais e depois explorou outras op\u00e7\u00f5es na carreira.<\/p>\n<p>Como come\u00e7ou muito cedo, existe um verdadeiro acervo da sua imagem na internet. Dessa forma, as pessoas sabem exatamente como ele era quando come\u00e7ou a carreira, e o quanto mudou.<\/p>\n<p>Quem conhece Whindersson, seja como f\u00e3 ou como amigo, sabe que o artista j\u00e1 passou por alguns procedimentos. As mudan\u00e7as f\u00edsicas nunca foram escondidas pelo artista.<\/p>\n<p>Nessa semana, um internauta acabou chamando a aten\u00e7\u00e3o de Whindersson ao compartilhar um \u201cantes e depois\u201d do humorista. Whindersson viu e fez piada com sua pr\u00f3pria apar\u00eancia.<\/p>\n<p><b>\u201cEstranho pensar que eu trocaria de cal\u00e7ada se cruzasse com meu eu do futuro\u201d<\/b>, comentou o humorista. O coment\u00e1rio diz respeito justamente a nova apar\u00eancia que ostenta, em compara\u00e7\u00e3o a apar\u00eancia que tinha quando era adolescente.<\/p>\n<blockquote class=\"twitter-tweet\" data-media-max-width=\"560\">\n<p dir=\"ltr\" lang=\"pt\">Estranho pensar que eu trocaria de cal\u00e7ada se cruzasse com meu eu do futuro <a href=\"https:\/\/t.co\/xE9iUHurnG\">https:\/\/t.co\/xE9iUHurnG<\/a><\/p>\n<p>\u2014 Whindersson (@whindersson) <a href=\"https:\/\/twitter.com\/whindersson\/status\/1747442111102795777?ref_src=twsrc%5Etfw\">January 17, 2024<\/a><\/p>\n<\/blockquote>\n<p>Nos \u00faltimos anos, Whindersson investiu bastante em tatuagens e modificou bastante a sua apar\u00eancia. O humorista tamb\u00e9m investiu na carreira como pugilista, disputando algumas lutas, e fala abertamente sobre o uso de maconha.<\/p>\n<p>O coment\u00e1rio do famoso vai de encontro a muitas cr\u00edticas que ele costuma receber por f\u00e3s mais conservadores. N\u00e3o \u00e0 toa, houveram f\u00e3s sentindo que o coment\u00e1rio teve um fundo ir\u00f4nico.<\/p>\n<p>Whindersson\u00a0come\u00e7ou a carreira\u00a0como\u00a0muitos\u00a0outros\u00a0de\u00a0sua\u00a0gera\u00e7\u00e3o,\u00a0atrav\u00e9s\u00a0do\u00a0youtube. Ele\u00a0explorou a\u00a0veia\u00a0art\u00edstica\u00a0e\u00a0se\u00a0estabeleceu\u00a0como\u00a0um\u00a0dos\u00a0principais\u00a0comediantes do\u00a0pa\u00eds.<\/p>\n<\/div>\n<p><script async src=\"\/\/platform.twitter.com\/widgets.js\" charset=\"utf-8\"><\/script><br \/>\n<br \/><br \/>\n<br \/><a href=\"https:\/\/fnmais.com\/whindersson-nunes-comenta-comparacao-entre-seu-antes-depois-trocaria-calcada\/\">Source link <\/a><\/p>\n<!-- CONTENT END 1 -->\n","protected":false},"excerpt":{"rendered":"<p>Aos 29 anos, Whindersson Nunes \u00e9 um daqueles artistas que cresceu diante dos olhos do p\u00fablico. Ainda adolescente, ele come\u00e7ou a fazer sucesso nas redes&#8230;<\/p>\n","protected":false},"author":1,"featured_media":29224,"comment_status":"open","ping_status":"open","sticky":false,"template":"","format":"standard","meta":{"advanced_seo_description":"","jetpack_seo_html_title":"","jetpack_seo_noindex":false,"jetpack_post_was_ever_published":false,"_jetpack_newsletter_access":"","_jetpack_dont_email_post_to_subs":false,"_jetpack_newsletter_tier_id":0,"_jetpack_memberships_contains_paywalled_content":false,"_jetpack_memberships_contains_paid_content":false,"footnotes":"","jetpack_publicize_message":"","jetpack_publicize_feature_enabled":true,"jetpack_social_post_already_shared":true,"jetpack_social_options":{"image_generator_settings":{"template":"highway","default_image_id":0,"font":"","enabled":false},"version":2}},"categories":[1],"tags":[],"class_list":["post-29223","post","type-post","status-publish","format-standard","has-post-thumbnail","hentry","category-blog"],"jetpack_publicize_connections":[],"jetpack_featured_media_url":"https:\/\/i0.wp.com\/noticiasribeiraopreto.com.br\/wp-content\/uploads\/2024\/01\/postimg-65a847d023ce03980.jpg?fit=1200%2C628&ssl=1","jetpack-related-posts":[{"id":53563,"url":"https:\/\/noticiasribeiraopreto.com.br\/index.php\/2024\/06\/21\/whindersson-nunes-retorna-a-ribeirao-preto-com-novo-show-veja-como-comprar-ingressos\/","url_meta":{"origin":29223,"position":0},"title":"Whindersson Nunes retorna a Ribeir\u00e3o Preto com novo show; Veja como comprar ingressos","author":"noticiasribeiraopreto.com.br","date":"21 de June de 2024","format":false,"excerpt":"O comediante Whindersson Nunes retorna a Ribeir\u00e3o Preto para apresentar o seu novo show \u2018Efeito Borboleta\u2019 no dia 30 de junho, \u00e0s 18h e 20h, no Theatro Pedro II. O stand-up marca o retorno do artista aos palcos e promete uma experi\u00eancia \u00fanica e inovadora. Al\u00e9m disso, ele apresentar\u00e1 um\u2026","rel":"","context":"In &quot;Not\u00edcias de Ribeir\u00e3o Preto-SP e Regi\u00e3o&quot;","block_context":{"text":"Not\u00edcias de Ribeir\u00e3o Preto-SP e Regi\u00e3o","link":"https:\/\/noticiasribeiraopreto.com.br\/index.php\/category\/noticias-de-ribeirao-preto-sp-e-regiao-ismael-colosi\/"},"img":{"alt_text":"","src":"https:\/\/i0.wp.com\/noticiasribeiraopreto.com.br\/wp-content\/uploads\/2024\/06\/Copia-de-Copia-de-TAMANHO-EXATO-PARA-FOTOS-NO-SISTEMA-NOVO-87_2024-06-20_19-27-32_png_2024-06-20_19-27-32.webp.webp?fit=1200%2C675&ssl=1&resize=350%2C200","width":350,"height":200,"srcset":"https:\/\/i0.wp.com\/noticiasribeiraopreto.com.br\/wp-content\/uploads\/2024\/06\/Copia-de-Copia-de-TAMANHO-EXATO-PARA-FOTOS-NO-SISTEMA-NOVO-87_2024-06-20_19-27-32_png_2024-06-20_19-27-32.webp.webp?fit=1200%2C675&ssl=1&resize=350%2C200 1x, https:\/\/i0.wp.com\/noticiasribeiraopreto.com.br\/wp-content\/uploads\/2024\/06\/Copia-de-Copia-de-TAMANHO-EXATO-PARA-FOTOS-NO-SISTEMA-NOVO-87_2024-06-20_19-27-32_png_2024-06-20_19-27-32.webp.webp?fit=1200%2C675&ssl=1&resize=525%2C300 1.5x, https:\/\/i0.wp.com\/noticiasribeiraopreto.com.br\/wp-content\/uploads\/2024\/06\/Copia-de-Copia-de-TAMANHO-EXATO-PARA-FOTOS-NO-SISTEMA-NOVO-87_2024-06-20_19-27-32_png_2024-06-20_19-27-32.webp.webp?fit=1200%2C675&ssl=1&resize=700%2C400 2x, https:\/\/i0.wp.com\/noticiasribeiraopreto.com.br\/wp-content\/uploads\/2024\/06\/Copia-de-Copia-de-TAMANHO-EXATO-PARA-FOTOS-NO-SISTEMA-NOVO-87_2024-06-20_19-27-32_png_2024-06-20_19-27-32.webp.webp?fit=1200%2C675&ssl=1&resize=1050%2C600 3x"},"classes":[]},{"id":19247,"url":"https:\/\/noticiasribeiraopreto.com.br\/index.php\/2023\/12\/22\/luiso-sonzo-de-whindersson-nunes-agita-web-com-possivel-volta-do-casal\/","url_meta":{"origin":29223,"position":1},"title":"&#8216;Lu\u00edso Sonzo&#8217; de Whindersson Nunes agita web com poss\u00edvel volta do casal","author":"noticiasribeiraopreto.com.br","date":"22 de December de 2023","format":false,"excerpt":"O ex casal Whindersson Nunes e Lu\u00edza Sonza sempre foram nomes que deram o que falar. Os dois chegaram a ficar tempos sem citar um ao outro, mas isso tem mudado de uns tempos pra c\u00e1.O casal se casou em 2018 com uma cerim\u00f4nia para pelo menos 350 convidados. A\u2026","rel":"","context":"In &quot;Blog&quot;","block_context":{"text":"Blog","link":"https:\/\/noticiasribeiraopreto.com.br\/index.php\/category\/blog\/"},"img":{"alt_text":"","src":"https:\/\/i0.wp.com\/noticiasribeiraopreto.com.br\/wp-content\/uploads\/2023\/12\/postimg-658518b15afcf8961.jpg?fit=1200%2C628&ssl=1&resize=350%2C200","width":350,"height":200,"srcset":"https:\/\/i0.wp.com\/noticiasribeiraopreto.com.br\/wp-content\/uploads\/2023\/12\/postimg-658518b15afcf8961.jpg?fit=1200%2C628&ssl=1&resize=350%2C200 1x, https:\/\/i0.wp.com\/noticiasribeiraopreto.com.br\/wp-content\/uploads\/2023\/12\/postimg-658518b15afcf8961.jpg?fit=1200%2C628&ssl=1&resize=525%2C300 1.5x, https:\/\/i0.wp.com\/noticiasribeiraopreto.com.br\/wp-content\/uploads\/2023\/12\/postimg-658518b15afcf8961.jpg?fit=1200%2C628&ssl=1&resize=700%2C400 2x, https:\/\/i0.wp.com\/noticiasribeiraopreto.com.br\/wp-content\/uploads\/2023\/12\/postimg-658518b15afcf8961.jpg?fit=1200%2C628&ssl=1&resize=1050%2C600 3x"},"classes":[]},{"id":79891,"url":"https:\/\/noticiasribeiraopreto.com.br\/index.php\/2025\/11\/10\/whindersson-nunes-se-apresenta-nesta-semana-no-theatro-pedro-ii\/","url_meta":{"origin":29223,"position":2},"title":"Whindersson Nunes se apresenta nesta semana no Theatro Pedro II","author":"noticiasribeiraopreto.com.br","date":"10 de November de 2025","format":false,"excerpt":"O stand-up \u201cIsso definitivamente n\u00e3o \u00e9 um culto\u201d, do youtuber e humorista Whindersson Nunes, chega ao Theatro Pedro II, em Ribeir\u00e3o Preto, neste s\u00e1bado (15), em duas sess\u00f5es: \u00e0s 19h e p\u00e1s 21h. Os ingressos custam de R$ 80 e R$ 180 e podem ser adquiridos pela internet (clique aqui)\u2026","rel":"","context":"In &quot;Not\u00edcias de Ribeir\u00e3o Preto-SP e Regi\u00e3o&quot;","block_context":{"text":"Not\u00edcias de Ribeir\u00e3o Preto-SP e Regi\u00e3o","link":"https:\/\/noticiasribeiraopreto.com.br\/index.php\/category\/noticias-de-ribeirao-preto-sp-e-regiao-ismael-colosi\/"},"img":{"alt_text":"","src":"https:\/\/i0.wp.com\/noticiasribeiraopreto.com.br\/wp-content\/uploads\/2025\/11\/Whinderson-Nunes_2025-11-10_17-48-29.webp.webp?fit=1200%2C805&ssl=1&resize=350%2C200","width":350,"height":200,"srcset":"https:\/\/i0.wp.com\/noticiasribeiraopreto.com.br\/wp-content\/uploads\/2025\/11\/Whinderson-Nunes_2025-11-10_17-48-29.webp.webp?fit=1200%2C805&ssl=1&resize=350%2C200 1x, https:\/\/i0.wp.com\/noticiasribeiraopreto.com.br\/wp-content\/uploads\/2025\/11\/Whinderson-Nunes_2025-11-10_17-48-29.webp.webp?fit=1200%2C805&ssl=1&resize=525%2C300 1.5x, https:\/\/i0.wp.com\/noticiasribeiraopreto.com.br\/wp-content\/uploads\/2025\/11\/Whinderson-Nunes_2025-11-10_17-48-29.webp.webp?fit=1200%2C805&ssl=1&resize=700%2C400 2x, https:\/\/i0.wp.com\/noticiasribeiraopreto.com.br\/wp-content\/uploads\/2025\/11\/Whinderson-Nunes_2025-11-10_17-48-29.webp.webp?fit=1200%2C805&ssl=1&resize=1050%2C600 3x"},"classes":[]},{"id":19836,"url":"https:\/\/noticiasribeiraopreto.com.br\/index.php\/2023\/12\/23\/perfil-de-fofocas-e-apontado-como-o-princiapal-propogador-da-fake-news-sobre-affair-de-whinderson-nunes-com-jovem-que-tirou-a-propria-vida\/","url_meta":{"origin":29223,"position":3},"title":"Perfil de fofocas \u00e9 apontado como o princiapal propogador da fake news sobre affair de Whinderson Nunes com jovem que tirou a propria vida","author":"noticiasribeiraopreto.com.br","date":"23 de December de 2023","format":false,"excerpt":"O \u00f3bito de J\u00e9ssica Vit\u00f3ria, aos seus 22 anos, gerou um profundo impacto nas redes sociais. A jovem, enfrentando a depress\u00e3o, tomou a tr\u00e1gica decis\u00e3o de encerrar a pr\u00f3pria vida ap\u00f3s sofrer persegui\u00e7\u00f5es online, vinculadas \u00e0 dissemina\u00e7\u00e3o de not\u00edcias falsas associadas ao seu nome.A comunidade online expressou indigna\u00e7\u00e3o diante da\u2026","rel":"","context":"In &quot;Blog&quot;","block_context":{"text":"Blog","link":"https:\/\/noticiasribeiraopreto.com.br\/index.php\/category\/blog\/"},"img":{"alt_text":"","src":"https:\/\/i0.wp.com\/noticiasribeiraopreto.com.br\/wp-content\/uploads\/2023\/12\/postimg-6586f9d13c4d56168.jpg?fit=1200%2C628&ssl=1&resize=350%2C200","width":350,"height":200,"srcset":"https:\/\/i0.wp.com\/noticiasribeiraopreto.com.br\/wp-content\/uploads\/2023\/12\/postimg-6586f9d13c4d56168.jpg?fit=1200%2C628&ssl=1&resize=350%2C200 1x, https:\/\/i0.wp.com\/noticiasribeiraopreto.com.br\/wp-content\/uploads\/2023\/12\/postimg-6586f9d13c4d56168.jpg?fit=1200%2C628&ssl=1&resize=525%2C300 1.5x, https:\/\/i0.wp.com\/noticiasribeiraopreto.com.br\/wp-content\/uploads\/2023\/12\/postimg-6586f9d13c4d56168.jpg?fit=1200%2C628&ssl=1&resize=700%2C400 2x, https:\/\/i0.wp.com\/noticiasribeiraopreto.com.br\/wp-content\/uploads\/2023\/12\/postimg-6586f9d13c4d56168.jpg?fit=1200%2C628&ssl=1&resize=1050%2C600 3x"},"classes":[]},{"id":75890,"url":"https:\/\/noticiasribeiraopreto.com.br\/index.php\/2025\/08\/17\/whindersson-nunes-traz-novo-show-a-ribeirao-preto-saiba-quando\/","url_meta":{"origin":29223,"position":4},"title":"Whindersson Nunes traz novo show a Ribeir\u00e3o Preto; Saiba quando","author":"noticiasribeiraopreto.com.br","date":"17 de August de 2025","format":false,"excerpt":"O humorista Whindersson Nunes volta a Ribeir\u00e3o Preto no dia 15 de novembro com seu novo show \u201cIsso Definitivamente N\u00e3o \u00e9 um Culto\u201d. As apresenta\u00e7\u00f5es acontecem \u00e0s 19h e 21h, no Theatro Pedro II, no Centro da cidade. O especial aprofunda temas como o iminente fim do mundo, atualidades, redes\u2026","rel":"","context":"In &quot;Not\u00edcias de Ribeir\u00e3o Preto-SP e Regi\u00e3o&quot;","block_context":{"text":"Not\u00edcias de Ribeir\u00e3o Preto-SP e Regi\u00e3o","link":"https:\/\/noticiasribeiraopreto.com.br\/index.php\/category\/noticias-de-ribeirao-preto-sp-e-regiao-ismael-colosi\/"},"img":{"alt_text":"","src":"https:\/\/i0.wp.com\/noticiasribeiraopreto.com.br\/wp-content\/uploads\/2025\/08\/Copia-de-Copia-de-TAMANHO-EXATO-PARA-FOTOS-NO-SISTEMA-NOVO-87_2024-06-20_19-27-32_png_2024-06-20_19-27-32.webp.webp?fit=1200%2C675&ssl=1&resize=350%2C200","width":350,"height":200,"srcset":"https:\/\/i0.wp.com\/noticiasribeiraopreto.com.br\/wp-content\/uploads\/2025\/08\/Copia-de-Copia-de-TAMANHO-EXATO-PARA-FOTOS-NO-SISTEMA-NOVO-87_2024-06-20_19-27-32_png_2024-06-20_19-27-32.webp.webp?fit=1200%2C675&ssl=1&resize=350%2C200 1x, https:\/\/i0.wp.com\/noticiasribeiraopreto.com.br\/wp-content\/uploads\/2025\/08\/Copia-de-Copia-de-TAMANHO-EXATO-PARA-FOTOS-NO-SISTEMA-NOVO-87_2024-06-20_19-27-32_png_2024-06-20_19-27-32.webp.webp?fit=1200%2C675&ssl=1&resize=525%2C300 1.5x, https:\/\/i0.wp.com\/noticiasribeiraopreto.com.br\/wp-content\/uploads\/2025\/08\/Copia-de-Copia-de-TAMANHO-EXATO-PARA-FOTOS-NO-SISTEMA-NOVO-87_2024-06-20_19-27-32_png_2024-06-20_19-27-32.webp.webp?fit=1200%2C675&ssl=1&resize=700%2C400 2x, https:\/\/i0.wp.com\/noticiasribeiraopreto.com.br\/wp-content\/uploads\/2025\/08\/Copia-de-Copia-de-TAMANHO-EXATO-PARA-FOTOS-NO-SISTEMA-NOVO-87_2024-06-20_19-27-32_png_2024-06-20_19-27-32.webp.webp?fit=1200%2C675&ssl=1&resize=1050%2C600 3x"},"classes":[]},{"id":52514,"url":"https:\/\/noticiasribeiraopreto.com.br\/index.php\/2024\/06\/08\/whindersson-nunes-se-apresenta-em-ribeirao-preto-com-novo-stand-up-veja-quando\/","url_meta":{"origin":29223,"position":5},"title":"Whindersson Nunes se apresenta em Ribeir\u00e3o Preto com novo stand-up; Veja quando","author":"noticiasribeiraopreto.com.br","date":"8 de June de 2024","format":false,"excerpt":"O humorista Whindersson Nunes retorna aos palcos de Ribeir\u00e3o Preto com seu novo espet\u00e1culo, o stand-up \u201cEfeito Borboleta\u201d. A apresenta\u00e7\u00e3o acontece no dia 30 de junho, no Theatro Pedro II, a partir das 20h. O show, que promete uma experi\u00eancia \u00fanica e inovadora ao p\u00fablico, contar\u00e1 com um teste de\u2026","rel":"","context":"In &quot;Not\u00edcias de Ribeir\u00e3o Preto-SP e Regi\u00e3o&quot;","block_context":{"text":"Not\u00edcias de Ribeir\u00e3o Preto-SP e Regi\u00e3o","link":"https:\/\/noticiasribeiraopreto.com.br\/index.php\/category\/noticias-de-ribeirao-preto-sp-e-regiao-ismael-colosi\/"},"img":{"alt_text":"","src":"https:\/\/i0.wp.com\/noticiasribeiraopreto.com.br\/wp-content\/uploads\/2024\/06\/whindersson-nunes_2024-06-08_13-45-36_jpg_2024-06-08_13-45-36.webp.webp?fit=980%2C660&ssl=1&resize=350%2C200","width":350,"height":200,"srcset":"https:\/\/i0.wp.com\/noticiasribeiraopreto.com.br\/wp-content\/uploads\/2024\/06\/whindersson-nunes_2024-06-08_13-45-36_jpg_2024-06-08_13-45-36.webp.webp?fit=980%2C660&ssl=1&resize=350%2C200 1x, https:\/\/i0.wp.com\/noticiasribeiraopreto.com.br\/wp-content\/uploads\/2024\/06\/whindersson-nunes_2024-06-08_13-45-36_jpg_2024-06-08_13-45-36.webp.webp?fit=980%2C660&ssl=1&resize=525%2C300 1.5x, https:\/\/i0.wp.com\/noticiasribeiraopreto.com.br\/wp-content\/uploads\/2024\/06\/whindersson-nunes_2024-06-08_13-45-36_jpg_2024-06-08_13-45-36.webp.webp?fit=980%2C660&ssl=1&resize=700%2C400 2x"},"classes":[]}],"jetpack_sharing_enabled":true,"jetpack_shortlink":"https:\/\/wp.me\/peQAOb-7Bl","_links":{"self":[{"href":"https:\/\/noticiasribeiraopreto.com.br\/index.php\/wp-json\/wp\/v2\/posts\/29223","targetHints":{"allow":["GET"]}}],"collection":[{"href":"https:\/\/noticiasribeiraopreto.com.br\/index.php\/wp-json\/wp\/v2\/posts"}],"about":[{"href":"https:\/\/noticiasribeiraopreto.com.br\/index.php\/wp-json\/wp\/v2\/types\/post"}],"author":[{"embeddable":true,"href":"https:\/\/noticiasribeiraopreto.com.br\/index.php\/wp-json\/wp\/v2\/users\/1"}],"replies":[{"embeddable":true,"href":"https:\/\/noticiasribeiraopreto.com.br\/index.php\/wp-json\/wp\/v2\/comments?post=29223"}],"version-history":[{"count":0,"href":"https:\/\/noticiasribeiraopreto.com.br\/index.php\/wp-json\/wp\/v2\/posts\/29223\/revisions"}],"wp:featuredmedia":[{"embeddable":true,"href":"https:\/\/noticiasribeiraopreto.com.br\/index.php\/wp-json\/wp\/v2\/media\/29224"}],"wp:attachment":[{"href":"https:\/\/noticiasribeiraopreto.com.br\/index.php\/wp-json\/wp\/v2\/media?parent=29223"}],"wp:term":[{"taxonomy":"category","embeddable":true,"href":"https:\/\/noticiasribeiraopreto.com.br\/index.php\/wp-json\/wp\/v2\/categories?post=29223"},{"taxonomy":"post_tag","embeddable":true,"href":"https:\/\/noticiasribeiraopreto.com.br\/index.php\/wp-json\/wp\/v2\/tags?post=29223"}],"curies":[{"name":"wp","href":"https:\/\/api.w.org\/{rel}","templated":true}]}}