{"id":29227,"date":"2024-01-17T19:19:21","date_gmt":"2024-01-17T22:19:21","guid":{"rendered":"https:\/\/noticiasribeiraopreto.com.br\/index.php\/2024\/01\/17\/quem-e-o-reporter-da-globo-que-foi-covardemente-agredido-e-teve-equipamento-vandalizado-durante-cobertura-jornalistica\/"},"modified":"2024-01-17T19:19:21","modified_gmt":"2024-01-17T22:19:21","slug":"quem-e-o-reporter-da-globo-que-foi-covardemente-agredido-e-teve-equipamento-vandalizado-durante-cobertura-jornalistica","status":"publish","type":"post","link":"https:\/\/noticiasribeiraopreto.com.br\/index.php\/2024\/01\/17\/quem-e-o-reporter-da-globo-que-foi-covardemente-agredido-e-teve-equipamento-vandalizado-durante-cobertura-jornalistica\/","title":{"rendered":"Quem \u00e9 o rep\u00f3rter da Globo que foi covardemente agredido e teve equipamento vandalizado durante cobertura jornal\u00edstica"},"content":{"rendered":"<div class='code-block code-block-1' style='margin: 8px 0 8px auto; text-align: right; display: block; clear: both;'>\n<p><a href=\"https:\/\/wa.link\/vpicfd\"><img data-recalc-dims=\"1\" class=\"wp-image-4922\" style=\"aspect-ratio: 2.0253164556962027; width: 561px; height: auto;\" src=\"https:\/\/i0.wp.com\/ismaelcolosi.com.br\/wp-content\/uploads\/2023\/11\/grupo-de-empregos-whatsapp-e-facebook-ismael-colosi-vagas.jpg?ssl=1\" alt=\"\" \/><\/a><\/p>\n<!-- \/wp:image -->\n<\/div>\n<p> <br \/>\n<\/p>\n<div itemprop=\"text\">\n<p>O jornalista Jo\u00e3o V\u00edtor Brum, da Inter TV, afiliada da TV Globo no estado do Rio de Janeiro, foi alvo de agress\u00e3o durante a realiza\u00e7\u00e3o de uma reportagem nesta \u00faltima segunda-feira (15).<\/p>\n<p>Na ocasi\u00e3o, ele encontrava-se na Lagoa de Araruama, na cidade de Cabo Frio (RJ) preparado para fazer a cobertura sobre o casa de desaparecimento de Pedro Lucas Rodrigues de Oliveira, de 18 anos.<\/p>\n<p>Jo\u00e3o V\u00edtor, estava junto com o cinegrafista Sidney Pontes, dirigiu-se ao local com o objetivo de entrevistar familiares do jovem desaparecido e capturar imagens do trabalho dos bombeiros para a cobertura jornal\u00edstica.<\/p>\n<p>A inten\u00e7\u00e3o de veicular a mat\u00e9ria era de expor o desaparecimento e conseguir ajuda dos espectadores, caso algu\u00e9m pudesse trazer not\u00edcias sobre Pedro Lucas, contudo, a situa\u00e7\u00e3o degringolou quando o jornalista foi agredido.<\/p>\n<p>Conforme comunicado da Inter TV, a fam\u00edlia do desaparecido teria consentido com a presen\u00e7a da equipe. No entanto, um indiv\u00edduo que se apresentou como amigo de Pedro surgiu e agrediu o rep\u00f3rter.<\/p>\n<p>Em comunicado o diretor de emissora Inter TV, afirmou que ser\u00e3o adotadas todas as provid\u00eancias cab\u00edveis para responsabilizar o agressor, destacando que epis\u00f3dios desta natureza devem ser considerados um atentado \u00e0 liberdade de express\u00e3o.<\/p>\n<p>O nome do suspeito de ter cometido a agress\u00e3o n\u00e3o foi revelado. N\u00e3o h\u00e1 informa\u00e7\u00f5es se a pol\u00edcia foi acionada no momento da ocorr\u00eancia.<\/p>\n<p>O jornalista que foi v\u00edtima da agress\u00e3o agradeceu o apoio que vem recebendo dos f\u00e3s e dos colegas de profiss\u00e3o atrav\u00e9s das redes sociais.<\/p>\n<\/div>\n<p><br \/>\n<br \/><a href=\"https:\/\/fnmais.com\/quem-reporter-globo-que-foi-covardemente-agredido-teve-equipamento-vandalizado-durante-cobertura-jornalistica\/\">Source link <\/a><\/p>\n<!-- CONTENT END 1 -->\n","protected":false},"excerpt":{"rendered":"<p>O jornalista Jo\u00e3o V\u00edtor Brum, da Inter TV, afiliada da TV Globo no estado do Rio de Janeiro, foi alvo de agress\u00e3o durante a realiza\u00e7\u00e3o&#8230;<\/p>\n","protected":false},"author":1,"featured_media":29228,"comment_status":"open","ping_status":"open","sticky":false,"template":"","format":"standard","meta":{"advanced_seo_description":"","jetpack_seo_html_title":"","jetpack_seo_noindex":false,"jetpack_post_was_ever_published":false,"_jetpack_newsletter_access":"","_jetpack_dont_email_post_to_subs":false,"_jetpack_newsletter_tier_id":0,"_jetpack_memberships_contains_paywalled_content":false,"_jetpack_memberships_contains_paid_content":false,"footnotes":"","jetpack_publicize_message":"","jetpack_publicize_feature_enabled":true,"jetpack_social_post_already_shared":true,"jetpack_social_options":{"image_generator_settings":{"template":"highway","default_image_id":0,"font":"","enabled":false},"version":2}},"categories":[1],"tags":[],"class_list":["post-29227","post","type-post","status-publish","format-standard","has-post-thumbnail","hentry","category-blog"],"jetpack_publicize_connections":[],"jetpack_featured_media_url":"https:\/\/i0.wp.com\/noticiasribeiraopreto.com.br\/wp-content\/uploads\/2024\/01\/postimg-65a840430c65a9417.jpg?fit=1200%2C628&ssl=1","jetpack-related-posts":[{"id":26196,"url":"https:\/\/noticiasribeiraopreto.com.br\/index.php\/2024\/01\/09\/misterio-sobre-o-desaparecimento-do-menino-pode-ter-chegado-ao-fim-e-policia-expoe-mais-informacoes\/","url_meta":{"origin":29227,"position":0},"title":"mist\u00e9rio sobre o desaparecimento do menino pode ter chegado ao fim e Pol\u00edcia exp\u00f5e mais informa\u00e7\u00f5es","author":"noticiasribeiraopreto.com.br","date":"9 de January de 2024","format":false,"excerpt":"O menino Pedro Lucas Santos segue desaparecido desde o dia primeiro de novembro de 2023, e agora, as autoridades finalmente trouxeram mais detalhes diante da tr\u00e1gica situa\u00e7\u00e3o.Jos\u00e9 Domingos Silva dos Santos, foi preso nesta \u00faltima segunda-feira, dia 8 de janeiro. Ele \u00e9 o padrasto do menino e a Pol\u00edcia informou\u2026","rel":"","context":"In &quot;Blog&quot;","block_context":{"text":"Blog","link":"https:\/\/noticiasribeiraopreto.com.br\/index.php\/category\/blog\/"},"img":{"alt_text":"","src":"https:\/\/i0.wp.com\/noticiasribeiraopreto.com.br\/wp-content\/uploads\/2024\/01\/postimg-659d702f3bcf96676.jpg?fit=1200%2C628&ssl=1&resize=350%2C200","width":350,"height":200,"srcset":"https:\/\/i0.wp.com\/noticiasribeiraopreto.com.br\/wp-content\/uploads\/2024\/01\/postimg-659d702f3bcf96676.jpg?fit=1200%2C628&ssl=1&resize=350%2C200 1x, https:\/\/i0.wp.com\/noticiasribeiraopreto.com.br\/wp-content\/uploads\/2024\/01\/postimg-659d702f3bcf96676.jpg?fit=1200%2C628&ssl=1&resize=525%2C300 1.5x, https:\/\/i0.wp.com\/noticiasribeiraopreto.com.br\/wp-content\/uploads\/2024\/01\/postimg-659d702f3bcf96676.jpg?fit=1200%2C628&ssl=1&resize=700%2C400 2x, https:\/\/i0.wp.com\/noticiasribeiraopreto.com.br\/wp-content\/uploads\/2024\/01\/postimg-659d702f3bcf96676.jpg?fit=1200%2C628&ssl=1&resize=1050%2C600 3x"},"classes":[]},{"id":26295,"url":"https:\/\/noticiasribeiraopreto.com.br\/index.php\/2024\/01\/09\/caso-pedro-lucas-apos-prisao-do-padrasto-descoberta-da-policia-pode-apontar-desfecho-tragico-sobre-paradeiro-do-garoto\/","url_meta":{"origin":29227,"position":1},"title":"Caso Pedro Lucas: Ap\u00f3s pris\u00e3o do padrasto, descoberta da pol\u00edcia pode apontar desfecho tr\u00e1gico sobre paradeiro do garoto","author":"noticiasribeiraopreto.com.br","date":"9 de January de 2024","format":false,"excerpt":"A Pol\u00edcia Civil localizou restos mortais nas proximidades do c\u00f3rrego Ab\u00f3bora, em um trecho que fica pr\u00f3ximo \u00e0 cidade Rio Verde, localizada no interior do estado de Goi\u00e1s.De acordo com os relatos, a Pol\u00edcia Cient\u00edfica est\u00e1 examinando os restos para determinar se pertencem a Pedro Lucas Santos, de 9 anos,\u2026","rel":"","context":"In &quot;Blog&quot;","block_context":{"text":"Blog","link":"https:\/\/noticiasribeiraopreto.com.br\/index.php\/category\/blog\/"},"img":{"alt_text":"","src":"https:\/\/i0.wp.com\/noticiasribeiraopreto.com.br\/wp-content\/uploads\/2024\/01\/postimg-659db9eccfb555295.jpg?fit=1200%2C628&ssl=1&resize=350%2C200","width":350,"height":200,"srcset":"https:\/\/i0.wp.com\/noticiasribeiraopreto.com.br\/wp-content\/uploads\/2024\/01\/postimg-659db9eccfb555295.jpg?fit=1200%2C628&ssl=1&resize=350%2C200 1x, https:\/\/i0.wp.com\/noticiasribeiraopreto.com.br\/wp-content\/uploads\/2024\/01\/postimg-659db9eccfb555295.jpg?fit=1200%2C628&ssl=1&resize=525%2C300 1.5x, https:\/\/i0.wp.com\/noticiasribeiraopreto.com.br\/wp-content\/uploads\/2024\/01\/postimg-659db9eccfb555295.jpg?fit=1200%2C628&ssl=1&resize=700%2C400 2x, https:\/\/i0.wp.com\/noticiasribeiraopreto.com.br\/wp-content\/uploads\/2024\/01\/postimg-659db9eccfb555295.jpg?fit=1200%2C628&ssl=1&resize=1050%2C600 3x"},"classes":[]},{"id":75802,"url":"https:\/\/noticiasribeiraopreto.com.br\/index.php\/2025\/08\/15\/eptv-produz-edicao-especial-do-globo-reporter-em-homenagem-aos-70-anos-da-festa-do-peao-de-barretos\/","url_meta":{"origin":29227,"position":2},"title":"EPTV produz edi\u00e7\u00e3o especial do Globo Rep\u00f3rter em homenagem aos 70 anos da Festa do Pe\u00e3o de Barretos","author":"noticiasribeiraopreto.com.br","date":"15 de August de 2025","format":false,"excerpt":"A Festa do Pe\u00e3o de Barretos, maior rodeio da Am\u00e9rica Latina, completa 70 anos de hist\u00f3ria neste ano e acontece entre os dias 21 e 31 de agosto, em Barretos, cidade a 120 quil\u00f4metros de Ribeir\u00e3o Preto. Para marcar a data, a EPTV, afiliada da Rede Globo no interior de\u2026","rel":"","context":"In &quot;Not\u00edcias de Ribeir\u00e3o Preto-SP e Regi\u00e3o&quot;","block_context":{"text":"Not\u00edcias de Ribeir\u00e3o Preto-SP e Regi\u00e3o","link":"https:\/\/noticiasribeiraopreto.com.br\/index.php\/category\/noticias-de-ribeirao-preto-sp-e-regiao-ismael-colosi\/"},"img":{"alt_text":"","src":"https:\/\/i0.wp.com\/noticiasribeiraopreto.com.br\/wp-content\/uploads\/2025\/08\/172312398066b4c90cb1cc8_2024-08-14_20-51-59_jpg_2024-08-14_20-51-59.webp.webp?fit=800%2C533&ssl=1&resize=350%2C200","width":350,"height":200,"srcset":"https:\/\/i0.wp.com\/noticiasribeiraopreto.com.br\/wp-content\/uploads\/2025\/08\/172312398066b4c90cb1cc8_2024-08-14_20-51-59_jpg_2024-08-14_20-51-59.webp.webp?fit=800%2C533&ssl=1&resize=350%2C200 1x, https:\/\/i0.wp.com\/noticiasribeiraopreto.com.br\/wp-content\/uploads\/2025\/08\/172312398066b4c90cb1cc8_2024-08-14_20-51-59_jpg_2024-08-14_20-51-59.webp.webp?fit=800%2C533&ssl=1&resize=525%2C300 1.5x, https:\/\/i0.wp.com\/noticiasribeiraopreto.com.br\/wp-content\/uploads\/2025\/08\/172312398066b4c90cb1cc8_2024-08-14_20-51-59_jpg_2024-08-14_20-51-59.webp.webp?fit=800%2C533&ssl=1&resize=700%2C400 2x"},"classes":[]},{"id":60352,"url":"https:\/\/noticiasribeiraopreto.com.br\/index.php\/2024\/11\/11\/acidade-on-ribeirao-conquista-o-trofeu-aceesp-de-cobertura-esportiva-pelo-segundo-ano-consecutivo-2\/","url_meta":{"origin":29227,"position":3},"title":"acidade on Ribeir\u00e3o conquista o Trof\u00e9u Aceesp de cobertura esportiva pelo segundo ano consecutivo","author":"noticiasribeiraopreto.com.br","date":"11 de November de 2024","format":false,"excerpt":"O\u00a0acidade on Ribeir\u00e3o recebeu, pelo segundo ano consecutivo, o Trof\u00e9u Aceesp, o mais tradicional do jornalismo esportivo do Estado de S\u00e3o Paulo. O resultado foi divulgado na noite desta segunda-feira (11) e a\u00a0EPTV\u00a0Ribeir\u00e3o\u00a0e a\u00a0CBN Ribeir\u00e3o Preto tamb\u00e9m foram premiadas. O\u00a0acidade on Ribeir\u00e3o\u00a0venceu\u00a0na categoria Jornal\/Site do Interior. A cerim\u00f4nia de entrega\u2026","rel":"","context":"In &quot;Not\u00edcias de Ribeir\u00e3o Preto-SP e Regi\u00e3o&quot;","block_context":{"text":"Not\u00edcias de Ribeir\u00e3o Preto-SP e Regi\u00e3o","link":"https:\/\/noticiasribeiraopreto.com.br\/index.php\/category\/noticias-de-ribeirao-preto-sp-e-regiao-ismael-colosi\/"},"img":{"alt_text":"","src":"https:\/\/i0.wp.com\/noticiasribeiraopreto.com.br\/wp-content\/uploads\/2024\/11\/Trofeu-Aceesp-2023.foto__2024-11-12_00-33-44_jpg_2024-11-12_00-33-44.webp.webp?fit=591%2C352&ssl=1&resize=350%2C200","width":350,"height":200,"srcset":"https:\/\/i0.wp.com\/noticiasribeiraopreto.com.br\/wp-content\/uploads\/2024\/11\/Trofeu-Aceesp-2023.foto__2024-11-12_00-33-44_jpg_2024-11-12_00-33-44.webp.webp?fit=591%2C352&ssl=1&resize=350%2C200 1x, https:\/\/i0.wp.com\/noticiasribeiraopreto.com.br\/wp-content\/uploads\/2024\/11\/Trofeu-Aceesp-2023.foto__2024-11-12_00-33-44_jpg_2024-11-12_00-33-44.webp.webp?fit=591%2C352&ssl=1&resize=525%2C300 1.5x"},"classes":[]},{"id":60350,"url":"https:\/\/noticiasribeiraopreto.com.br\/index.php\/2024\/11\/11\/acidade-on-ribeirao-conquista-o-trofeu-aceesp-de-cobertura-esportiva-pelo-segundo-ano-consecutivo\/","url_meta":{"origin":29227,"position":4},"title":"acidade on Ribeir\u00e3o conquista o Trof\u00e9u Aceesp de cobertura esportiva pelo segundo ano consecutivo","author":"noticiasribeiraopreto.com.br","date":"11 de November de 2024","format":false,"excerpt":"O\u00a0acidade on Ribeir\u00e3o recebeu, pelo segundo ano consecutivo, o Trof\u00e9u Aceesp, o mais tradicional do jornalismo esportivo do Estado de S\u00e3o Paulo. O resultado foi divulgado na noite desta segunda-feira (11), a\u00a0EPTV\u00a0Ribeir\u00e3o\u00a0e a\u00a0CBN Ribeir\u00e3o Preto tamb\u00e9m foram premiadas. O\u00a0acidade on Ribeir\u00e3o\u00a0venceu\u00a0na categoria Jornal\/Site do Interior. A cerim\u00f4nia de entrega dos\u2026","rel":"","context":"In &quot;Not\u00edcias de Ribeir\u00e3o Preto-SP e Regi\u00e3o&quot;","block_context":{"text":"Not\u00edcias de Ribeir\u00e3o Preto-SP e Regi\u00e3o","link":"https:\/\/noticiasribeiraopreto.com.br\/index.php\/category\/noticias-de-ribeirao-preto-sp-e-regiao-ismael-colosi\/"},"img":{"alt_text":"","src":"https:\/\/i0.wp.com\/noticiasribeiraopreto.com.br\/wp-content\/uploads\/2024\/11\/Trofeu-Aceesp-2023.foto__2024-11-12_00-33-44_jpg_2024-11-12_00-33-44.webp.webp?fit=591%2C352&ssl=1&resize=350%2C200","width":350,"height":200,"srcset":"https:\/\/i0.wp.com\/noticiasribeiraopreto.com.br\/wp-content\/uploads\/2024\/11\/Trofeu-Aceesp-2023.foto__2024-11-12_00-33-44_jpg_2024-11-12_00-33-44.webp.webp?fit=591%2C352&ssl=1&resize=350%2C200 1x, https:\/\/i0.wp.com\/noticiasribeiraopreto.com.br\/wp-content\/uploads\/2024\/11\/Trofeu-Aceesp-2023.foto__2024-11-12_00-33-44_jpg_2024-11-12_00-33-44.webp.webp?fit=591%2C352&ssl=1&resize=525%2C300 1.5x"},"classes":[]},{"id":46569,"url":"https:\/\/noticiasribeiraopreto.com.br\/index.php\/2024\/04\/12\/globo-transmite-primeira-etapa-do-circuito-sertanejo-2024\/","url_meta":{"origin":29227,"position":5},"title":"Globo transmite primeira etapa do &#8220;Circuito Sertanejo 2024&#8221;","author":"noticiasribeiraopreto.com.br","date":"12 de April de 2024","format":false,"excerpt":"Globo transmite primeira etapa do \u201cCircuito Sertanejo 2024\u201dMultishow, Globoplay e TV Globo exibem shows de Fernando & Sorocaba, Luan Pereira e Malifoo, que acontecem no dia 13 de abril O\u00a0Circuito Sertanejo, o maior circuito de shows do pa\u00eds,\u00a0est\u00e1 de volta \u00e0\u00a0Globo! A primeira edi\u00e7\u00e3o de 2024 aterrissa na ExpoLondrina, no\u2026","rel":"","context":"In &quot;Not\u00edcias de Ribeir\u00e3o Preto-SP e Regi\u00e3o&quot;","block_context":{"text":"Not\u00edcias de Ribeir\u00e3o Preto-SP e Regi\u00e3o","link":"https:\/\/noticiasribeiraopreto.com.br\/index.php\/category\/noticias-de-ribeirao-preto-sp-e-regiao-ismael-colosi\/"},"img":{"alt_text":"","src":"https:\/\/i0.wp.com\/noticiasribeiraopreto.com.br\/wp-content\/uploads\/2024\/04\/Untitled-2.jpg?fit=1200%2C800&ssl=1&resize=350%2C200","width":350,"height":200,"srcset":"https:\/\/i0.wp.com\/noticiasribeiraopreto.com.br\/wp-content\/uploads\/2024\/04\/Untitled-2.jpg?fit=1200%2C800&ssl=1&resize=350%2C200 1x, https:\/\/i0.wp.com\/noticiasribeiraopreto.com.br\/wp-content\/uploads\/2024\/04\/Untitled-2.jpg?fit=1200%2C800&ssl=1&resize=525%2C300 1.5x, https:\/\/i0.wp.com\/noticiasribeiraopreto.com.br\/wp-content\/uploads\/2024\/04\/Untitled-2.jpg?fit=1200%2C800&ssl=1&resize=700%2C400 2x, https:\/\/i0.wp.com\/noticiasribeiraopreto.com.br\/wp-content\/uploads\/2024\/04\/Untitled-2.jpg?fit=1200%2C800&ssl=1&resize=1050%2C600 3x"},"classes":[]}],"jetpack_sharing_enabled":true,"jetpack_shortlink":"https:\/\/wp.me\/peQAOb-7Bp","_links":{"self":[{"href":"https:\/\/noticiasribeiraopreto.com.br\/index.php\/wp-json\/wp\/v2\/posts\/29227","targetHints":{"allow":["GET"]}}],"collection":[{"href":"https:\/\/noticiasribeiraopreto.com.br\/index.php\/wp-json\/wp\/v2\/posts"}],"about":[{"href":"https:\/\/noticiasribeiraopreto.com.br\/index.php\/wp-json\/wp\/v2\/types\/post"}],"author":[{"embeddable":true,"href":"https:\/\/noticiasribeiraopreto.com.br\/index.php\/wp-json\/wp\/v2\/users\/1"}],"replies":[{"embeddable":true,"href":"https:\/\/noticiasribeiraopreto.com.br\/index.php\/wp-json\/wp\/v2\/comments?post=29227"}],"version-history":[{"count":0,"href":"https:\/\/noticiasribeiraopreto.com.br\/index.php\/wp-json\/wp\/v2\/posts\/29227\/revisions"}],"wp:featuredmedia":[{"embeddable":true,"href":"https:\/\/noticiasribeiraopreto.com.br\/index.php\/wp-json\/wp\/v2\/media\/29228"}],"wp:attachment":[{"href":"https:\/\/noticiasribeiraopreto.com.br\/index.php\/wp-json\/wp\/v2\/media?parent=29227"}],"wp:term":[{"taxonomy":"category","embeddable":true,"href":"https:\/\/noticiasribeiraopreto.com.br\/index.php\/wp-json\/wp\/v2\/categories?post=29227"},{"taxonomy":"post_tag","embeddable":true,"href":"https:\/\/noticiasribeiraopreto.com.br\/index.php\/wp-json\/wp\/v2\/tags?post=29227"}],"curies":[{"name":"wp","href":"https:\/\/api.w.org\/{rel}","templated":true}]}}