{"id":29241,"date":"2024-01-17T19:53:50","date_gmt":"2024-01-17T22:53:50","guid":{"rendered":"https:\/\/noticiasribeiraopreto.com.br\/index.php\/2024\/01\/17\/nota-fiscal-paulista-libera-mais-de-r-37-milhoes-em-creditos-veja-como-resgatar\/"},"modified":"2024-01-17T19:53:50","modified_gmt":"2024-01-17T22:53:50","slug":"nota-fiscal-paulista-libera-mais-de-r-37-milhoes-em-creditos-veja-como-resgatar","status":"publish","type":"post","link":"https:\/\/noticiasribeiraopreto.com.br\/index.php\/2024\/01\/17\/nota-fiscal-paulista-libera-mais-de-r-37-milhoes-em-creditos-veja-como-resgatar\/","title":{"rendered":"Nota Fiscal Paulista libera mais de R$ 37 milh\u00f5es em cr\u00e9ditos; Veja como resgatar"},"content":{"rendered":"<div class='code-block code-block-1' style='margin: 8px 0 8px auto; text-align: right; display: block; clear: both;'>\n<p><a href=\"https:\/\/wa.link\/vpicfd\"><img data-recalc-dims=\"1\" class=\"wp-image-4922\" style=\"aspect-ratio: 2.0253164556962027; width: 561px; height: auto;\" src=\"https:\/\/i0.wp.com\/ismaelcolosi.com.br\/wp-content\/uploads\/2023\/11\/grupo-de-empregos-whatsapp-e-facebook-ismael-colosi-vagas.jpg?ssl=1\" alt=\"\" \/><\/a><\/p>\n<!-- \/wp:image -->\n<\/div>\n<p> <br \/>\n<\/p>\n<div>\n<p>Mais de <strong>R$ 37 milh\u00f5es<\/strong> em cr\u00e9ditos do programa da <strong>Nota Fiscal Paulista <\/strong>est\u00e3o dispon\u00edveis aos <strong>contribuintes cadastrados no programa.<\/strong><\/p>\n<p>O valor \u00e9 referente \u00e0s compras e doa\u00e7\u00f5es de cupons fiscais realizadas em setembro de 2023. Para as <strong>pessoas f\u00edsicas que solicitaram a inclus\u00e3o de CPF nas notas fiscais<\/strong>, o montante liberado \u00e9 de <strong>R$ 16,68 milh\u00f5es<\/strong>.<\/p>\n<p>J\u00e1 as <strong>entidades beneficentes<\/strong> que participam do programa <strong>ter\u00e3o um cr\u00e9dito de R$ 20,11 milh\u00f5es<\/strong> \u2013 os recursos poder\u00e3o ser usados para reformas, investimentos e outras melhorias na infraestrutura e programas dessas institui\u00e7\u00f5es.<\/p>\n<p>Os <strong>condom\u00ednios <\/strong>que participam do programa t\u00eam <strong>R$ 20,39 mil liberados<\/strong>, enquanto os contribuintes do <strong>Simples Nacional<\/strong> somaram <strong>R$ 488,62 mil<\/strong>.<\/p>\n<h4 class=\"wp-block-heading\"><strong>Como transferir o dinheiro?<\/strong><\/h4>\n<p>Para transferir os recursos para uma conta corrente ou poupan\u00e7a, basta utilizar o aplicativo oficial da <strong>Nota Fiscal Paulista<\/strong>. Ser\u00e1 necess\u00e1rio digitar o <strong>CPF\/CNPJ<\/strong>, <strong>senha cadastrada<\/strong> e solicitar a op\u00e7\u00e3o desejada.<\/p>\n<p>Quem preferir tamb\u00e9m pode utilizar a <a href=\"https:\/\/portal.fazenda.sp.gov.br\/servicos\/nfp\" target=\"_blank\" rel=\"noreferrer noopener\">p\u00e1gina na internet<\/a>. <mark style=\"background-color:#fcb900\" class=\"has-inline-color\">Nas duas op\u00e7\u00f5es, os valores ser\u00e3o creditados na conta indicada em <strong>at\u00e9 20 dias<\/strong>.<\/mark><\/p>\n<h4 class=\"wp-block-heading\"><strong>At\u00e9 quando a transfer\u00eancia deve ser realizada?<\/strong><\/h4>\n<p>Os cr\u00e9ditos da <strong>Nota Fiscal Paulista<\/strong> permanecem \u00e0 disposi\u00e7\u00e3o dos consumidores <strong>por um ano<\/strong> a contar da libera\u00e7\u00e3o e podem ser utilizados a qualquer momento dentro desse per\u00edodo.<\/p>\n<p>\u00c9 importante que os participantes fiquem atentos para o resgate, pois<strong> este m\u00eas expiram os valores liberados em setembro do ano passado<\/strong>, e assim sucessivamente. <strong>O valor m\u00ednimo para transfer\u00eancia \u00e9 de R$ 0,99.<\/strong><\/p>\n<p>SAIBA MAIS<\/p>\n<p>Prefeitura na regi\u00e3o de Ribeir\u00e3o tem concurso p\u00fablico com sal\u00e1rios de R$ 4 mil<\/p>\n<h4 class=\"wp-block-heading\"><strong><mark style=\"background-color:#fcb900\" class=\"has-inline-color\">FIQUE ON<\/mark><\/strong><\/h4>\n<p>Fique ligado em tudo que acontece em Ribeir\u00e3o Preto e regi\u00e3o. Siga os perfis do\u00a0<strong>acidade on\u00a0<\/strong>no\u00a0<a href=\"https:\/\/www.instagram.com\/acidadeonribeirao\" target=\"_blank\" rel=\"noreferrer noopener\">Instagram\u00a0<\/a>e no\u00a0<a href=\"https:\/\/www.facebook.com\/acidadeonribeirao\" target=\"_blank\" rel=\"noreferrer noopener\">Facebook.<\/a><\/p>\n<p>Receba not\u00edcias do\u00a0<strong>acidade on<\/strong>\u00a0no WhatsApp.\u00a0<a href=\"https:\/\/chat.whatsapp.com\/Bnv2w66ZT4VDyZW3oiZ69n\" target=\"_blank\" rel=\"noreferrer noopener\">Para entrar no grupo, basta clicar aqui.<\/a><\/p>\n<p>Fa\u00e7a uma den\u00fancia ou sugira uma reportagem sobre Ribeir\u00e3o Preto e regi\u00e3o pelo WhatsApp: 16 99117 7802.<\/p>\n<p>VEJA TAMB\u00c9M<\/p>\n<p>Sandu\u00edche de Romeu e Julieta da Ana Maria Braga: aprenda a fazer<\/p>\n<p><!-- AI CONTENT END 1 -->\n<\/div>\n<p><script async src=\"\/\/www.instagram.com\/embed.js\"><\/script><br \/>\n<br \/><br \/>\n<br \/><a href=\"https:\/\/www.acidadeon.com\/ribeiraopreto\/economia\/nota-fiscal-paulista-libera-mais-de-r-37-milhoes-em-creditos-veja-como-resgatar\/\">Source link <\/a><\/p>\n<!-- CONTENT END 1 -->\n","protected":false},"excerpt":{"rendered":"<p>Mais de R$ 37 milh\u00f5es em cr\u00e9ditos do programa da Nota Fiscal Paulista est\u00e3o dispon\u00edveis aos contribuintes cadastrados no programa. O valor \u00e9 referente \u00e0s&#8230;<\/p>\n","protected":false},"author":1,"featured_media":29242,"comment_status":"open","ping_status":"open","sticky":false,"template":"","format":"standard","meta":{"advanced_seo_description":"","jetpack_seo_html_title":"","jetpack_seo_noindex":false,"jetpack_post_was_ever_published":false,"_jetpack_newsletter_access":"","_jetpack_dont_email_post_to_subs":false,"_jetpack_newsletter_tier_id":0,"_jetpack_memberships_contains_paywalled_content":false,"_jetpack_memberships_contains_paid_content":false,"footnotes":"","jetpack_publicize_message":"","jetpack_publicize_feature_enabled":true,"jetpack_social_post_already_shared":true,"jetpack_social_options":{"image_generator_settings":{"template":"highway","default_image_id":0,"font":"","enabled":false},"version":2}},"categories":[11],"tags":[265,2524,1541,1948,276,262,1084,762,3649,48],"class_list":["post-29241","post","type-post","status-publish","format-standard","has-post-thumbnail","hentry","category-noticias-de-ribeirao-preto-sp-e-regiao-ismael-colosi","tag-como","tag-creditos","tag-fiscal","tag-libera","tag-mais","tag-milhoes","tag-nota","tag-paulista","tag-resgatar","tag-veja"],"jetpack_publicize_connections":[],"jetpack_featured_media_url":"https:\/\/i0.wp.com\/noticiasribeiraopreto.com.br\/wp-content\/uploads\/2024\/01\/WhatsApp-Image-2023-12-20-at-16.26.15.jpeg?fit=1551%2C914&ssl=1","jetpack-related-posts":[{"id":19111,"url":"https:\/\/noticiasribeiraopreto.com.br\/index.php\/2023\/12\/21\/sefaz-libera-mais-r-371-mi-em-creditos\/","url_meta":{"origin":29241,"position":0},"title":"Sefaz libera mais R$ 37,1 mi em cr\u00e9ditos\u00a0","author":"noticiasribeiraopreto.com.br","date":"21 de December de 2023","format":false,"excerpt":"21 de dezembro de 2023 | 18:0021 de dezembro de 2023 | 10:24 0Em dezembro, a Secretaria da Fazenda e Planejamento (Sefaz-SP) totaliza a distribui\u00e7\u00e3o de R$ 457,5 milh\u00f5es em cr\u00e9ditos do programa da Nota Fiscal Paulista aos consumidores cadastrados no programa. O montante foi conclu\u00eddo com a libera\u00e7\u00e3o de\u2026","rel":"","context":"In &quot;Not\u00edcias de Ribeir\u00e3o Preto-SP e Regi\u00e3o&quot;","block_context":{"text":"Not\u00edcias de Ribeir\u00e3o Preto-SP e Regi\u00e3o","link":"https:\/\/noticiasribeiraopreto.com.br\/index.php\/category\/noticias-de-ribeirao-preto-sp-e-regiao-ismael-colosi\/"},"img":{"alt_text":"","src":"https:\/\/i0.wp.com\/noticiasribeiraopreto.com.br\/wp-content\/uploads\/2023\/12\/3-NotaSP-Divulgacao-10-scaled.jpg?fit=967%2C645&ssl=1&resize=350%2C200","width":350,"height":200,"srcset":"https:\/\/i0.wp.com\/noticiasribeiraopreto.com.br\/wp-content\/uploads\/2023\/12\/3-NotaSP-Divulgacao-10-scaled.jpg?fit=967%2C645&ssl=1&resize=350%2C200 1x, https:\/\/i0.wp.com\/noticiasribeiraopreto.com.br\/wp-content\/uploads\/2023\/12\/3-NotaSP-Divulgacao-10-scaled.jpg?fit=967%2C645&ssl=1&resize=525%2C300 1.5x, https:\/\/i0.wp.com\/noticiasribeiraopreto.com.br\/wp-content\/uploads\/2023\/12\/3-NotaSP-Divulgacao-10-scaled.jpg?fit=967%2C645&ssl=1&resize=700%2C400 2x"},"classes":[]},{"id":17541,"url":"https:\/\/noticiasribeiraopreto.com.br\/index.php\/2023\/12\/18\/ultima-chance-de-resgatar-r-37-milhoes-em-creditos-2\/","url_meta":{"origin":29241,"position":1},"title":"\u00faltima chance de resgatar R$ 37 milh\u00f5es em cr\u00e9ditos","author":"noticiasribeiraopreto.com.br","date":"18 de December de 2023","format":false,"excerpt":"Consumidores cadastrados no programa Nota Fiscal Paulista t\u00eam at\u00e9 as 18h desta segunda-feira (18) para resgatar R$ 37,1 milh\u00f5es em cr\u00e9ditos referentes \u00e0s compras realizadas em agosto de 2023. O prazo para resgate \u00e9 curto devido ao encerramento anual das contas do Estado de S\u00e3o Paulo. O sistema da Secretaria\u2026","rel":"","context":"In &quot;Vagas de Emprego em Ribeir\u00e3o Preto-SP&quot;","block_context":{"text":"Vagas de Emprego em Ribeir\u00e3o Preto-SP","link":"https:\/\/noticiasribeiraopreto.com.br\/index.php\/category\/empregos-classificados-vagas-trabalho\/vagas-de-empregos-em-ribeirao-preto-regiao-brasil\/"},"img":{"alt_text":"","src":"https:\/\/i0.wp.com\/noticiasribeiraopreto.com.br\/wp-content\/uploads\/2023\/12\/1702927462_real_dinheiro_decimo_terceiro__foto_jc_concursos.jpg?fit=1200%2C675&ssl=1&resize=350%2C200","width":350,"height":200,"srcset":"https:\/\/i0.wp.com\/noticiasribeiraopreto.com.br\/wp-content\/uploads\/2023\/12\/1702927462_real_dinheiro_decimo_terceiro__foto_jc_concursos.jpg?fit=1200%2C675&ssl=1&resize=350%2C200 1x, https:\/\/i0.wp.com\/noticiasribeiraopreto.com.br\/wp-content\/uploads\/2023\/12\/1702927462_real_dinheiro_decimo_terceiro__foto_jc_concursos.jpg?fit=1200%2C675&ssl=1&resize=525%2C300 1.5x, https:\/\/i0.wp.com\/noticiasribeiraopreto.com.br\/wp-content\/uploads\/2023\/12\/1702927462_real_dinheiro_decimo_terceiro__foto_jc_concursos.jpg?fit=1200%2C675&ssl=1&resize=700%2C400 2x, https:\/\/i0.wp.com\/noticiasribeiraopreto.com.br\/wp-content\/uploads\/2023\/12\/1702927462_real_dinheiro_decimo_terceiro__foto_jc_concursos.jpg?fit=1200%2C675&ssl=1&resize=1050%2C600 3x"},"classes":[]},{"id":13576,"url":"https:\/\/noticiasribeiraopreto.com.br\/index.php\/2023\/12\/10\/concorra-em-dezembro-a-r-2-milhoes-colocando-cpf-na-nota\/","url_meta":{"origin":29241,"position":2},"title":"Concorra em dezembro a R$ 2 milh\u00f5es colocando CPF na Nota","author":"noticiasribeiraopreto.com.br","date":"10 de December de 2023","format":false,"excerpt":"Decerto que h\u00e1 v\u00e1rias as comodidades proporcionadas aos cidad\u00e3os que colocam CPF na nota. Por exemplo, o Nota Fiscal Paulista se destaca pela oportunidade que oferece dos consumidores participarem de sorteios mensais. Neste fim de ano, per\u00edodo festivo, com celebra\u00e7\u00f5es natalinas e de Ano-Novo, os pr\u00eamios se duplicar\u00e3o. Mas, para\u2026","rel":"","context":"In &quot;Vagas de Emprego em Ribeir\u00e3o Preto-SP&quot;","block_context":{"text":"Vagas de Emprego em Ribeir\u00e3o Preto-SP","link":"https:\/\/noticiasribeiraopreto.com.br\/index.php\/category\/empregos-classificados-vagas-trabalho\/vagas-de-empregos-em-ribeirao-preto-regiao-brasil\/"},"img":{"alt_text":"","src":"https:\/\/i0.wp.com\/noticiasribeiraopreto.com.br\/wp-content\/uploads\/2023\/12\/noticiasconcursos.com_.br-concorra-em-dezembro-a-r-2-milhoes-colocando-cpf-na-nota-saiba-como-a-45.jpg?fit=1200%2C800&ssl=1&resize=350%2C200","width":350,"height":200,"srcset":"https:\/\/i0.wp.com\/noticiasribeiraopreto.com.br\/wp-content\/uploads\/2023\/12\/noticiasconcursos.com_.br-concorra-em-dezembro-a-r-2-milhoes-colocando-cpf-na-nota-saiba-como-a-45.jpg?fit=1200%2C800&ssl=1&resize=350%2C200 1x, https:\/\/i0.wp.com\/noticiasribeiraopreto.com.br\/wp-content\/uploads\/2023\/12\/noticiasconcursos.com_.br-concorra-em-dezembro-a-r-2-milhoes-colocando-cpf-na-nota-saiba-como-a-45.jpg?fit=1200%2C800&ssl=1&resize=525%2C300 1.5x, https:\/\/i0.wp.com\/noticiasribeiraopreto.com.br\/wp-content\/uploads\/2023\/12\/noticiasconcursos.com_.br-concorra-em-dezembro-a-r-2-milhoes-colocando-cpf-na-nota-saiba-como-a-45.jpg?fit=1200%2C800&ssl=1&resize=700%2C400 2x, https:\/\/i0.wp.com\/noticiasribeiraopreto.com.br\/wp-content\/uploads\/2023\/12\/noticiasconcursos.com_.br-concorra-em-dezembro-a-r-2-milhoes-colocando-cpf-na-nota-saiba-como-a-45.jpg?fit=1200%2C800&ssl=1&resize=1050%2C600 3x"},"classes":[]},{"id":40261,"url":"https:\/\/noticiasribeiraopreto.com.br\/index.php\/2024\/03\/01\/sorteio-de-r-67-milhoes-da-nota-fiscal-paulista-veja-como-consultar-os-bilhetes\/","url_meta":{"origin":29241,"position":3},"title":"Sorteio de R$ 6,7 milh\u00f5es da Nota Fiscal Paulista: veja como consultar os bilhetes","author":"noticiasribeiraopreto.com.br","date":"1 de March de 2024","format":false,"excerpt":"O programa Nota Fiscal Paulista vai pagar R$ 6,7 milh\u00f5es em pr\u00eamios neste m\u00eas, aos consumidores e institui\u00e7\u00f5es beneficentes que inclu\u00edram o CPF ou CNPJ nas notas fiscais durante as compras feitas no com\u00e9rcio paulista em novembro do ano passado. A consulta dos bilhetes eletr\u00f4nicos para o sorteio deste m\u00eas\u2026","rel":"","context":"In &quot;Not\u00edcias de Ribeir\u00e3o Preto-SP e Regi\u00e3o&quot;","block_context":{"text":"Not\u00edcias de Ribeir\u00e3o Preto-SP e Regi\u00e3o","link":"https:\/\/noticiasribeiraopreto.com.br\/index.php\/category\/noticias-de-ribeirao-preto-sp-e-regiao-ismael-colosi\/"},"img":{"alt_text":"","src":"https:\/\/i0.wp.com\/noticiasribeiraopreto.com.br\/wp-content\/uploads\/2024\/03\/WhatsApp-Image-2023-12-20-at-16.26.15.jpeg?fit=1200%2C707&ssl=1&resize=350%2C200","width":350,"height":200,"srcset":"https:\/\/i0.wp.com\/noticiasribeiraopreto.com.br\/wp-content\/uploads\/2024\/03\/WhatsApp-Image-2023-12-20-at-16.26.15.jpeg?fit=1200%2C707&ssl=1&resize=350%2C200 1x, https:\/\/i0.wp.com\/noticiasribeiraopreto.com.br\/wp-content\/uploads\/2024\/03\/WhatsApp-Image-2023-12-20-at-16.26.15.jpeg?fit=1200%2C707&ssl=1&resize=525%2C300 1.5x, https:\/\/i0.wp.com\/noticiasribeiraopreto.com.br\/wp-content\/uploads\/2024\/03\/WhatsApp-Image-2023-12-20-at-16.26.15.jpeg?fit=1200%2C707&ssl=1&resize=700%2C400 2x, https:\/\/i0.wp.com\/noticiasribeiraopreto.com.br\/wp-content\/uploads\/2024\/03\/WhatsApp-Image-2023-12-20-at-16.26.15.jpeg?fit=1200%2C707&ssl=1&resize=1050%2C600 3x"},"classes":[]},{"id":52257,"url":"https:\/\/noticiasribeiraopreto.com.br\/index.php\/2024\/06\/05\/nota-fiscal-paulista-libera-bilhetes-para-sorteio-de-junho-veja-quem-participa\/","url_meta":{"origin":29241,"position":4},"title":"Nota Fiscal Paulista libera bilhetes para sorteio de junho; Veja quem participa","author":"noticiasribeiraopreto.com.br","date":"5 de June de 2024","format":false,"excerpt":"Os bilhetes para o sorteio do programa estadual Nota Fiscal Paulista, que ser\u00e3o sorteados neste m\u00eas de junho, foram disponibilizados para consulta, nesta quarta-feira (5). Os consumidores podem acessar o site da Sefaz-SP (Secretaria da Fazenda e Planejamento do Estado de S\u00e3o Paulo) para ver com quantos bilhetes est\u00e3o concorrendo.\u2026","rel":"","context":"In &quot;Not\u00edcias de Ribeir\u00e3o Preto-SP e Regi\u00e3o&quot;","block_context":{"text":"Not\u00edcias de Ribeir\u00e3o Preto-SP e Regi\u00e3o","link":"https:\/\/noticiasribeiraopreto.com.br\/index.php\/category\/noticias-de-ribeirao-preto-sp-e-regiao-ismael-colosi\/"},"img":{"alt_text":"","src":"https:\/\/i0.wp.com\/noticiasribeiraopreto.com.br\/wp-content\/uploads\/2024\/06\/WhatsApp-Image-2023-12-20-at-16.26.15.jpeg?fit=1200%2C707&ssl=1&resize=350%2C200","width":350,"height":200,"srcset":"https:\/\/i0.wp.com\/noticiasribeiraopreto.com.br\/wp-content\/uploads\/2024\/06\/WhatsApp-Image-2023-12-20-at-16.26.15.jpeg?fit=1200%2C707&ssl=1&resize=350%2C200 1x, https:\/\/i0.wp.com\/noticiasribeiraopreto.com.br\/wp-content\/uploads\/2024\/06\/WhatsApp-Image-2023-12-20-at-16.26.15.jpeg?fit=1200%2C707&ssl=1&resize=525%2C300 1.5x, https:\/\/i0.wp.com\/noticiasribeiraopreto.com.br\/wp-content\/uploads\/2024\/06\/WhatsApp-Image-2023-12-20-at-16.26.15.jpeg?fit=1200%2C707&ssl=1&resize=700%2C400 2x, https:\/\/i0.wp.com\/noticiasribeiraopreto.com.br\/wp-content\/uploads\/2024\/06\/WhatsApp-Image-2023-12-20-at-16.26.15.jpeg?fit=1200%2C707&ssl=1&resize=1050%2C600 3x"},"classes":[]},{"id":24997,"url":"https:\/\/noticiasribeiraopreto.com.br\/index.php\/2024\/01\/05\/o-primeiro-do-ano-nota-fiscal-paulista-realiza-sorteio-de-r-1-milhao-na-proxima-semana\/","url_meta":{"origin":29241,"position":5},"title":"O primeiro do ano: Nota Fiscal Paulista realiza sorteio de R$ 1 milh\u00e3o na pr\u00f3xima semana","author":"noticiasribeiraopreto.com.br","date":"5 de January de 2024","format":false,"excerpt":"Falta uma semana para acontecer o primeiro sorteio de 2024 da Nota Fiscal Paulista. De acordo com a Secretaria da Fazenda e Planejamento do Estado de S\u00e3o Paulo (Sefaz-SP), neste m\u00eas, 112.968.545 mil bilhetes eletr\u00f4nicos ir\u00e3o disputar os pr\u00eamios do programa. No m\u00eas passado, uma professora de Ribeir\u00e3o Preto foi\u2026","rel":"","context":"In &quot;Not\u00edcias de Ribeir\u00e3o Preto-SP e Regi\u00e3o&quot;","block_context":{"text":"Not\u00edcias de Ribeir\u00e3o Preto-SP e Regi\u00e3o","link":"https:\/\/noticiasribeiraopreto.com.br\/index.php\/category\/noticias-de-ribeirao-preto-sp-e-regiao-ismael-colosi\/"},"img":{"alt_text":"","src":"https:\/\/i0.wp.com\/noticiasribeiraopreto.com.br\/wp-content\/uploads\/2024\/01\/dinheiro_real_1024x576_28082021103253.jpg?fit=1024%2C576&ssl=1&resize=350%2C200","width":350,"height":200,"srcset":"https:\/\/i0.wp.com\/noticiasribeiraopreto.com.br\/wp-content\/uploads\/2024\/01\/dinheiro_real_1024x576_28082021103253.jpg?fit=1024%2C576&ssl=1&resize=350%2C200 1x, https:\/\/i0.wp.com\/noticiasribeiraopreto.com.br\/wp-content\/uploads\/2024\/01\/dinheiro_real_1024x576_28082021103253.jpg?fit=1024%2C576&ssl=1&resize=525%2C300 1.5x, https:\/\/i0.wp.com\/noticiasribeiraopreto.com.br\/wp-content\/uploads\/2024\/01\/dinheiro_real_1024x576_28082021103253.jpg?fit=1024%2C576&ssl=1&resize=700%2C400 2x"},"classes":[]}],"jetpack_sharing_enabled":true,"jetpack_shortlink":"https:\/\/wp.me\/peQAOb-7BD","_links":{"self":[{"href":"https:\/\/noticiasribeiraopreto.com.br\/index.php\/wp-json\/wp\/v2\/posts\/29241","targetHints":{"allow":["GET"]}}],"collection":[{"href":"https:\/\/noticiasribeiraopreto.com.br\/index.php\/wp-json\/wp\/v2\/posts"}],"about":[{"href":"https:\/\/noticiasribeiraopreto.com.br\/index.php\/wp-json\/wp\/v2\/types\/post"}],"author":[{"embeddable":true,"href":"https:\/\/noticiasribeiraopreto.com.br\/index.php\/wp-json\/wp\/v2\/users\/1"}],"replies":[{"embeddable":true,"href":"https:\/\/noticiasribeiraopreto.com.br\/index.php\/wp-json\/wp\/v2\/comments?post=29241"}],"version-history":[{"count":0,"href":"https:\/\/noticiasribeiraopreto.com.br\/index.php\/wp-json\/wp\/v2\/posts\/29241\/revisions"}],"wp:featuredmedia":[{"embeddable":true,"href":"https:\/\/noticiasribeiraopreto.com.br\/index.php\/wp-json\/wp\/v2\/media\/29242"}],"wp:attachment":[{"href":"https:\/\/noticiasribeiraopreto.com.br\/index.php\/wp-json\/wp\/v2\/media?parent=29241"}],"wp:term":[{"taxonomy":"category","embeddable":true,"href":"https:\/\/noticiasribeiraopreto.com.br\/index.php\/wp-json\/wp\/v2\/categories?post=29241"},{"taxonomy":"post_tag","embeddable":true,"href":"https:\/\/noticiasribeiraopreto.com.br\/index.php\/wp-json\/wp\/v2\/tags?post=29241"}],"curies":[{"name":"wp","href":"https:\/\/api.w.org\/{rel}","templated":true}]}}