{"id":29294,"date":"2024-01-17T23:06:26","date_gmt":"2024-01-18T02:06:26","guid":{"rendered":"https:\/\/noticiasribeiraopreto.com.br\/index.php\/2024\/01\/17\/botafogo-perde-para-o-flamengo-nos-ultimos-minutos-e-esta-fora-da-copinha\/"},"modified":"2024-01-17T23:06:26","modified_gmt":"2024-01-18T02:06:26","slug":"botafogo-perde-para-o-flamengo-nos-ultimos-minutos-e-esta-fora-da-copinha","status":"publish","type":"post","link":"https:\/\/noticiasribeiraopreto.com.br\/index.php\/2024\/01\/17\/botafogo-perde-para-o-flamengo-nos-ultimos-minutos-e-esta-fora-da-copinha\/","title":{"rendered":"Botafogo perde para o Flamengo nos \u00faltimos minutos e est\u00e1 fora da Copinha"},"content":{"rendered":"<div class='code-block code-block-1' style='margin: 8px 0 8px auto; text-align: right; display: block; clear: both;'>\n<p><a href=\"https:\/\/wa.link\/vpicfd\"><img data-recalc-dims=\"1\" class=\"wp-image-4922\" style=\"aspect-ratio: 2.0253164556962027; width: 561px; height: auto;\" src=\"https:\/\/i0.wp.com\/ismaelcolosi.com.br\/wp-content\/uploads\/2023\/11\/grupo-de-empregos-whatsapp-e-facebook-ismael-colosi-vagas.jpg?ssl=1\" alt=\"\" \/><\/a><\/p>\n<!-- \/wp:image -->\n<\/div>\n<p> <br \/>\n<\/p>\n<div data-td-block-uid=\"tdi_104\">\n<div class=\"tdb-block-inner td-fix-index\">\n<p>O <strong>Botafogo <\/strong>foi <strong>derrotado <\/strong>pelo <strong>Flamengo<\/strong> por 2 a 1, no fim da partida desta quarta-feira (17), no Est\u00e1dio Jos\u00e9 Liberatti, em Osasco, pelas <strong>oitavas de final<\/strong> da <strong>Copa S\u00e3o Paulo de Futebol J\u00fanior.<\/strong><\/p>\n<p>Daniel Rog\u00e9rio foi quem abriu o placar para o Rubro-Negro, aos 17 minutos do primeiro tempo, ap\u00f3s completar um cruzamento dentro da \u00e1rea.<\/p>\n<p>Aos 46 minutos, o atacante Thalles, recebeu na entrada da \u00e1rea, cortou para o meio e finalizou no cantinho, <strong>empatando o jogo para o Pantera.<\/strong><\/p>\n<p><strong>Apesar de todos os esfor\u00e7os, aos 51 minutos, Felipe Lima marcou o gol da vit\u00f3ria do advers\u00e1rio.<\/strong><\/p>\n<p>Com o resultado, <strong>o time de Ribeir\u00e3o Preto est\u00e1 fora das quartas de final da Copinha<\/strong>. Agora o Flamengo vai encarar o Aster, de Itaquaquecetuba, na sexta-feira (19).<\/p>\n<p>SAIBA MAIS<\/p>\n<p>Comercial perde para o Capivariano na estreia da S\u00e9rie A2 do Campeonato Paulista<\/p>\n<h4 class=\"wp-block-heading\"><strong><mark style=\"background-color:#fcb900\" class=\"has-inline-color\">FIQUE ON<\/mark><\/strong><\/h4>\n<p>Fique ligado em tudo que acontece em Ribeir\u00e3o Preto e regi\u00e3o. Siga os perfis do<strong>\u00a0acidade on\u00a0<\/strong>no\u00a0<a href=\"https:\/\/www.instagram.com\/acidadeonribeirao\" target=\"_blank\" rel=\"noreferrer noopener\">Instagram<\/a>\u00a0e no<a href=\"https:\/\/www.facebook.com\/acidadeonribeirao\" target=\"_blank\" rel=\"noreferrer noopener\">\u00a0Facebook.<\/a><\/p>\n<p>Receba not\u00edcias do<strong>\u00a0acidade on<\/strong>\u00a0no WhatsApp.<a href=\"https:\/\/chat.whatsapp.com\/Bnv2w66ZT4VDyZW3oiZ69n\" target=\"_blank\" rel=\"noreferrer noopener\">\u00a0Para entrar no grupo, basta clicar aqui.<\/a><\/p>\n<p>Fa\u00e7a uma den\u00fancia ou sugira uma reportagem sobre Ribeir\u00e3o Preto e regi\u00e3o pelo WhatsApp:\u00a0<strong>16 99117 7802.<\/strong><\/p>\n<p>VEJA TAMB\u00c9M<\/p>\n<p>Suzane von Richthofen vende sand\u00e1lia falsa de marca de luxo em sua loja<\/p>\n<p><!-- AI CONTENT END 1 -->\n<\/div>\n<\/div>\n<p><script async src=\"\/\/www.instagram.com\/embed.js\"><\/script><br \/>\n<br \/><br \/>\n<br \/><a href=\"https:\/\/www.acidadeon.com\/ribeiraopreto\/esportes\/botafogo-perde-para-o-flamengo-nos-ultimos-minutos-e-esta-fora-da-copinha\/\">Source link <\/a><\/p>\n<!-- CONTENT END 1 -->\n","protected":false},"excerpt":{"rendered":"<p>O Botafogo foi derrotado pelo Flamengo por 2 a 1, no fim da partida desta quarta-feira (17), no Est\u00e1dio Jos\u00e9 Liberatti, em Osasco, pelas oitavas&#8230;<\/p>\n","protected":false},"author":1,"featured_media":29295,"comment_status":"open","ping_status":"open","sticky":false,"template":"","format":"standard","meta":{"advanced_seo_description":"","jetpack_seo_html_title":"","jetpack_seo_noindex":false,"jetpack_post_was_ever_published":false,"_jetpack_newsletter_access":"","_jetpack_dont_email_post_to_subs":false,"_jetpack_newsletter_tier_id":0,"_jetpack_memberships_contains_paywalled_content":false,"_jetpack_memberships_contains_paid_content":false,"footnotes":"","jetpack_publicize_message":"","jetpack_publicize_feature_enabled":true,"jetpack_social_post_already_shared":true,"jetpack_social_options":{"image_generator_settings":{"template":"highway","default_image_id":0,"font":"","enabled":false},"version":2}},"categories":[11],"tags":[52,3003,656,3655,2190,3657,896,71,312,1295],"class_list":["post-29294","post","type-post","status-publish","format-standard","has-post-thumbnail","hentry","category-noticias-de-ribeirao-preto-sp-e-regiao-ismael-colosi","tag-botafogo","tag-copinha","tag-esta","tag-flamengo","tag-fora","tag-minutos","tag-nos","tag-para","tag-perde","tag-ultimos"],"jetpack_publicize_connections":[],"jetpack_featured_media_url":"https:\/\/i0.wp.com\/noticiasribeiraopreto.com.br\/wp-content\/uploads\/2024\/01\/Copia-de-Copia-de-TAMANHO-EXATO-PARA-FOTOS-NO-SISTEMA-NOVO-1.jpg?fit=1200%2C675&ssl=1","jetpack-related-posts":[{"id":29288,"url":"https:\/\/noticiasribeiraopreto.com.br\/index.php\/2024\/01\/17\/botafogo-sofre-gol-no-ultimo-lance-perde-para-o-flamengo-e-se-despede-da-copa-sp\/","url_meta":{"origin":29294,"position":0},"title":"Botafogo sofre gol no \u00faltimo lance, perde para o Flamengo e se despede da Copa SP","author":"noticiasribeiraopreto.com.br","date":"17 de January de 2024","format":false,"excerpt":"Pantera fez bom jogo diante dos cariocas, mas encerra sua participa\u00e7\u00e3o nas oitavas 17 de janeiro de 2024 | 22:09 0O Botafogo foi heroico, brigou at\u00e9 o final e por muito pouco n\u00e3o levou o jogo para os p\u00eanaltis. Por\u00e9m, diante de um Flamengo muito sortudo, o Pantera acabou derrotado\u2026","rel":"","context":"In &quot;Not\u00edcias de Ribeir\u00e3o Preto-SP e Regi\u00e3o&quot;","block_context":{"text":"Not\u00edcias de Ribeir\u00e3o Preto-SP e Regi\u00e3o","link":"https:\/\/noticiasribeiraopreto.com.br\/index.php\/category\/noticias-de-ribeirao-preto-sp-e-regiao-ismael-colosi\/"},"img":{"alt_text":"","src":"https:\/\/i0.wp.com\/noticiasribeiraopreto.com.br\/wp-content\/uploads\/2024\/01\/Botafogo-Copinha-3-scaled.jpg?fit=967%2C645&ssl=1&resize=350%2C200","width":350,"height":200,"srcset":"https:\/\/i0.wp.com\/noticiasribeiraopreto.com.br\/wp-content\/uploads\/2024\/01\/Botafogo-Copinha-3-scaled.jpg?fit=967%2C645&ssl=1&resize=350%2C200 1x, https:\/\/i0.wp.com\/noticiasribeiraopreto.com.br\/wp-content\/uploads\/2024\/01\/Botafogo-Copinha-3-scaled.jpg?fit=967%2C645&ssl=1&resize=525%2C300 1.5x, https:\/\/i0.wp.com\/noticiasribeiraopreto.com.br\/wp-content\/uploads\/2024\/01\/Botafogo-Copinha-3-scaled.jpg?fit=967%2C645&ssl=1&resize=700%2C400 2x"},"classes":[]},{"id":62378,"url":"https:\/\/noticiasribeiraopreto.com.br\/index.php\/2025\/01\/12\/botafogo-perde-para-o-atletico-mg-e-esta-eliminado-da-copinha\/","url_meta":{"origin":29294,"position":1},"title":"Botafogo perde para o Atl\u00e9tico-MG e est\u00e1 eliminado da Copinha","author":"noticiasribeiraopreto.com.br","date":"12 de January de 2025","format":false,"excerpt":"O Botafogo perdeu por 3 a 1 para o Atl\u00e9tico-MG e foi eliminado da Copa S\u00e3o Paulo de Futebol J\u00fanior. A partida foi realizada na noite deste domingo (12), no est\u00e1dio Lancha Filho, em Franca. O Atl\u00e9tico abriu o placar logo aos 3 minutos de partida com Gabriel Pfeifer. O\u2026","rel":"","context":"In &quot;Not\u00edcias de Ribeir\u00e3o Preto-SP e Regi\u00e3o&quot;","block_context":{"text":"Not\u00edcias de Ribeir\u00e3o Preto-SP e Regi\u00e3o","link":"https:\/\/noticiasribeiraopreto.com.br\/index.php\/category\/noticias-de-ribeirao-preto-sp-e-regiao-ismael-colosi\/"},"img":{"alt_text":"","src":"https:\/\/i0.wp.com\/noticiasribeiraopreto.com.br\/wp-content\/uploads\/2025\/01\/botafogo-atletico_2025-01-13_01-57-21_jpeg_2025-01-13_01-57-22.webp.webp?fit=1200%2C800&ssl=1&resize=350%2C200","width":350,"height":200,"srcset":"https:\/\/i0.wp.com\/noticiasribeiraopreto.com.br\/wp-content\/uploads\/2025\/01\/botafogo-atletico_2025-01-13_01-57-21_jpeg_2025-01-13_01-57-22.webp.webp?fit=1200%2C800&ssl=1&resize=350%2C200 1x, https:\/\/i0.wp.com\/noticiasribeiraopreto.com.br\/wp-content\/uploads\/2025\/01\/botafogo-atletico_2025-01-13_01-57-21_jpeg_2025-01-13_01-57-22.webp.webp?fit=1200%2C800&ssl=1&resize=525%2C300 1.5x, https:\/\/i0.wp.com\/noticiasribeiraopreto.com.br\/wp-content\/uploads\/2025\/01\/botafogo-atletico_2025-01-13_01-57-21_jpeg_2025-01-13_01-57-22.webp.webp?fit=1200%2C800&ssl=1&resize=700%2C400 2x, https:\/\/i0.wp.com\/noticiasribeiraopreto.com.br\/wp-content\/uploads\/2025\/01\/botafogo-atletico_2025-01-13_01-57-21_jpeg_2025-01-13_01-57-22.webp.webp?fit=1200%2C800&ssl=1&resize=1050%2C600 3x"},"classes":[]},{"id":26683,"url":"https:\/\/noticiasribeiraopreto.com.br\/index.php\/2024\/01\/10\/botafogo-goleia-e-garante-classificacao-na-copinha\/","url_meta":{"origin":29294,"position":2},"title":"Botafogo goleia e garante classifica\u00e7\u00e3o na Copinha","author":"noticiasribeiraopreto.com.br","date":"10 de January de 2024","format":false,"excerpt":"10 de janeiro de 2024 | 15:25 0Bota espera o t\u00e9rmino da rodada para conhecer o seu advers\u00e1rio na pr\u00f3xima fase.O Botafogo venceu o Fast Clube (AM) na tarde desta quarta-feira (10) e garantiu sua classifica\u00e7\u00e3o para a segunda fase da Copa S\u00e3o Paulo de Futebol J\u00fanior. O jogo aconteceu\u2026","rel":"","context":"In &quot;Not\u00edcias de Ribeir\u00e3o Preto-SP e Regi\u00e3o&quot;","block_context":{"text":"Not\u00edcias de Ribeir\u00e3o Preto-SP e Regi\u00e3o","link":"https:\/\/noticiasribeiraopreto.com.br\/index.php\/category\/noticias-de-ribeirao-preto-sp-e-regiao-ismael-colosi\/"},"img":{"alt_text":"","src":"https:\/\/i0.wp.com\/noticiasribeiraopreto.com.br\/wp-content\/uploads\/2024\/01\/bota2-scaled.jpeg?fit=968%2C645&ssl=1&resize=350%2C200","width":350,"height":200,"srcset":"https:\/\/i0.wp.com\/noticiasribeiraopreto.com.br\/wp-content\/uploads\/2024\/01\/bota2-scaled.jpeg?fit=968%2C645&ssl=1&resize=350%2C200 1x, https:\/\/i0.wp.com\/noticiasribeiraopreto.com.br\/wp-content\/uploads\/2024\/01\/bota2-scaled.jpeg?fit=968%2C645&ssl=1&resize=525%2C300 1.5x, https:\/\/i0.wp.com\/noticiasribeiraopreto.com.br\/wp-content\/uploads\/2024\/01\/bota2-scaled.jpeg?fit=968%2C645&ssl=1&resize=700%2C400 2x"},"classes":[]},{"id":28408,"url":"https:\/\/noticiasribeiraopreto.com.br\/index.php\/2024\/01\/15\/botafogo-esta-nas-oitavas-de-final-da-copinha\/","url_meta":{"origin":29294,"position":3},"title":"Botafogo est\u00e1 nas oitavas de final da Copinha","author":"noticiasribeiraopreto.com.br","date":"15 de January de 2024","format":false,"excerpt":"15 de janeiro de 2024 | 18:22 0O Botafogo est\u00e1 classificado para as oitavas de final da Copa S\u00e3o Paulo de Futebol J\u00fanior. Nesta segunda-feira (15), o Tricolor venceu o Sfera por 4 a 3, nos p\u00eanaltis, ap\u00f3s empate no tempo normal por 0 a 0, no Est\u00e1dio Amadeu Mosca,\u2026","rel":"","context":"In &quot;Not\u00edcias de Ribeir\u00e3o Preto-SP e Regi\u00e3o&quot;","block_context":{"text":"Not\u00edcias de Ribeir\u00e3o Preto-SP e Regi\u00e3o","link":"https:\/\/noticiasribeiraopreto.com.br\/index.php\/category\/noticias-de-ribeirao-preto-sp-e-regiao-ismael-colosi\/"},"img":{"alt_text":"","src":"https:\/\/i0.wp.com\/noticiasribeiraopreto.com.br\/wp-content\/uploads\/2024\/01\/60234e00-8d91-4e1a-b552-eada0c752f92.jpg?fit=960%2C539&ssl=1&resize=350%2C200","width":350,"height":200,"srcset":"https:\/\/i0.wp.com\/noticiasribeiraopreto.com.br\/wp-content\/uploads\/2024\/01\/60234e00-8d91-4e1a-b552-eada0c752f92.jpg?fit=960%2C539&ssl=1&resize=350%2C200 1x, https:\/\/i0.wp.com\/noticiasribeiraopreto.com.br\/wp-content\/uploads\/2024\/01\/60234e00-8d91-4e1a-b552-eada0c752f92.jpg?fit=960%2C539&ssl=1&resize=525%2C300 1.5x, https:\/\/i0.wp.com\/noticiasribeiraopreto.com.br\/wp-content\/uploads\/2024\/01\/60234e00-8d91-4e1a-b552-eada0c752f92.jpg?fit=960%2C539&ssl=1&resize=700%2C400 2x"},"classes":[]},{"id":77741,"url":"https:\/\/noticiasribeiraopreto.com.br\/index.php\/2025\/09\/24\/botafogo-perde-por-3-a-2-para-o-crb-e-segue-sem-vencer-ha-quatro-jogos\/","url_meta":{"origin":29294,"position":4},"title":"Botafogo perde por 3 a 2 para o CRB e segue sem vencer h\u00e1 quatro jogos","author":"noticiasribeiraopreto.com.br","date":"24 de September de 2025","format":false,"excerpt":"O Botafogo perdeu por 3 a 2 para o CRB na noite desta quarta-feira (24), no est\u00e1dio Rei Pel\u00e9, em Macei\u00f3, em partida v\u00e1lida pela 28\u00aa rodada da S\u00e9rie B do Campeonato Brasileiro. O zagueiro F\u00e1bio Alem\u00e3o abriu o placar para o CRB aos 19 minutos do primeiro tempo, e\u2026","rel":"","context":"In &quot;Not\u00edcias de Ribeir\u00e3o Preto-SP e Regi\u00e3o&quot;","block_context":{"text":"Not\u00edcias de Ribeir\u00e3o Preto-SP e Regi\u00e3o","link":"https:\/\/noticiasribeiraopreto.com.br\/index.php\/category\/noticias-de-ribeirao-preto-sp-e-regiao-ismael-colosi\/"},"img":{"alt_text":"","src":"https:\/\/i0.wp.com\/noticiasribeiraopreto.com.br\/wp-content\/uploads\/2025\/09\/WhatsApp-Image-2025-09-24-at-20.20.51_2025-09-25_00-06-04.webp.webp?fit=1200%2C800&ssl=1&resize=350%2C200","width":350,"height":200,"srcset":"https:\/\/i0.wp.com\/noticiasribeiraopreto.com.br\/wp-content\/uploads\/2025\/09\/WhatsApp-Image-2025-09-24-at-20.20.51_2025-09-25_00-06-04.webp.webp?fit=1200%2C800&ssl=1&resize=350%2C200 1x, https:\/\/i0.wp.com\/noticiasribeiraopreto.com.br\/wp-content\/uploads\/2025\/09\/WhatsApp-Image-2025-09-24-at-20.20.51_2025-09-25_00-06-04.webp.webp?fit=1200%2C800&ssl=1&resize=525%2C300 1.5x, https:\/\/i0.wp.com\/noticiasribeiraopreto.com.br\/wp-content\/uploads\/2025\/09\/WhatsApp-Image-2025-09-24-at-20.20.51_2025-09-25_00-06-04.webp.webp?fit=1200%2C800&ssl=1&resize=700%2C400 2x, https:\/\/i0.wp.com\/noticiasribeiraopreto.com.br\/wp-content\/uploads\/2025\/09\/WhatsApp-Image-2025-09-24-at-20.20.51_2025-09-25_00-06-04.webp.webp?fit=1200%2C800&ssl=1&resize=1050%2C600 3x"},"classes":[]},{"id":62116,"url":"https:\/\/noticiasribeiraopreto.com.br\/index.php\/2025\/01\/03\/botafogo-abre-tres-gols-de-vantagem-mas-leva-empate-na-estreia-da-copinha\/","url_meta":{"origin":29294,"position":5},"title":"Botafogo abre tr\u00eas gols de vantagem, mas leva empate na estreia da Copinha","author":"noticiasribeiraopreto.com.br","date":"3 de January de 2025","format":false,"excerpt":"O Botafogo abriu tr\u00eas gols de vantagem contra o Azuriz-PR na estreia da Copa S\u00e3o Paulo de Futebol J\u00fanior, disputada na tarde desta sexta-feira (3), mas o time de Ribeir\u00e3o Preto levou o empate no \u00faltimo minuto de jogo, que terminou em 3 a 3. A partida aconteceu na tarde\u2026","rel":"","context":"In &quot;Not\u00edcias de Ribeir\u00e3o Preto-SP e Regi\u00e3o&quot;","block_context":{"text":"Not\u00edcias de Ribeir\u00e3o Preto-SP e Regi\u00e3o","link":"https:\/\/noticiasribeiraopreto.com.br\/index.php\/category\/noticias-de-ribeirao-preto-sp-e-regiao-ismael-colosi\/"},"img":{"alt_text":"","src":"https:\/\/i0.wp.com\/noticiasribeiraopreto.com.br\/wp-content\/uploads\/2025\/01\/botafogo-azuriz_2025-01-03_20-30-09_jpeg_2025-01-03_20-30-09.webp.webp?fit=1200%2C800&ssl=1&resize=350%2C200","width":350,"height":200,"srcset":"https:\/\/i0.wp.com\/noticiasribeiraopreto.com.br\/wp-content\/uploads\/2025\/01\/botafogo-azuriz_2025-01-03_20-30-09_jpeg_2025-01-03_20-30-09.webp.webp?fit=1200%2C800&ssl=1&resize=350%2C200 1x, https:\/\/i0.wp.com\/noticiasribeiraopreto.com.br\/wp-content\/uploads\/2025\/01\/botafogo-azuriz_2025-01-03_20-30-09_jpeg_2025-01-03_20-30-09.webp.webp?fit=1200%2C800&ssl=1&resize=525%2C300 1.5x, https:\/\/i0.wp.com\/noticiasribeiraopreto.com.br\/wp-content\/uploads\/2025\/01\/botafogo-azuriz_2025-01-03_20-30-09_jpeg_2025-01-03_20-30-09.webp.webp?fit=1200%2C800&ssl=1&resize=700%2C400 2x, https:\/\/i0.wp.com\/noticiasribeiraopreto.com.br\/wp-content\/uploads\/2025\/01\/botafogo-azuriz_2025-01-03_20-30-09_jpeg_2025-01-03_20-30-09.webp.webp?fit=1200%2C800&ssl=1&resize=1050%2C600 3x"},"classes":[]}],"jetpack_sharing_enabled":true,"jetpack_shortlink":"https:\/\/wp.me\/peQAOb-7Cu","_links":{"self":[{"href":"https:\/\/noticiasribeiraopreto.com.br\/index.php\/wp-json\/wp\/v2\/posts\/29294","targetHints":{"allow":["GET"]}}],"collection":[{"href":"https:\/\/noticiasribeiraopreto.com.br\/index.php\/wp-json\/wp\/v2\/posts"}],"about":[{"href":"https:\/\/noticiasribeiraopreto.com.br\/index.php\/wp-json\/wp\/v2\/types\/post"}],"author":[{"embeddable":true,"href":"https:\/\/noticiasribeiraopreto.com.br\/index.php\/wp-json\/wp\/v2\/users\/1"}],"replies":[{"embeddable":true,"href":"https:\/\/noticiasribeiraopreto.com.br\/index.php\/wp-json\/wp\/v2\/comments?post=29294"}],"version-history":[{"count":0,"href":"https:\/\/noticiasribeiraopreto.com.br\/index.php\/wp-json\/wp\/v2\/posts\/29294\/revisions"}],"wp:featuredmedia":[{"embeddable":true,"href":"https:\/\/noticiasribeiraopreto.com.br\/index.php\/wp-json\/wp\/v2\/media\/29295"}],"wp:attachment":[{"href":"https:\/\/noticiasribeiraopreto.com.br\/index.php\/wp-json\/wp\/v2\/media?parent=29294"}],"wp:term":[{"taxonomy":"category","embeddable":true,"href":"https:\/\/noticiasribeiraopreto.com.br\/index.php\/wp-json\/wp\/v2\/categories?post=29294"},{"taxonomy":"post_tag","embeddable":true,"href":"https:\/\/noticiasribeiraopreto.com.br\/index.php\/wp-json\/wp\/v2\/tags?post=29294"}],"curies":[{"name":"wp","href":"https:\/\/api.w.org\/{rel}","templated":true}]}}