{"id":29312,"date":"2024-01-18T00:33:15","date_gmt":"2024-01-18T03:33:15","guid":{"rendered":"https:\/\/noticiasribeiraopreto.com.br\/index.php\/2024\/01\/18\/lista-de-famosos-que-nao-acreditam-em-deus-vai-te-deixar-abismado\/"},"modified":"2024-01-18T00:33:15","modified_gmt":"2024-01-18T03:33:15","slug":"lista-de-famosos-que-nao-acreditam-em-deus-vai-te-deixar-abismado","status":"publish","type":"post","link":"https:\/\/noticiasribeiraopreto.com.br\/index.php\/2024\/01\/18\/lista-de-famosos-que-nao-acreditam-em-deus-vai-te-deixar-abismado\/","title":{"rendered":"Lista de famosos que n\u00e3o acreditam em Deus vai te deixar abismado"},"content":{"rendered":"<div class='code-block code-block-1' style='margin: 8px 0 8px auto; text-align: right; display: block; clear: both;'>\n<p><a href=\"https:\/\/wa.link\/vpicfd\"><img data-recalc-dims=\"1\" class=\"wp-image-4922\" style=\"aspect-ratio: 2.0253164556962027; width: 561px; height: auto;\" src=\"https:\/\/i0.wp.com\/ismaelcolosi.com.br\/wp-content\/uploads\/2023\/11\/grupo-de-empregos-whatsapp-e-facebook-ismael-colosi-vagas.jpg?ssl=1\" alt=\"\" \/><\/a><\/p>\n<!-- \/wp:image -->\n<\/div>\n<p> <br \/>\n<\/p>\n<div itemprop=\"text\">\n<p>A f\u00e9 representa uma decis\u00e3o pessoal, e a liberdade religiosa \u00e9 um princ\u00edpio que merece respeito. No entanto, muitos ateus e agn\u00f3sticos, incluindo figuras p\u00fablicas, j\u00e1 abordaram a dificuldade que as pessoas enfrentam ao tentar compreender e aceitar aqueles que n\u00e3o adotam nenhuma cren\u00e7a religiosa.<\/p>\n<p>Manifestar a aus\u00eancia de f\u00e9 em Deus e assumir publicamente tal posi\u00e7\u00e3o geralmente provoca surpresa e, em alguns casos, discrimina\u00e7\u00e3o. No entanto, alguns famosos n\u00e3o hesitaram em compartilhar sua perspectiva de n\u00e3o acreditar na exist\u00eancia de um ser superior.<\/p>\n<h3>Alinne Moraes<\/h3>\n<p><img data-recalc-dims=\"1\" decoding=\"async\" title=\"Image: https:\/\/fnmais.com\/wp-content\/uploads\/2024\/01\/postiimg-65a891d18d4329935.jpg\" src=\"https:\/\/i0.wp.com\/fnmais.com\/wp-content\/uploads\/2024\/01\/postiimg-65a891d18d4329935.jpg?ssl=1\" alt=\"Alinne Moraes\"\/><\/p>\n<p>Durante a confer\u00eancia de imprensa para o lan\u00e7amento da s\u00e9rie \u2018Como Aproveitar o Fim do Mundo\u2019 em 2012, a atriz anunciou publicamente sua posi\u00e7\u00e3o como ateia.<\/p>\n<h3>Vera Holtz<\/h3>\n<p><img data-recalc-dims=\"1\" decoding=\"async\" title=\"Image: https:\/\/fnmais.com\/wp-content\/uploads\/2024\/01\/postiimg-65a891d2be6147419.jpg\" src=\"https:\/\/i0.wp.com\/fnmais.com\/wp-content\/uploads\/2024\/01\/postiimg-65a891d2be6147419.jpg?ssl=1\" alt=\"Vera Holtz\"\/><\/p>\n<p>Em uma entrevista concedida ao Extra em 2016, a atriz compartilhou detalhes de sua educa\u00e7\u00e3o cat\u00f3lica e revelou que j\u00e1 considerou seguir a vida religiosa como freira. No entanto, na atualidade, essa escolha n\u00e3o lhe \u00e9 mais poss\u00edvel.<\/p>\n<h3>Malu Mader<\/h3>\n<p><img data-recalc-dims=\"1\" decoding=\"async\" title=\"Image: https:\/\/fnmais.com\/wp-content\/uploads\/2024\/01\/postiimg-65a891d3afda51081.jpg\" src=\"https:\/\/i0.wp.com\/fnmais.com\/wp-content\/uploads\/2024\/01\/postiimg-65a891d3afda51081.jpg?ssl=1\" alt=\"Malu Mader\"\/><\/p>\n<p>H\u00e1 muitos anos, em 2002, a atriz admitiu que n\u00e3o acreditava em um Deus que est\u00e1 acima de todos e que tenha criado tudo.<\/p>\n<h3>Antonio Fagundes<\/h3>\n<p><img data-recalc-dims=\"1\" decoding=\"async\" title=\"Image: https:\/\/fnmais.com\/wp-content\/uploads\/2024\/01\/postiimg-65a891d47affb6474.jpg\" src=\"https:\/\/i0.wp.com\/fnmais.com\/wp-content\/uploads\/2024\/01\/postiimg-65a891d47affb6474.jpg?ssl=1\" alt=\"Antonio Fagundes em Deus Brasileiro 2003\"\/><\/p>\n<p>Em 2010, durante uma entrevista ao Extra, o ator compartilhou que havia lido a B\u00edblia \u201cumas cinco ou seis vezes\u201d, reconhecendo nela elementos muito intrigantes, mas ressaltou sua falta de cren\u00e7a em Deus. Ele afirmou ser agn\u00f3stico.<\/p>\n<h3>Andrea Beltr\u00e3o<\/h3>\n<p><img data-recalc-dims=\"1\" decoding=\"async\" title=\"Image: https:\/\/fnmais.com\/wp-content\/uploads\/2024\/01\/postiimg-65a891d57490d8975.jpg\" src=\"https:\/\/i0.wp.com\/fnmais.com\/wp-content\/uploads\/2024\/01\/postiimg-65a891d57490d8975.jpg?ssl=1\" alt=\"Andrea Beltro\"\/><\/p>\n<p>Afirmando sua convic\u00e7\u00e3o ate\u00edsta, a atriz compartilhou em uma entrevista \u00e0 revista Marie Claire que, mesmo nos momentos desafiadores, n\u00e3o se apegava \u00e0 ideia da exist\u00eancia de Deus. Naquela ocasi\u00e3o ela afirmou que n\u00e3o acredita em nada.<\/p>\n<h3>Camila Pitanga<\/h3>\n<p><img data-recalc-dims=\"1\" decoding=\"async\" title=\"Image: https:\/\/fnmais.com\/wp-content\/uploads\/2024\/01\/postiimg-65a891d6348673201.jpg\" src=\"https:\/\/i0.wp.com\/fnmais.com\/wp-content\/uploads\/2024\/01\/postiimg-65a891d6348673201.jpg?ssl=1\" alt=\"Camila Pitanga\"\/><\/p>\n<p>Em uma conversa com Xuxa Meneghel, no ano de 2010, a atriz confessou que n\u00e3o seguia nenhuma religi\u00e3o. Ela chegou a revelar que nunca havia frequentado uma igreja, contudo, n\u00e3o tinha nada contra a quem acredita em Deus.<\/p>\n<h3>Drauzio Varella<\/h3>\n<p><img data-recalc-dims=\"1\" decoding=\"async\" title=\"Image: https:\/\/fnmais.com\/wp-content\/uploads\/2024\/01\/postiimg-65a891d6ea5d83558.jpg\" src=\"https:\/\/i0.wp.com\/fnmais.com\/wp-content\/uploads\/2024\/01\/postiimg-65a891d6ea5d83558.jpg?ssl=1\" alt=\"Drauzio Varella\"\/><\/p>\n<p>Em sua p\u00e1gina online, o m\u00e9dico e apresentador redigiu um artigo abordando a quest\u00e3o da intoler\u00e2ncia religiosa, destacando que tamb\u00e9m merece respeito por n\u00e3o professar uma cren\u00e7a.<\/p>\n<h3>Lima Duarte<\/h3>\n<p><img data-recalc-dims=\"1\" decoding=\"async\" title=\"Image: https:\/\/fnmais.com\/wp-content\/uploads\/2024\/01\/postiimg-65a891d766a1e2952.jpg\" src=\"https:\/\/i0.wp.com\/fnmais.com\/wp-content\/uploads\/2024\/01\/postiimg-65a891d766a1e2952.jpg?ssl=1\" alt=\"Lima Duarte\"\/><\/p>\n<p>Em 2009, o renomado ator mencionou sua falta de cren\u00e7a em Deus, e afirmou ser ateu.<\/p>\n<h3>Caetano Veloso<\/h3>\n<p><img data-recalc-dims=\"1\" decoding=\"async\" title=\"Image: https:\/\/fnmais.com\/wp-content\/uploads\/2024\/01\/postiimg-65a891d8565f73737.jpg\" src=\"https:\/\/i0.wp.com\/fnmais.com\/wp-content\/uploads\/2024\/01\/postiimg-65a891d8565f73737.jpg?ssl=1\" alt=\"Caetano Veloso\"\/><\/p>\n<p>Em sua participa\u00e7\u00e3o no \u2018Doming\u00e3o do Faust\u00e3o\u2019, no ano de 2011, o renomado artista da MPB surpreendeu ao declarar sua condi\u00e7\u00e3o de ate\u00edsmo.<\/p>\n<h3>Greg\u00f3rio Duvivier<\/h3>\n<p><img data-recalc-dims=\"1\" decoding=\"async\" title=\"Image: https:\/\/fnmais.com\/wp-content\/uploads\/2024\/01\/postiimg-65a891d9585af1610.jpg\" src=\"https:\/\/i0.wp.com\/fnmais.com\/wp-content\/uploads\/2024\/01\/postiimg-65a891d9585af1610.jpg?ssl=1\" alt=\"Gregrio Duvivier\"\/><\/p>\n<p>O ator, escritor e comediante assume a posi\u00e7\u00e3o de ate\u00edsmo, afirmando que a sociedade brasileira enfrenta desafios ao aceitar ou compreender aqueles que n\u00e3o adotam uma religi\u00e3o.<\/p>\n<h3>F\u00e1bio Porchat<\/h3>\n<p><img data-recalc-dims=\"1\" decoding=\"async\" title=\"Image: https:\/\/fnmais.com\/wp-content\/uploads\/2024\/01\/postiimg-65a891da5f1633535.jpg\" src=\"https:\/\/i0.wp.com\/fnmais.com\/wp-content\/uploads\/2024\/01\/postiimg-65a891da5f1633535.jpg?ssl=1\" alt=\"Fbio Porchat\"\/><\/p>\n<p>Apesar de nutrir grande interesse por assuntos religiosos e apreciar a leitura das hist\u00f3rias b\u00edblicas, o ator, comediante e apresentador j\u00e1 manifestou: <i>\u201cSou ateu, at\u00e9 que me provem o contr\u00e1rio\u201d.<\/i><\/p>\n<h3>Lu\u00edsa Sonza<\/h3>\n<p><img data-recalc-dims=\"1\" decoding=\"async\" title=\"Image: https:\/\/fnmais.com\/wp-content\/uploads\/2024\/01\/postiimg-65a891db00b9e3694.jpg\" src=\"https:\/\/i0.wp.com\/fnmais.com\/wp-content\/uploads\/2024\/01\/postiimg-65a891db00b9e3694.jpg?ssl=1\" alt=\"Lusa Sonza\"\/><\/p>\n<p>Questionada sobre seu receio em rela\u00e7\u00e3o a esp\u00edritos, a cantora compartilhou em um podcast com Diogo Defante que j\u00e1 n\u00e3o mantinha mais sua cren\u00e7a em Deus e que por isso tamb\u00e9m n\u00e3o poderia crer em fantasmas.<\/p>\n<\/div>\n<p><br \/>\n<br \/><a href=\"https:\/\/fnmais.com\/lista-famosos-que-nao-acreditam-em-deus-vai-te-deixar-abismado\/\">Source link <\/a><\/p>\n<!-- CONTENT END 1 -->\n","protected":false},"excerpt":{"rendered":"<p>A f\u00e9 representa uma decis\u00e3o pessoal, e a liberdade religiosa \u00e9 um princ\u00edpio que merece respeito. No entanto, muitos ateus e agn\u00f3sticos, incluindo figuras p\u00fablicas,&#8230;<\/p>\n","protected":false},"author":1,"featured_media":29313,"comment_status":"open","ping_status":"open","sticky":false,"template":"","format":"standard","meta":{"advanced_seo_description":"","jetpack_seo_html_title":"","jetpack_seo_noindex":false,"jetpack_post_was_ever_published":false,"_jetpack_newsletter_access":"","_jetpack_dont_email_post_to_subs":false,"_jetpack_newsletter_tier_id":0,"_jetpack_memberships_contains_paywalled_content":false,"_jetpack_memberships_contains_paid_content":false,"footnotes":"","jetpack_publicize_message":"","jetpack_publicize_feature_enabled":true,"jetpack_social_post_already_shared":true,"jetpack_social_options":{"image_generator_settings":{"template":"highway","default_image_id":0,"font":"","enabled":false},"version":2}},"categories":[1],"tags":[],"class_list":["post-29312","post","type-post","status-publish","format-standard","has-post-thumbnail","hentry","category-blog"],"jetpack_publicize_connections":[],"jetpack_featured_media_url":"https:\/\/i0.wp.com\/noticiasribeiraopreto.com.br\/wp-content\/uploads\/2024\/01\/postimg-65a891dc1e5c44471.jpg?fit=1200%2C628&ssl=1","jetpack-related-posts":[{"id":49966,"url":"https:\/\/noticiasribeiraopreto.com.br\/index.php\/2024\/05\/14\/reportagem-especial-anitta-e-a-fe-no-candomble-uma-jornada-de-coragem-e-autenticidade\/","url_meta":{"origin":29312,"position":0},"title":"Reportagem Especial: Anitta e a F\u00e9 no Candombl\u00e9 &#8211; Uma Jornada de Coragem e Autenticidade","author":"noticiasribeiraopreto.com.br","date":"14 de May de 2024","format":false,"excerpt":"Reportagem Especial: Anitta e a F\u00e9 no Candombl\u00e9 \u2013 Uma Jornada de Coragem e AutenticidadeEm um mundo onde as redes sociais s\u00e3o um reflexo do sucesso e popularidade, a cantora Anitta tomou uma posi\u00e7\u00e3o corajosa que resultou em uma perda significativa de seguidores. Recentemente, Anitta compartilhou imagens de seu novo\u2026","rel":"","context":"In &quot;Not\u00edcias de Ribeir\u00e3o Preto-SP e Regi\u00e3o&quot;","block_context":{"text":"Not\u00edcias de Ribeir\u00e3o Preto-SP e Regi\u00e3o","link":"https:\/\/noticiasribeiraopreto.com.br\/index.php\/category\/noticias-de-ribeirao-preto-sp-e-regiao-ismael-colosi\/"},"img":{"alt_text":"","src":"https:\/\/i0.wp.com\/noticiasribeiraopreto.com.br\/wp-content\/uploads\/2024\/05\/GNdyS54W4AArMkX.jpeg?fit=1157%2C735&ssl=1&resize=350%2C200","width":350,"height":200,"srcset":"https:\/\/i0.wp.com\/noticiasribeiraopreto.com.br\/wp-content\/uploads\/2024\/05\/GNdyS54W4AArMkX.jpeg?fit=1157%2C735&ssl=1&resize=350%2C200 1x, https:\/\/i0.wp.com\/noticiasribeiraopreto.com.br\/wp-content\/uploads\/2024\/05\/GNdyS54W4AArMkX.jpeg?fit=1157%2C735&ssl=1&resize=525%2C300 1.5x, https:\/\/i0.wp.com\/noticiasribeiraopreto.com.br\/wp-content\/uploads\/2024\/05\/GNdyS54W4AArMkX.jpeg?fit=1157%2C735&ssl=1&resize=700%2C400 2x, https:\/\/i0.wp.com\/noticiasribeiraopreto.com.br\/wp-content\/uploads\/2024\/05\/GNdyS54W4AArMkX.jpeg?fit=1157%2C735&ssl=1&resize=1050%2C600 3x"},"classes":[]},{"id":31565,"url":"https:\/\/noticiasribeiraopreto.com.br\/index.php\/2024\/01\/22\/top-10-fatos-inusitados-sobre-as-testemunhas-de-jeova\/","url_meta":{"origin":29312,"position":1},"title":"Top 10 fatos inusitados sobre as Testemunhas de Jeov\u00e1","author":"noticiasribeiraopreto.com.br","date":"22 de January de 2024","format":false,"excerpt":"Mergulhar no universo das Testemunhas de Jeov\u00e1 \u00e9 como abrir um livro cheio de surpresas. Enquanto fazem parte do amplo espectro do cristianismo, elas se destacam com cren\u00e7as e pr\u00e1ticas que as separam de outras denomina\u00e7\u00f5es crist\u00e3s.Neste artigo, convidamos voc\u00ea para uma viagem explorat\u00f3ria atrav\u00e9s de dez fatos curiosos e\u2026","rel":"","context":"In &quot;Blog&quot;","block_context":{"text":"Blog","link":"https:\/\/noticiasribeiraopreto.com.br\/index.php\/category\/blog\/"},"img":{"alt_text":"","src":"https:\/\/i0.wp.com\/noticiasribeiraopreto.com.br\/wp-content\/uploads\/2024\/01\/Testemunhas-de-Jeova.jpg?fit=1200%2C800&ssl=1&resize=350%2C200","width":350,"height":200,"srcset":"https:\/\/i0.wp.com\/noticiasribeiraopreto.com.br\/wp-content\/uploads\/2024\/01\/Testemunhas-de-Jeova.jpg?fit=1200%2C800&ssl=1&resize=350%2C200 1x, https:\/\/i0.wp.com\/noticiasribeiraopreto.com.br\/wp-content\/uploads\/2024\/01\/Testemunhas-de-Jeova.jpg?fit=1200%2C800&ssl=1&resize=525%2C300 1.5x, https:\/\/i0.wp.com\/noticiasribeiraopreto.com.br\/wp-content\/uploads\/2024\/01\/Testemunhas-de-Jeova.jpg?fit=1200%2C800&ssl=1&resize=700%2C400 2x, https:\/\/i0.wp.com\/noticiasribeiraopreto.com.br\/wp-content\/uploads\/2024\/01\/Testemunhas-de-Jeova.jpg?fit=1200%2C800&ssl=1&resize=1050%2C600 3x"},"classes":[]},{"id":17654,"url":"https:\/\/noticiasribeiraopreto.com.br\/index.php\/2023\/12\/18\/vaticano-autoriza-bencaos-a-casais-do-mesmo-sexo-em-decisao-historica\/","url_meta":{"origin":29312,"position":2},"title":"Vaticano autoriza b\u00ean\u00e7\u00e3os a casais do mesmo sexo em decis\u00e3o hist\u00f3rica","author":"noticiasribeiraopreto.com.br","date":"18 de December de 2023","format":false,"excerpt":"Em uma reviravolta hist\u00f3rica, o Vaticano anunciou nesta segunda-feira (18) que padres cat\u00f3licos romanos est\u00e3o agora autorizados a conceder b\u00ean\u00e7\u00e3os a casais do mesmo sexo. A decis\u00e3o, que contraria a doutrina tradicional da Igreja Cat\u00f3lica que condena a uni\u00e3o homossexual, foi formalizada em um documento aprovado pelo papa Francisco. Conforme\u2026","rel":"","context":"In &quot;Vagas de Emprego em Ribeir\u00e3o Preto-SP&quot;","block_context":{"text":"Vagas de Emprego em Ribeir\u00e3o Preto-SP","link":"https:\/\/noticiasribeiraopreto.com.br\/index.php\/category\/empregos-classificados-vagas-trabalho\/vagas-de-empregos-em-ribeirao-preto-regiao-brasil\/"},"img":{"alt_text":"","src":"https:\/\/i0.wp.com\/noticiasribeiraopreto.com.br\/wp-content\/uploads\/2023\/12\/papa_francisco_e_a_comunidade_lgbt_-_foto_canvajc_concursos.jpg?fit=1200%2C675&ssl=1&resize=350%2C200","width":350,"height":200,"srcset":"https:\/\/i0.wp.com\/noticiasribeiraopreto.com.br\/wp-content\/uploads\/2023\/12\/papa_francisco_e_a_comunidade_lgbt_-_foto_canvajc_concursos.jpg?fit=1200%2C675&ssl=1&resize=350%2C200 1x, https:\/\/i0.wp.com\/noticiasribeiraopreto.com.br\/wp-content\/uploads\/2023\/12\/papa_francisco_e_a_comunidade_lgbt_-_foto_canvajc_concursos.jpg?fit=1200%2C675&ssl=1&resize=525%2C300 1.5x, https:\/\/i0.wp.com\/noticiasribeiraopreto.com.br\/wp-content\/uploads\/2023\/12\/papa_francisco_e_a_comunidade_lgbt_-_foto_canvajc_concursos.jpg?fit=1200%2C675&ssl=1&resize=700%2C400 2x, https:\/\/i0.wp.com\/noticiasribeiraopreto.com.br\/wp-content\/uploads\/2023\/12\/papa_francisco_e_a_comunidade_lgbt_-_foto_canvajc_concursos.jpg?fit=1200%2C675&ssl=1&resize=1050%2C600 3x"},"classes":[]},{"id":8044,"url":"https:\/\/noticiasribeiraopreto.com.br\/index.php\/2023\/11\/29\/nao-estou-em-um-relacionamento\/","url_meta":{"origin":29312,"position":3},"title":"&#8216;N\u00e3o estou em um relacionamento&#8217;","author":"noticiasribeiraopreto.com.br","date":"29 de November de 2023","format":false,"excerpt":"Parece que que algumas das separa\u00e7\u00f5es mais previstas foi confirmada. Alguns casais famosos j\u00e1 estavam dando sinais de que o relacionamento n\u00e3o ia bem e a confirma\u00e7\u00e3o veio.Bruna Biancardi usou as redes sociais para falar sobre o fim de seu relacionamento com o jogador de futebol Neymar Jr. Isso ap\u00f3s\u2026","rel":"","context":"In &quot;Blog&quot;","block_context":{"text":"Blog","link":"https:\/\/noticiasribeiraopreto.com.br\/index.php\/category\/blog\/"},"img":{"alt_text":"","src":"https:\/\/i0.wp.com\/noticiasribeiraopreto.com.br\/wp-content\/uploads\/2023\/11\/postimg-656738a7943009673.jpg?fit=1200%2C628&ssl=1&resize=350%2C200","width":350,"height":200,"srcset":"https:\/\/i0.wp.com\/noticiasribeiraopreto.com.br\/wp-content\/uploads\/2023\/11\/postimg-656738a7943009673.jpg?fit=1200%2C628&ssl=1&resize=350%2C200 1x, https:\/\/i0.wp.com\/noticiasribeiraopreto.com.br\/wp-content\/uploads\/2023\/11\/postimg-656738a7943009673.jpg?fit=1200%2C628&ssl=1&resize=525%2C300 1.5x, https:\/\/i0.wp.com\/noticiasribeiraopreto.com.br\/wp-content\/uploads\/2023\/11\/postimg-656738a7943009673.jpg?fit=1200%2C628&ssl=1&resize=700%2C400 2x, https:\/\/i0.wp.com\/noticiasribeiraopreto.com.br\/wp-content\/uploads\/2023\/11\/postimg-656738a7943009673.jpg?fit=1200%2C628&ssl=1&resize=1050%2C600 3x"},"classes":[]},{"id":16646,"url":"https:\/\/noticiasribeiraopreto.com.br\/index.php\/2023\/12\/16\/bolsa-familia-abono-natalino-e-confirmado-em-alguns-estados-confira\/","url_meta":{"origin":29312,"position":4},"title":"Bolsa Fam\u00edlia: Abono Natalino \u00e9 CONFIRMADO em alguns estados; confira","author":"noticiasribeiraopreto.com.br","date":"16 de December de 2023","format":false,"excerpt":"O B\u00f4nus Natalino do Bolsa Fam\u00edlia, uma iniciativa que tem atra\u00eddo a aten\u00e7\u00e3o de muitos, \u00e9, infelizmente, uma realidade apenas para moradores de alguns estados brasileiros. Apesar de n\u00e3o ser um benef\u00edcio universal, o pagamento desse b\u00f4nus tem ocorrido gra\u00e7as \u00e0 a\u00e7\u00e3o de alguns governos estaduais. Esta mat\u00e9ria do portal\u2026","rel":"","context":"In &quot;Vagas de Emprego em Ribeir\u00e3o Preto-SP&quot;","block_context":{"text":"Vagas de Emprego em Ribeir\u00e3o Preto-SP","link":"https:\/\/noticiasribeiraopreto.com.br\/index.php\/category\/empregos-classificados-vagas-trabalho\/vagas-de-empregos-em-ribeirao-preto-regiao-brasil\/"},"img":{"alt_text":"","src":"","width":0,"height":0},"classes":[]},{"id":31329,"url":"https:\/\/noticiasribeiraopreto.com.br\/index.php\/2024\/01\/21\/top-10-paises-mais-cristaos-do-mundo-mundo-top-10\/","url_meta":{"origin":29312,"position":5},"title":"Top 10 pa\u00edses mais crist\u00e3os do mundo \u2022 Mundo Top 10","author":"noticiasribeiraopreto.com.br","date":"21 de January de 2024","format":false,"excerpt":"O cristianismo tem aproximadamente 2,4 bilh\u00f5es de adeptos, representando assim um ter\u00e7o da popula\u00e7\u00e3o mundial. \u00c9 a maior religi\u00e3o do mundo sendo os tr\u00eas maiores grupos a Igreja Cat\u00f3lica, o Protestantismo e a Igreja Ortodoxa Oriental. Nessa lista top 10, divulgamos os pa\u00edses mais crist\u00e3os do mundo em n\u00famero de\u2026","rel":"","context":"In &quot;Blog&quot;","block_context":{"text":"Blog","link":"https:\/\/noticiasribeiraopreto.com.br\/index.php\/category\/blog\/"},"img":{"alt_text":"","src":"https:\/\/i0.wp.com\/noticiasribeiraopreto.com.br\/wp-content\/uploads\/2024\/01\/Paises-mais-cristaos-do-mundo.jpg?fit=1200%2C799&ssl=1&resize=350%2C200","width":350,"height":200,"srcset":"https:\/\/i0.wp.com\/noticiasribeiraopreto.com.br\/wp-content\/uploads\/2024\/01\/Paises-mais-cristaos-do-mundo.jpg?fit=1200%2C799&ssl=1&resize=350%2C200 1x, https:\/\/i0.wp.com\/noticiasribeiraopreto.com.br\/wp-content\/uploads\/2024\/01\/Paises-mais-cristaos-do-mundo.jpg?fit=1200%2C799&ssl=1&resize=525%2C300 1.5x, https:\/\/i0.wp.com\/noticiasribeiraopreto.com.br\/wp-content\/uploads\/2024\/01\/Paises-mais-cristaos-do-mundo.jpg?fit=1200%2C799&ssl=1&resize=700%2C400 2x, https:\/\/i0.wp.com\/noticiasribeiraopreto.com.br\/wp-content\/uploads\/2024\/01\/Paises-mais-cristaos-do-mundo.jpg?fit=1200%2C799&ssl=1&resize=1050%2C600 3x"},"classes":[]}],"jetpack_sharing_enabled":true,"jetpack_shortlink":"https:\/\/wp.me\/peQAOb-7CM","_links":{"self":[{"href":"https:\/\/noticiasribeiraopreto.com.br\/index.php\/wp-json\/wp\/v2\/posts\/29312","targetHints":{"allow":["GET"]}}],"collection":[{"href":"https:\/\/noticiasribeiraopreto.com.br\/index.php\/wp-json\/wp\/v2\/posts"}],"about":[{"href":"https:\/\/noticiasribeiraopreto.com.br\/index.php\/wp-json\/wp\/v2\/types\/post"}],"author":[{"embeddable":true,"href":"https:\/\/noticiasribeiraopreto.com.br\/index.php\/wp-json\/wp\/v2\/users\/1"}],"replies":[{"embeddable":true,"href":"https:\/\/noticiasribeiraopreto.com.br\/index.php\/wp-json\/wp\/v2\/comments?post=29312"}],"version-history":[{"count":0,"href":"https:\/\/noticiasribeiraopreto.com.br\/index.php\/wp-json\/wp\/v2\/posts\/29312\/revisions"}],"wp:featuredmedia":[{"embeddable":true,"href":"https:\/\/noticiasribeiraopreto.com.br\/index.php\/wp-json\/wp\/v2\/media\/29313"}],"wp:attachment":[{"href":"https:\/\/noticiasribeiraopreto.com.br\/index.php\/wp-json\/wp\/v2\/media?parent=29312"}],"wp:term":[{"taxonomy":"category","embeddable":true,"href":"https:\/\/noticiasribeiraopreto.com.br\/index.php\/wp-json\/wp\/v2\/categories?post=29312"},{"taxonomy":"post_tag","embeddable":true,"href":"https:\/\/noticiasribeiraopreto.com.br\/index.php\/wp-json\/wp\/v2\/tags?post=29312"}],"curies":[{"name":"wp","href":"https:\/\/api.w.org\/{rel}","templated":true}]}}