{"id":29324,"date":"2024-01-18T01:26:16","date_gmt":"2024-01-18T04:26:16","guid":{"rendered":"https:\/\/noticiasribeiraopreto.com.br\/index.php\/2024\/01\/18\/incendio-assusta-moradores-em-condominio-na-zona-sul\/"},"modified":"2024-01-18T01:26:16","modified_gmt":"2024-01-18T04:26:16","slug":"incendio-assusta-moradores-em-condominio-na-zona-sul","status":"publish","type":"post","link":"https:\/\/noticiasribeiraopreto.com.br\/index.php\/2024\/01\/18\/incendio-assusta-moradores-em-condominio-na-zona-sul\/","title":{"rendered":"Inc\u00eandio assusta moradores em condom\u00ednio na zona Sul"},"content":{"rendered":"<div class='code-block code-block-1' style='margin: 8px 0 8px auto; text-align: right; display: block; clear: both;'>\n<p><a href=\"https:\/\/wa.link\/vpicfd\"><img data-recalc-dims=\"1\" class=\"wp-image-4922\" style=\"aspect-ratio: 2.0253164556962027; width: 561px; height: auto;\" src=\"https:\/\/i0.wp.com\/ismaelcolosi.com.br\/wp-content\/uploads\/2023\/11\/grupo-de-empregos-whatsapp-e-facebook-ismael-colosi-vagas.jpg?ssl=1\" alt=\"\" \/><\/a><\/p>\n<!-- \/wp:image -->\n<\/div>\n<p> <br \/>\n<\/p>\n<div id=\"post-370661\">\n<header class=\"entry-header penci-entry-header penci-title-center\">\n<h2 class=\"penci-post-subtitle\">Suspeita \u00e9 que explos\u00e3o de botij\u00e3o de g\u00e1s possa ter causado as chamas, que chegaram a tr\u00eas metros de altura<\/h2>\n<p> <span class=\"entry-meta-item penci-posted-on\"><i class=\"fa fa-clock-o\"\/><time class=\"entry-date published updated\" datetime=\"2024-01-17T15:42:40-03:00\">17 de janeiro de 2024 | 15:42<\/time><\/span><\/p>\n<p> <span class=\"penci-social-buttons penci-social-share-footer\"><a href=\"#\" class=\"penci-post-like penci_post-meta_item  single-like-button penci-social-item like\" data-post_id=\"370661\" title=\"Like\" data-like=\"Like\" data-unlike=\"Unlike\"><i class=\"fa fa-thumbs-o-up\"\/><span class=\"penci-share-number\">2<\/span><\/a><i class=\"fa fa-facebook\"\/><a class=\"penci-social-item twitter\" target=\"_blank\" rel=\"noopener\" title=\"\" href=\"https:\/\/twitter.com\/intent\/tweet?text=Inc\u00eandio%20assusta%20moradores%20em%20condom\u00ednio%20na%20zona%20Sul%20-%20https:\/\/www.tribunaribeirao.com.br\/site\/incendio-assusta-moradores-em-condominio-na-zona-sul\/\"><i class=\"fa fa-twitter\"\/><\/a><i class=\"fa fa-whatsapp\"\/><\/span><\/header>\n<div class=\"penci-entry-content entry-content\">\n<p>Por: Alfredo Risk e Adalberto Luque<\/p>\n<p>Um inc\u00eandio atingiu o quintal e a cozinha de uma resid\u00eancia, em um condom\u00ednio pr\u00f3ximo ao Centro de Bonfim Paulista, na zona Sul de Ribeir\u00e3o Preto. O acidente ocorreu no final da manh\u00e3 desta quarta-feira (17).<\/p>\n<p>O Corpo de Bombeiros foi acionado pela seguran\u00e7a do condom\u00ednio Turmalina e pelo propriet\u00e1rio da resid\u00eancia. As chamas chegaram a atingir tr\u00eas metros de altura. Segundo o Tenente Rafael Vitor, do Corpo de Bombeiros, a suspeita \u00e9 que as chamas come\u00e7aram ap\u00f3s a explos\u00e3o de um botij\u00e3o de g\u00e1s do tipo GLP.<\/p>\n<figure id=\"attachment_370663\" aria-describedby=\"caption-attachment-370663\" style=\"width: 1000px\" class=\"wp-caption alignnone\"><noscript><img data-recalc-dims=\"1\" loading=\"lazy\" decoding=\"async\" class=\"size-full wp-image-370663\" src=\"https:\/\/i0.wp.com\/www.tribunaribeirao.com.br\/site\/wp-content\/uploads\/2024\/01\/00-17-jan-2024-incendio-bonfim-02-foto-alfredo-risk-scaled.jpg?resize=1000%2C563&#038;ssl=1\" alt=\"\" width=\"1000\" height=\"563\" srcset=\"https:\/\/www.tribunaribeirao.com.br\/site\/wp-content\/uploads\/2024\/01\/00-17-jan-2024-incendio-bonfim-02-foto-alfredo-risk-scaled.jpg 1000w, https:\/\/www.tribunaribeirao.com.br\/site\/wp-content\/uploads\/2024\/01\/00-17-jan-2024-incendio-bonfim-02-foto-alfredo-risk-300x169.jpg 300w, https:\/\/www.tribunaribeirao.com.br\/site\/wp-content\/uploads\/2024\/01\/00-17-jan-2024-incendio-bonfim-02-foto-alfredo-risk-1024x576.jpg 1024w, https:\/\/www.tribunaribeirao.com.br\/site\/wp-content\/uploads\/2024\/01\/00-17-jan-2024-incendio-bonfim-02-foto-alfredo-risk-768x432.jpg 768w, https:\/\/www.tribunaribeirao.com.br\/site\/wp-content\/uploads\/2024\/01\/00-17-jan-2024-incendio-bonfim-02-foto-alfredo-risk-1536x864.jpg 1536w, https:\/\/www.tribunaribeirao.com.br\/site\/wp-content\/uploads\/2024\/01\/00-17-jan-2024-incendio-bonfim-02-foto-alfredo-risk-960x540.jpg 960w, https:\/\/www.tribunaribeirao.com.br\/site\/wp-content\/uploads\/2024\/01\/00-17-jan-2024-incendio-bonfim-02-foto-alfredo-risk-711x400.jpg 711w, https:\/\/www.tribunaribeirao.com.br\/site\/wp-content\/uploads\/2024\/01\/00-17-jan-2024-incendio-bonfim-02-foto-alfredo-risk-585x329.jpg 585w\" sizes=\"auto, (max-width: 1000px) 100vw, 1000px\"\/><\/noscript><figcaption id=\"caption-attachment-370663\" class=\"wp-caption-text\">Suspeita \u00e9 que fogo come\u00e7ou ap\u00f3s explos\u00e3o de botij\u00e3o de g\u00e1s (Foto: Alfredo Risk\/Drone)<\/figcaption><\/figure>\n<p>Depois da explos\u00e3o, o quintal da casa e parte da cozinha foram tomados pelo fogo. Os bombeiros dominaram rapidamente a situa\u00e7\u00e3o e extinguiram as chamas, antes que o fogo se alastrasse para outros c\u00f4modos dentro da casa ou atingisse casas vizinhas. N\u00e3o houve feridos, apenas danos materiais. As causas ser\u00e3o investigadas, ap\u00f3s conclus\u00e3o do trabalho de per\u00edcia.<\/p>\n<\/div>\n<footer class=\"penci-entry-footer\"\/><\/div>\n<p><script async src=\"\/\/platform.twitter.com\/widgets.js\" charset=\"utf-8\"><\/script><br \/>\n<br \/><br \/>\n<br \/><a href=\"https:\/\/www.tribunaribeirao.com.br\/site\/incendio-assusta-moradores-em-condominio-na-zona-sul\/\">Source link <\/a><\/p>\n<!-- CONTENT END 1 -->\n","protected":false},"excerpt":{"rendered":"<p>Suspeita \u00e9 que explos\u00e3o de botij\u00e3o de g\u00e1s possa ter causado as chamas, que chegaram a tr\u00eas metros de altura 17 de janeiro de 2024&#8230;<\/p>\n","protected":false},"author":1,"featured_media":29325,"comment_status":"open","ping_status":"open","sticky":false,"template":"","format":"standard","meta":{"advanced_seo_description":"","jetpack_seo_html_title":"","jetpack_seo_noindex":false,"jetpack_post_was_ever_published":false,"_jetpack_newsletter_access":"","_jetpack_dont_email_post_to_subs":false,"_jetpack_newsletter_tier_id":0,"_jetpack_memberships_contains_paywalled_content":false,"_jetpack_memberships_contains_paid_content":false,"footnotes":"","jetpack_publicize_message":"","jetpack_publicize_feature_enabled":true,"jetpack_social_post_already_shared":true,"jetpack_social_options":{"image_generator_settings":{"template":"highway","default_image_id":0,"font":"","enabled":false},"version":2}},"categories":[11],"tags":[3062,2348,941,307,420,340],"class_list":["post-29324","post","type-post","status-publish","format-standard","has-post-thumbnail","hentry","category-noticias-de-ribeirao-preto-sp-e-regiao-ismael-colosi","tag-assusta","tag-condominio","tag-incendio","tag-moradores","tag-sul","tag-zona"],"jetpack_publicize_connections":[],"jetpack_featured_media_url":"https:\/\/i0.wp.com\/noticiasribeiraopreto.com.br\/wp-content\/uploads\/2024\/01\/00-17-jan-2024-incendio-bonfim-01-foto-alfredo-risk-scaled.jpg?fit=1000%2C563&ssl=1","jetpack-related-posts":[{"id":55506,"url":"https:\/\/noticiasribeiraopreto.com.br\/index.php\/2024\/08\/02\/incendio-na-regiao-de-ribeirao-preto-assusta-moradores-de-condominios-veja-o-video\/","url_meta":{"origin":29324,"position":0},"title":"Inc\u00eandio na regi\u00e3o de Ribeir\u00e3o Preto assusta moradores de condom\u00ednios; Veja o v\u00eddeo","author":"noticiasribeiraopreto.com.br","date":"2 de August de 2024","format":false,"excerpt":"Um inc\u00eandio em uma \u00e1rea de mata mobilizou a Defesa Civil e equipes de usinas nas imedia\u00e7\u00f5es, no in\u00edcio da tarde desta sexta-feira (2), no bairro Villa Borghese em Sert\u00e3ozinho, na regi\u00e3o de Ribeir\u00e3o Preto. Moradores de um condom\u00ednio pr\u00f3ximo ao local enviaram v\u00eddeos que mostram a fuma\u00e7a preta no\u2026","rel":"","context":"In &quot;Not\u00edcias de Ribeir\u00e3o Preto-SP e Regi\u00e3o&quot;","block_context":{"text":"Not\u00edcias de Ribeir\u00e3o Preto-SP e Regi\u00e3o","link":"https:\/\/noticiasribeiraopreto.com.br\/index.php\/category\/noticias-de-ribeirao-preto-sp-e-regiao-ismael-colosi\/"},"img":{"alt_text":"","src":"https:\/\/i0.wp.com\/noticiasribeiraopreto.com.br\/wp-content\/uploads\/2024\/08\/Copia-de-Copia-de-TAMANHO-EXATO-PARA-FOTOS-NO-SISTEMA-NOVO-22_2024-08-02_18-47-08_jpg_2024-08-02_18-47-08.webp.webp?fit=1200%2C675&ssl=1&resize=350%2C200","width":350,"height":200,"srcset":"https:\/\/i0.wp.com\/noticiasribeiraopreto.com.br\/wp-content\/uploads\/2024\/08\/Copia-de-Copia-de-TAMANHO-EXATO-PARA-FOTOS-NO-SISTEMA-NOVO-22_2024-08-02_18-47-08_jpg_2024-08-02_18-47-08.webp.webp?fit=1200%2C675&ssl=1&resize=350%2C200 1x, https:\/\/i0.wp.com\/noticiasribeiraopreto.com.br\/wp-content\/uploads\/2024\/08\/Copia-de-Copia-de-TAMANHO-EXATO-PARA-FOTOS-NO-SISTEMA-NOVO-22_2024-08-02_18-47-08_jpg_2024-08-02_18-47-08.webp.webp?fit=1200%2C675&ssl=1&resize=525%2C300 1.5x, https:\/\/i0.wp.com\/noticiasribeiraopreto.com.br\/wp-content\/uploads\/2024\/08\/Copia-de-Copia-de-TAMANHO-EXATO-PARA-FOTOS-NO-SISTEMA-NOVO-22_2024-08-02_18-47-08_jpg_2024-08-02_18-47-08.webp.webp?fit=1200%2C675&ssl=1&resize=700%2C400 2x, https:\/\/i0.wp.com\/noticiasribeiraopreto.com.br\/wp-content\/uploads\/2024\/08\/Copia-de-Copia-de-TAMANHO-EXATO-PARA-FOTOS-NO-SISTEMA-NOVO-22_2024-08-02_18-47-08_jpg_2024-08-02_18-47-08.webp.webp?fit=1200%2C675&ssl=1&resize=1050%2C600 3x"},"classes":[]},{"id":55600,"url":"https:\/\/noticiasribeiraopreto.com.br\/index.php\/2024\/08\/03\/fogo-atinge-area-de-mato-e-assusta-moradores-na-zona-sul-de-ribeirao-veja-video\/","url_meta":{"origin":29324,"position":1},"title":"Fogo atinge \u00e1rea de mato e assusta moradores na zona Sul de Ribeir\u00e3o; Veja v\u00eddeo","author":"noticiasribeiraopreto.com.br","date":"3 de August de 2024","format":false,"excerpt":"Um inc\u00eandio em uma \u00e1rea de mato causou muita fuma\u00e7a e assustou moradores na tarde deste s\u00e1bado (3), no Jardim Nova Alian\u00e7a, zona Sul de Ribeir\u00e3o Preto. Assista ao v\u00eddeo abaixo. O fogo tomou praticamente todo o terreno pela rua Romeu Engracia de Faria, pr\u00f3ximo de uma universidade particular. \u201cFico\u2026","rel":"","context":"In &quot;Not\u00edcias de Ribeir\u00e3o Preto-SP e Regi\u00e3o&quot;","block_context":{"text":"Not\u00edcias de Ribeir\u00e3o Preto-SP e Regi\u00e3o","link":"https:\/\/noticiasribeiraopreto.com.br\/index.php\/category\/noticias-de-ribeirao-preto-sp-e-regiao-ismael-colosi\/"},"img":{"alt_text":"","src":"https:\/\/i0.wp.com\/noticiasribeiraopreto.com.br\/wp-content\/uploads\/2024\/08\/WhatsApp-Image-2024-08-03-at-15.36.51_2024-08-03_18-49-29_jpeg_2024-08-03_18-49-29.webp.webp?fit=1200%2C958&ssl=1&resize=350%2C200","width":350,"height":200,"srcset":"https:\/\/i0.wp.com\/noticiasribeiraopreto.com.br\/wp-content\/uploads\/2024\/08\/WhatsApp-Image-2024-08-03-at-15.36.51_2024-08-03_18-49-29_jpeg_2024-08-03_18-49-29.webp.webp?fit=1200%2C958&ssl=1&resize=350%2C200 1x, https:\/\/i0.wp.com\/noticiasribeiraopreto.com.br\/wp-content\/uploads\/2024\/08\/WhatsApp-Image-2024-08-03-at-15.36.51_2024-08-03_18-49-29_jpeg_2024-08-03_18-49-29.webp.webp?fit=1200%2C958&ssl=1&resize=525%2C300 1.5x, https:\/\/i0.wp.com\/noticiasribeiraopreto.com.br\/wp-content\/uploads\/2024\/08\/WhatsApp-Image-2024-08-03-at-15.36.51_2024-08-03_18-49-29_jpeg_2024-08-03_18-49-29.webp.webp?fit=1200%2C958&ssl=1&resize=700%2C400 2x, https:\/\/i0.wp.com\/noticiasribeiraopreto.com.br\/wp-content\/uploads\/2024\/08\/WhatsApp-Image-2024-08-03-at-15.36.51_2024-08-03_18-49-29_jpeg_2024-08-03_18-49-29.webp.webp?fit=1200%2C958&ssl=1&resize=1050%2C600 3x"},"classes":[]},{"id":84954,"url":"https:\/\/noticiasribeiraopreto.com.br\/index.php\/2026\/04\/18\/incendio-em-area-proxima-a-reciclaveis-assusta-moradores-da-zona-norte-de-ribeirao-video\/","url_meta":{"origin":29324,"position":2},"title":"Inc\u00eandio em \u00e1rea pr\u00f3xima a recicl\u00e1veis assusta moradores da zona Norte de Ribeir\u00e3o; V\u00eddeo","author":"noticiasribeiraopreto.com.br","date":"18 de April de 2026","format":false,"excerpt":"Ler o resumo da not\u00edcia \r Inc\u00eandio de grandes propor\u00e7\u00f5es ocorreu em terreno pr\u00f3ximo a dep\u00f3sito de recicl\u00e1veis no Parque Industrial Tanquinho, zona Norte de Ribeir\u00e3o Preto, na noite de 17\/04, \u00e0s 23h.\r As chamas se espalharam em cerca de 20 minutos, atingindo a fia\u00e7\u00e3o de um poste e a\u2026","rel":"","context":"In &quot;Not\u00edcias de Ribeir\u00e3o Preto-SP e Regi\u00e3o&quot;","block_context":{"text":"Not\u00edcias de Ribeir\u00e3o Preto-SP e Regi\u00e3o","link":"https:\/\/noticiasribeiraopreto.com.br\/index.php\/category\/noticias-de-ribeirao-preto-sp-e-regiao-ismael-colosi\/"},"img":{"alt_text":"","src":"https:\/\/i0.wp.com\/noticiasribeiraopreto.com.br\/wp-content\/uploads\/2026\/04\/palace-1_2026-04-18_13-49-55.webp.webp?fit=1200%2C675&ssl=1&resize=350%2C200","width":350,"height":200,"srcset":"https:\/\/i0.wp.com\/noticiasribeiraopreto.com.br\/wp-content\/uploads\/2026\/04\/palace-1_2026-04-18_13-49-55.webp.webp?fit=1200%2C675&ssl=1&resize=350%2C200 1x, https:\/\/i0.wp.com\/noticiasribeiraopreto.com.br\/wp-content\/uploads\/2026\/04\/palace-1_2026-04-18_13-49-55.webp.webp?fit=1200%2C675&ssl=1&resize=525%2C300 1.5x, https:\/\/i0.wp.com\/noticiasribeiraopreto.com.br\/wp-content\/uploads\/2026\/04\/palace-1_2026-04-18_13-49-55.webp.webp?fit=1200%2C675&ssl=1&resize=700%2C400 2x, https:\/\/i0.wp.com\/noticiasribeiraopreto.com.br\/wp-content\/uploads\/2026\/04\/palace-1_2026-04-18_13-49-55.webp.webp?fit=1200%2C675&ssl=1&resize=1050%2C600 3x"},"classes":[]},{"id":57297,"url":"https:\/\/noticiasribeiraopreto.com.br\/index.php\/2024\/08\/28\/moradores-denunciam-dupla-em-moto-por-incendio-na-zona-sul-de-ribeirao-preto\/","url_meta":{"origin":29324,"position":3},"title":"Moradores denunciam dupla em moto por inc\u00eandio na zona Sul de Ribeir\u00e3o Preto","author":"noticiasribeiraopreto.com.br","date":"28 de August de 2024","format":false,"excerpt":"Uma \u00e1rea de mato perto de condom\u00ednios e ch\u00e1caras foi atingida por um inc\u00eandio na noite desta ter\u00e7a-feira (27), no Jardim Nova Alian\u00e7a Sul, zona Sul de Ribeir\u00e3o Preto. Moradores relataram \u00e0 PM (Pol\u00edcia Militar) terem visto duas pessoas em uma moto circulando local e que as chamas se inciaram\u2026","rel":"","context":"In &quot;Not\u00edcias de Ribeir\u00e3o Preto-SP e Regi\u00e3o&quot;","block_context":{"text":"Not\u00edcias de Ribeir\u00e3o Preto-SP e Regi\u00e3o","link":"https:\/\/noticiasribeiraopreto.com.br\/index.php\/category\/noticias-de-ribeirao-preto-sp-e-regiao-ismael-colosi\/"},"img":{"alt_text":"","src":"https:\/\/i0.wp.com\/noticiasribeiraopreto.com.br\/wp-content\/uploads\/2024\/08\/policia_qru_1024x576_05012021161940.jpg?fit=1024%2C576&ssl=1&resize=350%2C200","width":350,"height":200,"srcset":"https:\/\/i0.wp.com\/noticiasribeiraopreto.com.br\/wp-content\/uploads\/2024\/08\/policia_qru_1024x576_05012021161940.jpg?fit=1024%2C576&ssl=1&resize=350%2C200 1x, https:\/\/i0.wp.com\/noticiasribeiraopreto.com.br\/wp-content\/uploads\/2024\/08\/policia_qru_1024x576_05012021161940.jpg?fit=1024%2C576&ssl=1&resize=525%2C300 1.5x, https:\/\/i0.wp.com\/noticiasribeiraopreto.com.br\/wp-content\/uploads\/2024\/08\/policia_qru_1024x576_05012021161940.jpg?fit=1024%2C576&ssl=1&resize=700%2C400 2x"},"classes":[]},{"id":77382,"url":"https:\/\/noticiasribeiraopreto.com.br\/index.php\/2025\/09\/17\/incendio-destroi-carreta-e-assusta-moradores-no-interior-de-sp-veja-video\/","url_meta":{"origin":29324,"position":4},"title":"Inc\u00eandio destr\u00f3i carreta e assusta moradores no interior de SP; Veja v\u00eddeo","author":"noticiasribeiraopreto.com.br","date":"17 de September de 2025","format":false,"excerpt":"Uma carreta ficou completamente destru\u00edda ap\u00f3s pegar fogo na tarde desta quarta-feira (17), no bairro Recanto Elimar, em Franca, cidade a cerca de 90 quil\u00f4metros de Ribeir\u00e3o Preto \u2013 veja v\u00eddeo abaixo. Conforme apura\u00e7\u00e3o da EPTV, o ve\u00edculo seguia pela rua das Primaveras quando o motorista percebeu fuma\u00e7a saindo da\u2026","rel":"","context":"In &quot;Not\u00edcias de Ribeir\u00e3o Preto-SP e Regi\u00e3o&quot;","block_context":{"text":"Not\u00edcias de Ribeir\u00e3o Preto-SP e Regi\u00e3o","link":"https:\/\/noticiasribeiraopreto.com.br\/index.php\/category\/noticias-de-ribeirao-preto-sp-e-regiao-ismael-colosi\/"},"img":{"alt_text":"","src":"https:\/\/i0.wp.com\/noticiasribeiraopreto.com.br\/wp-content\/uploads\/2025\/09\/20250917_130925_2025-09-17_18-13-03.webp.webp?fit=1200%2C676&ssl=1&resize=350%2C200","width":350,"height":200,"srcset":"https:\/\/i0.wp.com\/noticiasribeiraopreto.com.br\/wp-content\/uploads\/2025\/09\/20250917_130925_2025-09-17_18-13-03.webp.webp?fit=1200%2C676&ssl=1&resize=350%2C200 1x, https:\/\/i0.wp.com\/noticiasribeiraopreto.com.br\/wp-content\/uploads\/2025\/09\/20250917_130925_2025-09-17_18-13-03.webp.webp?fit=1200%2C676&ssl=1&resize=525%2C300 1.5x, https:\/\/i0.wp.com\/noticiasribeiraopreto.com.br\/wp-content\/uploads\/2025\/09\/20250917_130925_2025-09-17_18-13-03.webp.webp?fit=1200%2C676&ssl=1&resize=700%2C400 2x, https:\/\/i0.wp.com\/noticiasribeiraopreto.com.br\/wp-content\/uploads\/2025\/09\/20250917_130925_2025-09-17_18-13-03.webp.webp?fit=1200%2C676&ssl=1&resize=1050%2C600 3x"},"classes":[]},{"id":72711,"url":"https:\/\/noticiasribeiraopreto.com.br\/index.php\/2025\/06\/20\/queimada-atinge-area-perto-de-casas-e-assusta-moradores-veja-video\/","url_meta":{"origin":29324,"position":5},"title":"Queimada atinge \u00e1rea perto de casas e assusta moradores; Veja v\u00eddeo","author":"noticiasribeiraopreto.com.br","date":"20 de June de 2025","format":false,"excerpt":"Um inc\u00eandio atingiu uma \u00e1rea de mata na noite desta quinta-feira (19), em S\u00e3o Joaquim da Barra, a 70 quil\u00f4metros de Ribeir\u00e3o Preto. Assista ao v\u00eddeo abaixo. Segundo informa\u00e7\u00f5es, as chamas se alastraram rapidamente e chegaram perto de casas. O local fica ao lado de uma antiga pedreira. O fogo\u2026","rel":"","context":"In &quot;Not\u00edcias de Ribeir\u00e3o Preto-SP e Regi\u00e3o&quot;","block_context":{"text":"Not\u00edcias de Ribeir\u00e3o Preto-SP e Regi\u00e3o","link":"https:\/\/noticiasribeiraopreto.com.br\/index.php\/category\/noticias-de-ribeirao-preto-sp-e-regiao-ismael-colosi\/"},"img":{"alt_text":"","src":"https:\/\/i0.wp.com\/noticiasribeiraopreto.com.br\/wp-content\/uploads\/2025\/06\/WhatsApp-Image-2025-06-20-at-07.05.55_2025-06-20_10-55-57.webp.webp?fit=1200%2C540&ssl=1&resize=350%2C200","width":350,"height":200,"srcset":"https:\/\/i0.wp.com\/noticiasribeiraopreto.com.br\/wp-content\/uploads\/2025\/06\/WhatsApp-Image-2025-06-20-at-07.05.55_2025-06-20_10-55-57.webp.webp?fit=1200%2C540&ssl=1&resize=350%2C200 1x, https:\/\/i0.wp.com\/noticiasribeiraopreto.com.br\/wp-content\/uploads\/2025\/06\/WhatsApp-Image-2025-06-20-at-07.05.55_2025-06-20_10-55-57.webp.webp?fit=1200%2C540&ssl=1&resize=525%2C300 1.5x, https:\/\/i0.wp.com\/noticiasribeiraopreto.com.br\/wp-content\/uploads\/2025\/06\/WhatsApp-Image-2025-06-20-at-07.05.55_2025-06-20_10-55-57.webp.webp?fit=1200%2C540&ssl=1&resize=700%2C400 2x, https:\/\/i0.wp.com\/noticiasribeiraopreto.com.br\/wp-content\/uploads\/2025\/06\/WhatsApp-Image-2025-06-20-at-07.05.55_2025-06-20_10-55-57.webp.webp?fit=1200%2C540&ssl=1&resize=1050%2C600 3x"},"classes":[]}],"jetpack_sharing_enabled":true,"jetpack_shortlink":"https:\/\/wp.me\/peQAOb-7CY","_links":{"self":[{"href":"https:\/\/noticiasribeiraopreto.com.br\/index.php\/wp-json\/wp\/v2\/posts\/29324","targetHints":{"allow":["GET"]}}],"collection":[{"href":"https:\/\/noticiasribeiraopreto.com.br\/index.php\/wp-json\/wp\/v2\/posts"}],"about":[{"href":"https:\/\/noticiasribeiraopreto.com.br\/index.php\/wp-json\/wp\/v2\/types\/post"}],"author":[{"embeddable":true,"href":"https:\/\/noticiasribeiraopreto.com.br\/index.php\/wp-json\/wp\/v2\/users\/1"}],"replies":[{"embeddable":true,"href":"https:\/\/noticiasribeiraopreto.com.br\/index.php\/wp-json\/wp\/v2\/comments?post=29324"}],"version-history":[{"count":0,"href":"https:\/\/noticiasribeiraopreto.com.br\/index.php\/wp-json\/wp\/v2\/posts\/29324\/revisions"}],"wp:featuredmedia":[{"embeddable":true,"href":"https:\/\/noticiasribeiraopreto.com.br\/index.php\/wp-json\/wp\/v2\/media\/29325"}],"wp:attachment":[{"href":"https:\/\/noticiasribeiraopreto.com.br\/index.php\/wp-json\/wp\/v2\/media?parent=29324"}],"wp:term":[{"taxonomy":"category","embeddable":true,"href":"https:\/\/noticiasribeiraopreto.com.br\/index.php\/wp-json\/wp\/v2\/categories?post=29324"},{"taxonomy":"post_tag","embeddable":true,"href":"https:\/\/noticiasribeiraopreto.com.br\/index.php\/wp-json\/wp\/v2\/tags?post=29324"}],"curies":[{"name":"wp","href":"https:\/\/api.w.org\/{rel}","templated":true}]}}