{"id":29356,"date":"2024-01-18T03:42:25","date_gmt":"2024-01-18T06:42:25","guid":{"rendered":"https:\/\/noticiasribeiraopreto.com.br\/index.php\/2024\/01\/18\/ribeirao-preto-tem-quermesse-neste-final-de-semana-veja-onde-acontece-a-festa-1\/"},"modified":"2024-01-18T03:42:25","modified_gmt":"2024-01-18T06:42:25","slug":"ribeirao-preto-tem-quermesse-neste-final-de-semana-veja-onde-acontece-a-festa-1","status":"publish","type":"post","link":"https:\/\/noticiasribeiraopreto.com.br\/index.php\/2024\/01\/18\/ribeirao-preto-tem-quermesse-neste-final-de-semana-veja-onde-acontece-a-festa-1\/","title":{"rendered":"Ribeir\u00e3o Preto tem quermesse neste final de semana; Veja onde acontece a festa"},"content":{"rendered":"<div class='code-block code-block-1' style='margin: 8px 0 8px auto; text-align: right; display: block; clear: both;'>\n<p><a href=\"https:\/\/wa.link\/vpicfd\"><img data-recalc-dims=\"1\" class=\"wp-image-4922\" style=\"aspect-ratio: 2.0253164556962027; width: 561px; height: auto;\" src=\"https:\/\/i0.wp.com\/ismaelcolosi.com.br\/wp-content\/uploads\/2023\/11\/grupo-de-empregos-whatsapp-e-facebook-ismael-colosi-vagas.jpg?ssl=1\" alt=\"\" \/><\/a><\/p>\n<!-- \/wp:image -->\n<\/div>\n<p> <br \/>\n<\/p>\n<div>\n<p>Em celebra\u00e7\u00e3o ao <strong>Dia de S\u00e3o Sebasti\u00e3o<\/strong>, comemorado neste s\u00e1bado (20), a <strong>Par\u00f3quia Cristo Oper\u00e1rio e S\u00e3o Judas Tadeu<\/strong> realiza, neste final de semana, a <strong>Grande Quermesse<\/strong>.<\/p>\n<p>A festan\u00e7a acontece na <strong>Par\u00f3quia da Comunidade<\/strong>, na rua Heron Domingues, 834, no <strong>Parque S\u00e3o Sebasti\u00e3o<\/strong>, na zona Leste de <strong>Ribeir\u00e3o Preto<\/strong>.<\/p>\n<p>A programa\u00e7\u00e3o da festa conta com <strong>bingo<\/strong>, <strong>card\u00e1pio com comidas t\u00edpicas<\/strong> e <strong>brincadeiras <\/strong><em>(veja abaixo)<\/em>. Tamb\u00e9m ser\u00e3o sorteados pr\u00eamios de <strong>R$ 3 mil<\/strong>, <strong>R$ 1,5 mil<\/strong> e <strong>R$ 500<\/strong> \u2013 os sorteios ocorrem no domingo, \u00e0s 22h30.<\/p>\n<p>Para concorrer os interessados devem adquirir, por R$ 10 reais, dois n\u00fameros para o sorteio, atrav\u00e9s do <strong>WhatsApp (16) 99604-1968<\/strong> ou na <strong>secret\u00e1ria da par\u00f3quia<\/strong>. Confira o hor\u00e1rio de funcionamento: <\/p>\n<ul>\n<li>Ter\u00e7a e quarta-feira \u2013 das 8h \u00e0s 14h30<\/li>\n<\/ul>\n<ul>\n<li>Quinta e sexta-feira \u2013 das 13h \u00e0s 19h30<\/li>\n<\/ul>\n<ul>\n<li>S\u00e1bados \u2013 das 8h \u00e0s 12h30<\/li>\n<\/ul>\n<h4 class=\"wp-block-heading\"><strong>Confira o card\u00e1pio de comida e brincadeiras dispon\u00edveis<\/strong><\/h4>\n<ul>\n<li>Bebidas (\u00e1gua, refrigerante, cerveja, suco)<\/li>\n<\/ul>\n<ul>\n<li>Doces (bolo em peda\u00e7o, brigadeiro, beijinho, ma\u00e7\u00e3 do amor, espeto de morango e sorvetes)<\/li>\n<\/ul>\n<p><mark style=\"background-color:rgba(0, 0, 0, 0)\" class=\"has-inline-color has-luminous-vivid-orange-color\"><strong>Brincadeiras<\/strong><\/mark><\/p>\n<p><strong>Mais informa\u00e7\u00f5es podem ser obtidas atrav\u00e9s das redes sociais ou pelos telefones: (16) 3629-2308 e (16) 99604-1968.<\/strong><\/p>\n<h4 class=\"wp-block-heading\"><strong>SERVI\u00c7O<\/strong><\/h4>\n<p><em>Grandiosa Quermesse\u2019<\/em><\/p>\n<p>Quando: dias 20 e 21 de janeiro (s\u00e1bado e  domingo)<\/p>\n<p>Hor\u00e1rio: a partir das 19h<\/p>\n<p>Local: rua Heron Domingues, 834, Parque S\u00e3o Sebasti\u00e3o<\/p>\n<p>SAIBA MAIS<\/p>\n<p>Teatro Municipal de Ribeir\u00e3o recebe musical \u2018O Casamento da Dona Baratinha\u2019<\/p>\n<h4 class=\"wp-block-heading\"><strong><mark style=\"background-color:#fcb900\" class=\"has-inline-color\">FIQUE ON<\/mark><\/strong><\/h4>\n<p>Fique ligado em tudo que acontece em Ribeir\u00e3o Preto e regi\u00e3o. Siga os perfis do acidade on no\u00a0<a href=\"https:\/\/www.instagram.com\/acidadeonribeirao\/?igsh=MTUzeTBnamJyM2g0dw%3D%3D\" target=\"_blank\" rel=\"noreferrer noopener\">Instagram<\/a>\u00a0e no\u00a0<a href=\"https:\/\/www.facebook.com\/acidadeonribeirao\" target=\"_blank\" rel=\"noreferrer noopener\">Facebook.<\/a><\/p>\n<p>Receba not\u00edcias do acidade on no WhatsApp. Para entrar no grupo, basta\u00a0<a href=\"https:\/\/chat.whatsapp.com\/Bnv2w66ZT4VDyZW3oiZ69n\" target=\"_blank\" rel=\"noreferrer noopener\">clicar aqui<\/a>.<\/p>\n<p>Fa\u00e7a uma den\u00fancia ou sugira uma reportagem sobre Ribeir\u00e3o Preto e regi\u00e3o pelo WhatsApp: 16\u00a0 99117 7802.<\/p>\n<p>VEJA TAMB\u00c9M<\/p>\n<p>Qual \u00e9 o valor atual do pr\u00eamio do BBB 24? Quantia \u00e9 revelada em novo quadro<\/p>\n<p><!-- AI CONTENT END 1 -->\n<\/div>\n<p><script async src=\"\/\/www.instagram.com\/embed.js\"><\/script><br \/>\n<br \/><br \/>\n<br \/><a href=\"https:\/\/www.acidadeon.com\/ribeiraopreto\/lazer-e-cultura\/ribeirao-preto-tem-quermesse-neste-final-de-semana-veja-onde-acontece-a-festa-1\/\">Source link <\/a><\/p>\n<!-- CONTENT END 1 -->\n","protected":false},"excerpt":{"rendered":"<p>Em celebra\u00e7\u00e3o ao Dia de S\u00e3o Sebasti\u00e3o, comemorado neste s\u00e1bado (20), a Par\u00f3quia Cristo Oper\u00e1rio e S\u00e3o Judas Tadeu realiza, neste final de semana, a&#8230;<\/p>\n","protected":false},"author":1,"featured_media":29357,"comment_status":"open","ping_status":"open","sticky":false,"template":"","format":"standard","meta":{"advanced_seo_description":"","jetpack_seo_html_title":"","jetpack_seo_noindex":false,"jetpack_post_was_ever_published":false,"_jetpack_newsletter_access":"","_jetpack_dont_email_post_to_subs":false,"_jetpack_newsletter_tier_id":0,"_jetpack_memberships_contains_paywalled_content":false,"_jetpack_memberships_contains_paid_content":false,"footnotes":"","jetpack_publicize_message":"","jetpack_publicize_feature_enabled":true,"jetpack_social_post_already_shared":true,"jetpack_social_options":{"image_generator_settings":{"template":"highway","default_image_id":0,"font":"","enabled":false},"version":2}},"categories":[11],"tags":[124,2017,672,263,1798,27,3225,26,126,162,48],"class_list":["post-29356","post","type-post","status-publish","format-standard","has-post-thumbnail","hentry","category-noticias-de-ribeirao-preto-sp-e-regiao-ismael-colosi","tag-acontece","tag-festa","tag-final","tag-neste","tag-onde","tag-preto","tag-quermesse","tag-ribeirao","tag-semana","tag-tem","tag-veja"],"jetpack_publicize_connections":[],"jetpack_featured_media_url":"https:\/\/i0.wp.com\/noticiasribeiraopreto.com.br\/wp-content\/uploads\/2024\/01\/WhatsApp-Image-2024-01-17-at-15.35.44.jpeg?fit=828%2C629&ssl=1","jetpack-related-posts":[{"id":25851,"url":"https:\/\/noticiasribeiraopreto.com.br\/index.php\/2024\/01\/08\/quermesse-em-homenagem-ao-dia-de-sao-sebastiao-acontece-em-ribeirao-veja-as-datas\/","url_meta":{"origin":29356,"position":0},"title":"Quermesse em homenagem ao Dia de S\u00e3o Sebasti\u00e3o acontece em Ribeir\u00e3o; Veja as datas","author":"noticiasribeiraopreto.com.br","date":"8 de January de 2024","format":false,"excerpt":"A Par\u00f3quia Cristo Oper\u00e1rio e S\u00e3o Judas Tadeu realiza neste m\u00eas, a Grandiosa Quermesse, em homenagem ao Dia de S\u00e3o Sebasti\u00e3o, padroeiro de Ribeir\u00e3o Preto, celebrado no dia 20 de janeiro. O evento vai acontecer nos dias 13, 14, 20 e 21, a partir das 19h, na Igreja S\u00e3o Sebasti\u00e3o,\u2026","rel":"","context":"In &quot;Not\u00edcias de Ribeir\u00e3o Preto-SP e Regi\u00e3o&quot;","block_context":{"text":"Not\u00edcias de Ribeir\u00e3o Preto-SP e Regi\u00e3o","link":"https:\/\/noticiasribeiraopreto.com.br\/index.php\/category\/noticias-de-ribeirao-preto-sp-e-regiao-ismael-colosi\/"},"img":{"alt_text":"","src":"https:\/\/i0.wp.com\/noticiasribeiraopreto.com.br\/wp-content\/uploads\/2024\/01\/sao_sebastiao_1024x576_20012021134912.jpg?fit=1024%2C576&ssl=1&resize=350%2C200","width":350,"height":200,"srcset":"https:\/\/i0.wp.com\/noticiasribeiraopreto.com.br\/wp-content\/uploads\/2024\/01\/sao_sebastiao_1024x576_20012021134912.jpg?fit=1024%2C576&ssl=1&resize=350%2C200 1x, https:\/\/i0.wp.com\/noticiasribeiraopreto.com.br\/wp-content\/uploads\/2024\/01\/sao_sebastiao_1024x576_20012021134912.jpg?fit=1024%2C576&ssl=1&resize=525%2C300 1.5x, https:\/\/i0.wp.com\/noticiasribeiraopreto.com.br\/wp-content\/uploads\/2024\/01\/sao_sebastiao_1024x576_20012021134912.jpg?fit=1024%2C576&ssl=1&resize=700%2C400 2x"},"classes":[]},{"id":48888,"url":"https:\/\/noticiasribeiraopreto.com.br\/index.php\/2024\/05\/07\/paroquia-de-ribeirao-tem-quermesse-com-comidas-tipicas-e-brincadeiras-veja-quando\/","url_meta":{"origin":29356,"position":1},"title":"Par\u00f3quia de Ribeir\u00e3o tem quermesse com comidas t\u00edpicas e brincadeiras; Veja quando","author":"noticiasribeiraopreto.com.br","date":"7 de May de 2024","format":false,"excerpt":"A Par\u00f3quia S\u00e3o Judas Tadeu, no Parque das Andorinhas, na zona Oeste de Ribeir\u00e3o Preto, realiza quermesse nos dias 10, 11 e 12 de maio. A festa vai contar com barriquinhas de comidas t\u00edpicas e brincadeiras. A quermesse acontece na par\u00f3quia, que fica na avenida Lu\u00eds Galv\u00e3o C\u00e9sar, 1355. Nos\u2026","rel":"","context":"In &quot;Not\u00edcias de Ribeir\u00e3o Preto-SP e Regi\u00e3o&quot;","block_context":{"text":"Not\u00edcias de Ribeir\u00e3o Preto-SP e Regi\u00e3o","link":"https:\/\/noticiasribeiraopreto.com.br\/index.php\/category\/noticias-de-ribeirao-preto-sp-e-regiao-ismael-colosi\/"},"img":{"alt_text":"","src":"https:\/\/i0.wp.com\/noticiasribeiraopreto.com.br\/wp-content\/uploads\/2024\/05\/quermesse_2024-05-07_13-34-01_jpg_2024-05-07_13-34-01.webp.webp?fit=582%2C393&ssl=1&resize=350%2C200","width":350,"height":200,"srcset":"https:\/\/i0.wp.com\/noticiasribeiraopreto.com.br\/wp-content\/uploads\/2024\/05\/quermesse_2024-05-07_13-34-01_jpg_2024-05-07_13-34-01.webp.webp?fit=582%2C393&ssl=1&resize=350%2C200 1x, https:\/\/i0.wp.com\/noticiasribeiraopreto.com.br\/wp-content\/uploads\/2024\/05\/quermesse_2024-05-07_13-34-01_jpg_2024-05-07_13-34-01.webp.webp?fit=582%2C393&ssl=1&resize=525%2C300 1.5x"},"classes":[]},{"id":49407,"url":"https:\/\/noticiasribeiraopreto.com.br\/index.php\/2024\/05\/10\/veja-quais-sao-as-quermesses-que-acontecem-neste-final-de-semana-em-ribeirao-preto\/","url_meta":{"origin":29356,"position":2},"title":"Veja quais s\u00e3o as quermesses que acontecem neste final de semana em Ribeir\u00e3o Preto","author":"noticiasribeiraopreto.com.br","date":"10 de May de 2024","format":false,"excerpt":"A temporada de quermesses em Ribeir\u00e3o Preto come\u00e7ou e quatro par\u00f3quias de Ribeir\u00e3o Preto realizam festas neste final de semana. Confira a lista e veja qual a mais pr\u00f3xima de voc\u00ea: Par\u00f3quia Santa Teresinha Quando: Dias 10, 11, 17 e 18\u00a0de maioHor\u00e1rio: A partir das\u00a019h30Endere\u00e7o: Rua Jos\u00e9 de Alencar,\u00a01506 \u2013\u2026","rel":"","context":"In &quot;Not\u00edcias de Ribeir\u00e3o Preto-SP e Regi\u00e3o&quot;","block_context":{"text":"Not\u00edcias de Ribeir\u00e3o Preto-SP e Regi\u00e3o","link":"https:\/\/noticiasribeiraopreto.com.br\/index.php\/category\/noticias-de-ribeirao-preto-sp-e-regiao-ismael-colosi\/"},"img":{"alt_text":"","src":"https:\/\/i0.wp.com\/noticiasribeiraopreto.com.br\/wp-content\/uploads\/2024\/05\/Copia-de-Copia-de-TAMANHO-EXATO-PARA-FOTOS-NO-SISTEMA-NOVO-4_2024-05-10_14-51-53_jpg_2024-05-10_14-51-53.webp.webp?fit=1200%2C675&ssl=1&resize=350%2C200","width":350,"height":200,"srcset":"https:\/\/i0.wp.com\/noticiasribeiraopreto.com.br\/wp-content\/uploads\/2024\/05\/Copia-de-Copia-de-TAMANHO-EXATO-PARA-FOTOS-NO-SISTEMA-NOVO-4_2024-05-10_14-51-53_jpg_2024-05-10_14-51-53.webp.webp?fit=1200%2C675&ssl=1&resize=350%2C200 1x, https:\/\/i0.wp.com\/noticiasribeiraopreto.com.br\/wp-content\/uploads\/2024\/05\/Copia-de-Copia-de-TAMANHO-EXATO-PARA-FOTOS-NO-SISTEMA-NOVO-4_2024-05-10_14-51-53_jpg_2024-05-10_14-51-53.webp.webp?fit=1200%2C675&ssl=1&resize=525%2C300 1.5x, https:\/\/i0.wp.com\/noticiasribeiraopreto.com.br\/wp-content\/uploads\/2024\/05\/Copia-de-Copia-de-TAMANHO-EXATO-PARA-FOTOS-NO-SISTEMA-NOVO-4_2024-05-10_14-51-53_jpg_2024-05-10_14-51-53.webp.webp?fit=1200%2C675&ssl=1&resize=700%2C400 2x, https:\/\/i0.wp.com\/noticiasribeiraopreto.com.br\/wp-content\/uploads\/2024\/05\/Copia-de-Copia-de-TAMANHO-EXATO-PARA-FOTOS-NO-SISTEMA-NOVO-4_2024-05-10_14-51-53_jpg_2024-05-10_14-51-53.webp.webp?fit=1200%2C675&ssl=1&resize=1050%2C600 3x"},"classes":[]},{"id":71496,"url":"https:\/\/noticiasribeiraopreto.com.br\/index.php\/2025\/06\/06\/rota-do-arraia-saiba-quais-sao-as-quermesses-de-ribeirao-preto-neste-fim-de-semana\/","url_meta":{"origin":29356,"position":3},"title":"Rota do Arrai\u00e1: Saiba quais s\u00e3o as quermesses de Ribeir\u00e3o Preto neste fim de semana","author":"noticiasribeiraopreto.com.br","date":"6 de June de 2025","format":false,"excerpt":"A Rota do Arrai\u00e1 (clique aqui)\u00a0re\u00fane as quermesses que acontecem em diferentes locais de Ribeir\u00e3o Preto e regi\u00e3o. Neste fim de semana, acontece nove festas t\u00edpicas na cidade, com musica ao vivo, bingo e brincadeiras. Veja a programa\u00e7\u00e3o: 2\u00ba Arrai\u00e1 Solid\u00e1rio APAE A Associa\u00e7\u00e3o de Pais e Amigos dos Expecionais\u2026","rel":"","context":"In &quot;Not\u00edcias de Ribeir\u00e3o Preto-SP e Regi\u00e3o&quot;","block_context":{"text":"Not\u00edcias de Ribeir\u00e3o Preto-SP e Regi\u00e3o","link":"https:\/\/noticiasribeiraopreto.com.br\/index.php\/category\/noticias-de-ribeirao-preto-sp-e-regiao-ismael-colosi\/"},"img":{"alt_text":"","src":"https:\/\/i0.wp.com\/noticiasribeiraopreto.com.br\/wp-content\/uploads\/2024\/05\/quermesse_2024-05-07_13-34-01_jpg_2024-05-07_13-34-01.webp.webp?fit=582%2C393&ssl=1&resize=350%2C200","width":350,"height":200,"srcset":"https:\/\/i0.wp.com\/noticiasribeiraopreto.com.br\/wp-content\/uploads\/2024\/05\/quermesse_2024-05-07_13-34-01_jpg_2024-05-07_13-34-01.webp.webp?fit=582%2C393&ssl=1&resize=350%2C200 1x, https:\/\/i0.wp.com\/noticiasribeiraopreto.com.br\/wp-content\/uploads\/2024\/05\/quermesse_2024-05-07_13-34-01_jpg_2024-05-07_13-34-01.webp.webp?fit=582%2C393&ssl=1&resize=525%2C300 1.5x"},"classes":[]},{"id":48076,"url":"https:\/\/noticiasribeiraopreto.com.br\/index.php\/2024\/04\/30\/ribeirao-preto-tem-quermesse-especial-para-celebrar-o-dia-das-maes-veja-quando\/","url_meta":{"origin":29356,"position":4},"title":"Ribeir\u00e3o Preto tem quermesse especial para celebrar o Dia das M\u00e3es; Veja quando","author":"noticiasribeiraopreto.com.br","date":"30 de April de 2024","format":false,"excerpt":"As Par\u00f3quias S\u00e3o Mateus Ap\u00f3stolo e Santa Teresinha do Menino Jesus, em Ribeir\u00e3o Preto, est\u00e3o organizando quermesses especiais para celebrar o Dia das M\u00e3es. Os eventos ter\u00e3o comidas e bebidas t\u00edpicas, al\u00e9m de sorteios de pr\u00eamios em dinheiro. Confira a programa\u00e7\u00e3o: Par\u00f3quia S\u00e3o Mateus Ap\u00f3stolo O evento acontece nos dias\u2026","rel":"","context":"In &quot;Not\u00edcias de Ribeir\u00e3o Preto-SP e Regi\u00e3o&quot;","block_context":{"text":"Not\u00edcias de Ribeir\u00e3o Preto-SP e Regi\u00e3o","link":"https:\/\/noticiasribeiraopreto.com.br\/index.php\/category\/noticias-de-ribeirao-preto-sp-e-regiao-ismael-colosi\/"},"img":{"alt_text":"","src":"https:\/\/i0.wp.com\/noticiasribeiraopreto.com.br\/wp-content\/uploads\/2024\/04\/esta_aberta_500x320_01062018112058.jpg?fit=500%2C322&ssl=1&resize=350%2C200","width":350,"height":200},"classes":[]},{"id":49108,"url":"https:\/\/noticiasribeiraopreto.com.br\/index.php\/2024\/05\/08\/paroquia-de-ribeirao-preto-tem-quermesse-com-comidas-tipicas-jogos-e-bingo-veja-quando\/","url_meta":{"origin":29356,"position":5},"title":"Par\u00f3quia de Ribeir\u00e3o Preto tem quermesse com comidas t\u00edpicas, jogos e bingo; Veja quando","author":"noticiasribeiraopreto.com.br","date":"8 de May de 2024","format":false,"excerpt":"A Festa da Padroeira da Par\u00f3quia Nossa Senhora de F\u00e1tima (Estigmatinos), no Jardim Sumar\u00e9, zona Sul de Ribeir\u00e3o Preto, acontece entre os dias 4 e 13 de maio. Al\u00e9m da novena e da solenidade a Santa, a programa\u00e7\u00e3o da festa conta com uma quermesse nos dias 10, 11 e 12\u2026","rel":"","context":"In &quot;Not\u00edcias de Ribeir\u00e3o Preto-SP e Regi\u00e3o&quot;","block_context":{"text":"Not\u00edcias de Ribeir\u00e3o Preto-SP e Regi\u00e3o","link":"https:\/\/noticiasribeiraopreto.com.br\/index.php\/category\/noticias-de-ribeirao-preto-sp-e-regiao-ismael-colosi\/"},"img":{"alt_text":"","src":"https:\/\/i0.wp.com\/noticiasribeiraopreto.com.br\/wp-content\/uploads\/2024\/05\/ShoppingdeRibeiroPretopromovefestajuninaejulinacombalonismo_Tamanho_2_image.jpg?fit=1200%2C900&ssl=1&resize=350%2C200","width":350,"height":200,"srcset":"https:\/\/i0.wp.com\/noticiasribeiraopreto.com.br\/wp-content\/uploads\/2024\/05\/ShoppingdeRibeiroPretopromovefestajuninaejulinacombalonismo_Tamanho_2_image.jpg?fit=1200%2C900&ssl=1&resize=350%2C200 1x, https:\/\/i0.wp.com\/noticiasribeiraopreto.com.br\/wp-content\/uploads\/2024\/05\/ShoppingdeRibeiroPretopromovefestajuninaejulinacombalonismo_Tamanho_2_image.jpg?fit=1200%2C900&ssl=1&resize=525%2C300 1.5x, https:\/\/i0.wp.com\/noticiasribeiraopreto.com.br\/wp-content\/uploads\/2024\/05\/ShoppingdeRibeiroPretopromovefestajuninaejulinacombalonismo_Tamanho_2_image.jpg?fit=1200%2C900&ssl=1&resize=700%2C400 2x, https:\/\/i0.wp.com\/noticiasribeiraopreto.com.br\/wp-content\/uploads\/2024\/05\/ShoppingdeRibeiroPretopromovefestajuninaejulinacombalonismo_Tamanho_2_image.jpg?fit=1200%2C900&ssl=1&resize=1050%2C600 3x"},"classes":[]}],"jetpack_sharing_enabled":true,"jetpack_shortlink":"https:\/\/wp.me\/peQAOb-7Du","_links":{"self":[{"href":"https:\/\/noticiasribeiraopreto.com.br\/index.php\/wp-json\/wp\/v2\/posts\/29356","targetHints":{"allow":["GET"]}}],"collection":[{"href":"https:\/\/noticiasribeiraopreto.com.br\/index.php\/wp-json\/wp\/v2\/posts"}],"about":[{"href":"https:\/\/noticiasribeiraopreto.com.br\/index.php\/wp-json\/wp\/v2\/types\/post"}],"author":[{"embeddable":true,"href":"https:\/\/noticiasribeiraopreto.com.br\/index.php\/wp-json\/wp\/v2\/users\/1"}],"replies":[{"embeddable":true,"href":"https:\/\/noticiasribeiraopreto.com.br\/index.php\/wp-json\/wp\/v2\/comments?post=29356"}],"version-history":[{"count":0,"href":"https:\/\/noticiasribeiraopreto.com.br\/index.php\/wp-json\/wp\/v2\/posts\/29356\/revisions"}],"wp:featuredmedia":[{"embeddable":true,"href":"https:\/\/noticiasribeiraopreto.com.br\/index.php\/wp-json\/wp\/v2\/media\/29357"}],"wp:attachment":[{"href":"https:\/\/noticiasribeiraopreto.com.br\/index.php\/wp-json\/wp\/v2\/media?parent=29356"}],"wp:term":[{"taxonomy":"category","embeddable":true,"href":"https:\/\/noticiasribeiraopreto.com.br\/index.php\/wp-json\/wp\/v2\/categories?post=29356"},{"taxonomy":"post_tag","embeddable":true,"href":"https:\/\/noticiasribeiraopreto.com.br\/index.php\/wp-json\/wp\/v2\/tags?post=29356"}],"curies":[{"name":"wp","href":"https:\/\/api.w.org\/{rel}","templated":true}]}}