{"id":29515,"date":"2024-01-18T15:24:32","date_gmt":"2024-01-18T18:24:32","guid":{"rendered":"https:\/\/noticiasribeiraopreto.com.br\/index.php\/2024\/01\/18\/hapvida-hapv3-cai-4-apos-noticia-sobre-investigacao-do-ministerio-publico\/"},"modified":"2024-01-18T15:24:32","modified_gmt":"2024-01-18T18:24:32","slug":"hapvida-hapv3-cai-4-apos-noticia-sobre-investigacao-do-ministerio-publico","status":"publish","type":"post","link":"https:\/\/noticiasribeiraopreto.com.br\/index.php\/2024\/01\/18\/hapvida-hapv3-cai-4-apos-noticia-sobre-investigacao-do-ministerio-publico\/","title":{"rendered":"Hapvida (HAPV3) cai 4% ap\u00f3s not\u00edcia sobre investiga\u00e7\u00e3o do Minist\u00e9rio P\u00fablico"},"content":{"rendered":"<div class='code-block code-block-1' style='margin: 8px 0 8px auto; text-align: right; display: block; clear: both;'>\n<p><a href=\"https:\/\/wa.link\/vpicfd\"><img data-recalc-dims=\"1\" class=\"wp-image-4922\" style=\"aspect-ratio: 2.0253164556962027; width: 561px; height: auto;\" src=\"https:\/\/i0.wp.com\/ismaelcolosi.com.br\/wp-content\/uploads\/2023\/11\/grupo-de-empregos-whatsapp-e-facebook-ismael-colosi-vagas.jpg?ssl=1\" alt=\"\" \/><\/a><\/p>\n<!-- \/wp:image -->\n<\/div>\n<p> <br \/>\n<\/p>\n<div id=\"js-first-letter\">\n<p>Tem quem aproveite o in\u00edcio do ano para tirar f\u00e9rias e fazer exames de rotina para p\u00f4r a sa\u00fade em dia. Mas o que era para ser um al\u00edvio se tornou \u2018dor de cabe\u00e7a\u2019 para alguns clientes da <strong>Hapvida NotreDame.<\/strong>\u00a0<\/p>\n<p>A companhia de sa\u00fade \u00e9 alvo de investiga\u00e7\u00e3o pelo Minist\u00e9rio P\u00fablico do Estado de S\u00e3o Paulo por descumprir decis\u00f5es judiciais favor\u00e1veis aos benefici\u00e1rios do plano de sa\u00fade, dificultando o acesso a tratamentos de doen\u00e7as, principalmente graves, como casos de c\u00e2ncer.\u00a0<\/p>\n<p>O problema foi reportado pelo jornal O Estado de S\u00e3o Paulo, e a rea\u00e7\u00e3o dos investidores das a\u00e7\u00f5es da companhia na bolsa de valores foi r\u00e1pida. No in\u00edcio do preg\u00e3o, os pap\u00e9is da Hapvida chegaram a liderar as perdas do Ibovespa, com queda superior a 5%.\u00a0<\/p>\n<p>Por volta das 15h06 (hor\u00e1rio de Bras\u00edlia), HAPV3 registrava queda de 3,95%, a R$ 4,13.\u00a0<a href=\"https:\/\/www.seudinheiro.com\/2024\/bolsa-dolar\/bolsa-dolar-ibovespa-hoje-180124-rsgp-rens-lils-ccgg\/\" target=\"_blank\" rel=\"noreferrer noopener\">Acompanhe a cobertura de mercados.<\/a><\/p>\n<p>Vale ressaltar que a companhia tem quase 9 milh\u00f5es de clientes, distribu\u00eddos entre Hapvida, NotreDame e outras operadoras menores pertencentes ao grupo. Ou seja, a operadora \u00e9 respons\u00e1vel pela sa\u00fade de um em cada seis brasileiros que t\u00eam conv\u00eanio m\u00e9dico.<\/p>\n<h2 class=\"wp-block-heading\" id=\"h-queda-de-hapvida-na-b3-reacao-precipitada\"><strong>Queda de Hapvida na B3: rea\u00e7\u00e3o precipitada?\u00a0<\/strong><\/h2>\n<p>Para os analistas do Citi, ainda \u00e9 muito cedo para avaliar os poss\u00edveis impactos materiais da investiga\u00e7\u00e3o do Minist\u00e9rio P\u00fablico sobre as opera\u00e7\u00f5es da empresa ou se o caso se trata apenas de um problema corriqueiro e inerente ao neg\u00f3cio.\u00a0\u00a0<\/p>\n<p>Isso porque a judicializa\u00e7\u00e3o tem sido crescente em toda a cadeia de sa\u00fade nos \u00faltimos anos.\u00a0<\/p>\n<p>Contudo, o banco n\u00e3o descartou o reflexo da investiga\u00e7\u00e3o sobre as a\u00e7\u00f5es da companhia, ao considerar que estar na mira do Minist\u00e9rio P\u00fablico n\u00e3o \u00e9 um \u201cbom press\u00e1gio para o ru\u00eddo das manchetes\u201d.\u00a0<\/p>\n<p>Ainda segundo o Citi, a Hapvida possui cerca de R$ 487 milh\u00f5es em provis\u00f5es associadas a perdas de natureza civil \u2013 que s\u00e3o prov\u00e1veis \u2013 e R$ 1,8 bilh\u00e3o considerados como perdas poss\u00edveis, ou seja, que n\u00e3o requerem provisionamento.\u00a0<\/p>\n<h2 class=\"wp-block-heading\" id=\"h-a-espera-dos-resultados-trimestrais\"><strong>\u00c0 espera dos resultados trimestrais<\/strong><\/h2>\n<p>O Bank of America (BofA) atualizou as proje\u00e7\u00f5es para o balan\u00e7o do quarto trimestre da Hapvida.\u00a0<\/p>\n<p>Entre os destaques, o banco estima que o lucro antes dos juros, impostos, amortiza\u00e7\u00e3o e deprecia\u00e7\u00e3o (Ebitda) da companhia atinja R$ 950 milh\u00f5es, acompanhado de um crescimento de 8% das receitas na compara\u00e7\u00e3o anual.\u00a0<\/p>\n<p>Contudo, o crescimento do faturamento deve seguir desacelerando, mesmo com o reajuste dos pre\u00e7os dos planos de sa\u00fade. Para o BofA, esse movimento pode ser explicado pelo foco da companhia em reduzir o plano PPO \u2014 em que o benefici\u00e1rio pode receber atendimento fora da rede e ter direito a reembolso \u2014, que corresponde a 4x o ticker m\u00e9dio da Hapvida, al\u00e9m do rebaixamento dos planos.\u00a0<\/p>\n<p>Por fim, a empresa deve perder 90 mil benefici\u00e1rios entre os meses de outubro e dezembro de 2023, segundo a estimativa dos analistas do BofA.\u00a0\u00a0<\/p>\n<p>A Hapvida divulga os resultados do quarto trimestre em 27 de mar\u00e7o.\u00a0<\/p>\n<p><em>*Com informa\u00e7\u00f5es de Estad\u00e3o<\/em><\/p>\n<\/div>\n<p><br \/>\n<br \/><a href=\"https:\/\/www.seudinheiro.com\/2024\/bolsa-dolar\/hapvida-hapv3-cai-4-apos-noticia-sobre-investigacao-do-ministerio-publico-lils\/\">Source link <\/a><\/p>\n<!-- CONTENT END 1 -->\n","protected":false},"excerpt":{"rendered":"<p>Tem quem aproveite o in\u00edcio do ano para tirar f\u00e9rias e fazer exames de rotina para p\u00f4r a sa\u00fade em dia. Mas o que era&#8230;<\/p>\n","protected":false},"author":1,"featured_media":29516,"comment_status":"open","ping_status":"open","sticky":false,"template":"","format":"standard","meta":{"advanced_seo_description":"","jetpack_seo_html_title":"","jetpack_seo_noindex":false,"jetpack_post_was_ever_published":false,"_jetpack_newsletter_access":"","_jetpack_dont_email_post_to_subs":false,"_jetpack_newsletter_tier_id":0,"_jetpack_memberships_contains_paywalled_content":false,"_jetpack_memberships_contains_paid_content":false,"footnotes":"","jetpack_publicize_message":"","jetpack_publicize_feature_enabled":true,"jetpack_social_post_already_shared":true,"jetpack_social_options":{"image_generator_settings":{"template":"highway","default_image_id":0,"font":"","enabled":false},"version":2}},"categories":[1235],"tags":[],"class_list":["post-29515","post","type-post","status-publish","format-standard","has-post-thumbnail","hentry","category-dinheiro-e-investimento-como-fazer-como-ganhar"],"jetpack_publicize_connections":[],"jetpack_featured_media_url":"https:\/\/i0.wp.com\/noticiasribeiraopreto.com.br\/wp-content\/uploads\/2024\/01\/HAPVIDA-FOTO-DIVULGACAO-628x353.jpg?fit=628%2C353&ssl=1","jetpack-related-posts":[{"id":34462,"url":"https:\/\/noticiasribeiraopreto.com.br\/index.php\/2024\/02\/02\/voce-pode-reclamar-do-plano-de-saude-mais-caro-ou-lucrar-com-isso-estas-acoes-na-b3-podem-se-beneficiar-dos-reajustes-de-precos\/","url_meta":{"origin":29515,"position":0},"title":"Voc\u00ea pode reclamar do plano de sa\u00fade mais caro ou lucrar com isso; estas a\u00e7\u00f5es na B3 podem se beneficiar dos reajustes de pre\u00e7os","author":"noticiasribeiraopreto.com.br","date":"2 de February de 2024","format":false,"excerpt":"Reajustes de pre\u00e7os comumente s\u00e3o seguidos por reclama\u00e7\u00f5es \u2014 afinal, ningu\u00e9m gosta de pagar mais caro por algo que j\u00e1 consome. Mas, no caso do aumento dos valores dos planos de sa\u00fade, \u00e9 justamente essa medida que pode ajudar a salvar as a\u00e7\u00f5es do setor na bolsa em 2024. O\u2026","rel":"","context":"In &quot;Dinheiro e Investimento&quot;","block_context":{"text":"Dinheiro e Investimento","link":"https:\/\/noticiasribeiraopreto.com.br\/index.php\/category\/dinheiro-e-investimento-como-fazer-como-ganhar\/"},"img":{"alt_text":"","src":"https:\/\/i0.wp.com\/noticiasribeiraopreto.com.br\/wp-content\/uploads\/2024\/02\/Saude-1-628x353.png?fit=628%2C353&ssl=1&resize=350%2C200","width":350,"height":200,"srcset":"https:\/\/i0.wp.com\/noticiasribeiraopreto.com.br\/wp-content\/uploads\/2024\/02\/Saude-1-628x353.png?fit=628%2C353&ssl=1&resize=350%2C200 1x, https:\/\/i0.wp.com\/noticiasribeiraopreto.com.br\/wp-content\/uploads\/2024\/02\/Saude-1-628x353.png?fit=628%2C353&ssl=1&resize=525%2C300 1.5x"},"classes":[]},{"id":14680,"url":"https:\/\/noticiasribeiraopreto.com.br\/index.php\/2023\/12\/12\/cfo-da-hapvida-deixa-cargo-e-vai-para-o-conselho-luccas-adib-assumira-interinamente\/","url_meta":{"origin":29515,"position":1},"title":"CFO da Hapvida deixa cargo e vai para o conselho; Luccas Adib assumir\u00e1 interinamente","author":"noticiasribeiraopreto.com.br","date":"12 de December de 2023","format":false,"excerpt":"A operadora de sa\u00fade Hapvida (HAPV3) informou na \u00faltima segunda-feira (11) que seu diretor financeiro e de rela\u00e7\u00f5es com investidores, Mauricio Fernandes Teixeira, renunciou ao cargo e foi eleito membro do Conselho de Administra\u00e7\u00e3o da empresa, conforme fato relevante. O atual diretor de mercado de capitais, Luccas Augusto Adib, que\u2026","rel":"","context":"In &quot;Blog&quot;","block_context":{"text":"Blog","link":"https:\/\/noticiasribeiraopreto.com.br\/index.php\/category\/blog\/"},"img":{"alt_text":"","src":"https:\/\/i0.wp.com\/noticiasribeiraopreto.com.br\/wp-content\/uploads\/2023\/12\/hapvida-divulgacao-1024x683.jpg?fit=1024%2C683&ssl=1&resize=350%2C200","width":350,"height":200,"srcset":"https:\/\/i0.wp.com\/noticiasribeiraopreto.com.br\/wp-content\/uploads\/2023\/12\/hapvida-divulgacao-1024x683.jpg?fit=1024%2C683&ssl=1&resize=350%2C200 1x, https:\/\/i0.wp.com\/noticiasribeiraopreto.com.br\/wp-content\/uploads\/2023\/12\/hapvida-divulgacao-1024x683.jpg?fit=1024%2C683&ssl=1&resize=525%2C300 1.5x, https:\/\/i0.wp.com\/noticiasribeiraopreto.com.br\/wp-content\/uploads\/2023\/12\/hapvida-divulgacao-1024x683.jpg?fit=1024%2C683&ssl=1&resize=700%2C400 2x"},"classes":[]},{"id":68487,"url":"https:\/\/noticiasribeiraopreto.com.br\/index.php\/2025\/04\/25\/justica-condena-tres-por-uso-de-alcool-de-posto-em-hospital\/","url_meta":{"origin":29515,"position":2},"title":"Justi\u00e7a condena tr\u00eas por uso de \u201c\u00e1lcool de posto\u201d em hospital","author":"noticiasribeiraopreto.com.br","date":"25 de April de 2025","format":false,"excerpt":"25 de abril de 2025 16:5425 de abril de 2025 17:2719 Compartilhar0 Tr\u00eas integrantes da equipe administrativa da Santa Casa de Miseric\u00f3rdia de Patroc\u00ednio Paulista, no interior de S\u00e3o Paulo, foram condenados pela Justi\u00e7a por crimes relacionados ao uso de medicamentos vencidos e de etanol automotivo, conhecido popularmente como \u201c\u00e1lcool\u2026","rel":"","context":"In &quot;Not\u00edcias de Ribeir\u00e3o Preto-SP e Regi\u00e3o&quot;","block_context":{"text":"Not\u00edcias de Ribeir\u00e3o Preto-SP e Regi\u00e3o","link":"https:\/\/noticiasribeiraopreto.com.br\/index.php\/category\/noticias-de-ribeirao-preto-sp-e-regiao-ismael-colosi\/"},"img":{"alt_text":"","src":"https:\/\/i0.wp.com\/noticiasribeiraopreto.com.br\/wp-content\/uploads\/2025\/04\/etanol_hospital1-1.jpeg?fit=480%2C500&ssl=1&resize=350%2C200","width":350,"height":200},"classes":[]},{"id":45133,"url":"https:\/\/noticiasribeiraopreto.com.br\/index.php\/2024\/04\/02\/rp-tera-11-267-doses-de-vacina-contra-dengue\/","url_meta":{"origin":29515,"position":3},"title":"RP ter\u00e1 11.267 doses de vacina contra dengue","author":"noticiasribeiraopreto.com.br","date":"2 de April de 2024","format":false,"excerpt":"O Minist\u00e9rio da Sa\u00fade vai distribuir a vacina contra a dengue para mais 165 munic\u00edpios brasileiros \u2013 eram 154 inicialmente, mas o n\u00famero foi ampliado \u2013, entre eles dez da regi\u00e3o metropolitana descritos como pertencentes \u00e0 \u00e1rea do Aqu\u00edfero Guarani. Cerca de 15 mil doses ser\u00e3o enviadas para essas dez\u2026","rel":"","context":"In &quot;Not\u00edcias de Ribeir\u00e3o Preto-SP e Regi\u00e3o&quot;","block_context":{"text":"Not\u00edcias de Ribeir\u00e3o Preto-SP e Regi\u00e3o","link":"https:\/\/noticiasribeiraopreto.com.br\/index.php\/category\/noticias-de-ribeirao-preto-sp-e-regiao-ismael-colosi\/"},"img":{"alt_text":"","src":"https:\/\/i0.wp.com\/noticiasribeiraopreto.com.br\/wp-content\/uploads\/2024\/04\/DengueVAC-Rogerio-Vidmantas-Prefeitura-de-Dourados-1.jpg?fit=800%2C483&ssl=1&resize=350%2C200","width":350,"height":200,"srcset":"https:\/\/i0.wp.com\/noticiasribeiraopreto.com.br\/wp-content\/uploads\/2024\/04\/DengueVAC-Rogerio-Vidmantas-Prefeitura-de-Dourados-1.jpg?fit=800%2C483&ssl=1&resize=350%2C200 1x, https:\/\/i0.wp.com\/noticiasribeiraopreto.com.br\/wp-content\/uploads\/2024\/04\/DengueVAC-Rogerio-Vidmantas-Prefeitura-de-Dourados-1.jpg?fit=800%2C483&ssl=1&resize=525%2C300 1.5x, https:\/\/i0.wp.com\/noticiasribeiraopreto.com.br\/wp-content\/uploads\/2024\/04\/DengueVAC-Rogerio-Vidmantas-Prefeitura-de-Dourados-1.jpg?fit=800%2C483&ssl=1&resize=700%2C400 2x"},"classes":[]},{"id":74117,"url":"https:\/\/noticiasribeiraopreto.com.br\/index.php\/2025\/07\/16\/novo-centro-de-transplante-de-medula-em-ribeirao-preto-atende-criancas-e-adolescentes\/","url_meta":{"origin":29515,"position":4},"title":"Novo centro de transplante de medula em Ribeir\u00e3o Preto atende crian\u00e7as e adolescentes","author":"noticiasribeiraopreto.com.br","date":"16 de July de 2025","format":false,"excerpt":"A Hapvida inaugurou um novo centro de transplante de medula \u00f3ssea em Ribeir\u00e3o Preto. A unidade fica no Hospital Sinh\u00e1 Junqueira e \u00e9 voltado exclusivamente ao p\u00fablico infantil e adolescente. Com a abertura do servi\u00e7o, pacientes de at\u00e9 18 anos com doen\u00e7as como leucemias, linfomas, anemias graves e outras condi\u00e7\u00f5es\u2026","rel":"","context":"In &quot;Not\u00edcias de Ribeir\u00e3o Preto-SP e Regi\u00e3o&quot;","block_context":{"text":"Not\u00edcias de Ribeir\u00e3o Preto-SP e Regi\u00e3o","link":"https:\/\/noticiasribeiraopreto.com.br\/index.php\/category\/noticias-de-ribeirao-preto-sp-e-regiao-ismael-colosi\/"},"img":{"alt_text":"","src":"https:\/\/i0.wp.com\/noticiasribeiraopreto.com.br\/wp-content\/uploads\/2025\/07\/hospital-sinha-junqueira_2025-07-16_14-16-44.webp.webp?fit=1200%2C800&ssl=1&resize=350%2C200","width":350,"height":200,"srcset":"https:\/\/i0.wp.com\/noticiasribeiraopreto.com.br\/wp-content\/uploads\/2025\/07\/hospital-sinha-junqueira_2025-07-16_14-16-44.webp.webp?fit=1200%2C800&ssl=1&resize=350%2C200 1x, https:\/\/i0.wp.com\/noticiasribeiraopreto.com.br\/wp-content\/uploads\/2025\/07\/hospital-sinha-junqueira_2025-07-16_14-16-44.webp.webp?fit=1200%2C800&ssl=1&resize=525%2C300 1.5x, https:\/\/i0.wp.com\/noticiasribeiraopreto.com.br\/wp-content\/uploads\/2025\/07\/hospital-sinha-junqueira_2025-07-16_14-16-44.webp.webp?fit=1200%2C800&ssl=1&resize=700%2C400 2x, https:\/\/i0.wp.com\/noticiasribeiraopreto.com.br\/wp-content\/uploads\/2025\/07\/hospital-sinha-junqueira_2025-07-16_14-16-44.webp.webp?fit=1200%2C800&ssl=1&resize=1050%2C600 3x"},"classes":[]},{"id":62441,"url":"https:\/\/noticiasribeiraopreto.com.br\/index.php\/2025\/01\/14\/o-que-se-sabe-sobre-advogado-de-ribeirao-preto-preso-por-suspeita-de-ligacao-com-pcc\/","url_meta":{"origin":29515,"position":5},"title":"O que se sabe sobre advogado de Ribeir\u00e3o Preto preso por suspeita de liga\u00e7\u00e3o com PCC","author":"noticiasribeiraopreto.com.br","date":"14 de January de 2025","format":false,"excerpt":"O advogado Renan Bortoletto, de Ribeir\u00e3o Preto, est\u00e1 entre os 12 detidos na opera\u00e7\u00e3o \u201cScream Fake\u201c, deflagrada nesta ter\u00e7a-feira (14) pelo Minist\u00e9rio P\u00fablico de S\u00e3o Paulo e pela Pol\u00edcia Civil. A opera\u00e7\u00e3o visa uma ONG que presta apoio a presos e pessoas egressas do sistema prisional, acusada de liga\u00e7\u00e3o com\u2026","rel":"","context":"In &quot;Not\u00edcias de Ribeir\u00e3o Preto-SP e Regi\u00e3o&quot;","block_context":{"text":"Not\u00edcias de Ribeir\u00e3o Preto-SP e Regi\u00e3o","link":"https:\/\/noticiasribeiraopreto.com.br\/index.php\/category\/noticias-de-ribeirao-preto-sp-e-regiao-ismael-colosi\/"},"img":{"alt_text":"","src":"https:\/\/i0.wp.com\/noticiasribeiraopreto.com.br\/wp-content\/uploads\/2025\/01\/RENAN_2025-01-14_14-51-36_jpg_2025-01-14_14-51-36.webp.webp?fit=1200%2C715&ssl=1&resize=350%2C200","width":350,"height":200,"srcset":"https:\/\/i0.wp.com\/noticiasribeiraopreto.com.br\/wp-content\/uploads\/2025\/01\/RENAN_2025-01-14_14-51-36_jpg_2025-01-14_14-51-36.webp.webp?fit=1200%2C715&ssl=1&resize=350%2C200 1x, https:\/\/i0.wp.com\/noticiasribeiraopreto.com.br\/wp-content\/uploads\/2025\/01\/RENAN_2025-01-14_14-51-36_jpg_2025-01-14_14-51-36.webp.webp?fit=1200%2C715&ssl=1&resize=525%2C300 1.5x, https:\/\/i0.wp.com\/noticiasribeiraopreto.com.br\/wp-content\/uploads\/2025\/01\/RENAN_2025-01-14_14-51-36_jpg_2025-01-14_14-51-36.webp.webp?fit=1200%2C715&ssl=1&resize=700%2C400 2x, https:\/\/i0.wp.com\/noticiasribeiraopreto.com.br\/wp-content\/uploads\/2025\/01\/RENAN_2025-01-14_14-51-36_jpg_2025-01-14_14-51-36.webp.webp?fit=1200%2C715&ssl=1&resize=1050%2C600 3x"},"classes":[]}],"jetpack_sharing_enabled":true,"jetpack_shortlink":"https:\/\/wp.me\/peQAOb-7G3","_links":{"self":[{"href":"https:\/\/noticiasribeiraopreto.com.br\/index.php\/wp-json\/wp\/v2\/posts\/29515","targetHints":{"allow":["GET"]}}],"collection":[{"href":"https:\/\/noticiasribeiraopreto.com.br\/index.php\/wp-json\/wp\/v2\/posts"}],"about":[{"href":"https:\/\/noticiasribeiraopreto.com.br\/index.php\/wp-json\/wp\/v2\/types\/post"}],"author":[{"embeddable":true,"href":"https:\/\/noticiasribeiraopreto.com.br\/index.php\/wp-json\/wp\/v2\/users\/1"}],"replies":[{"embeddable":true,"href":"https:\/\/noticiasribeiraopreto.com.br\/index.php\/wp-json\/wp\/v2\/comments?post=29515"}],"version-history":[{"count":0,"href":"https:\/\/noticiasribeiraopreto.com.br\/index.php\/wp-json\/wp\/v2\/posts\/29515\/revisions"}],"wp:featuredmedia":[{"embeddable":true,"href":"https:\/\/noticiasribeiraopreto.com.br\/index.php\/wp-json\/wp\/v2\/media\/29516"}],"wp:attachment":[{"href":"https:\/\/noticiasribeiraopreto.com.br\/index.php\/wp-json\/wp\/v2\/media?parent=29515"}],"wp:term":[{"taxonomy":"category","embeddable":true,"href":"https:\/\/noticiasribeiraopreto.com.br\/index.php\/wp-json\/wp\/v2\/categories?post=29515"},{"taxonomy":"post_tag","embeddable":true,"href":"https:\/\/noticiasribeiraopreto.com.br\/index.php\/wp-json\/wp\/v2\/tags?post=29515"}],"curies":[{"name":"wp","href":"https:\/\/api.w.org\/{rel}","templated":true}]}}