{"id":29562,"date":"2024-01-18T17:58:24","date_gmt":"2024-01-18T20:58:24","guid":{"rendered":"https:\/\/noticiasribeiraopreto.com.br\/index.php\/2024\/01\/18\/tcu-esclarece-que-nao-decidiu-sobre-isencao-a-lideres-religiosos\/"},"modified":"2024-01-18T17:58:24","modified_gmt":"2024-01-18T20:58:24","slug":"tcu-esclarece-que-nao-decidiu-sobre-isencao-a-lideres-religiosos","status":"publish","type":"post","link":"https:\/\/noticiasribeiraopreto.com.br\/index.php\/2024\/01\/18\/tcu-esclarece-que-nao-decidiu-sobre-isencao-a-lideres-religiosos\/","title":{"rendered":"TCU esclarece que n\u00e3o decidiu sobre isen\u00e7\u00e3o a l\u00edderes religiosos"},"content":{"rendered":"<div class='code-block code-block-1' style='margin: 8px 0 8px auto; text-align: right; display: block; clear: both;'>\n<p><a href=\"https:\/\/wa.link\/vpicfd\"><img data-recalc-dims=\"1\" class=\"wp-image-4922\" style=\"aspect-ratio: 2.0253164556962027; width: 561px; height: auto;\" src=\"https:\/\/i0.wp.com\/ismaelcolosi.com.br\/wp-content\/uploads\/2023\/11\/grupo-de-empregos-whatsapp-e-facebook-ismael-colosi-vagas.jpg?ssl=1\" alt=\"\" \/><\/a><\/p>\n<!-- \/wp:image -->\n<\/div>\n<p> <br \/>\n<\/p>\n<div id=\"\">\n<p> <span class=\"entry-meta-item penci-posted-on\"><i class=\"fa fa-clock-o\"\/><time class=\"entry-date published\" datetime=\"2024-01-18T17:30:09-03:00\">18 de janeiro de 2024 | 17:30<\/time><time class=\"updated\" datetime=\"2024-01-18T16:35:07-03:00\">18 de janeiro de 2024 | 16:35<\/time><\/span><\/p>\n<p> <span class=\"penci-social-buttons penci-social-share-footer\"><a href=\"#\" class=\"penci-post-like penci_post-meta_item  single-like-button penci-social-item like\" data-post_id=\"370818\" title=\"Like\" data-like=\"Like\" data-unlike=\"Unlike\"><i class=\"fa fa-thumbs-o-up\"\/><span class=\"penci-share-number\">0<\/span><\/a><i class=\"fa fa-facebook\"\/><a class=\"penci-social-item twitter\" target=\"_blank\" rel=\"noopener\" title=\"\" href=\"https:\/\/twitter.com\/intent\/tweet?text=TCU%20esclarece%20que%20n\u00e3o%20decidiu%20sobre%20isen\u00e7\u00e3o%20a%20l\u00edderes%20religiosos%20-%20https:\/\/www.tribunaribeirao.com.br\/site\/tcu-esclarece-que-nao-decidiu-sobre-isencao-a-lideres-religiosos\/\"><i class=\"fa fa-twitter\"\/><\/a><i class=\"fa fa-whatsapp\"\/><\/span><\/div>\n<div>\n<p>O Tribunal de Contas da Uni\u00e3o (TCU) esclareceu que n\u00e3o determinou a suspens\u00e3o da isen\u00e7\u00e3o tribut\u00e1ria a l\u00edderes religiosos. Em nota, o \u00f3rg\u00e3o informou que o processo est\u00e1 sob an\u00e1lise do ministro Aroldo Cedraz, ainda sem decis\u00e3o final.<noscript><img data-recalc-dims=\"1\" decoding=\"async\" src=\"https:\/\/i0.wp.com\/agenciabrasil.ebc.com.br\/ebc.png?ssl=1\"\/><\/noscript><img data-recalc-dims=\"1\" decoding=\"async\" src=\"https:\/\/i0.wp.com\/agenciabrasil.ebc.com.br\/ebc.gif?ssl=1\" class=\"lazyload\"\/><noscript><img data-recalc-dims=\"1\" decoding=\"async\" src=\"https:\/\/i0.wp.com\/agenciabrasil.ebc.com.br\/ebc.gif?ssl=1\"\/><\/noscript><\/p>\n<p>O comunicado informou que o Minist\u00e9rio P\u00fablico junto ao TCU (MPTCU) fez representa\u00e7\u00e3o aos ministros do \u00f3rg\u00e3o para avaliar se o ato declarat\u00f3rio de 29 de julho do ano passado era legal e leg\u00edtimo. Na ocasi\u00e3o, o ent\u00e3o secret\u00e1rio especial da Receita Federal, J\u00falio Cesar Vieira, ampliou a isen\u00e7\u00e3o tribut\u00e1ria a templos religiosos ao sal\u00e1rio de pastores e ministros religiosos.<\/p>\n<p>\u201cO processo trata de representa\u00e7\u00e3o do MPTCU para avaliar a legalidade e legitimidade da amplia\u00e7\u00e3o de isen\u00e7\u00e3o de impostos para remunera\u00e7\u00e3o recebida por pastores conferida pela referida norma, diante de poss\u00edvel desvio de finalidade e aus\u00eancia de motiva\u00e7\u00e3o\u201d, esclareceu o TCU.<\/p>\n<p>O comunicado reiterou que qualquer manifesta\u00e7\u00e3o formal do \u00f3rg\u00e3o sai apenas quando ministros tomam decis\u00f5es solitariamente ou em plen\u00e1rio. \u201cO TCU se manifesta apenas por meio de seus ac\u00f3rd\u00e3os ou por decis\u00f5es monocr\u00e1ticas dos seus ministros\u201d, destacou.<\/p>\n<p>Na quarta-feira (17), a Receita Federal suspendeu a imunidade tribut\u00e1ria sobre sal\u00e1rios de l\u00edderes religiosos, como pastores e ministros de igrejas evang\u00e9licas. Assinado pelo secret\u00e1rio da Receita Federal, Robinson Barreirinhas, o ato declarat\u00f3rio reverteu o benef\u00edcio concedido pelo ex-secret\u00e1rio especial do \u00f3rg\u00e3o J\u00falio Cesar Vieira Gomes, pouco antes do in\u00edcio da campanha eleitoral de 2022.<\/p>\n<p>O ex-secret\u00e1rio especial J\u00falio Cesar foi exonerado da Receita Federal em junho do ano passado, ap\u00f3s vir \u00e0 tona o envolvimento dele no caso da libera\u00e7\u00e3o de joias dadas de presente por governos estrangeiros ao ex-presidente Jair Bolsonaro.<\/p>\n<p>Quando comandava o \u00f3rg\u00e3o, J\u00falio Cesar assinou o despacho que pedia aos auditores da Receita, no Aeroporto de Guarulhos, que entregassem um conjunto de joias presenteadas pelo governo da Ar\u00e1bia Saudita ao ex-presidente em 2022. A defesa de Bolsonaro nega qualquer irregularidade.<\/p>\n<\/div>\n<p><script async src=\"\/\/platform.twitter.com\/widgets.js\" charset=\"utf-8\"><\/script><br \/>\n<br \/><br \/>\n<br \/><a href=\"https:\/\/www.tribunaribeirao.com.br\/site\/tcu-esclarece-que-nao-decidiu-sobre-isencao-a-lideres-religiosos\/\">Source link <\/a><\/p>\n<!-- CONTENT END 1 -->\n","protected":false},"excerpt":{"rendered":"<p>18 de janeiro de 2024 | 17:3018 de janeiro de 2024 | 16:35 0 O Tribunal de Contas da Uni\u00e3o (TCU) esclareceu que n\u00e3o determinou&#8230;<\/p>\n","protected":false},"author":1,"featured_media":29563,"comment_status":"open","ping_status":"open","sticky":false,"template":"","format":"standard","meta":{"advanced_seo_description":"","jetpack_seo_html_title":"","jetpack_seo_noindex":false,"jetpack_post_was_ever_published":false,"_jetpack_newsletter_access":"","_jetpack_dont_email_post_to_subs":false,"_jetpack_newsletter_tier_id":0,"_jetpack_memberships_contains_paywalled_content":false,"_jetpack_memberships_contains_paid_content":false,"footnotes":"","jetpack_publicize_message":"","jetpack_publicize_feature_enabled":true,"jetpack_social_post_already_shared":true,"jetpack_social_options":{"image_generator_settings":{"template":"highway","default_image_id":0,"font":"","enabled":false},"version":2}},"categories":[11],"tags":[3678,3677,1618,3679,678,3680,468,3676],"class_list":["post-29562","post","type-post","status-publish","format-standard","has-post-thumbnail","hentry","category-noticias-de-ribeirao-preto-sp-e-regiao-ismael-colosi","tag-decidiu","tag-esclarece","tag-isencao","tag-lideres","tag-nao","tag-religiosos","tag-sobre","tag-tcu"],"jetpack_publicize_connections":[],"jetpack_featured_media_url":"https:\/\/i0.wp.com\/noticiasribeiraopreto.com.br\/wp-content\/uploads\/2024\/01\/31274c8c-70e7-465a-8cd3-8c061849434f-scaled.jpg?fit=1000%2C598&ssl=1","jetpack-related-posts":[{"id":29931,"url":"https:\/\/noticiasribeiraopreto.com.br\/index.php\/2024\/01\/19\/haddad-quer-copiar-estrategia-da-reforma-tributaria-na-reoneracao-da-folha-de-pagamento-mas-ainda-precisa-convencer-um-figurao-do-governo\/","url_meta":{"origin":29562,"position":0},"title":"Haddad quer \u201ccopiar\u201d estrat\u00e9gia da Reforma Tribut\u00e1ria na reonera\u00e7\u00e3o da folha de pagamento \u2014 mas ainda precisa convencer um \u201cfigur\u00e3o\u201d do governo","author":"noticiasribeiraopreto.com.br","date":"19 de January de 2024","format":false,"excerpt":"O ministro da Fazenda n\u00e3o est\u00e1 pronto para ceder na luta pela reonera\u00e7\u00e3o gradual da folha de pagamentos. Fernando Haddad insistiu na defesa do mecanismo nesta sexta-feira (19) e comparou a estrat\u00e9gia ao que foi aprovado na Reforma Tribut\u00e1ria em consumo \u2014 em que benef\u00edcios tribut\u00e1rios s\u00e3o extintos ao longo\u2026","rel":"","context":"In &quot;Dinheiro e Investimento&quot;","block_context":{"text":"Dinheiro e Investimento","link":"https:\/\/noticiasribeiraopreto.com.br\/index.php\/category\/dinheiro-e-investimento-como-fazer-como-ganhar\/"},"img":{"alt_text":"","src":"https:\/\/i0.wp.com\/noticiasribeiraopreto.com.br\/wp-content\/uploads\/2024\/01\/Haddad-715x402.jpg?fit=715%2C402&ssl=1&resize=350%2C200","width":350,"height":200,"srcset":"https:\/\/i0.wp.com\/noticiasribeiraopreto.com.br\/wp-content\/uploads\/2024\/01\/Haddad-715x402.jpg?fit=715%2C402&ssl=1&resize=350%2C200 1x, https:\/\/i0.wp.com\/noticiasribeiraopreto.com.br\/wp-content\/uploads\/2024\/01\/Haddad-715x402.jpg?fit=715%2C402&ssl=1&resize=525%2C300 1.5x, https:\/\/i0.wp.com\/noticiasribeiraopreto.com.br\/wp-content\/uploads\/2024\/01\/Haddad-715x402.jpg?fit=715%2C402&ssl=1&resize=700%2C400 2x"},"classes":[]},{"id":29964,"url":"https:\/\/noticiasribeiraopreto.com.br\/index.php\/2024\/01\/19\/pente-fino-por-que-o-tcu-montou-uma-mega-auditoria-e-colocou-petrobras-correios-e-bancos-publicos-na-mira\/","url_meta":{"origin":29562,"position":1},"title":"Pente-fino: por que o TCU montou uma mega auditoria e colocou Petrobras, Correios e bancos p\u00fablicos na mira","author":"noticiasribeiraopreto.com.br","date":"19 de January de 2024","format":false,"excerpt":"O Tribunal de Contas da Uni\u00e3o (TCU) vai montar uma mega for\u00e7a-tarefa para investigar a gest\u00e3o e os contratos das estatais e bancos p\u00fablicos do Pa\u00eds. Entre os alvos da for\u00e7a-tarefa est\u00e3o a Petrobras, Codevasf, Correios, Caixa Econ\u00f4mica Federal, Banco do Brasil e BNDES. O pente-fino vai analisar as medidas\u2026","rel":"","context":"In &quot;Dinheiro e Investimento&quot;","block_context":{"text":"Dinheiro e Investimento","link":"https:\/\/noticiasribeiraopreto.com.br\/index.php\/category\/dinheiro-e-investimento-como-fazer-como-ganhar\/"},"img":{"alt_text":"","src":"https:\/\/i0.wp.com\/noticiasribeiraopreto.com.br\/wp-content\/uploads\/2024\/01\/Design-sem-nome-3-628x353.png?fit=628%2C353&ssl=1&resize=350%2C200","width":350,"height":200,"srcset":"https:\/\/i0.wp.com\/noticiasribeiraopreto.com.br\/wp-content\/uploads\/2024\/01\/Design-sem-nome-3-628x353.png?fit=628%2C353&ssl=1&resize=350%2C200 1x, https:\/\/i0.wp.com\/noticiasribeiraopreto.com.br\/wp-content\/uploads\/2024\/01\/Design-sem-nome-3-628x353.png?fit=628%2C353&ssl=1&resize=525%2C300 1.5x"},"classes":[]},{"id":34203,"url":"https:\/\/noticiasribeiraopreto.com.br\/index.php\/2024\/02\/01\/enel-sob-pressao-prefeitura-de-sp-pede-ao-tcu-a-imediata-rescisao-do-contrato-com-a-concessionaria-de-energia-eletrica\/","url_meta":{"origin":29562,"position":2},"title":"Enel sob press\u00e3o: Prefeitura de SP pede ao TCU a imediata rescis\u00e3o do contrato com a concession\u00e1ria de energia el\u00e9trica","author":"noticiasribeiraopreto.com.br","date":"1 de February de 2024","format":false,"excerpt":"A Enel parece ter alcan\u00e7ado a rara condi\u00e7\u00e3o de unanimidade em S\u00e3o Paulo \u2014 e esta n\u00e3o \u00e9 uma boa not\u00edcia para a concession\u00e1ria de energia el\u00e9trica. A prefeitura da capital paulista ingressou com uma a\u00e7\u00e3o no Tribunal de Contas da Uni\u00e3o (TCU) para pedir uma fiscaliza\u00e7\u00e3o mais rigorosa sobre\u2026","rel":"","context":"In &quot;Dinheiro e Investimento&quot;","block_context":{"text":"Dinheiro e Investimento","link":"https:\/\/noticiasribeiraopreto.com.br\/index.php\/category\/dinheiro-e-investimento-como-fazer-como-ganhar\/"},"img":{"alt_text":"","src":"https:\/\/i0.wp.com\/noticiasribeiraopreto.com.br\/wp-content\/uploads\/2024\/02\/Arvore-caida-apos-chuvas-em-Sao-Paulo-Enel-715x402.jpg?fit=715%2C402&ssl=1&resize=350%2C200","width":350,"height":200,"srcset":"https:\/\/i0.wp.com\/noticiasribeiraopreto.com.br\/wp-content\/uploads\/2024\/02\/Arvore-caida-apos-chuvas-em-Sao-Paulo-Enel-715x402.jpg?fit=715%2C402&ssl=1&resize=350%2C200 1x, https:\/\/i0.wp.com\/noticiasribeiraopreto.com.br\/wp-content\/uploads\/2024\/02\/Arvore-caida-apos-chuvas-em-Sao-Paulo-Enel-715x402.jpg?fit=715%2C402&ssl=1&resize=525%2C300 1.5x, https:\/\/i0.wp.com\/noticiasribeiraopreto.com.br\/wp-content\/uploads\/2024\/02\/Arvore-caida-apos-chuvas-em-Sao-Paulo-Enel-715x402.jpg?fit=715%2C402&ssl=1&resize=700%2C400 2x"},"classes":[]},{"id":43903,"url":"https:\/\/noticiasribeiraopreto.com.br\/index.php\/2024\/03\/24\/tcu-lancou-14-cursos-online-gratuitos-com-certificado\/","url_meta":{"origin":29562,"position":3},"title":"TCU lan\u00e7ou 14 cursos online gratuitos com certificado","author":"noticiasribeiraopreto.com.br","date":"24 de March de 2024","format":false,"excerpt":"O TCU \u2013 Tribunal de Contas da Uni\u00e3o acaba de lan\u00e7ar 14 novos cursos online gratuitos com certificado. Uma excelente oportunidade para quem deseja aprimorar suas compet\u00eancias e adquirir novas habilidades Est\u00e1 \u00e0 procura de uma oportunidade para investir em sua forma\u00e7\u00e3o e expandir seus conhecimentos? O TCU \u2013 Tribunal\u2026","rel":"","context":"In &quot;Blog&quot;","block_context":{"text":"Blog","link":"https:\/\/noticiasribeiraopreto.com.br\/index.php\/category\/blog\/"},"img":{"alt_text":"","src":"https:\/\/i0.wp.com\/noticiasribeiraopreto.com.br\/wp-content\/uploads\/2024\/03\/Designer.png?fit=1200%2C628&ssl=1&resize=350%2C200","width":350,"height":200,"srcset":"https:\/\/i0.wp.com\/noticiasribeiraopreto.com.br\/wp-content\/uploads\/2024\/03\/Designer.png?fit=1200%2C628&ssl=1&resize=350%2C200 1x, https:\/\/i0.wp.com\/noticiasribeiraopreto.com.br\/wp-content\/uploads\/2024\/03\/Designer.png?fit=1200%2C628&ssl=1&resize=525%2C300 1.5x, https:\/\/i0.wp.com\/noticiasribeiraopreto.com.br\/wp-content\/uploads\/2024\/03\/Designer.png?fit=1200%2C628&ssl=1&resize=700%2C400 2x, https:\/\/i0.wp.com\/noticiasribeiraopreto.com.br\/wp-content\/uploads\/2024\/03\/Designer.png?fit=1200%2C628&ssl=1&resize=1050%2C600 3x"},"classes":[]},{"id":24841,"url":"https:\/\/noticiasribeiraopreto.com.br\/index.php\/2024\/01\/05\/como-a-venda-de-uma-refinaria-da-petrobras-petr4-contestada-pelo-tcu-reacendeu-o-caso-das-joias-de-bolsonaro\/","url_meta":{"origin":29562,"position":4},"title":"Como a venda de uma refinaria da Petrobras (PETR4) contestada pelo TCU reacendeu o caso das joias de Bolsonaro","author":"noticiasribeiraopreto.com.br","date":"5 de January de 2024","format":false,"excerpt":"A venda da Refinaria Landulpho Alves, na Bahia, em novembro de 2021, apresentou fragilidades, constatou auditoria da Controladoria-Geral da Uni\u00e3o (CGU). O principal problema, apontou o relat\u00f3rio, foi a venda abaixo do pre\u00e7o de mercado, decorrente principalmente da escolha do momento do neg\u00f3cio \u2014 em plena pandemia de covid-19 \u2014\u2026","rel":"","context":"In &quot;Dinheiro e Investimento&quot;","block_context":{"text":"Dinheiro e Investimento","link":"https:\/\/noticiasribeiraopreto.com.br\/index.php\/category\/dinheiro-e-investimento-como-fazer-como-ganhar\/"},"img":{"alt_text":"","src":"https:\/\/i0.wp.com\/noticiasribeiraopreto.com.br\/wp-content\/uploads\/2024\/01\/5057_2_EL-628x353.jpg?fit=628%2C353&ssl=1&resize=350%2C200","width":350,"height":200,"srcset":"https:\/\/i0.wp.com\/noticiasribeiraopreto.com.br\/wp-content\/uploads\/2024\/01\/5057_2_EL-628x353.jpg?fit=628%2C353&ssl=1&resize=350%2C200 1x, https:\/\/i0.wp.com\/noticiasribeiraopreto.com.br\/wp-content\/uploads\/2024\/01\/5057_2_EL-628x353.jpg?fit=628%2C353&ssl=1&resize=525%2C300 1.5x"},"classes":[]},{"id":63487,"url":"https:\/\/noticiasribeiraopreto.com.br\/index.php\/2025\/02\/14\/governo-envia-ajuste-do-pe-de-meia-ao-congresso-com-prazo-definido-pelo-tcu\/","url_meta":{"origin":29562,"position":5},"title":"Governo Envia Ajuste do P\u00e9-de-Meia ao Congresso com Prazo Definido pelo TCU","author":"noticiasribeiraopreto.com.br","date":"14 de February de 2025","format":false,"excerpt":"O Ministro da Fazenda, Fernando Haddad, anunciou que o ajuste do programa P\u00e9-de-Meia ser\u00e1 enviado ao Congresso dentro do prazo estabelecido pelo Tribunal de Contas da Uni\u00e3o (TCU), que concedeu 120 dias para a regulariza\u00e7\u00e3o do programa. A decis\u00e3o do TCU permitiu a libera\u00e7\u00e3o de R$ 6 bilh\u00f5es bloqueados, permitindo\u2026","rel":"","context":"In &quot;Not\u00edcias de Ribeir\u00e3o Preto-SP e Regi\u00e3o&quot;","block_context":{"text":"Not\u00edcias de Ribeir\u00e3o Preto-SP e Regi\u00e3o","link":"https:\/\/noticiasribeiraopreto.com.br\/index.php\/category\/noticias-de-ribeirao-preto-sp-e-regiao-ismael-colosi\/"},"img":{"alt_text":"","src":"https:\/\/i0.wp.com\/noticiasribeiraopreto.com.br\/wp-content\/uploads\/2025\/02\/5e66982c-b6f2-4fdc-8144-86d15ec54380.webp.webp?fit=1170%2C700&ssl=1&resize=350%2C200","width":350,"height":200,"srcset":"https:\/\/i0.wp.com\/noticiasribeiraopreto.com.br\/wp-content\/uploads\/2025\/02\/5e66982c-b6f2-4fdc-8144-86d15ec54380.webp.webp?fit=1170%2C700&ssl=1&resize=350%2C200 1x, https:\/\/i0.wp.com\/noticiasribeiraopreto.com.br\/wp-content\/uploads\/2025\/02\/5e66982c-b6f2-4fdc-8144-86d15ec54380.webp.webp?fit=1170%2C700&ssl=1&resize=525%2C300 1.5x, https:\/\/i0.wp.com\/noticiasribeiraopreto.com.br\/wp-content\/uploads\/2025\/02\/5e66982c-b6f2-4fdc-8144-86d15ec54380.webp.webp?fit=1170%2C700&ssl=1&resize=700%2C400 2x, https:\/\/i0.wp.com\/noticiasribeiraopreto.com.br\/wp-content\/uploads\/2025\/02\/5e66982c-b6f2-4fdc-8144-86d15ec54380.webp.webp?fit=1170%2C700&ssl=1&resize=1050%2C600 3x"},"classes":[]}],"jetpack_sharing_enabled":true,"jetpack_shortlink":"https:\/\/wp.me\/peQAOb-7GO","_links":{"self":[{"href":"https:\/\/noticiasribeiraopreto.com.br\/index.php\/wp-json\/wp\/v2\/posts\/29562","targetHints":{"allow":["GET"]}}],"collection":[{"href":"https:\/\/noticiasribeiraopreto.com.br\/index.php\/wp-json\/wp\/v2\/posts"}],"about":[{"href":"https:\/\/noticiasribeiraopreto.com.br\/index.php\/wp-json\/wp\/v2\/types\/post"}],"author":[{"embeddable":true,"href":"https:\/\/noticiasribeiraopreto.com.br\/index.php\/wp-json\/wp\/v2\/users\/1"}],"replies":[{"embeddable":true,"href":"https:\/\/noticiasribeiraopreto.com.br\/index.php\/wp-json\/wp\/v2\/comments?post=29562"}],"version-history":[{"count":0,"href":"https:\/\/noticiasribeiraopreto.com.br\/index.php\/wp-json\/wp\/v2\/posts\/29562\/revisions"}],"wp:featuredmedia":[{"embeddable":true,"href":"https:\/\/noticiasribeiraopreto.com.br\/index.php\/wp-json\/wp\/v2\/media\/29563"}],"wp:attachment":[{"href":"https:\/\/noticiasribeiraopreto.com.br\/index.php\/wp-json\/wp\/v2\/media?parent=29562"}],"wp:term":[{"taxonomy":"category","embeddable":true,"href":"https:\/\/noticiasribeiraopreto.com.br\/index.php\/wp-json\/wp\/v2\/categories?post=29562"},{"taxonomy":"post_tag","embeddable":true,"href":"https:\/\/noticiasribeiraopreto.com.br\/index.php\/wp-json\/wp\/v2\/tags?post=29562"}],"curies":[{"name":"wp","href":"https:\/\/api.w.org\/{rel}","templated":true}]}}