{"id":29586,"date":"2024-01-18T19:10:10","date_gmt":"2024-01-18T22:10:10","guid":{"rendered":"https:\/\/noticiasribeiraopreto.com.br\/index.php\/2024\/01\/18\/nosso-lar-2-estreia-dia-25\/"},"modified":"2024-01-18T19:10:10","modified_gmt":"2024-01-18T22:10:10","slug":"nosso-lar-2-estreia-dia-25","status":"publish","type":"post","link":"https:\/\/noticiasribeiraopreto.com.br\/index.php\/2024\/01\/18\/nosso-lar-2-estreia-dia-25\/","title":{"rendered":"\u2018Nosso Lar 2\u2019 estreia dia 25 \u00a0"},"content":{"rendered":"<div class='code-block code-block-1' style='margin: 8px 0 8px auto; text-align: right; display: block; clear: both;'>\n<p><a href=\"https:\/\/wa.link\/vpicfd\"><img data-recalc-dims=\"1\" class=\"wp-image-4922\" style=\"aspect-ratio: 2.0253164556962027; width: 561px; height: auto;\" src=\"https:\/\/i0.wp.com\/ismaelcolosi.com.br\/wp-content\/uploads\/2023\/11\/grupo-de-empregos-whatsapp-e-facebook-ismael-colosi-vagas.jpg?ssl=1\" alt=\"\" \/><\/a><\/p>\n<!-- \/wp:image -->\n<\/div>\n<p> <br \/>\n<\/p>\n<div>\n<p><span data-contrast=\"auto\">Desde 11 de janeiro, o p\u00fablico j\u00e1 pode garantir os ingressos para assistir a \u201cNosso Lar 2 \u2013 Os Mensageiros\u201d, filme dirigido e roteirizado por Wagner de Assis. O segundo longa da franquia que foi sucesso em 2010 estreia oficialmente nas salas de cinema de todo o Brasil no dia 25. <\/span><\/p>\n<p><span data-contrast=\"auto\">As vendas est\u00e3o abertas tanto nas bilheterias f\u00edsicas quanto na internet. Consulte o cinema mais pr\u00f3ximo dispon\u00edvel e de sua prefer\u00eancia. Para mais informa\u00e7\u00f5es de sess\u00f5es, datas e hor\u00e1rios, acesse os sites Ingresso.com e Velox Tickets.<\/span><\/p>\n<p><span data-contrast=\"auto\">Com produ\u00e7\u00e3o da Cin\u00e9tica Filmes, em coprodu\u00e7\u00e3o com Star Original Productions, distribui\u00e7\u00e3o da Star Distribution e apoio da Globo Filmes, \u201cNosso Lar 2 \u2013 Os Mensageiros\u201d traz uma hist\u00f3ria de amor, perd\u00e3o e f\u00e9. O novo filme da franquia \u00e9 baseado no best-seller \u201cOs Mensageiros\u201d, de Chico Xavier (1910-2002), lan\u00e7ado pela Federa\u00e7\u00e3o Esp\u00edrita Brasileira. <\/span><\/p>\n<p><span data-contrast=\"auto\">O longa acompanha o m\u00e9dico Andr\u00e9 Luiz (Renato Prieto), que se junta a um grupo de esp\u00edritos mensageiros da cidade espiritual Nosso Lar, liderados por Aniceto (Edson Celulari), na miss\u00e3o de ajudar a salvar projetos de vidas que est\u00e3o prestes a fracassar, entre eles Ot\u00e1vio (Felipe de Carolis), Isidoro (Mouhamed Harfouch) e Fernando (Rafa Sieg).<\/span><\/p>\n<p><span data-contrast=\"auto\">O elenco traz outros grandes nomes: F\u00e1bio Lago, como o mensageiro Vicente; Vanessa Gerbelli, como Amanda, Julianne Trevisol como Isabel e Fernanda Rodrigues no papel de Isis. Ainda integram o time de estrelas Aline Prado, Nando Brand\u00e3o, Jo\u00e3o Barreto, Let\u00edcia Braga e Camila Lucciola.<\/span><\/p>\n<p><span data-contrast=\"auto\">Ainda haver\u00e1 a participa\u00e7\u00e3o especial de Othon Bastos, como governador da cidade espiritual, e Ju Colombo, uma das ministras da cidade espiritual. Iafa Britz, nome \u00e0 frente da franquia \u201cMinha M\u00e3e \u00c9 Uma Pe\u00e7a\u201d e do primeiro filme da sequ\u00eancia \u201cNosso Lar\u201d, que levou mais de quatro milh\u00f5es de pessoas aos cinemas em 2010, tamb\u00e9m assina a produ\u00e7\u00e3o.<\/span><\/p>\n<p><b><span data-contrast=\"auto\">Sinopse oficial \u2013 <\/span><\/b><span data-contrast=\"auto\">O m\u00e9dico Andr\u00e9 Luiz (Renato Prieto) junta-se a um grupo de anjos da guarda da cidade Nosso Lar, liderados por Aniceto (Edson Celulari), para a miss\u00e3o de ajudar a salvar projetos de vidas que est\u00e3o prestes a fracassar. <\/span><\/p>\n<p><span data-contrast=\"auto\">Juntos, eles se dedicam a cuidar de tr\u00eas protegidos cujas hist\u00f3rias est\u00e3o interligadas: Ot\u00e1vio (Felipe de Carolis), um jovem com um dom incomum e uma vida promissora, mas que se desvirtua no caminho; Isidoro (Mouhamed Harfouch), l\u00edder de um centro de caridade, e Fernando (Rafa Sieg), empres\u00e1rio respons\u00e1vel pelo financiamento do projeto. Guiados pelo poder de transforma\u00e7\u00e3o do amor e do perd\u00e3o, os Mensageiros v\u00e3o tentar resgatar essas hist\u00f3rias, at\u00e9 mesmo quando tudo parece perdido. <\/span><\/p>\n<p><b><span data-contrast=\"auto\">Wagner de Assis \u2013 <\/span><\/b><span data-contrast=\"auto\">Wagner de Assis, carioca, \u00e9 diretor, roteirista e produtor. Respons\u00e1vel pelos longas \u201cA Cartomante\u201d, \u201cNosso Lar\u201d, \u201cA Menina \u00cdndigo\u201d e \u201cAmor Assombrado\u201d, \u201cNingu\u00e9m \u00e9 de Ningu\u00e9m\u201d, al\u00e9m da dire\u00e7\u00e3o e roteiro da cinebiografia \u201cKardec\u201d. <\/span><\/p>\n<p><span data-contrast=\"auto\">Assina tamb\u00e9m a produ\u00e7\u00e3o de document\u00e1rios como \u201cOs Transgressores\u201d e \u201cQue Gera\u00e7\u00e3o \u00e9 Essa?\u201d. Foi autor de s\u00e9ries para TV como \u201cRondon, o grande-chefe\u201d e autor-colaborador de novelas como \u201cAl\u00e9m do Tempo\u201d e \u201cEspelho da Vida\u201d, da TV Globo. \u00c9 respons\u00e1vel pela empresa Cin\u00e9tica Filmes, fundada em 1997.<\/span><\/p>\n<p><b><span data-contrast=\"auto\">Servi\u00e7o<\/span><\/b><br \/><b><span data-contrast=\"auto\">Filme:<\/span><\/b><span data-contrast=\"auto\"> \u201cNosso Lar <\/span>\u00a0<span data-contrast=\"auto\">2 \u2013 Os Mensageiros\u201d<\/span><br \/><b><span data-contrast=\"auto\">Elenco:<\/span><\/b><span data-contrast=\"auto\"> Renato Prieto, <\/span>\u00a0<span data-contrast=\"auto\">Edson Celulari, <\/span>\u00a0<span data-contrast=\"auto\">Felipe de Carolis, <\/span>\u00a0<span data-contrast=\"auto\">Mouhamed Harfouch, <\/span>\u00a0<span data-contrast=\"auto\">Rafa Sieg, F\u00e1bio Lago, <\/span><span data-contrast=\"auto\">Vanessa Gerbelli, <\/span>\u00a0<span data-contrast=\"auto\">Julianne Trevisol, <\/span>\u00a0<span data-contrast=\"auto\">Fernanda Rodrigues, <\/span>\u00a0<span data-contrast=\"auto\">Aline Prado, Nando <\/span>\u00a0<span data-contrast=\"auto\">Brand\u00e3o, Jo\u00e3o Barreto, <\/span><span data-contrast=\"auto\">Let\u00edcia Braga, Camila <\/span>\u00a0<span data-contrast=\"auto\">Lucciola, Othon <\/span>\u00a0<span data-contrast=\"auto\">Bastos e Ju Colombo<\/span><br \/><b><span data-contrast=\"auto\">Estreia:<\/span><\/b><span data-contrast=\"auto\"> 25 de janeiro<\/span><br \/><b><span data-contrast=\"auto\">Ingressos:<\/span><\/b><span data-contrast=\"auto\"> Ingresso.com <\/span>\u00a0<span data-contrast=\"auto\">e Velox Tickets<\/span><br \/><span data-ccp-props=\"{&quot;201341983&quot;:0,&quot;335559739&quot;:200,&quot;335559740&quot;:276}\">\u00a0<\/span><\/p>\n<p><span data-ccp-props=\"{&quot;201341983&quot;:0,&quot;335559739&quot;:200,&quot;335559740&quot;:276}\">\u00a0<\/span><\/p>\n<\/div>\n<p><br \/>\n<br \/><a href=\"https:\/\/www.tribunaribeirao.com.br\/site\/nosso-lar-2-estreia-dia-25\/\">Source link <\/a><\/p>\n<!-- CONTENT END 1 -->\n","protected":false},"excerpt":{"rendered":"<p>Desde 11 de janeiro, o p\u00fablico j\u00e1 pode garantir os ingressos para assistir a \u201cNosso Lar 2 \u2013 Os Mensageiros\u201d, filme dirigido e roteirizado por&#8230;<\/p>\n","protected":false},"author":1,"featured_media":29587,"comment_status":"open","ping_status":"open","sticky":false,"template":"","format":"standard","meta":{"advanced_seo_description":"","jetpack_seo_html_title":"","jetpack_seo_noindex":false,"jetpack_post_was_ever_published":false,"_jetpack_newsletter_access":"","_jetpack_dont_email_post_to_subs":false,"_jetpack_newsletter_tier_id":0,"_jetpack_memberships_contains_paywalled_content":false,"_jetpack_memberships_contains_paid_content":false,"footnotes":"","jetpack_publicize_message":"","jetpack_publicize_feature_enabled":true,"jetpack_social_post_already_shared":true,"jetpack_social_options":{"image_generator_settings":{"template":"highway","default_image_id":0,"font":"","enabled":false},"version":2}},"categories":[11],"tags":[142,1785,3005,3684],"class_list":["post-29586","post","type-post","status-publish","format-standard","has-post-thumbnail","hentry","category-noticias-de-ribeirao-preto-sp-e-regiao-ismael-colosi","tag-dia","tag-estreia","tag-lar","tag-nosso"],"jetpack_publicize_connections":[],"jetpack_featured_media_url":"https:\/\/i0.wp.com\/noticiasribeiraopreto.com.br\/wp-content\/uploads\/2024\/01\/NossoLAR-Fer-Janis-Alencar-04-scaled.jpg?fit=967%2C645&ssl=1","jetpack-related-posts":[{"id":38586,"url":"https:\/\/noticiasribeiraopreto.com.br\/index.php\/2024\/02\/20\/cinemas-de-ribeirao-terao-ingressos-por-r-12-veja-quando\/","url_meta":{"origin":29586,"position":0},"title":"Cinemas de Ribeir\u00e3o ter\u00e3o ingressos por R$ 12; Veja quando","author":"noticiasribeiraopreto.com.br","date":"20 de February de 2024","format":false,"excerpt":"Ribeir\u00e3o Preto ter\u00e1 ingressos de cinema a R$ 12 a partir desta quinta-feira (22). A a\u00e7\u00e3o, que oferece ingressos para sess\u00f5es 2D faz parte da Semana do Cinema, e acontece at\u00e9 a pr\u00f3xima quarta-feira, 28 de fevereiro. Al\u00e9m de entradas mais baratas, algumas redes oferecer\u00e3o combos de pipoca e bebida\u2026","rel":"","context":"In &quot;Not\u00edcias de Ribeir\u00e3o Preto-SP e Regi\u00e3o&quot;","block_context":{"text":"Not\u00edcias de Ribeir\u00e3o Preto-SP e Regi\u00e3o","link":"https:\/\/noticiasribeiraopreto.com.br\/index.php\/category\/noticias-de-ribeirao-preto-sp-e-regiao-ismael-colosi\/"},"img":{"alt_text":"","src":"https:\/\/i0.wp.com\/noticiasribeiraopreto.com.br\/wp-content\/uploads\/2024\/02\/cinema_filme_1024x576_02102020113512.jpg?fit=1024%2C576&ssl=1&resize=350%2C200","width":350,"height":200,"srcset":"https:\/\/i0.wp.com\/noticiasribeiraopreto.com.br\/wp-content\/uploads\/2024\/02\/cinema_filme_1024x576_02102020113512.jpg?fit=1024%2C576&ssl=1&resize=350%2C200 1x, https:\/\/i0.wp.com\/noticiasribeiraopreto.com.br\/wp-content\/uploads\/2024\/02\/cinema_filme_1024x576_02102020113512.jpg?fit=1024%2C576&ssl=1&resize=525%2C300 1.5x, https:\/\/i0.wp.com\/noticiasribeiraopreto.com.br\/wp-content\/uploads\/2024\/02\/cinema_filme_1024x576_02102020113512.jpg?fit=1024%2C576&ssl=1&resize=700%2C400 2x"},"classes":[]},{"id":39219,"url":"https:\/\/noticiasribeiraopreto.com.br\/index.php\/2024\/02\/23\/confira-os-filmes-em-cartaz-em-ribeirao-preto-com-ingressos-a-r-12\/","url_meta":{"origin":29586,"position":1},"title":"Confira os filmes em cartaz em Ribeir\u00e3o Preto com ingressos a R$ 12","author":"noticiasribeiraopreto.com.br","date":"23 de February de 2024","format":false,"excerpt":"Come\u00e7ou nesta quinta-feira (22), a Semana do Cinema em todo o pa\u00eds e as salas de Ribeir\u00e3o Preto aderiram \u00e0 campanha que oferece ingressos a R$ 12 at\u00e9 a pr\u00f3xima quinta-feira (28). Al\u00e9m de entradas mais baratas, algumas redes oferecer\u00e3o combos de pipoca e bebida com pre\u00e7os promocionais. O desconto\u2026","rel":"","context":"In &quot;Not\u00edcias de Ribeir\u00e3o Preto-SP e Regi\u00e3o&quot;","block_context":{"text":"Not\u00edcias de Ribeir\u00e3o Preto-SP e Regi\u00e3o","link":"https:\/\/noticiasribeiraopreto.com.br\/index.php\/category\/noticias-de-ribeirao-preto-sp-e-regiao-ismael-colosi\/"},"img":{"alt_text":"","src":"https:\/\/i0.wp.com\/noticiasribeiraopreto.com.br\/wp-content\/uploads\/2024\/02\/movie-theater-2502213_1280.jpg?fit=1200%2C800&ssl=1&resize=350%2C200","width":350,"height":200,"srcset":"https:\/\/i0.wp.com\/noticiasribeiraopreto.com.br\/wp-content\/uploads\/2024\/02\/movie-theater-2502213_1280.jpg?fit=1200%2C800&ssl=1&resize=350%2C200 1x, https:\/\/i0.wp.com\/noticiasribeiraopreto.com.br\/wp-content\/uploads\/2024\/02\/movie-theater-2502213_1280.jpg?fit=1200%2C800&ssl=1&resize=525%2C300 1.5x, https:\/\/i0.wp.com\/noticiasribeiraopreto.com.br\/wp-content\/uploads\/2024\/02\/movie-theater-2502213_1280.jpg?fit=1200%2C800&ssl=1&resize=700%2C400 2x, https:\/\/i0.wp.com\/noticiasribeiraopreto.com.br\/wp-content\/uploads\/2024\/02\/movie-theater-2502213_1280.jpg?fit=1200%2C800&ssl=1&resize=1050%2C600 3x"},"classes":[]},{"id":63732,"url":"https:\/\/noticiasribeiraopreto.com.br\/index.php\/2025\/02\/20\/o-brutalista-e-flow-estao-entre-as-estreias-nos-cinemas-de-ribeirao-preto\/","url_meta":{"origin":29586,"position":2},"title":"\u2018O Brutalista\u2019 e \u2018Flow\u2019 est\u00e3o entre as estreias nos cinemas de Ribeir\u00e3o Preto","author":"noticiasribeiraopreto.com.br","date":"20 de February de 2025","format":false,"excerpt":"Quinta-feira \u00e9 dia de conhecer as novidades que entram em cartaz nos cinemas de Ribeir\u00e3o Preto. Nesta semana, a programa\u00e7\u00e3o conta com cinco novas produ\u00e7\u00f5es dispon\u00edveis. Os destaques da programa\u00e7\u00e3o \u00e9 a anima\u00e7\u00e3o indicada ao Oscar 2025 \u201cFlow\u201d e o drama \u201cO Brutalista\u201d, que tamb\u00e9m recebeu indica\u00e7\u00f5es. Ribeir\u00e3o Preto conta\u2026","rel":"","context":"In &quot;Not\u00edcias de Ribeir\u00e3o Preto-SP e Regi\u00e3o&quot;","block_context":{"text":"Not\u00edcias de Ribeir\u00e3o Preto-SP e Regi\u00e3o","link":"https:\/\/noticiasribeiraopreto.com.br\/index.php\/category\/noticias-de-ribeirao-preto-sp-e-regiao-ismael-colosi\/"},"img":{"alt_text":"","src":"https:\/\/i0.wp.com\/noticiasribeiraopreto.com.br\/wp-content\/uploads\/2025\/02\/adrien-brody-brutalist-Laszlo-Toth_2025-02-20_12-51-56.webp.webp?fit=800%2C450&ssl=1&resize=350%2C200","width":350,"height":200,"srcset":"https:\/\/i0.wp.com\/noticiasribeiraopreto.com.br\/wp-content\/uploads\/2025\/02\/adrien-brody-brutalist-Laszlo-Toth_2025-02-20_12-51-56.webp.webp?fit=800%2C450&ssl=1&resize=350%2C200 1x, https:\/\/i0.wp.com\/noticiasribeiraopreto.com.br\/wp-content\/uploads\/2025\/02\/adrien-brody-brutalist-Laszlo-Toth_2025-02-20_12-51-56.webp.webp?fit=800%2C450&ssl=1&resize=525%2C300 1.5x, https:\/\/i0.wp.com\/noticiasribeiraopreto.com.br\/wp-content\/uploads\/2025\/02\/adrien-brody-brutalist-Laszlo-Toth_2025-02-20_12-51-56.webp.webp?fit=800%2C450&ssl=1&resize=700%2C400 2x"},"classes":[]},{"id":56632,"url":"https:\/\/noticiasribeiraopreto.com.br\/index.php\/2024\/08\/15\/cinema-faz-maratona-de-harry-potter-com-os-tres-primeiros-filmes-da-franquia\/","url_meta":{"origin":29586,"position":3},"title":"Cinema faz maratona de Harry Potter com os tr\u00eas primeiros filmes da franquia","author":"noticiasribeiraopreto.com.br","date":"15 de August de 2024","format":false,"excerpt":"Para os f\u00e3s de Harry Potter, a rede de cinema UCI traz uma maratona dos tr\u00eas primeiros filmes da saga. \u201cHarry Potter e a Pedra Filosofal\u201d, \u201cHarry Potter e a C\u00e2mera Secreta\u201d e \u201cHarry Potter e o Prisioneiro de Azkaban\u201d, ganham espa\u00e7o na programa\u00e7\u00e3o das telonas no pr\u00f3ximo dia 31\u2026","rel":"","context":"In &quot;Not\u00edcias de Ribeir\u00e3o Preto-SP e Regi\u00e3o&quot;","block_context":{"text":"Not\u00edcias de Ribeir\u00e3o Preto-SP e Regi\u00e3o","link":"https:\/\/noticiasribeiraopreto.com.br\/index.php\/category\/noticias-de-ribeirao-preto-sp-e-regiao-ismael-colosi\/"},"img":{"alt_text":"","src":"https:\/\/i0.wp.com\/noticiasribeiraopreto.com.br\/wp-content\/uploads\/2024\/08\/de835d37-b10e-425b-92a2-d899effab108_2024-08-15_13-18-38_jpg_2024-08-15_13-18-38.webp.webp?fit=1100%2C600&ssl=1&resize=350%2C200","width":350,"height":200,"srcset":"https:\/\/i0.wp.com\/noticiasribeiraopreto.com.br\/wp-content\/uploads\/2024\/08\/de835d37-b10e-425b-92a2-d899effab108_2024-08-15_13-18-38_jpg_2024-08-15_13-18-38.webp.webp?fit=1100%2C600&ssl=1&resize=350%2C200 1x, https:\/\/i0.wp.com\/noticiasribeiraopreto.com.br\/wp-content\/uploads\/2024\/08\/de835d37-b10e-425b-92a2-d899effab108_2024-08-15_13-18-38_jpg_2024-08-15_13-18-38.webp.webp?fit=1100%2C600&ssl=1&resize=525%2C300 1.5x, https:\/\/i0.wp.com\/noticiasribeiraopreto.com.br\/wp-content\/uploads\/2024\/08\/de835d37-b10e-425b-92a2-d899effab108_2024-08-15_13-18-38_jpg_2024-08-15_13-18-38.webp.webp?fit=1100%2C600&ssl=1&resize=700%2C400 2x, https:\/\/i0.wp.com\/noticiasribeiraopreto.com.br\/wp-content\/uploads\/2024\/08\/de835d37-b10e-425b-92a2-d899effab108_2024-08-15_13-18-38_jpg_2024-08-15_13-18-38.webp.webp?fit=1100%2C600&ssl=1&resize=1050%2C600 3x"},"classes":[]},{"id":61426,"url":"https:\/\/noticiasribeiraopreto.com.br\/index.php\/2024\/12\/12\/kraven-e-uma-das-estreias-da-semana-nos-cinemas-de-ribeirao-preto\/","url_meta":{"origin":29586,"position":4},"title":"\u2018Kraven\u2019 \u00e9 uma das estreias da semana nos cinemas de Ribeir\u00e3o Preto","author":"noticiasribeiraopreto.com.br","date":"12 de December de 2024","format":false,"excerpt":"Os cinemas de Ribeir\u00e3o Preto recebem nesta quinta-feira (12) tr\u00eas novos filmes na programa\u00e7\u00e3o. O destaque da semana \u00e9 o filme \u201cKraven \u2013 O Ca\u00e7ador\u201d \u2013 A assista ao trailer abaixo. Ribeir\u00e3o Preto conta com quatro cinemas, o UCI localizado no Ribeir\u00e3oShopping, o Cinep\u00f3lis nos shoppings Santa \u00darsula e Iguatemi\u2026","rel":"","context":"In &quot;Not\u00edcias de Ribeir\u00e3o Preto-SP e Regi\u00e3o&quot;","block_context":{"text":"Not\u00edcias de Ribeir\u00e3o Preto-SP e Regi\u00e3o","link":"https:\/\/noticiasribeiraopreto.com.br\/index.php\/category\/noticias-de-ribeirao-preto-sp-e-regiao-ismael-colosi\/"},"img":{"alt_text":"","src":"https:\/\/i0.wp.com\/noticiasribeiraopreto.com.br\/wp-content\/uploads\/2024\/12\/kraven-o-cacador-filme-trailer-aaron-taylor-johnson-foto-divulgacao-1_2024-12-12_14-37-45_jpg_2024-12-12_14-37-45.webp.webp?fit=1200%2C675&ssl=1&resize=350%2C200","width":350,"height":200,"srcset":"https:\/\/i0.wp.com\/noticiasribeiraopreto.com.br\/wp-content\/uploads\/2024\/12\/kraven-o-cacador-filme-trailer-aaron-taylor-johnson-foto-divulgacao-1_2024-12-12_14-37-45_jpg_2024-12-12_14-37-45.webp.webp?fit=1200%2C675&ssl=1&resize=350%2C200 1x, https:\/\/i0.wp.com\/noticiasribeiraopreto.com.br\/wp-content\/uploads\/2024\/12\/kraven-o-cacador-filme-trailer-aaron-taylor-johnson-foto-divulgacao-1_2024-12-12_14-37-45_jpg_2024-12-12_14-37-45.webp.webp?fit=1200%2C675&ssl=1&resize=525%2C300 1.5x, https:\/\/i0.wp.com\/noticiasribeiraopreto.com.br\/wp-content\/uploads\/2024\/12\/kraven-o-cacador-filme-trailer-aaron-taylor-johnson-foto-divulgacao-1_2024-12-12_14-37-45_jpg_2024-12-12_14-37-45.webp.webp?fit=1200%2C675&ssl=1&resize=700%2C400 2x, https:\/\/i0.wp.com\/noticiasribeiraopreto.com.br\/wp-content\/uploads\/2024\/12\/kraven-o-cacador-filme-trailer-aaron-taylor-johnson-foto-divulgacao-1_2024-12-12_14-37-45_jpg_2024-12-12_14-37-45.webp.webp?fit=1200%2C675&ssl=1&resize=1050%2C600 3x"},"classes":[]},{"id":18130,"url":"https:\/\/noticiasribeiraopreto.com.br\/index.php\/2023\/12\/19\/filme-da-banda-mamonas-assassinas-estreia-no-dia-28\/","url_meta":{"origin":29586,"position":5},"title":"Filme da banda Mamonas Assassinas estreia no dia 28\u00a0","author":"noticiasribeiraopreto.com.br","date":"19 de December de 2023","format":false,"excerpt":"Na d\u00e9cada de 1990, cinco jovens de Guarulhos, na Grande S\u00e3o Paulo,\u00a0 conquistaram o Brasil por meio da m\u00fasica e se tornaram eternos. Dinho, S\u00e9rgio, Samuel, J\u00falio e Bento foram os integrantes da emblem\u00e1tica banda Mamonas Assassinas e marcaram uma gera\u00e7\u00e3o.Para contar a hist\u00f3ria da banda e como alcan\u00e7ou tanto\u2026","rel":"","context":"In &quot;Not\u00edcias de Ribeir\u00e3o Preto-SP e Regi\u00e3o&quot;","block_context":{"text":"Not\u00edcias de Ribeir\u00e3o Preto-SP e Regi\u00e3o","link":"https:\/\/noticiasribeiraopreto.com.br\/index.php\/category\/noticias-de-ribeirao-preto-sp-e-regiao-ismael-colosi\/"},"img":{"alt_text":"","src":"https:\/\/i0.wp.com\/noticiasribeiraopreto.com.br\/wp-content\/uploads\/2023\/12\/Mamonas-1.jpg?fit=800%2C533&ssl=1&resize=350%2C200","width":350,"height":200,"srcset":"https:\/\/i0.wp.com\/noticiasribeiraopreto.com.br\/wp-content\/uploads\/2023\/12\/Mamonas-1.jpg?fit=800%2C533&ssl=1&resize=350%2C200 1x, https:\/\/i0.wp.com\/noticiasribeiraopreto.com.br\/wp-content\/uploads\/2023\/12\/Mamonas-1.jpg?fit=800%2C533&ssl=1&resize=525%2C300 1.5x, https:\/\/i0.wp.com\/noticiasribeiraopreto.com.br\/wp-content\/uploads\/2023\/12\/Mamonas-1.jpg?fit=800%2C533&ssl=1&resize=700%2C400 2x"},"classes":[]}],"jetpack_sharing_enabled":true,"jetpack_shortlink":"https:\/\/wp.me\/peQAOb-7Hc","_links":{"self":[{"href":"https:\/\/noticiasribeiraopreto.com.br\/index.php\/wp-json\/wp\/v2\/posts\/29586","targetHints":{"allow":["GET"]}}],"collection":[{"href":"https:\/\/noticiasribeiraopreto.com.br\/index.php\/wp-json\/wp\/v2\/posts"}],"about":[{"href":"https:\/\/noticiasribeiraopreto.com.br\/index.php\/wp-json\/wp\/v2\/types\/post"}],"author":[{"embeddable":true,"href":"https:\/\/noticiasribeiraopreto.com.br\/index.php\/wp-json\/wp\/v2\/users\/1"}],"replies":[{"embeddable":true,"href":"https:\/\/noticiasribeiraopreto.com.br\/index.php\/wp-json\/wp\/v2\/comments?post=29586"}],"version-history":[{"count":0,"href":"https:\/\/noticiasribeiraopreto.com.br\/index.php\/wp-json\/wp\/v2\/posts\/29586\/revisions"}],"wp:featuredmedia":[{"embeddable":true,"href":"https:\/\/noticiasribeiraopreto.com.br\/index.php\/wp-json\/wp\/v2\/media\/29587"}],"wp:attachment":[{"href":"https:\/\/noticiasribeiraopreto.com.br\/index.php\/wp-json\/wp\/v2\/media?parent=29586"}],"wp:term":[{"taxonomy":"category","embeddable":true,"href":"https:\/\/noticiasribeiraopreto.com.br\/index.php\/wp-json\/wp\/v2\/categories?post=29586"},{"taxonomy":"post_tag","embeddable":true,"href":"https:\/\/noticiasribeiraopreto.com.br\/index.php\/wp-json\/wp\/v2\/tags?post=29586"}],"curies":[{"name":"wp","href":"https:\/\/api.w.org\/{rel}","templated":true}]}}