{"id":29592,"date":"2024-01-18T19:28:36","date_gmt":"2024-01-18T22:28:36","guid":{"rendered":"https:\/\/noticiasribeiraopreto.com.br\/index.php\/2024\/01\/18\/jogo-entre-botafogo-e-santos-tera-linha-especial-de-onibus-em-ribeirao-preto-veja-o-itinerario\/"},"modified":"2024-01-18T19:28:36","modified_gmt":"2024-01-18T22:28:36","slug":"jogo-entre-botafogo-e-santos-tera-linha-especial-de-onibus-em-ribeirao-preto-veja-o-itinerario","status":"publish","type":"post","link":"https:\/\/noticiasribeiraopreto.com.br\/index.php\/2024\/01\/18\/jogo-entre-botafogo-e-santos-tera-linha-especial-de-onibus-em-ribeirao-preto-veja-o-itinerario\/","title":{"rendered":"Jogo entre Botafogo e Santos ter\u00e1 linha especial de \u00f4nibus em Ribeir\u00e3o Preto; Veja o itiner\u00e1rio"},"content":{"rendered":"<div class='code-block code-block-1' style='margin: 8px 0 8px auto; text-align: right; display: block; clear: both;'>\n<p><a href=\"https:\/\/wa.link\/vpicfd\"><img data-recalc-dims=\"1\" class=\"wp-image-4922\" style=\"aspect-ratio: 2.0253164556962027; width: 561px; height: auto;\" src=\"https:\/\/i0.wp.com\/ismaelcolosi.com.br\/wp-content\/uploads\/2023\/11\/grupo-de-empregos-whatsapp-e-facebook-ismael-colosi-vagas.jpg?ssl=1\" alt=\"\" \/><\/a><\/p>\n<!-- \/wp:image -->\n<\/div>\n<p> <br \/>\n<\/p>\n<div>\n<p>Quem for acompanhar a partida entre o <strong>Botafogo <\/strong>e o <strong>Santos<\/strong>, pela primeira rodada do <strong>Campeonato Paulista S\u00e9rie A1<\/strong>, neste <strong>s\u00e1bado (20)<\/strong>, contar\u00e1 com uma <strong>linha especial de \u00f4nibus<\/strong>.<\/p>\n<p>A disputa entre os dois times acontece \u00e0s 18h, no Est\u00e1dio Santa Cruz, em <strong>Ribeir\u00e3o Preto<\/strong>. <mark style=\"background-color:#fcb900\" class=\"has-inline-color\">Vale lembrar que no dia ser\u00e1 feriado municipal de S\u00e3o Sebasti\u00e3o.<\/mark><\/p>\n<p>De acordo com a <strong>Prefeitura<\/strong>, a implanta\u00e7\u00e3o da nova linha atende uma determina\u00e7\u00e3o da <strong>RP Mobi<\/strong>, empresa que gerencia o tr\u00e2nsito e o transporte urbano na cidade.<\/p>\n<p><strong>No dia do jogo a linha especial dever\u00e1 iniciar o atendimento a partir das 16h e a frota m\u00ednima ser\u00e1 de dois ve\u00edculos, com intervalo m\u00e1ximo de 30 minutos.<\/strong><\/p>\n<p>Al\u00e9m da rota exclusiva, as linhas <strong>203 \u2013 Ribeir\u00e2nia<\/strong>, <strong>148 \u2013 Santa Cruz \/ Alto do Ipiranga<\/strong>, <strong>403 \u2013 Jardim Manoel Penna<\/strong> e <strong>503 \u2013 Recreio das Ac\u00e1cias<\/strong>, dever\u00e3o ser suplementadas com ve\u00edculos extras para atender \u00e0 demanda de usu\u00e1rios com interesse no evento.<\/p>\n<h4 class=\"wp-block-heading\"><strong>Interdi\u00e7\u00e3o<\/strong> <strong>parcial<\/strong><\/h4>\n<p>Agentes de tr\u00e2nsito, juntamente com o efetivo de policiais militares, <strong>interditar\u00e1 parcialmente as principais vias de acesso ao est\u00e1dio<\/strong>, principalmente, os trechos em frente \u00e0s entradas, sendo na <strong>avenida Cost\u00e1bile Romano<\/strong> e no entorno da <strong>rua Ov\u00eddio Jos\u00e9 de Faria<\/strong>.<\/p>\n<p>A RP Mobi informa que os agentes estar\u00e3o nas proximidades do est\u00e1dio para garantir melhor fluidez do tr\u00e2nsito.<\/p>\n<h4 class=\"wp-block-heading\"><strong>Veja os hor\u00e1rios da linha especial<\/strong><\/h4>\n<p>Terminal Urbano \/ Plataforma B \/ Ponto 3<\/p>\n<p>Hor\u00e1rios: 16h \u2013 16h30 \u2013 17h \u2013 17h30<\/p>\n<p>Avenida Maur\u00edlio Biagi (Ponto 1664)<\/p>\n<p>Hor\u00e1rios: 20h30 \u2013 20h50 \u2013 21h20 \u2013 21h40<\/p>\n<h4 class=\"wp-block-heading\"><strong>Confira os Itiner\u00e1rios<\/strong><\/h4>\n<p>Terminal Urbano \/ Plataforma B \/ Ponto 3<\/p>\n<p>Alameda Botafogo<\/p>\n<p>Retorno<\/p>\n<p>Rua Jos\u00e9 Bonif\u00e1cio<\/p>\n<p>Rua Am\u00e9rico Brasiliense<\/p>\n<p>Rua Bar\u00e3o do Amazonas<\/p>\n<p>Rua Duque de Caxias \/ Pra\u00e7a Carlos Gomes<\/p>\n<p>Rua Tibiri\u00e7\u00e1<\/p>\n<p>Avenida Dr. Francisco Junqueira<\/p>\n<p>Avenida Maur\u00edlio Biagi<\/p>\n<p>1\u00ba retorno (Ap\u00f3s Viaduto Ayrton Senna)<\/p>\n<p>Avenida Maur\u00edlio Biagi (Pista Bairro\/Centro)<\/p>\n<p>Acesso \u00e0 Av. Costabile Romano<\/p>\n<p>Avenida Costabile Romano (Pista Centro-Bairro)<\/p>\n<p>Avenida Costabile Romano \/ Est\u00e1dio Santa Cruz<\/p>\n<p>Avenida Costabile Romano \/ Est\u00e1dio Santa Cruz<\/p>\n<p>Avenida Costabile Romano (pista Bairro\/Centro)<\/p>\n<p>Acesso \u00e0 avenida Dr. Francisco Junqueira<\/p>\n<p>Avenida Dr. Francisco Junqueira<\/p>\n<p>Rua Fernando Costa<\/p>\n<p>Rua Camilo de Mattos<\/p>\n<p>Rua da Liberdade<\/p>\n<p>Rua Cerqueira C\u00e9sar<\/p>\n<p>Rua Duque de Caxias \/ Pra\u00e7a Carlos Gomes<\/p>\n<p>Avenida Jer\u00f4nimo Gon\u00e7alves<\/p>\n<p>Terminal Urbano \/ Plataforma B \/ Ponto 3<\/p>\n<p>SAIBA MAIS<\/p>\n<p>Ribeir\u00e3o tem Encontro de Fuscas com show de rock, food truck e chope; Veja quando<\/p>\n<p><strong><mark style=\"background-color:#fcb900\" class=\"has-inline-color\">FIQUE ON<\/mark><\/strong><\/p>\n<p>Fique ligado em tudo que acontece em Ribeir\u00e3o Preto e regi\u00e3o. Siga os perfis do\u00a0<strong>acidade on<\/strong>\u00a0no\u00a0<a href=\"https:\/\/www.instagram.com\/acidadeonribeirao\" target=\"_blank\" rel=\"noreferrer noopener\">Instagram\u00a0<\/a>e no<a href=\"https:\/\/www.facebook.com\/acidadeonribeirao\" target=\"_blank\" rel=\"noreferrer noopener\">\u00a0Facebook<\/a>.<\/p>\n<p>Receba not\u00edcias do\u00a0<strong>acidade on\u00a0<\/strong>no WhatsApp.\u00a0<a href=\"https:\/\/chat.whatsapp.com\/Bnv2w66ZT4VDyZW3oiZ69n\" target=\"_blank\" rel=\"noreferrer noopener\">Para entrar no grupo, basta clicar aqui.<\/a><\/p>\n<p>Fa\u00e7a uma den\u00fancia ou sugira uma reportagem sobre Ribeir\u00e3o Preto e regi\u00e3o pelo WhatsApp: 16 99117 7802.<\/p>\n<p>VEJA TAMB\u00c9M<\/p>\n<p>\u201cRenascer\u201d: veja quem \u00e9 quem na nova vers\u00e3o da novela<\/p>\n<p><!-- AI CONTENT END 1 -->\n<\/div>\n<p><script async src=\"\/\/www.instagram.com\/embed.js\"><\/script><br \/>\n<br \/><br \/>\n<br \/><a href=\"https:\/\/www.acidadeon.com\/ribeiraopreto\/esportes\/jogo-entre-botafogo-e-santos-tera-linha-especial-de-onibus-em-ribeirao-preto-veja-o-itinerario\/\">Source link <\/a><\/p>\n<!-- CONTENT END 1 -->\n","protected":false},"excerpt":{"rendered":"<p>Quem for acompanhar a partida entre o Botafogo e o Santos, pela primeira rodada do Campeonato Paulista S\u00e9rie A1, neste s\u00e1bado (20), contar\u00e1 com uma&#8230;<\/p>\n","protected":false},"author":1,"featured_media":29593,"comment_status":"open","ping_status":"open","sticky":false,"template":"","format":"standard","meta":{"advanced_seo_description":"","jetpack_seo_html_title":"","jetpack_seo_noindex":false,"jetpack_post_was_ever_published":false,"_jetpack_newsletter_access":"","_jetpack_dont_email_post_to_subs":false,"_jetpack_newsletter_tier_id":0,"_jetpack_memberships_contains_paywalled_content":false,"_jetpack_memberships_contains_paid_content":false,"footnotes":"","jetpack_publicize_message":"","jetpack_publicize_feature_enabled":true,"jetpack_social_post_already_shared":true,"jetpack_social_options":{"image_generator_settings":{"template":"highway","default_image_id":0,"font":"","enabled":false},"version":2}},"categories":[11],"tags":[52,389,923,1161,1195,1158,335,27,26,1349,679,48],"class_list":["post-29592","post","type-post","status-publish","format-standard","has-post-thumbnail","hentry","category-noticias-de-ribeirao-preto-sp-e-regiao-ismael-colosi","tag-botafogo","tag-entre","tag-especial","tag-itinerario","tag-jogo","tag-linha","tag-onibus","tag-preto","tag-ribeirao","tag-santos","tag-tera","tag-veja"],"jetpack_publicize_connections":[],"jetpack_featured_media_url":"https:\/\/i0.wp.com\/noticiasribeiraopreto.com.br\/wp-content\/uploads\/2024\/01\/1705616920_onibus-ribeirao-preto.jpg?fit=1920%2C1080&ssl=1","jetpack-related-posts":[{"id":42464,"url":"https:\/\/noticiasribeiraopreto.com.br\/index.php\/2024\/03\/14\/jogo-entre-botafogo-e-anapolis-go-tera-linha-especial-de-onibus\/","url_meta":{"origin":29592,"position":0},"title":"Jogo entre Botafogo e An\u00e1polis-GO ter\u00e1 linha especial de \u00f4nibus","author":"noticiasribeiraopreto.com.br","date":"14 de March de 2024","format":false,"excerpt":"14 de mar\u00e7o de 2024 | 17:10 0O jogo de futebol entre as equipes profissionais do Botafogo Futebol Clube e An\u00e1polis- GO, v\u00e1lido pela Copa do Brasil 2024, ter\u00e1 uma linha especial de \u00f4nibus para facilitar a chegada dos torcedores. A partida ser\u00e1 na noite desta quinta-feira, dia 14 de\u2026","rel":"","context":"In &quot;Not\u00edcias de Ribeir\u00e3o Preto-SP e Regi\u00e3o&quot;","block_context":{"text":"Not\u00edcias de Ribeir\u00e3o Preto-SP e Regi\u00e3o","link":"https:\/\/noticiasribeiraopreto.com.br\/index.php\/category\/noticias-de-ribeirao-preto-sp-e-regiao-ismael-colosi\/"},"img":{"alt_text":"","src":"https:\/\/i0.wp.com\/noticiasribeiraopreto.com.br\/wp-content\/uploads\/2024\/03\/jogo_botafogo_linha_especial-scaled.jpg?fit=1000%2C563&ssl=1&resize=350%2C200","width":350,"height":200,"srcset":"https:\/\/i0.wp.com\/noticiasribeiraopreto.com.br\/wp-content\/uploads\/2024\/03\/jogo_botafogo_linha_especial-scaled.jpg?fit=1000%2C563&ssl=1&resize=350%2C200 1x, https:\/\/i0.wp.com\/noticiasribeiraopreto.com.br\/wp-content\/uploads\/2024\/03\/jogo_botafogo_linha_especial-scaled.jpg?fit=1000%2C563&ssl=1&resize=525%2C300 1.5x, https:\/\/i0.wp.com\/noticiasribeiraopreto.com.br\/wp-content\/uploads\/2024\/03\/jogo_botafogo_linha_especial-scaled.jpg?fit=1000%2C563&ssl=1&resize=700%2C400 2x"},"classes":[]},{"id":37222,"url":"https:\/\/noticiasribeiraopreto.com.br\/index.php\/2024\/02\/14\/jogo-entre-botafogo-e-corinthians-tera-linha-especial-de-onibus\/","url_meta":{"origin":29592,"position":1},"title":"Jogo entre Botafogo e Corinthians ter\u00e1 linha especial de \u00f4nibus","author":"noticiasribeiraopreto.com.br","date":"14 de February de 2024","format":false,"excerpt":"14 de fevereiro de 2024 | 15:43 0O jogo de futebol entre as equipes profissionais do Botafogo Futebol Clube e Corinthians, pela oitava rodada do Campeonato Paulista, ter\u00e1 uma linha especial de \u00f4nibus para facilitar a chegada dos torcedores. A partida ser\u00e1 na noite desta quarta-feira, dia 14 de fevereiro,\u2026","rel":"","context":"In &quot;Not\u00edcias de Ribeir\u00e3o Preto-SP e Regi\u00e3o&quot;","block_context":{"text":"Not\u00edcias de Ribeir\u00e3o Preto-SP e Regi\u00e3o","link":"https:\/\/noticiasribeiraopreto.com.br\/index.php\/category\/noticias-de-ribeirao-preto-sp-e-regiao-ismael-colosi\/"},"img":{"alt_text":"","src":"https:\/\/i0.wp.com\/noticiasribeiraopreto.com.br\/wp-content\/uploads\/2024\/02\/jogo_corinthians_linha_onibus1-scaled.jpg?fit=1000%2C563&ssl=1&resize=350%2C200","width":350,"height":200,"srcset":"https:\/\/i0.wp.com\/noticiasribeiraopreto.com.br\/wp-content\/uploads\/2024\/02\/jogo_corinthians_linha_onibus1-scaled.jpg?fit=1000%2C563&ssl=1&resize=350%2C200 1x, https:\/\/i0.wp.com\/noticiasribeiraopreto.com.br\/wp-content\/uploads\/2024\/02\/jogo_corinthians_linha_onibus1-scaled.jpg?fit=1000%2C563&ssl=1&resize=525%2C300 1.5x, https:\/\/i0.wp.com\/noticiasribeiraopreto.com.br\/wp-content\/uploads\/2024\/02\/jogo_corinthians_linha_onibus1-scaled.jpg?fit=1000%2C563&ssl=1&resize=700%2C400 2x"},"classes":[]},{"id":51149,"url":"https:\/\/noticiasribeiraopreto.com.br\/index.php\/2024\/05\/23\/ribeirao-preto-tem-linha-especial-de-onibus-para-jogo-entre-botafogo-e-palmeiras\/","url_meta":{"origin":29592,"position":2},"title":"Ribeir\u00e3o Preto tem linha especial de \u00f4nibus para jogo entre Botafogo e Palmeiras","author":"noticiasribeiraopreto.com.br","date":"23 de May de 2024","format":false,"excerpt":"Uma linha especial de \u00f4nibus ser\u00e1 implantada nesta quinta-feira (23) para atender a demanda de torcedores que v\u00e3o ao jogo do Botafogo e Palmeiras pela Copa do Brasil. O jogo ser\u00e1 \u00e0s 19h, no est\u00e1dio Santa Cruz\/Arena Nicnet, em Ribeir\u00e3o Preto. Segundo a RP Mobi, que administra o tr\u00e2nsito e\u2026","rel":"","context":"In &quot;Not\u00edcias de Ribeir\u00e3o Preto-SP e Regi\u00e3o&quot;","block_context":{"text":"Not\u00edcias de Ribeir\u00e3o Preto-SP e Regi\u00e3o","link":"https:\/\/noticiasribeiraopreto.com.br\/index.php\/category\/noticias-de-ribeirao-preto-sp-e-regiao-ismael-colosi\/"},"img":{"alt_text":"","src":"https:\/\/i0.wp.com\/noticiasribeiraopreto.com.br\/wp-content\/uploads\/2024\/05\/Copia-de-Copia-de-TAMANHO-EXATO-PARA-FOTOS-NO-SISTEMA-NOVO-35_2024-05-23_16-30-22_jpg_2024-05-23_16-30-22.webp.webp?fit=1200%2C675&ssl=1&resize=350%2C200","width":350,"height":200,"srcset":"https:\/\/i0.wp.com\/noticiasribeiraopreto.com.br\/wp-content\/uploads\/2024\/05\/Copia-de-Copia-de-TAMANHO-EXATO-PARA-FOTOS-NO-SISTEMA-NOVO-35_2024-05-23_16-30-22_jpg_2024-05-23_16-30-22.webp.webp?fit=1200%2C675&ssl=1&resize=350%2C200 1x, https:\/\/i0.wp.com\/noticiasribeiraopreto.com.br\/wp-content\/uploads\/2024\/05\/Copia-de-Copia-de-TAMANHO-EXATO-PARA-FOTOS-NO-SISTEMA-NOVO-35_2024-05-23_16-30-22_jpg_2024-05-23_16-30-22.webp.webp?fit=1200%2C675&ssl=1&resize=525%2C300 1.5x, https:\/\/i0.wp.com\/noticiasribeiraopreto.com.br\/wp-content\/uploads\/2024\/05\/Copia-de-Copia-de-TAMANHO-EXATO-PARA-FOTOS-NO-SISTEMA-NOVO-35_2024-05-23_16-30-22_jpg_2024-05-23_16-30-22.webp.webp?fit=1200%2C675&ssl=1&resize=700%2C400 2x, https:\/\/i0.wp.com\/noticiasribeiraopreto.com.br\/wp-content\/uploads\/2024\/05\/Copia-de-Copia-de-TAMANHO-EXATO-PARA-FOTOS-NO-SISTEMA-NOVO-35_2024-05-23_16-30-22_jpg_2024-05-23_16-30-22.webp.webp?fit=1200%2C675&ssl=1&resize=1050%2C600 3x"},"classes":[]},{"id":37160,"url":"https:\/\/noticiasribeiraopreto.com.br\/index.php\/2024\/02\/14\/partida-entre-botafogo-e-corinthians-em-ribeirao-preto-tera-linha-especial-de-onibus\/","url_meta":{"origin":29592,"position":3},"title":"Partida entre Botafogo e Corinthians, em Ribeir\u00e3o Preto, ter\u00e1 linha especial de \u00f4nibus","author":"noticiasribeiraopreto.com.br","date":"14 de February de 2024","format":false,"excerpt":"Os torcedores de Botafogo e Corinthians contar\u00e3o com uma linha especial de \u00f4nibus para acompanharem a partida na Arena Nicnet\/Est\u00e1dio Santa Cruz, em Ribeir\u00e3o Preto, nesta quarta-feira (14). A partida \u00e9 v\u00e1lida pela 8\u00aa rodada do Campeonato Paulista 2024. A linha especial dever\u00e1 iniciar o atendimento a partir das 20h45.\u2026","rel":"","context":"In &quot;Not\u00edcias de Ribeir\u00e3o Preto-SP e Regi\u00e3o&quot;","block_context":{"text":"Not\u00edcias de Ribeir\u00e3o Preto-SP e Regi\u00e3o","link":"https:\/\/noticiasribeiraopreto.com.br\/index.php\/category\/noticias-de-ribeirao-preto-sp-e-regiao-ismael-colosi\/"},"img":{"alt_text":"","src":"https:\/\/i0.wp.com\/noticiasribeiraopreto.com.br\/wp-content\/uploads\/2024\/02\/novos-onibus-ribeirao-preto.jpg?fit=1200%2C800&ssl=1&resize=350%2C200","width":350,"height":200,"srcset":"https:\/\/i0.wp.com\/noticiasribeiraopreto.com.br\/wp-content\/uploads\/2024\/02\/novos-onibus-ribeirao-preto.jpg?fit=1200%2C800&ssl=1&resize=350%2C200 1x, https:\/\/i0.wp.com\/noticiasribeiraopreto.com.br\/wp-content\/uploads\/2024\/02\/novos-onibus-ribeirao-preto.jpg?fit=1200%2C800&ssl=1&resize=525%2C300 1.5x, https:\/\/i0.wp.com\/noticiasribeiraopreto.com.br\/wp-content\/uploads\/2024\/02\/novos-onibus-ribeirao-preto.jpg?fit=1200%2C800&ssl=1&resize=700%2C400 2x, https:\/\/i0.wp.com\/noticiasribeiraopreto.com.br\/wp-content\/uploads\/2024\/02\/novos-onibus-ribeirao-preto.jpg?fit=1200%2C800&ssl=1&resize=1050%2C600 3x"},"classes":[]},{"id":82992,"url":"https:\/\/noticiasribeiraopreto.com.br\/index.php\/2026\/03\/05\/ribeirao-preto-anuncia-nova-linha-de-onibus-e-mudanca-no-itinerario-da-zona-sul\/","url_meta":{"origin":29592,"position":4},"title":"Ribeir\u00e3o Preto anuncia nova linha de \u00f4nibus e mudan\u00e7a no itiner\u00e1rio da zona Sul","author":"noticiasribeiraopreto.com.br","date":"5 de March de 2026","format":false,"excerpt":"Ribeir\u00e3o Preto ter\u00e1, na pr\u00f3xima segunda-feira (9), mudan\u00e7as no transporte coletivo urbano com a cria\u00e7\u00e3o de uma nova linha de \u00f4nibus e a amplia\u00e7\u00e3o de itiner\u00e1rio em trajetos que atendem a Zona Sul da cidade. De acordo com a RP Mobi, a implanta\u00e7\u00e3o da linha 256 \u2013 Parque\/Shopping Iguatemi amplia\u2026","rel":"","context":"In &quot;Not\u00edcias de Ribeir\u00e3o Preto-SP e Regi\u00e3o&quot;","block_context":{"text":"Not\u00edcias de Ribeir\u00e3o Preto-SP e Regi\u00e3o","link":"https:\/\/noticiasribeiraopreto.com.br\/index.php\/category\/noticias-de-ribeirao-preto-sp-e-regiao-ismael-colosi\/"},"img":{"alt_text":"","src":"https:\/\/i0.wp.com\/noticiasribeiraopreto.com.br\/wp-content\/uploads\/2026\/02\/onibus-ribeirao-preto_2026-02-13_19-32-40.webp.webp?fit=1200%2C800&ssl=1&resize=350%2C200","width":350,"height":200,"srcset":"https:\/\/i0.wp.com\/noticiasribeiraopreto.com.br\/wp-content\/uploads\/2026\/02\/onibus-ribeirao-preto_2026-02-13_19-32-40.webp.webp?fit=1200%2C800&ssl=1&resize=350%2C200 1x, https:\/\/i0.wp.com\/noticiasribeiraopreto.com.br\/wp-content\/uploads\/2026\/02\/onibus-ribeirao-preto_2026-02-13_19-32-40.webp.webp?fit=1200%2C800&ssl=1&resize=525%2C300 1.5x, https:\/\/i0.wp.com\/noticiasribeiraopreto.com.br\/wp-content\/uploads\/2026\/02\/onibus-ribeirao-preto_2026-02-13_19-32-40.webp.webp?fit=1200%2C800&ssl=1&resize=700%2C400 2x, https:\/\/i0.wp.com\/noticiasribeiraopreto.com.br\/wp-content\/uploads\/2026\/02\/onibus-ribeirao-preto_2026-02-13_19-32-40.webp.webp?fit=1200%2C800&ssl=1&resize=1050%2C600 3x"},"classes":[]},{"id":76432,"url":"https:\/\/noticiasribeiraopreto.com.br\/index.php\/2025\/08\/28\/itinerarios-de-onibus-serao-alterados-e-linha-sera-desativada-em-ribeirao-preto-entenda\/","url_meta":{"origin":29592,"position":5},"title":"Itiner\u00e1rios de \u00f4nibus ser\u00e3o alterados e linha ser\u00e1 desativada em Ribeir\u00e3o Preto; entenda","author":"noticiasribeiraopreto.com.br","date":"28 de August de 2025","format":false,"excerpt":"A partir de 1\u00ba de setembro, quatro linhas do transporte coletivo de Ribeir\u00e3o Preto ter\u00e3o altera\u00e7\u00f5es em itiner\u00e1rios, hor\u00e1rios e conex\u00f5es. De acordo com a RP Mobi, as mudan\u00e7as t\u00eam como objetivo melhorar a integra\u00e7\u00e3o entre regi\u00f5es da cidade, ampliar a oferta de viagens e garantir mais efici\u00eancia ao sistema.\u2026","rel":"","context":"In &quot;Not\u00edcias de Ribeir\u00e3o Preto-SP e Regi\u00e3o&quot;","block_context":{"text":"Not\u00edcias de Ribeir\u00e3o Preto-SP e Regi\u00e3o","link":"https:\/\/noticiasribeiraopreto.com.br\/index.php\/category\/noticias-de-ribeirao-preto-sp-e-regiao-ismael-colosi\/"},"img":{"alt_text":"","src":"https:\/\/i0.wp.com\/noticiasribeiraopreto.com.br\/wp-content\/uploads\/2025\/08\/Copia-de-Copia-de-Copia-de-TAMANHO-EXATO-PARA-FOTOS-NO-SISTEMA-NOVO-2025-08-28T203036.083_2025-08-28_23-30-47.webp.webp?fit=1200%2C675&ssl=1&resize=350%2C200","width":350,"height":200,"srcset":"https:\/\/i0.wp.com\/noticiasribeiraopreto.com.br\/wp-content\/uploads\/2025\/08\/Copia-de-Copia-de-Copia-de-TAMANHO-EXATO-PARA-FOTOS-NO-SISTEMA-NOVO-2025-08-28T203036.083_2025-08-28_23-30-47.webp.webp?fit=1200%2C675&ssl=1&resize=350%2C200 1x, https:\/\/i0.wp.com\/noticiasribeiraopreto.com.br\/wp-content\/uploads\/2025\/08\/Copia-de-Copia-de-Copia-de-TAMANHO-EXATO-PARA-FOTOS-NO-SISTEMA-NOVO-2025-08-28T203036.083_2025-08-28_23-30-47.webp.webp?fit=1200%2C675&ssl=1&resize=525%2C300 1.5x, https:\/\/i0.wp.com\/noticiasribeiraopreto.com.br\/wp-content\/uploads\/2025\/08\/Copia-de-Copia-de-Copia-de-TAMANHO-EXATO-PARA-FOTOS-NO-SISTEMA-NOVO-2025-08-28T203036.083_2025-08-28_23-30-47.webp.webp?fit=1200%2C675&ssl=1&resize=700%2C400 2x, https:\/\/i0.wp.com\/noticiasribeiraopreto.com.br\/wp-content\/uploads\/2025\/08\/Copia-de-Copia-de-Copia-de-TAMANHO-EXATO-PARA-FOTOS-NO-SISTEMA-NOVO-2025-08-28T203036.083_2025-08-28_23-30-47.webp.webp?fit=1200%2C675&ssl=1&resize=1050%2C600 3x"},"classes":[]}],"jetpack_sharing_enabled":true,"jetpack_shortlink":"https:\/\/wp.me\/peQAOb-7Hi","_links":{"self":[{"href":"https:\/\/noticiasribeiraopreto.com.br\/index.php\/wp-json\/wp\/v2\/posts\/29592","targetHints":{"allow":["GET"]}}],"collection":[{"href":"https:\/\/noticiasribeiraopreto.com.br\/index.php\/wp-json\/wp\/v2\/posts"}],"about":[{"href":"https:\/\/noticiasribeiraopreto.com.br\/index.php\/wp-json\/wp\/v2\/types\/post"}],"author":[{"embeddable":true,"href":"https:\/\/noticiasribeiraopreto.com.br\/index.php\/wp-json\/wp\/v2\/users\/1"}],"replies":[{"embeddable":true,"href":"https:\/\/noticiasribeiraopreto.com.br\/index.php\/wp-json\/wp\/v2\/comments?post=29592"}],"version-history":[{"count":0,"href":"https:\/\/noticiasribeiraopreto.com.br\/index.php\/wp-json\/wp\/v2\/posts\/29592\/revisions"}],"wp:featuredmedia":[{"embeddable":true,"href":"https:\/\/noticiasribeiraopreto.com.br\/index.php\/wp-json\/wp\/v2\/media\/29593"}],"wp:attachment":[{"href":"https:\/\/noticiasribeiraopreto.com.br\/index.php\/wp-json\/wp\/v2\/media?parent=29592"}],"wp:term":[{"taxonomy":"category","embeddable":true,"href":"https:\/\/noticiasribeiraopreto.com.br\/index.php\/wp-json\/wp\/v2\/categories?post=29592"},{"taxonomy":"post_tag","embeddable":true,"href":"https:\/\/noticiasribeiraopreto.com.br\/index.php\/wp-json\/wp\/v2\/tags?post=29592"}],"curies":[{"name":"wp","href":"https:\/\/api.w.org\/{rel}","templated":true}]}}