{"id":29632,"date":"2024-01-18T22:17:00","date_gmt":"2024-01-19T01:17:00","guid":{"rendered":"https:\/\/noticiasribeiraopreto.com.br\/index.php\/2024\/01\/18\/a-sociedade-da-neve-sucesso-na-netflix-ganhara-documentario-sobre-sua-producao\/"},"modified":"2024-01-18T22:17:00","modified_gmt":"2024-01-19T01:17:00","slug":"a-sociedade-da-neve-sucesso-na-netflix-ganhara-documentario-sobre-sua-producao","status":"publish","type":"post","link":"https:\/\/noticiasribeiraopreto.com.br\/index.php\/2024\/01\/18\/a-sociedade-da-neve-sucesso-na-netflix-ganhara-documentario-sobre-sua-producao\/","title":{"rendered":"&#8216;A Sociedade da Neve&#8217;, sucesso na Netflix, ganhar\u00e1 document\u00e1rio sobre sua produ\u00e7\u00e3o"},"content":{"rendered":"<div class='code-block code-block-1' style='margin: 8px 0 8px auto; text-align: right; display: block; clear: both;'>\n<p><a href=\"https:\/\/wa.link\/vpicfd\"><img data-recalc-dims=\"1\" class=\"wp-image-4922\" style=\"aspect-ratio: 2.0253164556962027; width: 561px; height: auto;\" src=\"https:\/\/i0.wp.com\/ismaelcolosi.com.br\/wp-content\/uploads\/2023\/11\/grupo-de-empregos-whatsapp-e-facebook-ismael-colosi-vagas.jpg?ssl=1\" alt=\"\" \/><\/a><\/p>\n<!-- \/wp:image -->\n<\/div>\n<p> <br \/>\n<\/p>\n<div id=\"post-370789\">\n<header class=\"entry-header penci-entry-header penci-title-center\">\n<p> <span class=\"entry-meta-item penci-posted-on\"><i class=\"fa fa-clock-o\"\/><time class=\"entry-date published\" datetime=\"2024-01-18T15:30:44-03:00\">18 de janeiro de 2024 | 15:30<\/time><time class=\"updated\" datetime=\"2024-01-18T11:57:37-03:00\">18 de janeiro de 2024 | 11:57<\/time><\/span><\/p>\n<p> <span class=\"penci-social-buttons penci-social-share-footer\"><a href=\"#\" class=\"penci-post-like penci_post-meta_item  single-like-button penci-social-item like\" data-post_id=\"370789\" title=\"Like\" data-like=\"Like\" data-unlike=\"Unlike\"><i class=\"fa fa-thumbs-o-up\"\/><span class=\"penci-share-number\">0<\/span><\/a><i class=\"fa fa-facebook\"\/><a class=\"penci-social-item twitter\" target=\"_blank\" rel=\"noopener\" title=\"\" href=\"https:\/\/twitter.com\/intent\/tweet?text=-A%20Sociedade%20da%20Neve-,%20sucesso%20na%20Netflix,%20ganhar\u00e1%20document\u00e1rio%20sobre%20sua%20produ\u00e7\u00e3o%20-%20https:\/\/www.tribunaribeirao.com.br\/site\/a-sociedade-da-neve-sucesso-na-netflix-ganhara-documentario-sobre-sua-producao\/\"><i class=\"fa fa-twitter\"\/><\/a><i class=\"fa fa-whatsapp\"\/><\/span><\/header>\n<div class=\"penci-entry-content entry-content\">\n<div id=\"Corpo\">Lan\u00e7ado em dezembro do ano passado, o filme\u00a0<i>A sociedade da Neve<\/i>, do diretor espanhol Juan Antonio Bayona \u00e9 sucesso na Netflix e conta sobre a trag\u00e9dia da Cordilheira dos Andes de 1972: um acidente de avi\u00e3o com 29 sobreviventes e 72 dias de espera por resgate. O acidente \u00e9 conhecido como \u201cMilagre dos Andes\u201d. Indicado ao Globo de Ouro como Melhor Filme Estrangeiro e ao Pr\u00eamio Bafta por Melhor Filme de L\u00edngua N\u00e3o Inglesa, o longa ganhar\u00e1 document\u00e1rio de 36 minutos com o \u201cPor tr\u00e1s das c\u00e2meras\u201d.<\/p>\n<p>Com 51 milh\u00f5es de visualiza\u00e7\u00f5es nos primeiros 11 dias de lan\u00e7amento, o longa j\u00e1 atingiu 110 milh\u00f5es de acessos mundiais e \u00e9 n\u00famero 1 em 93 pa\u00edses.<\/p>\n<p>Confira tamb\u00e9m<\/p>\n<p><i>A Sociedade da Neve<\/i>\u00a0estrela Enzo Vogrincic e Mat\u00edas Recalt, tem duas horas e 24 minutos de dura\u00e7\u00e3o e foi filmado durante 140 dias, segundo Bayona. O diretor tamb\u00e9m descreveu em suas redes sociais alguns dos efeitos visuais do filme, como o uso de pr\u00f3teses utilizadas no ator Sim\u00f3n Hempe para descrever a falta de nutri\u00e7\u00e3o do sobrevivente Jos\u00e9 Luis \u201cCoche\u201d.<\/p>\n<p>As filmagens ser\u00e3o mais detalhadas no document\u00e1rio, al\u00e9m de depoimentos dos sobreviventes e de parentes das v\u00edtimas. O document\u00e1rio ainda n\u00e3o tem data definida e ser\u00e1 lan\u00e7ado para a plataforma de streaming Netflix.<\/p>\n<\/div>\n<\/div>\n<footer class=\"penci-entry-footer\"\/><\/div>\n<p><script async src=\"\/\/platform.twitter.com\/widgets.js\" charset=\"utf-8\"><\/script><br \/>\n<br \/><br \/>\n<br \/><a href=\"https:\/\/www.tribunaribeirao.com.br\/site\/a-sociedade-da-neve-sucesso-na-netflix-ganhara-documentario-sobre-sua-producao\/\">Source link <\/a><\/p>\n<!-- CONTENT END 1 -->\n","protected":false},"excerpt":{"rendered":"<p>18 de janeiro de 2024 | 15:3018 de janeiro de 2024 | 11:57 0 Lan\u00e7ado em dezembro do ano passado, o filme\u00a0A sociedade da Neve,&#8230;<\/p>\n","protected":false},"author":1,"featured_media":29633,"comment_status":"open","ping_status":"open","sticky":false,"template":"","format":"standard","meta":{"advanced_seo_description":"","jetpack_seo_html_title":"","jetpack_seo_noindex":false,"jetpack_post_was_ever_published":false,"_jetpack_newsletter_access":"","_jetpack_dont_email_post_to_subs":false,"_jetpack_newsletter_tier_id":0,"_jetpack_memberships_contains_paywalled_content":false,"_jetpack_memberships_contains_paid_content":false,"footnotes":"","jetpack_publicize_message":"","jetpack_publicize_feature_enabled":true,"jetpack_social_post_already_shared":true,"jetpack_social_options":{"image_generator_settings":{"template":"highway","default_image_id":0,"font":"","enabled":false},"version":2}},"categories":[11],"tags":[3690,3689,3688,3687,1312,468,2494,799,818],"class_list":["post-29632","post","type-post","status-publish","format-standard","has-post-thumbnail","hentry","category-noticias-de-ribeirao-preto-sp-e-regiao-ismael-colosi","tag-documentario","tag-ganhara","tag-netflix","tag-neve","tag-producao","tag-sobre","tag-sociedade","tag-sua","tag-sucesso"],"jetpack_publicize_connections":[],"jetpack_featured_media_url":"https:\/\/i0.wp.com\/noticiasribeiraopreto.com.br\/wp-content\/uploads\/2024\/01\/a-sociedade-da-neve-scaled.jpg?fit=1000%2C563&ssl=1","jetpack-related-posts":[{"id":20463,"url":"https:\/\/noticiasribeiraopreto.com.br\/index.php\/2023\/12\/25\/25-producoes-chegam-ao-catalogo-da-netflix-em-janeiro-de-2024\/","url_meta":{"origin":29632,"position":0},"title":"25 produ\u00e7\u00f5es chegam ao cat\u00e1logo da Netflix em janeiro de 2024","author":"noticiasribeiraopreto.com.br","date":"25 de December de 2023","format":false,"excerpt":"Cr\u00e9ditos: Reprodu\u00e7\u00e3o\/NetflixLan\u00e7amentos da Netflix em janeiro de 2024Voc\u00ea piscou e 2024 \u00e9 quase uma realidade! Por isso, a\u00a0Netflix divulgou a lista com os lan\u00e7amentos para o primeiro m\u00eas do novo ano. Ap\u00f3s encerrar 2023 com chave de ouro, o servi\u00e7o de streaming promete a estreia de filmes, s\u00e9ries, document\u00e1rios e\u2026","rel":"","context":"In &quot;Variedades&quot;","block_context":{"text":"Variedades","link":"https:\/\/noticiasribeiraopreto.com.br\/index.php\/category\/variedades\/"},"img":{"alt_text":"","src":"https:\/\/i0.wp.com\/noticiasribeiraopreto.com.br\/wp-content\/uploads\/2023\/12\/netflix-series-temporadas-e1687896590340.jpg?fit=1200%2C638&ssl=1&resize=350%2C200","width":350,"height":200,"srcset":"https:\/\/i0.wp.com\/noticiasribeiraopreto.com.br\/wp-content\/uploads\/2023\/12\/netflix-series-temporadas-e1687896590340.jpg?fit=1200%2C638&ssl=1&resize=350%2C200 1x, https:\/\/i0.wp.com\/noticiasribeiraopreto.com.br\/wp-content\/uploads\/2023\/12\/netflix-series-temporadas-e1687896590340.jpg?fit=1200%2C638&ssl=1&resize=525%2C300 1.5x, https:\/\/i0.wp.com\/noticiasribeiraopreto.com.br\/wp-content\/uploads\/2023\/12\/netflix-series-temporadas-e1687896590340.jpg?fit=1200%2C638&ssl=1&resize=700%2C400 2x, https:\/\/i0.wp.com\/noticiasribeiraopreto.com.br\/wp-content\/uploads\/2023\/12\/netflix-series-temporadas-e1687896590340.jpg?fit=1200%2C638&ssl=1&resize=1050%2C600 3x"},"classes":[]},{"id":27782,"url":"https:\/\/noticiasribeiraopreto.com.br\/index.php\/2024\/01\/13\/30o-encontro-nacional-de-folia-de-reis-tem-programacao-definida\/","url_meta":{"origin":29632,"position":1},"title":"30\u00ba Encontro Nacional de Folia de Reis tem programa\u00e7\u00e3o definida","author":"noticiasribeiraopreto.com.br","date":"13 de January de 2024","format":false,"excerpt":"13 de janeiro de 2024 | 9:0012 de janeiro de 2024 | 16:35 0No \u00faltimo dia 6 de janeiro, foi comemorado o Dia de Reis, uma celebra\u00e7\u00e3o religiosa que relembra a viagem dos Tr\u00eas Reis Magos para conhecer e homenagear o Menino Jesus. Aproveitando a data, a Secretaria da Cultura\u2026","rel":"","context":"In &quot;Not\u00edcias de Ribeir\u00e3o Preto-SP e Regi\u00e3o&quot;","block_context":{"text":"Not\u00edcias de Ribeir\u00e3o Preto-SP e Regi\u00e3o","link":"https:\/\/noticiasribeiraopreto.com.br\/index.php\/category\/noticias-de-ribeirao-preto-sp-e-regiao-ismael-colosi\/"},"img":{"alt_text":"","src":"https:\/\/i0.wp.com\/noticiasribeiraopreto.com.br\/wp-content\/uploads\/2024\/01\/programacao_folia-scaled.jpg?fit=968%2C645&ssl=1&resize=350%2C200","width":350,"height":200,"srcset":"https:\/\/i0.wp.com\/noticiasribeiraopreto.com.br\/wp-content\/uploads\/2024\/01\/programacao_folia-scaled.jpg?fit=968%2C645&ssl=1&resize=350%2C200 1x, https:\/\/i0.wp.com\/noticiasribeiraopreto.com.br\/wp-content\/uploads\/2024\/01\/programacao_folia-scaled.jpg?fit=968%2C645&ssl=1&resize=525%2C300 1.5x, https:\/\/i0.wp.com\/noticiasribeiraopreto.com.br\/wp-content\/uploads\/2024\/01\/programacao_folia-scaled.jpg?fit=968%2C645&ssl=1&resize=700%2C400 2x"},"classes":[]},{"id":15826,"url":"https:\/\/noticiasribeiraopreto.com.br\/index.php\/2023\/12\/14\/luisa-sonza-mostrou-bastidores-de-seu-novo-documentario\/","url_meta":{"origin":29632,"position":2},"title":"Lu\u00edsa Sonza mostrou bastidores de seu novo document\u00e1rio","author":"noticiasribeiraopreto.com.br","date":"14 de December de 2023","format":false,"excerpt":"\u201cSe eu fosse Lu\u00edsa Sonza\u201d lan\u00e7ou na \u00faltima quarta feira, 13 dezembro, na Netflix. O document\u00e1rio da cantora fala sobre quest\u00f5es particulares nunca publicadas ou faladas pela cantora.A cantora fez uma lista de 7 acontecimentos marcantes que passou durante certo per\u00edodo da sua vida. Entre eles, ela fala sobre o\u2026","rel":"","context":"In &quot;Blog&quot;","block_context":{"text":"Blog","link":"https:\/\/noticiasribeiraopreto.com.br\/index.php\/category\/blog\/"},"img":{"alt_text":"","src":"https:\/\/i0.wp.com\/noticiasribeiraopreto.com.br\/wp-content\/uploads\/2023\/12\/postimg-657b21ff3f7827043.jpg?fit=1200%2C628&ssl=1&resize=350%2C200","width":350,"height":200,"srcset":"https:\/\/i0.wp.com\/noticiasribeiraopreto.com.br\/wp-content\/uploads\/2023\/12\/postimg-657b21ff3f7827043.jpg?fit=1200%2C628&ssl=1&resize=350%2C200 1x, https:\/\/i0.wp.com\/noticiasribeiraopreto.com.br\/wp-content\/uploads\/2023\/12\/postimg-657b21ff3f7827043.jpg?fit=1200%2C628&ssl=1&resize=525%2C300 1.5x, https:\/\/i0.wp.com\/noticiasribeiraopreto.com.br\/wp-content\/uploads\/2023\/12\/postimg-657b21ff3f7827043.jpg?fit=1200%2C628&ssl=1&resize=700%2C400 2x, https:\/\/i0.wp.com\/noticiasribeiraopreto.com.br\/wp-content\/uploads\/2023\/12\/postimg-657b21ff3f7827043.jpg?fit=1200%2C628&ssl=1&resize=1050%2C600 3x"},"classes":[]},{"id":27270,"url":"https:\/\/noticiasribeiraopreto.com.br\/index.php\/2024\/01\/11\/apos-assistir-episodio-do-documentario-ator-detona-xuxa-nao-me-comoveu\/","url_meta":{"origin":29632,"position":3},"title":"Ap\u00f3s assistir epis\u00f3dio do document\u00e1rio, ator detona Xuxa: &#8216;n\u00e3o me comoveu&#8217;","author":"noticiasribeiraopreto.com.br","date":"11 de January de 2024","format":false,"excerpt":"Na \u00faltima segunda-feira (08\/01), o document\u00e1rio biogr\u00e1fico de Xuxa estreou na televis\u00e3o aberta. Na \u00faltima quarta-feira (10\/01), o epis\u00f3dio deu o que falar e acabou sendo alvo de coment\u00e1rios do ator Maur\u00edcio Branco.Em uma publica\u00e7\u00e3o no Facebook, o ator detonou a Rainha dos Baixinhos. Maur\u00edcio criticou o desabafo feito pela\u2026","rel":"","context":"In &quot;Blog&quot;","block_context":{"text":"Blog","link":"https:\/\/noticiasribeiraopreto.com.br\/index.php\/category\/blog\/"},"img":{"alt_text":"","src":"https:\/\/i0.wp.com\/noticiasribeiraopreto.com.br\/wp-content\/uploads\/2024\/01\/postimg-65a07c2aa692b1762.jpg?fit=1200%2C628&ssl=1&resize=350%2C200","width":350,"height":200,"srcset":"https:\/\/i0.wp.com\/noticiasribeiraopreto.com.br\/wp-content\/uploads\/2024\/01\/postimg-65a07c2aa692b1762.jpg?fit=1200%2C628&ssl=1&resize=350%2C200 1x, https:\/\/i0.wp.com\/noticiasribeiraopreto.com.br\/wp-content\/uploads\/2024\/01\/postimg-65a07c2aa692b1762.jpg?fit=1200%2C628&ssl=1&resize=525%2C300 1.5x, https:\/\/i0.wp.com\/noticiasribeiraopreto.com.br\/wp-content\/uploads\/2024\/01\/postimg-65a07c2aa692b1762.jpg?fit=1200%2C628&ssl=1&resize=700%2C400 2x, https:\/\/i0.wp.com\/noticiasribeiraopreto.com.br\/wp-content\/uploads\/2024\/01\/postimg-65a07c2aa692b1762.jpg?fit=1200%2C628&ssl=1&resize=1050%2C600 3x"},"classes":[]},{"id":39792,"url":"https:\/\/noticiasribeiraopreto.com.br\/index.php\/2024\/02\/28\/ano-macale-sera-lancado-em-rp\/","url_meta":{"origin":29632,"position":4},"title":"Ano Macal\u00e9 ser\u00e1 lan\u00e7ado em RP\u00a0","author":"noticiasribeiraopreto.com.br","date":"28 de February de 2024","format":false,"excerpt":"28 de fevereiro de 2024 | 12:0028 de fevereiro de 2024 | 9:07 0A Biblioteca Sinh\u00e1 Junqueira, com apoio da Secretaria Municipal da Cultura e Turismo, abrir\u00e1 as portas na noite desta quarta-feira, 28 de fevereiro, para dar in\u00edcio ao Ano Macal\u00e9. O projeto prev\u00ea uma s\u00e9rie de iniciativas entre\u2026","rel":"","context":"In &quot;Not\u00edcias de Ribeir\u00e3o Preto-SP e Regi\u00e3o&quot;","block_context":{"text":"Not\u00edcias de Ribeir\u00e3o Preto-SP e Regi\u00e3o","link":"https:\/\/noticiasribeiraopreto.com.br\/index.php\/category\/noticias-de-ribeirao-preto-sp-e-regiao-ismael-colosi\/"},"img":{"alt_text":"","src":"https:\/\/i0.wp.com\/noticiasribeiraopreto.com.br\/wp-content\/uploads\/2024\/02\/Macale-Divulgacao-01-scaled.jpeg?fit=860%2C645&ssl=1&resize=350%2C200","width":350,"height":200,"srcset":"https:\/\/i0.wp.com\/noticiasribeiraopreto.com.br\/wp-content\/uploads\/2024\/02\/Macale-Divulgacao-01-scaled.jpeg?fit=860%2C645&ssl=1&resize=350%2C200 1x, https:\/\/i0.wp.com\/noticiasribeiraopreto.com.br\/wp-content\/uploads\/2024\/02\/Macale-Divulgacao-01-scaled.jpeg?fit=860%2C645&ssl=1&resize=525%2C300 1.5x, https:\/\/i0.wp.com\/noticiasribeiraopreto.com.br\/wp-content\/uploads\/2024\/02\/Macale-Divulgacao-01-scaled.jpeg?fit=860%2C645&ssl=1&resize=700%2C400 2x"},"classes":[]},{"id":17091,"url":"https:\/\/noticiasribeiraopreto.com.br\/index.php\/2023\/12\/17\/dna-do-crime-vai-ter-2a-temporada-netflix-define-futuro-da-serie\/","url_meta":{"origin":29632,"position":5},"title":"&#8216;DNA do Crime&#8217; vai ter 2\u00aa temporada? Netflix define futuro da s\u00e9rie","author":"noticiasribeiraopreto.com.br","date":"17 de December de 2023","format":false,"excerpt":"Cr\u00e9ditos: Divulga\u00e7\u00e3o\/Netflix\/Guilherme Leporace e Alisson LoubackA s\u00e9rie \u201cDNA do Crime\u201d \u00e9 inspirada em uma investiga\u00e7\u00e3o real da Pol\u00edcia Federal A s\u00e9rie brasileira \u201cDNA do Crime\u201d est\u00e1 dando o que falar desde seu lan\u00e7amento na Netflix, em 14 de novembro. H\u00e1 um m\u00eas, a produ\u00e7\u00e3o continua no ranking das mais assistidas\u2026","rel":"","context":"In &quot;Variedades&quot;","block_context":{"text":"Variedades","link":"https:\/\/noticiasribeiraopreto.com.br\/index.php\/category\/variedades\/"},"img":{"alt_text":"","src":"https:\/\/i0.wp.com\/noticiasribeiraopreto.com.br\/wp-content\/uploads\/2023\/12\/dna-102-benicio-suellen-00000955-r-scaled-e1686882751706.jpg?fit=1200%2C638&ssl=1&resize=350%2C200","width":350,"height":200,"srcset":"https:\/\/i0.wp.com\/noticiasribeiraopreto.com.br\/wp-content\/uploads\/2023\/12\/dna-102-benicio-suellen-00000955-r-scaled-e1686882751706.jpg?fit=1200%2C638&ssl=1&resize=350%2C200 1x, https:\/\/i0.wp.com\/noticiasribeiraopreto.com.br\/wp-content\/uploads\/2023\/12\/dna-102-benicio-suellen-00000955-r-scaled-e1686882751706.jpg?fit=1200%2C638&ssl=1&resize=525%2C300 1.5x, https:\/\/i0.wp.com\/noticiasribeiraopreto.com.br\/wp-content\/uploads\/2023\/12\/dna-102-benicio-suellen-00000955-r-scaled-e1686882751706.jpg?fit=1200%2C638&ssl=1&resize=700%2C400 2x, https:\/\/i0.wp.com\/noticiasribeiraopreto.com.br\/wp-content\/uploads\/2023\/12\/dna-102-benicio-suellen-00000955-r-scaled-e1686882751706.jpg?fit=1200%2C638&ssl=1&resize=1050%2C600 3x"},"classes":[]}],"jetpack_sharing_enabled":true,"jetpack_shortlink":"https:\/\/wp.me\/peQAOb-7HW","_links":{"self":[{"href":"https:\/\/noticiasribeiraopreto.com.br\/index.php\/wp-json\/wp\/v2\/posts\/29632","targetHints":{"allow":["GET"]}}],"collection":[{"href":"https:\/\/noticiasribeiraopreto.com.br\/index.php\/wp-json\/wp\/v2\/posts"}],"about":[{"href":"https:\/\/noticiasribeiraopreto.com.br\/index.php\/wp-json\/wp\/v2\/types\/post"}],"author":[{"embeddable":true,"href":"https:\/\/noticiasribeiraopreto.com.br\/index.php\/wp-json\/wp\/v2\/users\/1"}],"replies":[{"embeddable":true,"href":"https:\/\/noticiasribeiraopreto.com.br\/index.php\/wp-json\/wp\/v2\/comments?post=29632"}],"version-history":[{"count":0,"href":"https:\/\/noticiasribeiraopreto.com.br\/index.php\/wp-json\/wp\/v2\/posts\/29632\/revisions"}],"wp:featuredmedia":[{"embeddable":true,"href":"https:\/\/noticiasribeiraopreto.com.br\/index.php\/wp-json\/wp\/v2\/media\/29633"}],"wp:attachment":[{"href":"https:\/\/noticiasribeiraopreto.com.br\/index.php\/wp-json\/wp\/v2\/media?parent=29632"}],"wp:term":[{"taxonomy":"category","embeddable":true,"href":"https:\/\/noticiasribeiraopreto.com.br\/index.php\/wp-json\/wp\/v2\/categories?post=29632"},{"taxonomy":"post_tag","embeddable":true,"href":"https:\/\/noticiasribeiraopreto.com.br\/index.php\/wp-json\/wp\/v2\/tags?post=29632"}],"curies":[{"name":"wp","href":"https:\/\/api.w.org\/{rel}","templated":true}]}}