{"id":29642,"date":"2024-01-18T22:51:45","date_gmt":"2024-01-19T01:51:45","guid":{"rendered":"https:\/\/noticiasribeiraopreto.com.br\/index.php\/2024\/01\/18\/mais-um-gravissimo-acidente-na-br-116-tira-a-vida-de-pai-e-filho\/"},"modified":"2024-01-18T22:51:45","modified_gmt":"2024-01-19T01:51:45","slug":"mais-um-gravissimo-acidente-na-br-116-tira-a-vida-de-pai-e-filho","status":"publish","type":"post","link":"https:\/\/noticiasribeiraopreto.com.br\/index.php\/2024\/01\/18\/mais-um-gravissimo-acidente-na-br-116-tira-a-vida-de-pai-e-filho\/","title":{"rendered":"Mais um grav\u00edssimo acidente na BR-116 tira a vida de pai e filho"},"content":{"rendered":"<div class='code-block code-block-1' style='margin: 8px 0 8px auto; text-align: right; display: block; clear: both;'>\n<p><a href=\"https:\/\/wa.link\/vpicfd\"><img data-recalc-dims=\"1\" class=\"wp-image-4922\" style=\"aspect-ratio: 2.0253164556962027; width: 561px; height: auto;\" src=\"https:\/\/i0.wp.com\/ismaelcolosi.com.br\/wp-content\/uploads\/2023\/11\/grupo-de-empregos-whatsapp-e-facebook-ismael-colosi-vagas.jpg?ssl=1\" alt=\"\" \/><\/a><\/p>\n<!-- \/wp:image -->\n<\/div>\n<p> <br \/>\n<\/p>\n<div itemprop=\"text\">\n<p>Duas trag\u00e9dias separadas, ambas igualmente devastadoras, ocorreram na BR-116, deixando um rastro de luto e perguntas sem respostas.<\/p>\n<p>Em Correia Pinto, na Serra catarinense, um pai e seu filho foram as v\u00edtimas fatais de um grave acidente no in\u00edcio da noite de quinta, dia 18 de janeiro.<\/p>\n<p>O acidente, que envolveu dois carros a apenas 500 metros de um ped\u00e1gio, tamb\u00e9m deixou outras cinco pessoas feridas.\u00a0 A colis\u00e3o entre um Civic e um Fiesta resultou na morte dos dois ocupantes do Civic, enquanto os quatro ocupantes do Fiesta ficaram feridos.<\/p>\n<p>Enquanto isso, na Bahia, uma fam\u00edlia inteira foi dizimada em um acidente na noite de quarta, dia 17 de janeiro. Cinco membros da mesma fam\u00edlia, incluindo pai, m\u00e3e, dois filhos e um sobrinho, perderam a vida ap\u00f3s uma colis\u00e3o entre seu carro e uma carreta.<\/p>\n<p>O acidente ocorreu no km 554, perto da cidade de Milagres, a 245 quil\u00f4metros de Salvador. Todas as v\u00edtimas estavam no carro, que foi completamente destru\u00eddo no impacto.<\/p>\n<p>Estes acidentes ressaltam a fragilidade da vida nas estradas e a import\u00e2ncia da seguran\u00e7a no tr\u00e2nsito. As autoridades est\u00e3o investigando as causas de ambos os acidentes, enquanto as comunidades locais e as fam\u00edlias enlutadas buscam consolo em meio \u00e0 trag\u00e9dia.<\/p>\n<p>Estes incidentes que aconteceram na mesma rodovia mas em estados diferentes servem como um lembrete sombrio dos perigos nas estradas e da necessidade de medidas preventivas mais rigorosas para garantir a seguran\u00e7a de todos os viajantes.<\/p>\n<\/div>\n<p><br \/>\n<br \/><a href=\"https:\/\/fnmais.com\/familias-destrocadas-mais-gravissimo-acidente-na-br-116-tira-vida-pai-filho\/\">Source link <\/a><\/p>\n<!-- CONTENT END 1 -->\n","protected":false},"excerpt":{"rendered":"<p>Duas trag\u00e9dias separadas, ambas igualmente devastadoras, ocorreram na BR-116, deixando um rastro de luto e perguntas sem respostas. Em Correia Pinto, na Serra catarinense, um&#8230;<\/p>\n","protected":false},"author":1,"featured_media":29643,"comment_status":"open","ping_status":"open","sticky":false,"template":"","format":"standard","meta":{"advanced_seo_description":"","jetpack_seo_html_title":"","jetpack_seo_noindex":false,"jetpack_post_was_ever_published":false,"_jetpack_newsletter_access":"","_jetpack_dont_email_post_to_subs":false,"_jetpack_newsletter_tier_id":0,"_jetpack_memberships_contains_paywalled_content":false,"_jetpack_memberships_contains_paid_content":false,"footnotes":"","jetpack_publicize_message":"","jetpack_publicize_feature_enabled":true,"jetpack_social_post_already_shared":true,"jetpack_social_options":{"image_generator_settings":{"template":"highway","default_image_id":0,"font":"","enabled":false},"version":2}},"categories":[1],"tags":[],"class_list":["post-29642","post","type-post","status-publish","format-standard","has-post-thumbnail","hentry","category-blog"],"jetpack_publicize_connections":[],"jetpack_featured_media_url":"https:\/\/i0.wp.com\/noticiasribeiraopreto.com.br\/wp-content\/uploads\/2024\/01\/postimg-65a9ccf44ece48566.jpg?fit=1200%2C628&ssl=1","jetpack-related-posts":[{"id":29648,"url":"https:\/\/noticiasribeiraopreto.com.br\/index.php\/2024\/01\/18\/sc-acidente-grave-provoca-tragedia-deixa-pai-e-filho-sem-vida-e-varios-feridos-na-br-116\/","url_meta":{"origin":29642,"position":0},"title":"SC: Acidente grave provoca trag\u00e9dia, deixa pai e filho sem vida e v\u00e1rios feridos na BR-116","author":"noticiasribeiraopreto.com.br","date":"18 de January de 2024","format":false,"excerpt":"No in\u00edcio da noite desta quinta-feira (18), um grave acidente provocou uma verdadeira trag\u00e9dia que teve como cen\u00e1rio a rodovia BR-116.De acordo com as autoridades respons\u00e1veis por atender a ocorr\u00eancia, a colis\u00e3o entre dois carros, aconteceu no trecho que corta a cidade de Correia Pinto, localizada no interior do estado\u2026","rel":"","context":"In &quot;Blog&quot;","block_context":{"text":"Blog","link":"https:\/\/noticiasribeiraopreto.com.br\/index.php\/category\/blog\/"},"img":{"alt_text":"","src":"https:\/\/i0.wp.com\/noticiasribeiraopreto.com.br\/wp-content\/uploads\/2024\/01\/postimg-65a9ca4600ae64584.jpg?fit=1200%2C628&ssl=1&resize=350%2C200","width":350,"height":200,"srcset":"https:\/\/i0.wp.com\/noticiasribeiraopreto.com.br\/wp-content\/uploads\/2024\/01\/postimg-65a9ca4600ae64584.jpg?fit=1200%2C628&ssl=1&resize=350%2C200 1x, https:\/\/i0.wp.com\/noticiasribeiraopreto.com.br\/wp-content\/uploads\/2024\/01\/postimg-65a9ca4600ae64584.jpg?fit=1200%2C628&ssl=1&resize=525%2C300 1.5x, https:\/\/i0.wp.com\/noticiasribeiraopreto.com.br\/wp-content\/uploads\/2024\/01\/postimg-65a9ca4600ae64584.jpg?fit=1200%2C628&ssl=1&resize=700%2C400 2x, https:\/\/i0.wp.com\/noticiasribeiraopreto.com.br\/wp-content\/uploads\/2024\/01\/postimg-65a9ca4600ae64584.jpg?fit=1200%2C628&ssl=1&resize=1050%2C600 3x"},"classes":[]},{"id":29436,"url":"https:\/\/noticiasribeiraopreto.com.br\/index.php\/2024\/01\/18\/colisao-entre-carreta-e-carro-na-br-116-tira-a-vida-de-9-pessoas-de-uma-mesma-familia-que-iriam-comemorar-aniversario\/","url_meta":{"origin":29642,"position":1},"title":"Colis\u00e3o entre carreta e carro na BR-116 tira a vida de 9 pessoas de uma mesma fam\u00edlia que iriam comemorar anivers\u00e1rio","author":"noticiasribeiraopreto.com.br","date":"18 de January de 2024","format":false,"excerpt":"Uma trag\u00e9dia ocorrida na Rodovia Santos Dumont, na BR-116, resultou na perda de nove vidas na noite desta quarta-feira, dia 17 de janeiro. O caso aconteceu na Bahia.O incidente envolveu uma carreta e um VW Gol, e todas as pessoas a bordo do carro n\u00e3o resistiram. Foi apontado que as\u2026","rel":"","context":"In &quot;Blog&quot;","block_context":{"text":"Blog","link":"https:\/\/noticiasribeiraopreto.com.br\/index.php\/category\/blog\/"},"img":{"alt_text":"","src":"https:\/\/i0.wp.com\/noticiasribeiraopreto.com.br\/wp-content\/uploads\/2024\/01\/postimg-65a930648b8da3154.jpg?fit=1200%2C628&ssl=1&resize=350%2C200","width":350,"height":200,"srcset":"https:\/\/i0.wp.com\/noticiasribeiraopreto.com.br\/wp-content\/uploads\/2024\/01\/postimg-65a930648b8da3154.jpg?fit=1200%2C628&ssl=1&resize=350%2C200 1x, https:\/\/i0.wp.com\/noticiasribeiraopreto.com.br\/wp-content\/uploads\/2024\/01\/postimg-65a930648b8da3154.jpg?fit=1200%2C628&ssl=1&resize=525%2C300 1.5x, https:\/\/i0.wp.com\/noticiasribeiraopreto.com.br\/wp-content\/uploads\/2024\/01\/postimg-65a930648b8da3154.jpg?fit=1200%2C628&ssl=1&resize=700%2C400 2x, https:\/\/i0.wp.com\/noticiasribeiraopreto.com.br\/wp-content\/uploads\/2024\/01\/postimg-65a930648b8da3154.jpg?fit=1200%2C628&ssl=1&resize=1050%2C600 3x"},"classes":[]},{"id":27658,"url":"https:\/\/noticiasribeiraopreto.com.br\/index.php\/2024\/01\/12\/gravissimo-acidente-mata-pai-mae-filho-e-cunhado-na-ba\/","url_meta":{"origin":29642,"position":2},"title":"Grav\u00edssimo acidente mata pai, m\u00e3e, filho e cunhado na BA","author":"noticiasribeiraopreto.com.br","date":"12 de January de 2024","format":false,"excerpt":"Uma trag\u00e9dia chocante ocorreu na BR-116, entre as cidades de Po\u00e7\u00f5es e Planalto, na Bahia, deixando uma comunidade inteira em luto. Quatro membros de uma mesma fam\u00edlia, que viajavam de S\u00e3o Paulo para Sergipe, perderam suas vidas em um acidente devastador.O grupo, composto por Maria Tainara de Oliveira Carvalho (m\u00e3e),\u2026","rel":"","context":"In &quot;Blog&quot;","block_context":{"text":"Blog","link":"https:\/\/noticiasribeiraopreto.com.br\/index.php\/category\/blog\/"},"img":{"alt_text":"","src":"https:\/\/i0.wp.com\/noticiasribeiraopreto.com.br\/wp-content\/uploads\/2024\/01\/postimg-65a1c82012d342582.jpg?fit=1200%2C628&ssl=1&resize=350%2C200","width":350,"height":200,"srcset":"https:\/\/i0.wp.com\/noticiasribeiraopreto.com.br\/wp-content\/uploads\/2024\/01\/postimg-65a1c82012d342582.jpg?fit=1200%2C628&ssl=1&resize=350%2C200 1x, https:\/\/i0.wp.com\/noticiasribeiraopreto.com.br\/wp-content\/uploads\/2024\/01\/postimg-65a1c82012d342582.jpg?fit=1200%2C628&ssl=1&resize=525%2C300 1.5x, https:\/\/i0.wp.com\/noticiasribeiraopreto.com.br\/wp-content\/uploads\/2024\/01\/postimg-65a1c82012d342582.jpg?fit=1200%2C628&ssl=1&resize=700%2C400 2x, https:\/\/i0.wp.com\/noticiasribeiraopreto.com.br\/wp-content\/uploads\/2024\/01\/postimg-65a1c82012d342582.jpg?fit=1200%2C628&ssl=1&resize=1050%2C600 3x"},"classes":[]},{"id":28870,"url":"https:\/\/noticiasribeiraopreto.com.br\/index.php\/2024\/01\/16\/quem-eram-mae-e-filho-que-perderam-a-vida-em-grave-acidente-na-br-282\/","url_meta":{"origin":29642,"position":3},"title":"Quem eram m\u00e3e e filho que perderam a vida em grave acidente na BR-282","author":"noticiasribeiraopreto.com.br","date":"16 de January de 2024","format":false,"excerpt":"No fim da manh\u00e3 desta ter\u00e7a-feira (16), um grave acidente que teve como cen\u00e1rio a rodovia BR-282, que provocou uma enorme trag\u00e9dia deixando uma fam\u00edlia de luto.O acidente envolvendo um carro e um caminh\u00e3o na BR-282, na altura do munic\u00edpio de Ponte Serrada, que fica localizado no interior do estado\u2026","rel":"","context":"In &quot;Blog&quot;","block_context":{"text":"Blog","link":"https:\/\/noticiasribeiraopreto.com.br\/index.php\/category\/blog\/"},"img":{"alt_text":"","src":"https:\/\/i0.wp.com\/noticiasribeiraopreto.com.br\/wp-content\/uploads\/2024\/01\/postimg-65a722b4e05c58716.jpg?fit=1200%2C628&ssl=1&resize=350%2C200","width":350,"height":200,"srcset":"https:\/\/i0.wp.com\/noticiasribeiraopreto.com.br\/wp-content\/uploads\/2024\/01\/postimg-65a722b4e05c58716.jpg?fit=1200%2C628&ssl=1&resize=350%2C200 1x, https:\/\/i0.wp.com\/noticiasribeiraopreto.com.br\/wp-content\/uploads\/2024\/01\/postimg-65a722b4e05c58716.jpg?fit=1200%2C628&ssl=1&resize=525%2C300 1.5x, https:\/\/i0.wp.com\/noticiasribeiraopreto.com.br\/wp-content\/uploads\/2024\/01\/postimg-65a722b4e05c58716.jpg?fit=1200%2C628&ssl=1&resize=700%2C400 2x, https:\/\/i0.wp.com\/noticiasribeiraopreto.com.br\/wp-content\/uploads\/2024\/01\/postimg-65a722b4e05c58716.jpg?fit=1200%2C628&ssl=1&resize=1050%2C600 3x"},"classes":[]},{"id":80929,"url":"https:\/\/noticiasribeiraopreto.com.br\/index.php\/2025\/12\/18\/video-colisao-em-cruzamento-deixa-ferido-na-zona-oeste\/","url_meta":{"origin":29642,"position":4},"title":"V\u00cdDEO &#8211; Colis\u00e3o em cruzamento deixa ferido na zona Oeste","author":"noticiasribeiraopreto.com.br","date":"18 de December de 2025","format":false,"excerpt":"\r \r \r Suspeita \u00e9 que um dos ve\u00edculos n\u00e3o tenha parado no sinal vermelho e ocorreu batida, seguida pelo tombamento de um dos carros\r \r 18 de dezembro de 2025 11:4218 de dezembro de 2025 11:42 \r Compartilhar2 \r Por: Adalberto Luque Uma colis\u00e3o entre dois carros deixou uma\u2026","rel":"","context":"In &quot;Not\u00edcias de Ribeir\u00e3o Preto-SP e Regi\u00e3o&quot;","block_context":{"text":"Not\u00edcias de Ribeir\u00e3o Preto-SP e Regi\u00e3o","link":"https:\/\/noticiasribeiraopreto.com.br\/index.php\/category\/noticias-de-ribeirao-preto-sp-e-regiao-ismael-colosi\/"},"img":{"alt_text":"","src":"https:\/\/i0.wp.com\/noticiasribeiraopreto.com.br\/wp-content\/uploads\/2025\/12\/18-dez-2025-acidentevv-scaled.jpg?fit=1200%2C556&ssl=1&resize=350%2C200","width":350,"height":200,"srcset":"https:\/\/i0.wp.com\/noticiasribeiraopreto.com.br\/wp-content\/uploads\/2025\/12\/18-dez-2025-acidentevv-scaled.jpg?fit=1200%2C556&ssl=1&resize=350%2C200 1x, https:\/\/i0.wp.com\/noticiasribeiraopreto.com.br\/wp-content\/uploads\/2025\/12\/18-dez-2025-acidentevv-scaled.jpg?fit=1200%2C556&ssl=1&resize=525%2C300 1.5x, https:\/\/i0.wp.com\/noticiasribeiraopreto.com.br\/wp-content\/uploads\/2025\/12\/18-dez-2025-acidentevv-scaled.jpg?fit=1200%2C556&ssl=1&resize=700%2C400 2x, https:\/\/i0.wp.com\/noticiasribeiraopreto.com.br\/wp-content\/uploads\/2025\/12\/18-dez-2025-acidentevv-scaled.jpg?fit=1200%2C556&ssl=1&resize=1050%2C600 3x"},"classes":[]},{"id":17441,"url":"https:\/\/noticiasribeiraopreto.com.br\/index.php\/2023\/12\/18\/acidente-de-carro-causa-falecimentos-em-familia-apos-colisao-contra-arvore\/","url_meta":{"origin":29642,"position":5},"title":"Acidente de carro causa falecimentos em fam\u00edlia ap\u00f3s colis\u00e3o contra \u00e1rvore","author":"noticiasribeiraopreto.com.br","date":"18 de December de 2023","format":false,"excerpt":"Na madrugada desta segunda-feira, dia 18 de dezembro, ocorreu um tr\u00e1gico acidente na BR-251, na regi\u00e3o de Francisco S\u00e1, ap\u00f3s ter sido confirmada a morte de uma mulher de 36 anos de idade e seu filho de apenas 11 anos de idade. Os dois sofreram um grave acidente de carro.O\u2026","rel":"","context":"In &quot;Blog&quot;","block_context":{"text":"Blog","link":"https:\/\/noticiasribeiraopreto.com.br\/index.php\/category\/blog\/"},"img":{"alt_text":"","src":"https:\/\/i0.wp.com\/noticiasribeiraopreto.com.br\/wp-content\/uploads\/2023\/12\/postimg-658064bf3bf2d9500.jpg?fit=1200%2C628&ssl=1&resize=350%2C200","width":350,"height":200,"srcset":"https:\/\/i0.wp.com\/noticiasribeiraopreto.com.br\/wp-content\/uploads\/2023\/12\/postimg-658064bf3bf2d9500.jpg?fit=1200%2C628&ssl=1&resize=350%2C200 1x, https:\/\/i0.wp.com\/noticiasribeiraopreto.com.br\/wp-content\/uploads\/2023\/12\/postimg-658064bf3bf2d9500.jpg?fit=1200%2C628&ssl=1&resize=525%2C300 1.5x, https:\/\/i0.wp.com\/noticiasribeiraopreto.com.br\/wp-content\/uploads\/2023\/12\/postimg-658064bf3bf2d9500.jpg?fit=1200%2C628&ssl=1&resize=700%2C400 2x, https:\/\/i0.wp.com\/noticiasribeiraopreto.com.br\/wp-content\/uploads\/2023\/12\/postimg-658064bf3bf2d9500.jpg?fit=1200%2C628&ssl=1&resize=1050%2C600 3x"},"classes":[]}],"jetpack_sharing_enabled":true,"jetpack_shortlink":"https:\/\/wp.me\/peQAOb-7I6","_links":{"self":[{"href":"https:\/\/noticiasribeiraopreto.com.br\/index.php\/wp-json\/wp\/v2\/posts\/29642","targetHints":{"allow":["GET"]}}],"collection":[{"href":"https:\/\/noticiasribeiraopreto.com.br\/index.php\/wp-json\/wp\/v2\/posts"}],"about":[{"href":"https:\/\/noticiasribeiraopreto.com.br\/index.php\/wp-json\/wp\/v2\/types\/post"}],"author":[{"embeddable":true,"href":"https:\/\/noticiasribeiraopreto.com.br\/index.php\/wp-json\/wp\/v2\/users\/1"}],"replies":[{"embeddable":true,"href":"https:\/\/noticiasribeiraopreto.com.br\/index.php\/wp-json\/wp\/v2\/comments?post=29642"}],"version-history":[{"count":0,"href":"https:\/\/noticiasribeiraopreto.com.br\/index.php\/wp-json\/wp\/v2\/posts\/29642\/revisions"}],"wp:featuredmedia":[{"embeddable":true,"href":"https:\/\/noticiasribeiraopreto.com.br\/index.php\/wp-json\/wp\/v2\/media\/29643"}],"wp:attachment":[{"href":"https:\/\/noticiasribeiraopreto.com.br\/index.php\/wp-json\/wp\/v2\/media?parent=29642"}],"wp:term":[{"taxonomy":"category","embeddable":true,"href":"https:\/\/noticiasribeiraopreto.com.br\/index.php\/wp-json\/wp\/v2\/categories?post=29642"},{"taxonomy":"post_tag","embeddable":true,"href":"https:\/\/noticiasribeiraopreto.com.br\/index.php\/wp-json\/wp\/v2\/tags?post=29642"}],"curies":[{"name":"wp","href":"https:\/\/api.w.org\/{rel}","templated":true}]}}