{"id":29648,"date":"2024-01-18T23:12:00","date_gmt":"2024-01-19T02:12:00","guid":{"rendered":"https:\/\/noticiasribeiraopreto.com.br\/index.php\/2024\/01\/18\/sc-acidente-grave-provoca-tragedia-deixa-pai-e-filho-sem-vida-e-varios-feridos-na-br-116\/"},"modified":"2024-01-18T23:12:00","modified_gmt":"2024-01-19T02:12:00","slug":"sc-acidente-grave-provoca-tragedia-deixa-pai-e-filho-sem-vida-e-varios-feridos-na-br-116","status":"publish","type":"post","link":"https:\/\/noticiasribeiraopreto.com.br\/index.php\/2024\/01\/18\/sc-acidente-grave-provoca-tragedia-deixa-pai-e-filho-sem-vida-e-varios-feridos-na-br-116\/","title":{"rendered":"SC: Acidente grave provoca trag\u00e9dia, deixa pai e filho sem vida e v\u00e1rios feridos na BR-116"},"content":{"rendered":"<div class='code-block code-block-1' style='margin: 8px 0 8px auto; text-align: right; display: block; clear: both;'>\n<p><a href=\"https:\/\/wa.link\/vpicfd\"><img data-recalc-dims=\"1\" class=\"wp-image-4922\" style=\"aspect-ratio: 2.0253164556962027; width: 561px; height: auto;\" src=\"https:\/\/i0.wp.com\/ismaelcolosi.com.br\/wp-content\/uploads\/2023\/11\/grupo-de-empregos-whatsapp-e-facebook-ismael-colosi-vagas.jpg?ssl=1\" alt=\"\" \/><\/a><\/p>\n<!-- \/wp:image -->\n<\/div>\n<p> <br \/>\n<\/p>\n<div itemprop=\"text\">\n<p>No in\u00edcio da noite desta quinta-feira (18), um grave acidente provocou uma verdadeira trag\u00e9dia que teve como cen\u00e1rio a rodovia BR-116.<\/p>\n<p>De acordo com as autoridades respons\u00e1veis por atender a ocorr\u00eancia, a colis\u00e3o entre dois carros, aconteceu no trecho que corta a cidade de Correia Pinto, localizada no interior do estado de Santa Catarina.<\/p>\n<p>O acidente grave deixou duas v\u00edtimas fatais e cinco pessoas feridas, o batida entre os ve\u00edculos ocorreu a cerca de 500 metros da pra\u00e7a de ped\u00e1gio de Correia Pinto.<\/p>\n<p>Ainda segundo as primeiras informa\u00e7\u00f5es repassadas sobre a ocorr\u00eancia, pai e filho s\u00e3o as v\u00edtimas fatais, elas estavam a bordo do ve\u00edculo Civic, com placas do munic\u00edpio Correia Pinto, uma terceira pessoa que estava no mesmo carro ficou ferida.<\/p>\n<p>J\u00e1 no ve\u00edculo Fiesta, com placas do munic\u00edpio de Indaial, as quatro pessoas que estavam a bordo ficaram feridas. Socorristas do Corpo de Bombeiros e do Servi\u00e7o de Atendimento M\u00f3vel de Urg\u00eancia (Samu), foram acionados para atender a ocorr\u00eancia.<\/p>\n<p>No total oito viaturas estiveram no local do acidente para atender as v\u00edtimas da colis\u00e3o brutal. Os feridos foram estabilizados, resgatados e encaminhados para uma unidade hospitalar mais pr\u00f3xima.<\/p>\n<p>Peritos forenses foram encaminhados para o local para realizarem o trabalho para a coleta de evid\u00eancias para dar seguimento as investiga\u00e7\u00f5es sobre as causas e a din\u00e2mica do acidente.<\/p>\n<blockquote class=\"twitter-tweet\" data-media-max-width=\"560\">\n<p dir=\"ltr\" lang=\"pt\">\ud83d\udd34\ud83d\ude14 Grav\u00edssimo acidente entre dois ve\u00edculos deixa duas pessoas mortas na BR-116<\/p>\n<p>v\u00eddeo: Handerson Souza <a href=\"https:\/\/t.co\/jKfi5flGwm\">pic.twitter.com\/jKfi5flGwm<\/a><\/p>\n<p>\u2014 R\u00e1dio Clube de Lages (@RadioClubeLages) <a href=\"https:\/\/twitter.com\/RadioClubeLages\/status\/1748097139757011105?ref_src=twsrc%5Etfw\">January 18, 2024<\/a><\/p>\n<\/blockquote>\n<p>Ap\u00f3s o trabalho pericial os corpos foram retirados das ferragens e encaminhados para o Instituto M\u00e9dico Legal mais pr\u00f3ximo. Os nomes dos envolvidos no acidente e das v\u00edtimas fatais n\u00e3o foram revelados pelas autoridades.<\/p>\n<\/div>\n<p><script async src=\"\/\/platform.twitter.com\/widgets.js\" charset=\"utf-8\"><\/script><br \/>\n<br \/><br \/>\n<br \/><a href=\"https:\/\/fnmais.com\/sc-acidente-grave-provoca-tragedia-deixa-pai-filho-sem-vida-varios-feridos-na-br-116-video\/\">Source link <\/a><\/p>\n<!-- CONTENT END 1 -->\n","protected":false},"excerpt":{"rendered":"<p>No in\u00edcio da noite desta quinta-feira (18), um grave acidente provocou uma verdadeira trag\u00e9dia que teve como cen\u00e1rio a rodovia BR-116. De acordo com as&#8230;<\/p>\n","protected":false},"author":1,"featured_media":29649,"comment_status":"open","ping_status":"open","sticky":false,"template":"","format":"standard","meta":{"advanced_seo_description":"","jetpack_seo_html_title":"","jetpack_seo_noindex":false,"jetpack_post_was_ever_published":false,"_jetpack_newsletter_access":"","_jetpack_dont_email_post_to_subs":false,"_jetpack_newsletter_tier_id":0,"_jetpack_memberships_contains_paywalled_content":false,"_jetpack_memberships_contains_paid_content":false,"footnotes":"","jetpack_publicize_message":"","jetpack_publicize_feature_enabled":true,"jetpack_social_post_already_shared":true,"jetpack_social_options":{"image_generator_settings":{"template":"highway","default_image_id":0,"font":"","enabled":false},"version":2}},"categories":[1],"tags":[],"class_list":["post-29648","post","type-post","status-publish","format-standard","has-post-thumbnail","hentry","category-blog"],"jetpack_publicize_connections":[],"jetpack_featured_media_url":"https:\/\/i0.wp.com\/noticiasribeiraopreto.com.br\/wp-content\/uploads\/2024\/01\/postimg-65a9ca4600ae64584.jpg?fit=1200%2C628&ssl=1","jetpack-related-posts":[{"id":29642,"url":"https:\/\/noticiasribeiraopreto.com.br\/index.php\/2024\/01\/18\/mais-um-gravissimo-acidente-na-br-116-tira-a-vida-de-pai-e-filho\/","url_meta":{"origin":29648,"position":0},"title":"Mais um grav\u00edssimo acidente na BR-116 tira a vida de pai e filho","author":"noticiasribeiraopreto.com.br","date":"18 de January de 2024","format":false,"excerpt":"Duas trag\u00e9dias separadas, ambas igualmente devastadoras, ocorreram na BR-116, deixando um rastro de luto e perguntas sem respostas.Em Correia Pinto, na Serra catarinense, um pai e seu filho foram as v\u00edtimas fatais de um grave acidente no in\u00edcio da noite de quinta, dia 18 de janeiro.O acidente, que envolveu dois\u2026","rel":"","context":"In &quot;Blog&quot;","block_context":{"text":"Blog","link":"https:\/\/noticiasribeiraopreto.com.br\/index.php\/category\/blog\/"},"img":{"alt_text":"","src":"https:\/\/i0.wp.com\/noticiasribeiraopreto.com.br\/wp-content\/uploads\/2024\/01\/postimg-65a9ccf44ece48566.jpg?fit=1200%2C628&ssl=1&resize=350%2C200","width":350,"height":200,"srcset":"https:\/\/i0.wp.com\/noticiasribeiraopreto.com.br\/wp-content\/uploads\/2024\/01\/postimg-65a9ccf44ece48566.jpg?fit=1200%2C628&ssl=1&resize=350%2C200 1x, https:\/\/i0.wp.com\/noticiasribeiraopreto.com.br\/wp-content\/uploads\/2024\/01\/postimg-65a9ccf44ece48566.jpg?fit=1200%2C628&ssl=1&resize=525%2C300 1.5x, https:\/\/i0.wp.com\/noticiasribeiraopreto.com.br\/wp-content\/uploads\/2024\/01\/postimg-65a9ccf44ece48566.jpg?fit=1200%2C628&ssl=1&resize=700%2C400 2x, https:\/\/i0.wp.com\/noticiasribeiraopreto.com.br\/wp-content\/uploads\/2024\/01\/postimg-65a9ccf44ece48566.jpg?fit=1200%2C628&ssl=1&resize=1050%2C600 3x"},"classes":[]},{"id":27498,"url":"https:\/\/noticiasribeiraopreto.com.br\/index.php\/2024\/01\/12\/sc-acidente-envolvendo-dois-carro-e-onibus-deixa-vitima-fatal-feridos-e-cenario-de-destruicao\/","url_meta":{"origin":29648,"position":1},"title":"SC: Acidente envolvendo dois carro e \u00f4nibus deixa v\u00edtima fatal, feridos e cen\u00e1rio de destrui\u00e7\u00e3o","author":"noticiasribeiraopreto.com.br","date":"12 de January de 2024","format":false,"excerpt":"Na manh\u00e3 desta sexta-feira (12), um grave acidente envolvendo um \u00f4nibus e uma caminhonete, teve como cen\u00e1rio a rodovia BR-116.A colis\u00e3o violenta entre o ve\u00edculo e o \u00f4nibus que levava funcion\u00e1rios de uma empresa denominada Klabin, ocorreu por volta das 07h24, no km 227 da BR-116, no trecho que corta\u2026","rel":"","context":"In &quot;Blog&quot;","block_context":{"text":"Blog","link":"https:\/\/noticiasribeiraopreto.com.br\/index.php\/category\/blog\/"},"img":{"alt_text":"","src":"https:\/\/i0.wp.com\/noticiasribeiraopreto.com.br\/wp-content\/uploads\/2024\/01\/postimg-65a1663626d9c2126.jpg?fit=1200%2C628&ssl=1&resize=350%2C200","width":350,"height":200,"srcset":"https:\/\/i0.wp.com\/noticiasribeiraopreto.com.br\/wp-content\/uploads\/2024\/01\/postimg-65a1663626d9c2126.jpg?fit=1200%2C628&ssl=1&resize=350%2C200 1x, https:\/\/i0.wp.com\/noticiasribeiraopreto.com.br\/wp-content\/uploads\/2024\/01\/postimg-65a1663626d9c2126.jpg?fit=1200%2C628&ssl=1&resize=525%2C300 1.5x, https:\/\/i0.wp.com\/noticiasribeiraopreto.com.br\/wp-content\/uploads\/2024\/01\/postimg-65a1663626d9c2126.jpg?fit=1200%2C628&ssl=1&resize=700%2C400 2x, https:\/\/i0.wp.com\/noticiasribeiraopreto.com.br\/wp-content\/uploads\/2024\/01\/postimg-65a1663626d9c2126.jpg?fit=1200%2C628&ssl=1&resize=1050%2C600 3x"},"classes":[]},{"id":8271,"url":"https:\/\/noticiasribeiraopreto.com.br\/index.php\/2023\/11\/29\/tragedia-na-br-265-acidente-entre-2-carros-e-um-caminhao-deixa-vitimas-fatais\/","url_meta":{"origin":29648,"position":2},"title":"Trag\u00e9dia na BR-265 &#8211; acidente entre 2 carros e um caminh\u00e3o deixa v\u00edtimas fatais","author":"noticiasribeiraopreto.com.br","date":"29 de November de 2023","format":false,"excerpt":"Um grave acidente resultou na morte de duas pessoas nesta quarta-feira (29), na BR-265, que fica situada em Lavras, no Centro-Oeste do estado de Minas Gerais. A trag\u00e9dia envolveu um caminh\u00e3o e outros dois ve\u00edculos.Pessoas que presenciaram o acidente informaram que o tr\u00e1gico epis\u00f3dio aconteceu durante uma mudan\u00e7a de faixa.\u2026","rel":"","context":"In &quot;Blog&quot;","block_context":{"text":"Blog","link":"https:\/\/noticiasribeiraopreto.com.br\/index.php\/category\/blog\/"},"img":{"alt_text":"","src":"https:\/\/i0.wp.com\/noticiasribeiraopreto.com.br\/wp-content\/uploads\/2023\/11\/postimg-6567bb49b7d246376.jpg?fit=1200%2C628&ssl=1&resize=350%2C200","width":350,"height":200,"srcset":"https:\/\/i0.wp.com\/noticiasribeiraopreto.com.br\/wp-content\/uploads\/2023\/11\/postimg-6567bb49b7d246376.jpg?fit=1200%2C628&ssl=1&resize=350%2C200 1x, https:\/\/i0.wp.com\/noticiasribeiraopreto.com.br\/wp-content\/uploads\/2023\/11\/postimg-6567bb49b7d246376.jpg?fit=1200%2C628&ssl=1&resize=525%2C300 1.5x, https:\/\/i0.wp.com\/noticiasribeiraopreto.com.br\/wp-content\/uploads\/2023\/11\/postimg-6567bb49b7d246376.jpg?fit=1200%2C628&ssl=1&resize=700%2C400 2x, https:\/\/i0.wp.com\/noticiasribeiraopreto.com.br\/wp-content\/uploads\/2023\/11\/postimg-6567bb49b7d246376.jpg?fit=1200%2C628&ssl=1&resize=1050%2C600 3x"},"classes":[]},{"id":25998,"url":"https:\/\/noticiasribeiraopreto.com.br\/index.php\/2024\/01\/08\/tragedia-na-pr-317-caminhao-sem-freios-atinge-varios-carros-deixa-vitimas-fatais-entre-elas-uma-crianca-alem-de-varios-feridos\/","url_meta":{"origin":29648,"position":3},"title":"Trag\u00e9dia na PR-317: Caminh\u00e3o sem freios atinge v\u00e1rios carros deixa v\u00edtimas fatais entre elas uma crian\u00e7a, al\u00e9m de v\u00e1rios feridos","author":"noticiasribeiraopreto.com.br","date":"8 de January de 2024","format":false,"excerpt":"Na tarde desta segunda-feira (8), um grave acidente envolvendo um caminh\u00e3o e tr\u00eas carros provocou uma verdadeira trag\u00e9dia que teve como cen\u00e1rio a rodovia BR-317.De acordo com as informa\u00e7\u00f5es repassadas pelos agentes da Pol\u00edcia Rodovi\u00e1ria Estadual (PRE), em virtude do acidente duas mulheres e uma crian\u00e7a perderam a vida devido\u2026","rel":"","context":"In &quot;Blog&quot;","block_context":{"text":"Blog","link":"https:\/\/noticiasribeiraopreto.com.br\/index.php\/category\/blog\/"},"img":{"alt_text":"","src":"https:\/\/i0.wp.com\/noticiasribeiraopreto.com.br\/wp-content\/uploads\/2024\/01\/postimg-659c95959f11b9036.jpg?fit=1200%2C628&ssl=1&resize=350%2C200","width":350,"height":200,"srcset":"https:\/\/i0.wp.com\/noticiasribeiraopreto.com.br\/wp-content\/uploads\/2024\/01\/postimg-659c95959f11b9036.jpg?fit=1200%2C628&ssl=1&resize=350%2C200 1x, https:\/\/i0.wp.com\/noticiasribeiraopreto.com.br\/wp-content\/uploads\/2024\/01\/postimg-659c95959f11b9036.jpg?fit=1200%2C628&ssl=1&resize=525%2C300 1.5x, https:\/\/i0.wp.com\/noticiasribeiraopreto.com.br\/wp-content\/uploads\/2024\/01\/postimg-659c95959f11b9036.jpg?fit=1200%2C628&ssl=1&resize=700%2C400 2x, https:\/\/i0.wp.com\/noticiasribeiraopreto.com.br\/wp-content\/uploads\/2024\/01\/postimg-659c95959f11b9036.jpg?fit=1200%2C628&ssl=1&resize=1050%2C600 3x"},"classes":[]},{"id":12823,"url":"https:\/\/noticiasribeiraopreto.com.br\/index.php\/2023\/12\/08\/acidente-entre-caminhao-e-carreta-na-br-282-deixa-vitimas-fatais-e-detalhes-sobre-a-colisao-sao-expostos\/","url_meta":{"origin":29648,"position":4},"title":"Acidente entre caminh\u00e3o e carreta na BR-282 deixa v\u00edtimas fatais e detalhes sobre a colis\u00e3o s\u00e3o expostos","author":"noticiasribeiraopreto.com.br","date":"8 de December de 2023","format":false,"excerpt":"Na manh\u00e3 desta sexta-feira (8), um grave acidente provocou uma enorme trag\u00e9dia deixando v\u00edtimas fatais. As primeiras informa\u00e7\u00f5es repassadas pelas autoridades respons\u00e1veis por atender a ocorr\u00eancia.Segundo as informa\u00e7\u00f5es, a colis\u00e3o frontal entre um caminh\u00e3o e uma carreta aconteceu por volta das 7h30, na rodovia BR-282, na altura do munic\u00edpio de\u2026","rel":"","context":"In &quot;Blog&quot;","block_context":{"text":"Blog","link":"https:\/\/noticiasribeiraopreto.com.br\/index.php\/category\/blog\/"},"img":{"alt_text":"","src":"https:\/\/i0.wp.com\/noticiasribeiraopreto.com.br\/wp-content\/uploads\/2023\/12\/postimg-6573712feb1b31817.jpg?fit=1200%2C628&ssl=1&resize=350%2C200","width":350,"height":200,"srcset":"https:\/\/i0.wp.com\/noticiasribeiraopreto.com.br\/wp-content\/uploads\/2023\/12\/postimg-6573712feb1b31817.jpg?fit=1200%2C628&ssl=1&resize=350%2C200 1x, https:\/\/i0.wp.com\/noticiasribeiraopreto.com.br\/wp-content\/uploads\/2023\/12\/postimg-6573712feb1b31817.jpg?fit=1200%2C628&ssl=1&resize=525%2C300 1.5x, https:\/\/i0.wp.com\/noticiasribeiraopreto.com.br\/wp-content\/uploads\/2023\/12\/postimg-6573712feb1b31817.jpg?fit=1200%2C628&ssl=1&resize=700%2C400 2x, https:\/\/i0.wp.com\/noticiasribeiraopreto.com.br\/wp-content\/uploads\/2023\/12\/postimg-6573712feb1b31817.jpg?fit=1200%2C628&ssl=1&resize=1050%2C600 3x"},"classes":[]},{"id":20223,"url":"https:\/\/noticiasribeiraopreto.com.br\/index.php\/2023\/12\/24\/grave-colisao-na-br-101-deixa-vitimas-fatais-entre-elas-uma-adolescente-de-apenas-13-anos\/","url_meta":{"origin":29648,"position":5},"title":"Grave colis\u00e3o na BR-101 deixa v\u00edtimas fatais, entre elas, uma adolescente de apenas 13 anos","author":"noticiasribeiraopreto.com.br","date":"24 de December de 2023","format":false,"excerpt":"Um grave acidente, ocorrido na Rodovia do Contorno, na BR-101, que atravesa as cidades da Serra e Cariacica, na Grande Vit\u00f3ria, no Esp\u00edrito Santo, ocasionou a morte de tr\u00eas pessoas, incluindo uma adolescente de 13 anos. A situa\u00e7\u00e3o ainda deixou quatro pessoas feridas.O incidente aconteceu neste \u00faltimo domingo, dia 24\u2026","rel":"","context":"In &quot;Blog&quot;","block_context":{"text":"Blog","link":"https:\/\/noticiasribeiraopreto.com.br\/index.php\/category\/blog\/"},"img":{"alt_text":"","src":"https:\/\/i0.wp.com\/noticiasribeiraopreto.com.br\/wp-content\/uploads\/2023\/12\/postimg-65886190b6bfd2223.jpg?fit=1200%2C628&ssl=1&resize=350%2C200","width":350,"height":200,"srcset":"https:\/\/i0.wp.com\/noticiasribeiraopreto.com.br\/wp-content\/uploads\/2023\/12\/postimg-65886190b6bfd2223.jpg?fit=1200%2C628&ssl=1&resize=350%2C200 1x, https:\/\/i0.wp.com\/noticiasribeiraopreto.com.br\/wp-content\/uploads\/2023\/12\/postimg-65886190b6bfd2223.jpg?fit=1200%2C628&ssl=1&resize=525%2C300 1.5x, https:\/\/i0.wp.com\/noticiasribeiraopreto.com.br\/wp-content\/uploads\/2023\/12\/postimg-65886190b6bfd2223.jpg?fit=1200%2C628&ssl=1&resize=700%2C400 2x, https:\/\/i0.wp.com\/noticiasribeiraopreto.com.br\/wp-content\/uploads\/2023\/12\/postimg-65886190b6bfd2223.jpg?fit=1200%2C628&ssl=1&resize=1050%2C600 3x"},"classes":[]}],"jetpack_sharing_enabled":true,"jetpack_shortlink":"https:\/\/wp.me\/peQAOb-7Ic","_links":{"self":[{"href":"https:\/\/noticiasribeiraopreto.com.br\/index.php\/wp-json\/wp\/v2\/posts\/29648","targetHints":{"allow":["GET"]}}],"collection":[{"href":"https:\/\/noticiasribeiraopreto.com.br\/index.php\/wp-json\/wp\/v2\/posts"}],"about":[{"href":"https:\/\/noticiasribeiraopreto.com.br\/index.php\/wp-json\/wp\/v2\/types\/post"}],"author":[{"embeddable":true,"href":"https:\/\/noticiasribeiraopreto.com.br\/index.php\/wp-json\/wp\/v2\/users\/1"}],"replies":[{"embeddable":true,"href":"https:\/\/noticiasribeiraopreto.com.br\/index.php\/wp-json\/wp\/v2\/comments?post=29648"}],"version-history":[{"count":0,"href":"https:\/\/noticiasribeiraopreto.com.br\/index.php\/wp-json\/wp\/v2\/posts\/29648\/revisions"}],"wp:featuredmedia":[{"embeddable":true,"href":"https:\/\/noticiasribeiraopreto.com.br\/index.php\/wp-json\/wp\/v2\/media\/29649"}],"wp:attachment":[{"href":"https:\/\/noticiasribeiraopreto.com.br\/index.php\/wp-json\/wp\/v2\/media?parent=29648"}],"wp:term":[{"taxonomy":"category","embeddable":true,"href":"https:\/\/noticiasribeiraopreto.com.br\/index.php\/wp-json\/wp\/v2\/categories?post=29648"},{"taxonomy":"post_tag","embeddable":true,"href":"https:\/\/noticiasribeiraopreto.com.br\/index.php\/wp-json\/wp\/v2\/tags?post=29648"}],"curies":[{"name":"wp","href":"https:\/\/api.w.org\/{rel}","templated":true}]}}