{"id":29660,"date":"2024-01-19T00:01:00","date_gmt":"2024-01-19T03:01:00","guid":{"rendered":"https:\/\/noticiasribeiraopreto.com.br\/index.php\/2024\/01\/19\/inscricoes-para-enem-dos-concursos-comecam-nesta-sexta-feira\/"},"modified":"2024-01-19T00:01:00","modified_gmt":"2024-01-19T03:01:00","slug":"inscricoes-para-enem-dos-concursos-comecam-nesta-sexta-feira","status":"publish","type":"post","link":"https:\/\/noticiasribeiraopreto.com.br\/index.php\/2024\/01\/19\/inscricoes-para-enem-dos-concursos-comecam-nesta-sexta-feira\/","title":{"rendered":"Inscri\u00e7\u00f5es para \u2018Enem dos concursos\u2019 come\u00e7am nesta sexta-feira"},"content":{"rendered":"<div class='code-block code-block-1' style='margin: 8px 0 8px auto; text-align: right; display: block; clear: both;'>\n<p><a href=\"https:\/\/wa.link\/vpicfd\"><img data-recalc-dims=\"1\" class=\"wp-image-4922\" style=\"aspect-ratio: 2.0253164556962027; width: 561px; height: auto;\" src=\"https:\/\/i0.wp.com\/ismaelcolosi.com.br\/wp-content\/uploads\/2023\/11\/grupo-de-empregos-whatsapp-e-facebook-ismael-colosi-vagas.jpg?ssl=1\" alt=\"\" \/><\/a><\/p>\n<!-- \/wp:image -->\n<\/div>\n<p> <br \/>\n<\/p>\n<div data-td-block-uid=\"tdi_104\">\n<div class=\"tdb-block-inner td-fix-index\">\n<p>As <strong>inscri\u00e7\u00f5es<\/strong> para o CPNU (<strong>Concurso P\u00fablico Nacional Unificado<\/strong>), chamado de <strong>\u201cEnem dos concursos\u201d<\/strong>, come\u00e7am nesta sexta-feira (19) e seguem at\u00e9 o dia 9 de fevereiro.<\/p>\n<p>A prova acontece no dia 5 de maio e <strong>Ribeir\u00e3o Preto<\/strong> \u00e9 uma das 220 cidades que ir\u00e1 receber os candidatos que v\u00e3o disputar as <strong>6.640 vagas para 21 \u00f3rg\u00e3os p\u00fablicos federais<\/strong>. <\/p>\n<p>A novidade para este concurso \u00e9 que o candidato pode escolher mais de uma op\u00e7\u00e3o de cargo, desde que sejam de carreiras semelhantes, pagando apenas uma taxa de inscri\u00e7\u00e3o.<\/p>\n<p>Os interessados devem se inscrever exclusivamente pelo aplicativo <a href=\"https:\/\/sso.acesso.gov.br\/login?client_id=cpnu.cesgranrio.org.br&amp;authorization_id=18d1e55d43b\" target=\"_blank\" rel=\"noreferrer noopener nofollow\">GOV.BR<\/a>. <\/p>\n<p>Segundo o Minist\u00e9rio da Gest\u00e3o e da Inova\u00e7\u00e3o em Servi\u00e7os P\u00fablicos, a expectativa \u00e9 de que <strong>3,5 milh\u00f5es de candidatos<\/strong> se inscrevam.<\/p>\n<p><strong>Valores<\/strong><\/p>\n<p>A taxa de inscri\u00e7\u00e3o ser\u00e1 de R$ 60 para vagas de n\u00edvel m\u00e9dio e de R$ 90 para vagas de n\u00edvel superior.<\/p>\n<p>Est\u00e3o isentos da taxa os candidatos que integram o Cad\u00danico (Cadastro \u00danico para Programas Sociais), cursam ou cursaram faculdade pelo Fies (Fundo de Financiamento ao Estudante do Ensino Superior) ou pelo ProUni (Programa Universidade para Todos) e tamb\u00e9m quem realizou transplante de medula \u00f3ssea.<\/p>\n<p><strong>Resultados<\/strong><\/p>\n<p>Os resultados das provas discursivas e reda\u00e7\u00f5es v\u00e3o ser divulgados no dia 3 de junho e os resultados finais ser\u00e3o anunciados em 30 de julho.<\/p>\n<p>Confira os editais do \u201cEnem dos concursos\u201d <a href=\"https:\/\/www.gov.br\/gestao\/pt-br\/concursonacional\/editais\" target=\"_blank\" rel=\"noreferrer noopener nofollow\">clicando aqui<\/a>. <\/p>\n<p>SAIBA MAIS<br \/>Saiba como participar do leil\u00e3o da Receita Federal em Ribeir\u00e3o<\/p>\n<h4 class=\"wp-block-heading\"><strong>FIQUE ON<\/strong><\/h4>\n<p>Fique ligado em tudo que acontece em Ribeir\u00e3o Preto e regi\u00e3o. Siga os perfis do<strong>\u00a0acidade on\u00a0<\/strong>no\u00a0<a href=\"https:\/\/www.instagram.com\/acidadeonribeirao\" target=\"_blank\" rel=\"noreferrer noopener\">Instagram<\/a>\u00a0e no\u00a0<a href=\"https:\/\/www.facebook.com\/acidadeonribeirao\" target=\"_blank\" rel=\"noreferrer noopener\">Facebook.<\/a><\/p>\n<p>Receba not\u00edcias do\u00a0<strong>acidade on\u00a0<\/strong>no WhatsApp.\u00a0<a href=\"https:\/\/chat.whatsapp.com\/Bnv2w66ZT4VDyZW3oiZ69n\" target=\"_blank\" rel=\"noreferrer noopener\">Para entrar no grupo, basta clicar aqui.<\/a><\/p>\n<p>Fa\u00e7a uma den\u00fancia ou sugira uma reportagem sobre Ribeir\u00e3o Preto e regi\u00e3o pelo WhatsApp: 16 99117 7802.<\/p>\n<p>VEJA TAMB\u00c9M<br \/>\u201cRenascer\u201d: veja quem \u00e9 quem na nova vers\u00e3o da novela<\/p>\n<p><!-- AI CONTENT END 1 -->\n<\/div>\n<\/div>\n<p><script async src=\"\/\/www.instagram.com\/embed.js\"><\/script><br \/>\n<br \/><br \/>\n<br \/><a href=\"https:\/\/www.acidadeon.com\/ribeiraopreto\/economia\/inscricoes-para-enem-dos-concursos-comecam-nesta-sexta-feira\/\">Source link <\/a><\/p>\n<!-- CONTENT END 1 -->\n","protected":false},"excerpt":{"rendered":"<p>As inscri\u00e7\u00f5es para o CPNU (Concurso P\u00fablico Nacional Unificado), chamado de \u201cEnem dos concursos\u201d, come\u00e7am nesta sexta-feira (19) e seguem at\u00e9 o dia 9 de&#8230;<\/p>\n","protected":false},"author":1,"featured_media":29661,"comment_status":"open","ping_status":"open","sticky":false,"template":"","format":"standard","meta":{"advanced_seo_description":"","jetpack_seo_html_title":"","jetpack_seo_noindex":false,"jetpack_post_was_ever_published":false,"_jetpack_newsletter_access":"","_jetpack_dont_email_post_to_subs":false,"_jetpack_newsletter_tier_id":0,"_jetpack_memberships_contains_paywalled_content":false,"_jetpack_memberships_contains_paid_content":false,"footnotes":"","jetpack_publicize_message":"","jetpack_publicize_feature_enabled":true,"jetpack_social_post_already_shared":true,"jetpack_social_options":{"image_generator_settings":{"template":"highway","default_image_id":0,"font":"","enabled":false},"version":2}},"categories":[11],"tags":[2157,573,470,1264,566,207,71,1160],"class_list":["post-29660","post","type-post","status-publish","format-standard","has-post-thumbnail","hentry","category-noticias-de-ribeirao-preto-sp-e-regiao-ismael-colosi","tag-comecam","tag-concursos","tag-dos","tag-enem","tag-inscricoes","tag-nesta","tag-para","tag-sextafeira"],"jetpack_publicize_connections":[],"jetpack_featured_media_url":"https:\/\/i0.wp.com\/noticiasribeiraopreto.com.br\/wp-content\/uploads\/2024\/01\/1705633260_concurso-publico-12.jpg?fit=1500%2C1000&ssl=1","jetpack-related-posts":[{"id":15875,"url":"https:\/\/noticiasribeiraopreto.com.br\/index.php\/2023\/12\/14\/veja-quando-comecam-as-inscricoes-do-enem-dos-concursos-ribeirao-vai-receber-provas\/","url_meta":{"origin":29660,"position":0},"title":"Veja quando come\u00e7am as inscri\u00e7\u00f5es do \u2018Enem dos concursos\u2019; Ribeir\u00e3o vai receber provas","author":"noticiasribeiraopreto.com.br","date":"14 de December de 2023","format":false,"excerpt":"O Minist\u00e9rio da Gest\u00e3o e da Inova\u00e7\u00e3o em Servi\u00e7os P\u00fablicos informou nesta quinta-feira (14) que as inscri\u00e7\u00f5es do Concurso P\u00fablico Nacional Unificado, o \u201cEnem dos concursos\u201d, v\u00e3o come\u00e7ar no dia 19 de janeiro. As provas ser\u00e3o realizadas em 217 cidades, incluindo Ribeir\u00e3o Preto. O edital com todas as regras do\u2026","rel":"","context":"In &quot;Not\u00edcias de Ribeir\u00e3o Preto-SP e Regi\u00e3o&quot;","block_context":{"text":"Not\u00edcias de Ribeir\u00e3o Preto-SP e Regi\u00e3o","link":"https:\/\/noticiasribeiraopreto.com.br\/index.php\/category\/noticias-de-ribeirao-preto-sp-e-regiao-ismael-colosi\/"},"img":{"alt_text":"","src":"https:\/\/i0.wp.com\/noticiasribeiraopreto.com.br\/wp-content\/uploads\/2023\/12\/concurso-publico-14.jpg?fit=1200%2C801&ssl=1&resize=350%2C200","width":350,"height":200,"srcset":"https:\/\/i0.wp.com\/noticiasribeiraopreto.com.br\/wp-content\/uploads\/2023\/12\/concurso-publico-14.jpg?fit=1200%2C801&ssl=1&resize=350%2C200 1x, https:\/\/i0.wp.com\/noticiasribeiraopreto.com.br\/wp-content\/uploads\/2023\/12\/concurso-publico-14.jpg?fit=1200%2C801&ssl=1&resize=525%2C300 1.5x, https:\/\/i0.wp.com\/noticiasribeiraopreto.com.br\/wp-content\/uploads\/2023\/12\/concurso-publico-14.jpg?fit=1200%2C801&ssl=1&resize=700%2C400 2x, https:\/\/i0.wp.com\/noticiasribeiraopreto.com.br\/wp-content\/uploads\/2023\/12\/concurso-publico-14.jpg?fit=1200%2C801&ssl=1&resize=1050%2C600 3x"},"classes":[]},{"id":37178,"url":"https:\/\/noticiasribeiraopreto.com.br\/index.php\/2024\/02\/14\/prazo-para-pagamento-de-inscricoes-do-enem-dos-concursos-termina-na-sexta\/","url_meta":{"origin":29660,"position":1},"title":"Prazo para pagamento de inscri\u00e7\u00f5es do \u2018Enem dos Concursos\u2019 termina na sexta","author":"noticiasribeiraopreto.com.br","date":"14 de February de 2024","format":false,"excerpt":"O prazo para o pagamento das inscri\u00e7\u00f5es do Concurso P\u00fablico Nacional Unificado (CPNU), chamado de \u201cEnem dos Concursos\u201d termina nesta sexta-feira (16). Segundo o Minist\u00e9rio da Gest\u00e3o e da Inova\u00e7\u00e3o em Servi\u00e7os P\u00fablicos, ao todo 2,65 milh\u00f5es de pessoas se inscreveram. Desse total, faltam 1,28 milh\u00e3o de candidatos pagarem a\u2026","rel":"","context":"In &quot;Not\u00edcias de Ribeir\u00e3o Preto-SP e Regi\u00e3o&quot;","block_context":{"text":"Not\u00edcias de Ribeir\u00e3o Preto-SP e Regi\u00e3o","link":"https:\/\/noticiasribeiraopreto.com.br\/index.php\/category\/noticias-de-ribeirao-preto-sp-e-regiao-ismael-colosi\/"},"img":{"alt_text":"","src":"https:\/\/i0.wp.com\/noticiasribeiraopreto.com.br\/wp-content\/uploads\/2024\/02\/65d0940e-7db2-4d9b-9336-735005991b79.jpeg?fit=768%2C512&ssl=1&resize=350%2C200","width":350,"height":200,"srcset":"https:\/\/i0.wp.com\/noticiasribeiraopreto.com.br\/wp-content\/uploads\/2024\/02\/65d0940e-7db2-4d9b-9336-735005991b79.jpeg?fit=768%2C512&ssl=1&resize=350%2C200 1x, https:\/\/i0.wp.com\/noticiasribeiraopreto.com.br\/wp-content\/uploads\/2024\/02\/65d0940e-7db2-4d9b-9336-735005991b79.jpeg?fit=768%2C512&ssl=1&resize=525%2C300 1.5x, https:\/\/i0.wp.com\/noticiasribeiraopreto.com.br\/wp-content\/uploads\/2024\/02\/65d0940e-7db2-4d9b-9336-735005991b79.jpeg?fit=768%2C512&ssl=1&resize=700%2C400 2x"},"classes":[]},{"id":35571,"url":"https:\/\/noticiasribeiraopreto.com.br\/index.php\/2024\/02\/06\/ultimos-dias-para-inscricoes-no-enem-dos-concursos-veja-como-participar\/","url_meta":{"origin":29660,"position":2},"title":"\u00daltimos dias para inscri\u00e7\u00f5es no \u2018Enem dos Concursos\u2019; Veja como participar","author":"noticiasribeiraopreto.com.br","date":"6 de February de 2024","format":false,"excerpt":"As inscri\u00e7\u00f5es para o Concurso P\u00fablico Unificado, o \u201cEnem dos Concursos\u201d, termina nesta sexta-feira (9). Os interessados em se inscrever devem acessar o site da Funda\u00e7\u00e3o Cesgranrio e estar inscrito na plataforma GOV.BR. Os candidatos no ato da inscri\u00e7\u00e3o devem escolher um entre os oito blocos tem\u00e1ticos do concurso. Em\u2026","rel":"","context":"In &quot;Not\u00edcias de Ribeir\u00e3o Preto-SP e Regi\u00e3o&quot;","block_context":{"text":"Not\u00edcias de Ribeir\u00e3o Preto-SP e Regi\u00e3o","link":"https:\/\/noticiasribeiraopreto.com.br\/index.php\/category\/noticias-de-ribeirao-preto-sp-e-regiao-ismael-colosi\/"},"img":{"alt_text":"","src":"https:\/\/i0.wp.com\/noticiasribeiraopreto.com.br\/wp-content\/uploads\/2024\/02\/enem.jpeg?fit=768%2C420&ssl=1&resize=350%2C200","width":350,"height":200,"srcset":"https:\/\/i0.wp.com\/noticiasribeiraopreto.com.br\/wp-content\/uploads\/2024\/02\/enem.jpeg?fit=768%2C420&ssl=1&resize=350%2C200 1x, https:\/\/i0.wp.com\/noticiasribeiraopreto.com.br\/wp-content\/uploads\/2024\/02\/enem.jpeg?fit=768%2C420&ssl=1&resize=525%2C300 1.5x, https:\/\/i0.wp.com\/noticiasribeiraopreto.com.br\/wp-content\/uploads\/2024\/02\/enem.jpeg?fit=768%2C420&ssl=1&resize=700%2C400 2x"},"classes":[]},{"id":29744,"url":"https:\/\/noticiasribeiraopreto.com.br\/index.php\/2024\/01\/19\/enem-dos-concursos-abre-inscricoes-hoje\/","url_meta":{"origin":29660,"position":3},"title":"Enem dos concursos abre inscri\u00e7\u00f5es hoje \u00a0","author":"noticiasribeiraopreto.com.br","date":"19 de January de 2024","format":false,"excerpt":"19 de janeiro de 2024 | 8:3019 de janeiro de 2024 | 8:24 0Come\u00e7am nesta sexta-feira, 19 de janeiro, as inscri\u00e7\u00f5es para o Concurso P\u00fablico Nacional Unificado. O certame vai selecionar, de uma s\u00f3 vez, 6.640 servidores para 21 \u00f3rg\u00e3os p\u00fablicos federais. No ato da inscri\u00e7\u00e3o, feita exclusivamente pelo aplicativo\u2026","rel":"","context":"In &quot;Not\u00edcias de Ribeir\u00e3o Preto-SP e Regi\u00e3o&quot;","block_context":{"text":"Not\u00edcias de Ribeir\u00e3o Preto-SP e Regi\u00e3o","link":"https:\/\/noticiasribeiraopreto.com.br\/index.php\/category\/noticias-de-ribeirao-preto-sp-e-regiao-ismael-colosi\/"},"img":{"alt_text":"","src":"https:\/\/i0.wp.com\/noticiasribeiraopreto.com.br\/wp-content\/uploads\/2024\/01\/Concurso-Rafa-Neddermeyer-Ag.Br_-scaled.jpg?fit=1000%2C603&ssl=1&resize=350%2C200","width":350,"height":200,"srcset":"https:\/\/i0.wp.com\/noticiasribeiraopreto.com.br\/wp-content\/uploads\/2024\/01\/Concurso-Rafa-Neddermeyer-Ag.Br_-scaled.jpg?fit=1000%2C603&ssl=1&resize=350%2C200 1x, https:\/\/i0.wp.com\/noticiasribeiraopreto.com.br\/wp-content\/uploads\/2024\/01\/Concurso-Rafa-Neddermeyer-Ag.Br_-scaled.jpg?fit=1000%2C603&ssl=1&resize=525%2C300 1.5x, https:\/\/i0.wp.com\/noticiasribeiraopreto.com.br\/wp-content\/uploads\/2024\/01\/Concurso-Rafa-Neddermeyer-Ag.Br_-scaled.jpg?fit=1000%2C603&ssl=1&resize=700%2C400 2x"},"classes":[]},{"id":26537,"url":"https:\/\/noticiasribeiraopreto.com.br\/index.php\/2024\/01\/10\/edital-do-enem-dos-concursos-publicos-sera-divulgado-nesta-quarta-ribeirao-recebe-provas\/","url_meta":{"origin":29660,"position":4},"title":"Edital do \u2018Enem dos concursos p\u00fablicos\u2019 ser\u00e1 divulgado nesta quarta; Ribeir\u00e3o recebe provas","author":"noticiasribeiraopreto.com.br","date":"10 de January de 2024","format":false,"excerpt":"O edital do Concurso P\u00fablico Nacional Unificado, o \u201cEnem dos Concursos P\u00fablicos\u201d, ser\u00e1 publicado nesta quarta-feira (10) pelo Governo Federal. A prova ser\u00e1 aplicada em 217 cidades de todo o Brasil, incluindo Ribeir\u00e3o Preto. As inscri\u00e7\u00f5es v\u00e3o come\u00e7ar dia 19 de janeiro e seguem at\u00e9 9 de fevereiro no site\u2026","rel":"","context":"In &quot;Not\u00edcias de Ribeir\u00e3o Preto-SP e Regi\u00e3o&quot;","block_context":{"text":"Not\u00edcias de Ribeir\u00e3o Preto-SP e Regi\u00e3o","link":"https:\/\/noticiasribeiraopreto.com.br\/index.php\/category\/noticias-de-ribeirao-preto-sp-e-regiao-ismael-colosi\/"},"img":{"alt_text":"","src":"https:\/\/i0.wp.com\/noticiasribeiraopreto.com.br\/wp-content\/uploads\/2024\/01\/1704886578_concurso-publico.jpg?fit=1200%2C800&ssl=1&resize=350%2C200","width":350,"height":200,"srcset":"https:\/\/i0.wp.com\/noticiasribeiraopreto.com.br\/wp-content\/uploads\/2024\/01\/1704886578_concurso-publico.jpg?fit=1200%2C800&ssl=1&resize=350%2C200 1x, https:\/\/i0.wp.com\/noticiasribeiraopreto.com.br\/wp-content\/uploads\/2024\/01\/1704886578_concurso-publico.jpg?fit=1200%2C800&ssl=1&resize=525%2C300 1.5x, https:\/\/i0.wp.com\/noticiasribeiraopreto.com.br\/wp-content\/uploads\/2024\/01\/1704886578_concurso-publico.jpg?fit=1200%2C800&ssl=1&resize=700%2C400 2x, https:\/\/i0.wp.com\/noticiasribeiraopreto.com.br\/wp-content\/uploads\/2024\/01\/1704886578_concurso-publico.jpg?fit=1200%2C800&ssl=1&resize=1050%2C600 3x"},"classes":[]},{"id":29740,"url":"https:\/\/noticiasribeiraopreto.com.br\/index.php\/2024\/01\/19\/enem-dos-concursos-inscricoes-para-concorrer-a-6-640-vagas-comecam-nesta-sexta-feira\/","url_meta":{"origin":29660,"position":5},"title":"Enem dos Concursos: inscri\u00e7\u00f5es para concorrer a 6.640 vagas come\u00e7am nesta sexta-feira","author":"noticiasribeiraopreto.com.br","date":"19 de January de 2024","format":false,"excerpt":"Da reda\u00e7\u00e3oi Da reda\u00e7\u00e3o 19\/01\/2024 - 8:14 Come\u00e7am nesta sexta-feira, 19, as inscri\u00e7\u00f5es para o Concurso P\u00fablico Nacional Unificado, que oferece 6.640 vagas para lota\u00e7\u00e3o em 21 \u00f3rg\u00e3os p\u00fablicos federais. A taxa de inscri\u00e7\u00e3o \u00e9 R$ 60 para vagas de n\u00edvel m\u00e9dio e R$ 90, para vagas de n\u00edvel superior.\u2026","rel":"","context":"In &quot;Vagas de Emprego em Ribeir\u00e3o Preto-SP&quot;","block_context":{"text":"Vagas de Emprego em Ribeir\u00e3o Preto-SP","link":"https:\/\/noticiasribeiraopreto.com.br\/index.php\/category\/empregos-classificados-vagas-trabalho\/vagas-de-empregos-em-ribeirao-preto-regiao-brasil\/"},"img":{"alt_text":"","src":"https:\/\/i0.wp.com\/noticiasribeiraopreto.com.br\/wp-content\/uploads\/2024\/01\/concurso-publico-1.jpg?fit=883%2C510&ssl=1&resize=350%2C200","width":350,"height":200,"srcset":"https:\/\/i0.wp.com\/noticiasribeiraopreto.com.br\/wp-content\/uploads\/2024\/01\/concurso-publico-1.jpg?fit=883%2C510&ssl=1&resize=350%2C200 1x, https:\/\/i0.wp.com\/noticiasribeiraopreto.com.br\/wp-content\/uploads\/2024\/01\/concurso-publico-1.jpg?fit=883%2C510&ssl=1&resize=525%2C300 1.5x, https:\/\/i0.wp.com\/noticiasribeiraopreto.com.br\/wp-content\/uploads\/2024\/01\/concurso-publico-1.jpg?fit=883%2C510&ssl=1&resize=700%2C400 2x"},"classes":[]}],"jetpack_sharing_enabled":true,"jetpack_shortlink":"https:\/\/wp.me\/peQAOb-7Io","_links":{"self":[{"href":"https:\/\/noticiasribeiraopreto.com.br\/index.php\/wp-json\/wp\/v2\/posts\/29660","targetHints":{"allow":["GET"]}}],"collection":[{"href":"https:\/\/noticiasribeiraopreto.com.br\/index.php\/wp-json\/wp\/v2\/posts"}],"about":[{"href":"https:\/\/noticiasribeiraopreto.com.br\/index.php\/wp-json\/wp\/v2\/types\/post"}],"author":[{"embeddable":true,"href":"https:\/\/noticiasribeiraopreto.com.br\/index.php\/wp-json\/wp\/v2\/users\/1"}],"replies":[{"embeddable":true,"href":"https:\/\/noticiasribeiraopreto.com.br\/index.php\/wp-json\/wp\/v2\/comments?post=29660"}],"version-history":[{"count":0,"href":"https:\/\/noticiasribeiraopreto.com.br\/index.php\/wp-json\/wp\/v2\/posts\/29660\/revisions"}],"wp:featuredmedia":[{"embeddable":true,"href":"https:\/\/noticiasribeiraopreto.com.br\/index.php\/wp-json\/wp\/v2\/media\/29661"}],"wp:attachment":[{"href":"https:\/\/noticiasribeiraopreto.com.br\/index.php\/wp-json\/wp\/v2\/media?parent=29660"}],"wp:term":[{"taxonomy":"category","embeddable":true,"href":"https:\/\/noticiasribeiraopreto.com.br\/index.php\/wp-json\/wp\/v2\/categories?post=29660"},{"taxonomy":"post_tag","embeddable":true,"href":"https:\/\/noticiasribeiraopreto.com.br\/index.php\/wp-json\/wp\/v2\/tags?post=29660"}],"curies":[{"name":"wp","href":"https:\/\/api.w.org\/{rel}","templated":true}]}}