{"id":29720,"date":"2024-01-19T06:31:26","date_gmt":"2024-01-19T09:31:26","guid":{"rendered":"https:\/\/noticiasribeiraopreto.com.br\/index.php\/2024\/01\/19\/a-vale-vai-virar-um-mau-negocio-com-um-intruso-no-conselho\/"},"modified":"2024-01-19T06:31:26","modified_gmt":"2024-01-19T09:31:26","slug":"a-vale-vai-virar-um-mau-negocio-com-um-intruso-no-conselho","status":"publish","type":"post","link":"https:\/\/noticiasribeiraopreto.com.br\/index.php\/2024\/01\/19\/a-vale-vai-virar-um-mau-negocio-com-um-intruso-no-conselho\/","title":{"rendered":"A Vale vai virar um mau neg\u00f3cio com um intruso no Conselho?"},"content":{"rendered":"<div class='code-block code-block-1' style='margin: 8px 0 8px auto; text-align: right; display: block; clear: both;'>\n<p><a href=\"https:\/\/wa.link\/vpicfd\"><img data-recalc-dims=\"1\" class=\"wp-image-4922\" style=\"aspect-ratio: 2.0253164556962027; width: 561px; height: auto;\" src=\"https:\/\/i0.wp.com\/ismaelcolosi.com.br\/wp-content\/uploads\/2023\/11\/grupo-de-empregos-whatsapp-e-facebook-ismael-colosi-vagas.jpg?ssl=1\" alt=\"\" \/><\/a><\/p>\n<!-- \/wp:image -->\n<\/div>\n<p> <br \/>\n<\/p>\n<div id=\"js-first-letter\">\n<p>Nos \u00faltimos dias come\u00e7aram a surgir rumores de que o ex-ministro, Guido Mantega, poderia ser escolhido para o Conselho de Administra\u00e7\u00e3o da <strong>Vale (VALE3)<\/strong>, o que gerou muitas d\u00favidas sobre o poss\u00edvel impacto nas a\u00e7\u00f5es.<\/p>\n<p>Mas ser\u00e1 que esse seria um motivo suficiente para vender VALE3?<\/p>\n<p>Antes de dizer o que eu penso, precisamos tentar entender o que faz de uma empresa um bom investimento.<\/p>\n<p>Se voc\u00ea j\u00e1 tentou aprender como escolher suas pr\u00f3prias <strong>a\u00e7\u00f5es<\/strong>, deve ter visto que uma companhia precisa satisfazer uma s\u00e9rie de crit\u00e9rios para merecer o seu dinheiro.<\/p>\n<p>Por exemplo, ela precisa ter resultados resilientes e lucrativos, precisa negociar por m\u00faltiplos interessantes e tamb\u00e9m ter boas perspectivas para o futuro.<\/p>\n<p>Al\u00e9m desses pontos, um outro t\u00f3pico muito citado em todos os livros, artigos e podcasts sobre investimentos \u00e9 a qualidade dos executivos e conselheiros envolvidos na companhia. \u00c9 muito comum ler por a\u00ed que voc\u00ea deveria investir em tal companhia porque o CEO \u00e9 brilhante, ou porque a gest\u00e3o \u00e9 muito diferenciada.<\/p>\n<p>Mas existe um enorme risco nessa abordagem, sabe por qu\u00ea?<\/p>\n<p>Imagine que a tal empresa passou em todos os crit\u00e9rios com louvor, mas uma semana depois de voc\u00ea investir nela, toda a gest\u00e3o pede demiss\u00e3o para ir para a concorr\u00eancia.<\/p>\n<p>A not\u00edcia em si parece ruim, mas o problema pode ser muito maior: e se, na verdade, o neg\u00f3cio \u00e9 ruim, mas a empresa dava bons resultados por causa da boa gest\u00e3o, que acabou de ir embora?<\/p>\n<p>Repare que neste caso voc\u00ea n\u00e3o investiu na empresa, na verdade voc\u00ea investiu nas pessoas que tocavam a empresa \u2013 s\u00f3 que elas foram embora. E agora?<\/p>\n<h2 class=\"wp-block-heading\" id=\"h-invista-em-negocios-a-prova-de-idiotas\"><strong>Invista em neg\u00f3cios a prova de idiotas<\/strong><\/h2>\n<p>\u00c9 por esse motivo que eu sugiro uma outra abordagem.<\/p>\n<p>N\u00e3o que voc\u00ea n\u00e3o deva analisar a gest\u00e3o, mas \u00e9 crucial tentar entender se a companhia consegue sobreviver sem o atual CEO e CFO, ou com algum intruso no conselho. Porque gestores v\u00eam e v\u00e3o, mas o neg\u00f3cio precisa continuar funcionando.<\/p>\n<p>Ali\u00e1s, existe uma frase brilhante de Warren Buffett que resume muito bem esse assunto:<\/p>\n<blockquote class=\"wp-block-quote\">\n<p><em>&#8220;Voc\u00ea deve investir num neg\u00f3cio que at\u00e9 um idiota poderia dirigir, porque algum dia um idiota o dirigir\u00e1<\/em>&#8220;.<\/p>\n<\/blockquote>\n<p>As melhores companhias para se investir n\u00e3o s\u00e3o aquelas que t\u00eam uma \u00f3tima gest\u00e3o, mas sim aquelas que conseguem obter bons resultados mesmo com pessoas incompetentes no comando.<\/p>\n<h2 class=\"wp-block-heading\" id=\"h-procurando-por-diferenciais-competitivos\"><strong>Procurando por diferenciais competitivos<\/strong><\/h2>\n<p>Mas como saber se uma empresa \u00e9 s\u00f3lida independente da gest\u00e3o?<\/p>\n<p>Eu n\u00e3o vou mentir para voc\u00ea, essa n\u00e3o \u00e9 uma tarefa f\u00e1cil, mas normalmente conseguimos ter algumas pistas ao analisar os seus diferenciais competitivos para a concorr\u00eancia.<\/p>\n<p>No caso de companhias que lidam com o varejo, o poder da marca \u00e9 extremamente importante, e \u00e9 capaz de vencer dificuldades diversas, como idiotas na gest\u00e3o, infla\u00e7\u00e3o de custos, crises econ\u00f4micas, avan\u00e7o de concorrentes, etc.<\/p>\n<p>Por exemplo, voc\u00ea pode n\u00e3o ser amante de uma &#8220;Mequizice&#8221; mas o poder da marca do McDonalds \u00e9 inquestion\u00e1vel, e isso ajudou a companhia a atravessar contratempos e gest\u00f5es question\u00e1veis ao longo de sua hist\u00f3ria. O mesmo aconteceu com a Apple, com a Gilette e tantas outras marcas poderosas.<\/p>\n<p>Na maioria dos outros neg\u00f3cios que n\u00e3o precisam de uma marca, \u00e9 preciso tentar encontrar barreiras de entrada e outros diferenciais competitivos que garantam a sobreviv\u00eancia da companhia mesmo nos cen\u00e1rios dif\u00edceis.<\/p>\n<p>Voltando \u00e0 Vale, a mineradora \u00e9 um belo exemplo. Al\u00e9m de ser uma das maiores produtoras do mundo em um neg\u00f3cio em que a escala \u00e9 crucial, ela tem um diferencial competitivo absurdo: ela n\u00e3o s\u00f3 produz min\u00e9rio de muita qualidade como tem um dos menores custos do mundo.<\/p>\n<p>No universo das commodities, isso significa um neg\u00f3cio \u00e0 prova de idiotas!<\/p>\n<h2 class=\"wp-block-heading\" id=\"h-a-vale-vai-sobreviver\"><strong> A Vale vai sobreviver<\/strong><\/h2>\n<p>O pre\u00e7o do min\u00e9rio pode subir, e isso \u00e9 bom para a Vale. Mas ele tamb\u00e9m pode despencar, o que certamente n\u00e3o vai ajudar.<\/p>\n<p>No entanto, estar entre as produtoras de menor custo traz dois benef\u00edcios. Para come\u00e7ar, isso significa que ela ainda vai gerar caixa mesmo com o min\u00e9rio 30% abaixo dos patamares atuais.<\/p>\n<p>Mas existe um outro ponto: quando \u2013 e se \u2013 o min\u00e9rio come\u00e7ar a chegar em n\u00edveis pr\u00f3ximos de US$ 90 &#8211; US$ 100 por tonelada, boa parte dos produtores de maior custo v\u00e3o ter que paralisar as atividades, a oferta vai diminuir e os pre\u00e7os deveriam voltar a subir.<\/p>\n<p>Eu n\u00e3o sei se a mineradora XYZ estar\u00e1 viva no fim desse processo, mas eu sei que a Vale tem todas as condi\u00e7\u00f5es de chegar l\u00e1 ainda mais forte, mesmo que a gest\u00e3o n\u00e3o esteja recheada de pessoas brilhantes.<\/p>\n<p>\u00c9 por isso que eu n\u00e3o estou preocupado com uma eventual indica\u00e7\u00e3o de Guido Mantega para o conselho da mineradora.<\/p>\n<p>A not\u00edcia obviamente n\u00e3o \u00e9 boa,\u00a0 pois seria uma indica\u00e7\u00e3o totalmente pol\u00edtica e representaria um retrocesso na governan\u00e7a da companhia. No entanto, se for escolhido, ele ser\u00e1 apenas um dos 13 conselheiros, o que limitaria bastante a sua influ\u00eancia.<\/p>\n<p>Al\u00e9m disso, com diferenciais competitivos t\u00e3o grandes, n\u00e3o \u00e9 isso que vai fazer a Vale perder as suas vantagens sobre a concorr\u00eancia e fazer a empresa afundar.<\/p>\n<p>Por apenas 4x Valor da Firma\/Ebitda, um <em>dividend yield<\/em> de quase 10%, e com boa parte do pessimismo precificado, <a href=\"https:\/\/sl.empiricus.com.br\/s\/vl57t-dividendo\/?xpromo=XE-ME-SD-VL57-COLUNARUY-20240119-CHLTB-MKPBM-MKTPORTAIS\" target=\"_blank\" rel=\"noreferrer noopener\">a Vale segue na s\u00e9rie <strong><u>Vacas Leiteiras<\/u><\/strong><\/a>.<\/p>\n<p>Al\u00e9m de Vale, a carteira conta com uma lista com as melhores pagadoras de dividendos da Bolsa, <a href=\"https:\/\/sl.empiricus.com.br\/s\/vl57t-dividendo\/?xpromo=XE-ME-SD-VL57-COLUNARUY-20240119-CHLTB-MKPBM-MKTPORTAIS\" target=\"_blank\" rel=\"noreferrer noopener\">e voc\u00ea pode conferir todas elas <strong><u>aqui<\/u><\/strong><\/a>.<\/p>\n<p>Um grande abra\u00e7o e at\u00e9 a semana que vem.<\/p>\n<p>Ruy<\/p>\n<\/div>\n<p><br \/>\n<br \/><a href=\"https:\/\/www.seudinheiro.com\/2024\/colunistas\/a-vale-vale3-ainda-e-um-bom-negocio-mesmo-com-mantega-no-conselho-ccgg\/\">Source link <\/a><\/p>\n<!-- CONTENT END 1 -->\n","protected":false},"excerpt":{"rendered":"<p>Nos \u00faltimos dias come\u00e7aram a surgir rumores de que o ex-ministro, Guido Mantega, poderia ser escolhido para o Conselho de Administra\u00e7\u00e3o da Vale (VALE3), o&#8230;<\/p>\n","protected":false},"author":1,"featured_media":29721,"comment_status":"open","ping_status":"open","sticky":false,"template":"","format":"standard","meta":{"advanced_seo_description":"","jetpack_seo_html_title":"","jetpack_seo_noindex":false,"jetpack_post_was_ever_published":false,"_jetpack_newsletter_access":"","_jetpack_dont_email_post_to_subs":false,"_jetpack_newsletter_tier_id":0,"_jetpack_memberships_contains_paywalled_content":false,"_jetpack_memberships_contains_paid_content":false,"footnotes":"","jetpack_publicize_message":"","jetpack_publicize_feature_enabled":true,"jetpack_social_post_already_shared":true,"jetpack_social_options":{"image_generator_settings":{"template":"highway","default_image_id":0,"font":"","enabled":false},"version":2}},"categories":[1235],"tags":[],"class_list":["post-29720","post","type-post","status-publish","format-standard","has-post-thumbnail","hentry","category-dinheiro-e-investimento-como-fazer-como-ganhar"],"jetpack_publicize_connections":[],"jetpack_featured_media_url":"https:\/\/i0.wp.com\/noticiasribeiraopreto.com.br\/wp-content\/uploads\/2024\/01\/vale-vale3-compra-ou-venda-628x353.jpg?fit=628%2C353&ssl=1","jetpack-related-posts":[{"id":26725,"url":"https:\/\/noticiasribeiraopreto.com.br\/index.php\/2024\/01\/10\/vale-vale3-em-dia-de-queda-das-acoes-itau-bba-revisa-projecoes-e-traz-uma-boa-e-uma-ma-noticia\/","url_meta":{"origin":29720,"position":0},"title":"Vale (VALE3): Em dia de queda das a\u00e7\u00f5es, Ita\u00fa BBA revisa proje\u00e7\u00f5es e traz uma boa e uma m\u00e1 not\u00edcia","author":"noticiasribeiraopreto.com.br","date":"10 de January de 2024","format":false,"excerpt":"Enquanto raios de sol iluminam a cidade de S\u00e3o Paulo nesta quarta-feira (10), os investidores vivenciam um dia para l\u00e1 de carregado no mercado financeiro brasileiro \u2014 e nem mesmo os acionistas da Vale (VALE3) foram capazes de escapar da sombra que paira sobre as a\u00e7\u00f5es no preg\u00e3o de hoje.\u2026","rel":"","context":"In &quot;Dinheiro e Investimento&quot;","block_context":{"text":"Dinheiro e Investimento","link":"https:\/\/noticiasribeiraopreto.com.br\/index.php\/category\/dinheiro-e-investimento-como-fazer-como-ganhar\/"},"img":{"alt_text":"","src":"https:\/\/i0.wp.com\/noticiasribeiraopreto.com.br\/wp-content\/uploads\/2024\/01\/vale-vale3-acao-varejo-CAPA-SD-715x402.jpg?fit=715%2C402&ssl=1&resize=350%2C200","width":350,"height":200,"srcset":"https:\/\/i0.wp.com\/noticiasribeiraopreto.com.br\/wp-content\/uploads\/2024\/01\/vale-vale3-acao-varejo-CAPA-SD-715x402.jpg?fit=715%2C402&ssl=1&resize=350%2C200 1x, https:\/\/i0.wp.com\/noticiasribeiraopreto.com.br\/wp-content\/uploads\/2024\/01\/vale-vale3-acao-varejo-CAPA-SD-715x402.jpg?fit=715%2C402&ssl=1&resize=525%2C300 1.5x, https:\/\/i0.wp.com\/noticiasribeiraopreto.com.br\/wp-content\/uploads\/2024\/01\/vale-vale3-acao-varejo-CAPA-SD-715x402.jpg?fit=715%2C402&ssl=1&resize=700%2C400 2x"},"classes":[]},{"id":32994,"url":"https:\/\/noticiasribeiraopreto.com.br\/index.php\/2024\/01\/27\/veja-o-que-fazer-com-os-papeis-da-vale-vale3-apos-pressao-de-lula-e-multa-bilionaria\/","url_meta":{"origin":29720,"position":1},"title":"Veja o que fazer com os pap\u00e9is da Vale (VALE3) ap\u00f3s press\u00e3o de Lula e multa bilion\u00e1ria","author":"noticiasribeiraopreto.com.br","date":"27 de January de 2024","format":false,"excerpt":"A a\u00e7\u00e3o da Vale (VALE3) n\u00e3o vive um bom 2024 at\u00e9 o momento. A empresa, que j\u00e1 vinha pressionada por conta do mercado chin\u00eas, sofreu mais um baque ap\u00f3s os rumores de que Lula gostaria que Guido Mantega assumisse a presid\u00eancia ou algum cargo relevante no board da maior mineradora\u2026","rel":"","context":"In &quot;Dinheiro e Investimento&quot;","block_context":{"text":"Dinheiro e Investimento","link":"https:\/\/noticiasribeiraopreto.com.br\/index.php\/category\/dinheiro-e-investimento-como-fazer-como-ganhar\/"},"img":{"alt_text":"","src":"https:\/\/i0.wp.com\/noticiasribeiraopreto.com.br\/wp-content\/uploads\/2024\/01\/1706353610_vale-vale3-acao-varejo-CAPA-SD-715x402.jpg?fit=715%2C402&ssl=1&resize=350%2C200","width":350,"height":200,"srcset":"https:\/\/i0.wp.com\/noticiasribeiraopreto.com.br\/wp-content\/uploads\/2024\/01\/1706353610_vale-vale3-acao-varejo-CAPA-SD-715x402.jpg?fit=715%2C402&ssl=1&resize=350%2C200 1x, https:\/\/i0.wp.com\/noticiasribeiraopreto.com.br\/wp-content\/uploads\/2024\/01\/1706353610_vale-vale3-acao-varejo-CAPA-SD-715x402.jpg?fit=715%2C402&ssl=1&resize=525%2C300 1.5x, https:\/\/i0.wp.com\/noticiasribeiraopreto.com.br\/wp-content\/uploads\/2024\/01\/1706353610_vale-vale3-acao-varejo-CAPA-SD-715x402.jpg?fit=715%2C402&ssl=1&resize=700%2C400 2x"},"classes":[]},{"id":19115,"url":"https:\/\/noticiasribeiraopreto.com.br\/index.php\/2023\/12\/21\/ainda-vale-a-pena-ter-vale-vale3-na-carteira-o-safra-responde\/","url_meta":{"origin":29720,"position":2},"title":"Ainda vale a pena ter Vale (VALE3) na carteira? O Safra responde","author":"noticiasribeiraopreto.com.br","date":"21 de December de 2023","format":false,"excerpt":"Esse ano n\u00e3o foi f\u00e1cil para a Vale (VALE3): as a\u00e7\u00f5es da mineradora devem encerrar 2023 amargando perdas \u2014 at\u00e9 agora, a baixa acumulada passa de mais de 6%. E se voc\u00ea \u00e9 um dos investidores que se pergunta se ainda vale a pena ter o papel dessa gigante da\u2026","rel":"","context":"In &quot;Dinheiro e Investimento&quot;","block_context":{"text":"Dinheiro e Investimento","link":"https:\/\/noticiasribeiraopreto.com.br\/index.php\/category\/dinheiro-e-investimento-como-fazer-como-ganhar\/"},"img":{"alt_text":"","src":"https:\/\/i0.wp.com\/noticiasribeiraopreto.com.br\/wp-content\/uploads\/2023\/12\/vale-vale3-compra-ou-venda-628x353.jpg?fit=628%2C353&ssl=1&resize=350%2C200","width":350,"height":200,"srcset":"https:\/\/i0.wp.com\/noticiasribeiraopreto.com.br\/wp-content\/uploads\/2023\/12\/vale-vale3-compra-ou-venda-628x353.jpg?fit=628%2C353&ssl=1&resize=350%2C200 1x, https:\/\/i0.wp.com\/noticiasribeiraopreto.com.br\/wp-content\/uploads\/2023\/12\/vale-vale3-compra-ou-venda-628x353.jpg?fit=628%2C353&ssl=1&resize=525%2C300 1.5x"},"classes":[]},{"id":9142,"url":"https:\/\/noticiasribeiraopreto.com.br\/index.php\/2023\/12\/01\/dividendos-da-vale-por-que-analista-tirou-vale-vale3-de-carteira-apos-pagamento-de-r-10-bilhoes-aos-acionistas\/","url_meta":{"origin":29720,"position":3},"title":"Dividendos da Vale: por que analista tirou Vale (VALE3) de carteira ap\u00f3s pagamento de R$ 10 bilh\u00f5es aos acionistas?","author":"noticiasribeiraopreto.com.br","date":"1 de December de 2023","format":false,"excerpt":"O analista Ruy Hungria, especialista em dividendos da Empiricus, ousou e fez uma recomenda\u00e7\u00e3o de investimento que, a princ\u00edpio, parece controversa: retirou a a\u00e7\u00e3o da Vale de sua carteira mensal de dividendos para dezembro, exatamente no dia em que VALE3 paga dividendos estratosf\u00e9ricos de R$ 10 bilh\u00f5es aos acionistas. E\u2026","rel":"","context":"In &quot;Dinheiro e Investimento&quot;","block_context":{"text":"Dinheiro e Investimento","link":"https:\/\/noticiasribeiraopreto.com.br\/index.php\/category\/dinheiro-e-investimento-como-fazer-como-ganhar\/"},"img":{"alt_text":"","src":"https:\/\/i0.wp.com\/noticiasribeiraopreto.com.br\/wp-content\/uploads\/2023\/12\/vale-vale3-acao-varejo-CAPA-SD-715x402.jpg?fit=715%2C402&ssl=1&resize=350%2C200","width":350,"height":200,"srcset":"https:\/\/i0.wp.com\/noticiasribeiraopreto.com.br\/wp-content\/uploads\/2023\/12\/vale-vale3-acao-varejo-CAPA-SD-715x402.jpg?fit=715%2C402&ssl=1&resize=350%2C200 1x, https:\/\/i0.wp.com\/noticiasribeiraopreto.com.br\/wp-content\/uploads\/2023\/12\/vale-vale3-acao-varejo-CAPA-SD-715x402.jpg?fit=715%2C402&ssl=1&resize=525%2C300 1.5x, https:\/\/i0.wp.com\/noticiasribeiraopreto.com.br\/wp-content\/uploads\/2023\/12\/vale-vale3-acao-varejo-CAPA-SD-715x402.jpg?fit=715%2C402&ssl=1&resize=700%2C400 2x"},"classes":[]},{"id":27190,"url":"https:\/\/noticiasribeiraopreto.com.br\/index.php\/2024\/01\/11\/acoes-da-cosan-csan3-podem-subir-66-na-bolsa-segundo-analistas-e-a-vale-vale3-tem-a-ver-com-isso\/","url_meta":{"origin":29720,"position":4},"title":"A\u00e7\u00f5es da Cosan (CSAN3) podem subir 66% na bolsa, segundo analistas \u2014 e a Vale (VALE3) tem a ver com isso","author":"noticiasribeiraopreto.com.br","date":"11 de January de 2024","format":false,"excerpt":"Os acionistas da Cosan (CSAN3) t\u00eam um dia positivo no preg\u00e3o desta quinta-feira (11), com o avan\u00e7o das a\u00e7\u00f5es da companhia na bolsa brasileira ap\u00f3s um relat\u00f3rio do Bank of America (BofA) rasgar elogios \u00e0 holding de Rubens Ometto. Os analistas do BofA mantiveram a recomenda\u00e7\u00e3o de compra para as\u2026","rel":"","context":"In &quot;Dinheiro e Investimento&quot;","block_context":{"text":"Dinheiro e Investimento","link":"https:\/\/noticiasribeiraopreto.com.br\/index.php\/category\/dinheiro-e-investimento-como-fazer-como-ganhar\/"},"img":{"alt_text":"","src":"https:\/\/i0.wp.com\/noticiasribeiraopreto.com.br\/wp-content\/uploads\/2024\/01\/shutterstock_1388171117-628x353.jpg?fit=628%2C353&ssl=1&resize=350%2C200","width":350,"height":200,"srcset":"https:\/\/i0.wp.com\/noticiasribeiraopreto.com.br\/wp-content\/uploads\/2024\/01\/shutterstock_1388171117-628x353.jpg?fit=628%2C353&ssl=1&resize=350%2C200 1x, https:\/\/i0.wp.com\/noticiasribeiraopreto.com.br\/wp-content\/uploads\/2024\/01\/shutterstock_1388171117-628x353.jpg?fit=628%2C353&ssl=1&resize=525%2C300 1.5x"},"classes":[]},{"id":24782,"url":"https:\/\/noticiasribeiraopreto.com.br\/index.php\/2024\/01\/05\/alem-do-rali-do-ibovespa-conheca-as-acoes-preferidas-dos-analistas-de-13-corretoras-para-investir-em-janeiro\/","url_meta":{"origin":29720,"position":5},"title":"Al\u00e9m do rali do Ibovespa: Conhe\u00e7a as a\u00e7\u00f5es preferidas dos analistas de 13 corretoras para investir em janeiro","author":"noticiasribeiraopreto.com.br","date":"5 de January de 2024","format":false,"excerpt":"Virada de ano \u00e9 uma \u00e9poca tradicional de se estabelecer metas e tra\u00e7ar mudan\u00e7as de rota. O mesmo vale para os investimentos. Ap\u00f3s o rali de alta de mais de 20% do Ibovespa em 2023, a vis\u00e3o dos analistas \u00e9 que a bolsa tem espa\u00e7o para mais, como n\u00f3s mostramos\u2026","rel":"","context":"In &quot;Dinheiro e Investimento&quot;","block_context":{"text":"Dinheiro e Investimento","link":"https:\/\/noticiasribeiraopreto.com.br\/index.php\/category\/dinheiro-e-investimento-como-fazer-como-ganhar\/"},"img":{"alt_text":"","src":"https:\/\/i0.wp.com\/noticiasribeiraopreto.com.br\/wp-content\/uploads\/2024\/01\/Acao-do-Mes-Selo-2-628x353.jpg?fit=628%2C353&ssl=1&resize=350%2C200","width":350,"height":200,"srcset":"https:\/\/i0.wp.com\/noticiasribeiraopreto.com.br\/wp-content\/uploads\/2024\/01\/Acao-do-Mes-Selo-2-628x353.jpg?fit=628%2C353&ssl=1&resize=350%2C200 1x, https:\/\/i0.wp.com\/noticiasribeiraopreto.com.br\/wp-content\/uploads\/2024\/01\/Acao-do-Mes-Selo-2-628x353.jpg?fit=628%2C353&ssl=1&resize=525%2C300 1.5x"},"classes":[]}],"jetpack_sharing_enabled":true,"jetpack_shortlink":"https:\/\/wp.me\/peQAOb-7Jm","_links":{"self":[{"href":"https:\/\/noticiasribeiraopreto.com.br\/index.php\/wp-json\/wp\/v2\/posts\/29720","targetHints":{"allow":["GET"]}}],"collection":[{"href":"https:\/\/noticiasribeiraopreto.com.br\/index.php\/wp-json\/wp\/v2\/posts"}],"about":[{"href":"https:\/\/noticiasribeiraopreto.com.br\/index.php\/wp-json\/wp\/v2\/types\/post"}],"author":[{"embeddable":true,"href":"https:\/\/noticiasribeiraopreto.com.br\/index.php\/wp-json\/wp\/v2\/users\/1"}],"replies":[{"embeddable":true,"href":"https:\/\/noticiasribeiraopreto.com.br\/index.php\/wp-json\/wp\/v2\/comments?post=29720"}],"version-history":[{"count":0,"href":"https:\/\/noticiasribeiraopreto.com.br\/index.php\/wp-json\/wp\/v2\/posts\/29720\/revisions"}],"wp:featuredmedia":[{"embeddable":true,"href":"https:\/\/noticiasribeiraopreto.com.br\/index.php\/wp-json\/wp\/v2\/media\/29721"}],"wp:attachment":[{"href":"https:\/\/noticiasribeiraopreto.com.br\/index.php\/wp-json\/wp\/v2\/media?parent=29720"}],"wp:term":[{"taxonomy":"category","embeddable":true,"href":"https:\/\/noticiasribeiraopreto.com.br\/index.php\/wp-json\/wp\/v2\/categories?post=29720"},{"taxonomy":"post_tag","embeddable":true,"href":"https:\/\/noticiasribeiraopreto.com.br\/index.php\/wp-json\/wp\/v2\/tags?post=29720"}],"curies":[{"name":"wp","href":"https:\/\/api.w.org\/{rel}","templated":true}]}}