{"id":29728,"date":"2024-01-19T07:10:44","date_gmt":"2024-01-19T10:10:44","guid":{"rendered":"https:\/\/noticiasribeiraopreto.com.br\/index.php\/2024\/01\/19\/oi-oibr3-troca-ceo-e-promete-nova-proposta-de-recuperacao-judicial-nos-proximos-dias\/"},"modified":"2024-01-19T07:10:44","modified_gmt":"2024-01-19T10:10:44","slug":"oi-oibr3-troca-ceo-e-promete-nova-proposta-de-recuperacao-judicial-nos-proximos-dias","status":"publish","type":"post","link":"https:\/\/noticiasribeiraopreto.com.br\/index.php\/2024\/01\/19\/oi-oibr3-troca-ceo-e-promete-nova-proposta-de-recuperacao-judicial-nos-proximos-dias\/","title":{"rendered":"Oi (OIBR3) troca CEO e promete nova proposta de recupera\u00e7\u00e3o judicial nos pr\u00f3ximos dias"},"content":{"rendered":"<div class='code-block code-block-1' style='margin: 8px 0 8px auto; text-align: right; display: block; clear: both;'>\n<p><a href=\"https:\/\/wa.link\/vpicfd\"><img data-recalc-dims=\"1\" class=\"wp-image-4922\" style=\"aspect-ratio: 2.0253164556962027; width: 561px; height: auto;\" src=\"https:\/\/i0.wp.com\/ismaelcolosi.com.br\/wp-content\/uploads\/2023\/11\/grupo-de-empregos-whatsapp-e-facebook-ismael-colosi-vagas.jpg?ssl=1\" alt=\"\" \/><\/a><\/p>\n<!-- \/wp:image -->\n<\/div>\n<p> <br \/>\n<\/p>\n<div id=\"js-first-letter\">\n<p>A <strong>Oi (OIBR3)<\/strong> tem um novo CEO. Mateus Bandeira vai suceder Rodrigo Abreu na presid\u00eancia da companhia.<\/p>\n<p>No an\u00fancio feito no fim da noite de quinta-feira (18), a Oi tamb\u00e9m anunciou que pretende apresentar a seus credores ainda em janeiro uma proposta de <strong>recupera\u00e7\u00e3o judicial<\/strong>.<\/p>\n<p>A troca de comando da Oi coincide com o t\u00e9rmino do mandato de dois anos de Abreu.<\/p>\n<p>O executivo permanecer\u00e1 no conselho da empresa e &#8220;seguir\u00e1 participando ativamente das negocia\u00e7\u00f5es com credores&#8221;.<\/p>\n<p>Ainda de acordo com a companhia, Abreu participar\u00e1 da elabora\u00e7\u00e3o do novo plano de recupera\u00e7\u00e3o judicial, bem como das negocia\u00e7\u00f5es com a Anatel em torno da concess\u00e3o de telefonia fixa da Oi.<\/p>\n<ul>\n<li><strong>ONDE INVESTIR EM 2024:<\/strong>\u00a0Descubra o que esperar do cen\u00e1rio econ\u00f4mico brasileiro e internacional e quais s\u00e3o os melhores investimentos para a sua carteira, em diferentes classes de ativos.\u00a0<strong><a href=\"https:\/\/lp.seudinheiro.com\/onde-investir-oinv01-a\/?xpromo=XD-MEL-SD-OINV01-AUDSD-X-CHLTB-EDITORIAL1-MKTPORTAIS\" target=\"_blank\" rel=\"noreferrer noopener\">Clique aqui<\/a><\/strong>.<\/li>\n<\/ul>\n<h2 class=\"wp-block-heading\" id=\"h-bandeira-passara-pouco-tempo-a-frente-da-oi\">Bandeira passar\u00e1 pouco tempo \u00e0 frente da Oi<\/h2>\n<p>Bandeira, por sua vez, n\u00e3o deve passar muito tempo na condi\u00e7\u00e3o de CEO da Oi.<\/p>\n<p>O plano \u00e9 que ele trabalhe na finaliza\u00e7\u00e3o dos acordos pendentes para a apresenta\u00e7\u00e3o da proposta de recupera\u00e7\u00e3o judicial da Oi \u00e0 assembleia de credores.<\/p>\n<p>Uma vez aprovada a RJ, Bandeira ajudar\u00e1 na sele\u00e7\u00e3o de um novo CEO apoiado pelos credores e respons\u00e1vel por executar e implementar o plano de recupera\u00e7\u00e3o judicial.<\/p>\n<p>Esta \u00e9 a segunda recupera\u00e7\u00e3o judicial da Oi, que j\u00e1 figurou entre as maiores empresas da bolsa.<\/p>\n<p><a href=\"https:\/\/www.seudinheiro.com\/2023\/bolsa-dolar\/oi-oibr3-segunda-recuperacao-judicial-oficial-rsgp\/\">O in\u00edcio do novo processo de RJ foi autorizado pela justi\u00e7a em mar\u00e7o do ano passado, apenas tr\u00eas meses depois de a Oi ter conclu\u00eddo sua primeira recupera\u00e7\u00e3o judicial.<\/a><\/p>\n<h2 class=\"wp-block-heading\" id=\"h-quem-e-o-novo-ceo-da-oi\">Quem \u00e9 o novo CEO da Oi<\/h2>\n<p>Mateus Bandeira integra atualmente o Conselho de Administra\u00e7\u00e3o da Oi na condi\u00e7\u00e3o de membro independente.<\/p>\n<p>Ele tamb\u00e9m \u00e9 conselheiro da Vibra Energia, da Intelbr\u00e1s e da Marcopolo.<\/p>\n<p>Bandeira tamb\u00e9m j\u00e1 trabalhou como CEO na Falconi Consultoria e no Banrisul.<\/p>\n<p>De 2007 a 2010, ele foi secret\u00e1rio de Planejamento do Rio Grande do Sul, quando o Estado era governado por Yeda Crusius.<\/p>\n<\/div>\n<p><br \/>\n<br \/><a href=\"https:\/\/www.seudinheiro.com\/2024\/bolsa-dolar\/oi-oibr-novo-ceo-abreu-sai-bandeira-entra-recuperacao-judicial-rsgp\/\">Source link <\/a><\/p>\n<!-- CONTENT END 1 -->\n","protected":false},"excerpt":{"rendered":"<p>A Oi (OIBR3) tem um novo CEO. Mateus Bandeira vai suceder Rodrigo Abreu na presid\u00eancia da companhia. No an\u00fancio feito no fim da noite de&#8230;<\/p>\n","protected":false},"author":1,"featured_media":29729,"comment_status":"open","ping_status":"open","sticky":false,"template":"","format":"standard","meta":{"advanced_seo_description":"","jetpack_seo_html_title":"","jetpack_seo_noindex":false,"jetpack_post_was_ever_published":false,"_jetpack_newsletter_access":"","_jetpack_dont_email_post_to_subs":false,"_jetpack_newsletter_tier_id":0,"_jetpack_memberships_contains_paywalled_content":false,"_jetpack_memberships_contains_paid_content":false,"footnotes":"","jetpack_publicize_message":"","jetpack_publicize_feature_enabled":true,"jetpack_social_post_already_shared":true,"jetpack_social_options":{"image_generator_settings":{"template":"highway","default_image_id":0,"font":"","enabled":false},"version":2}},"categories":[1235],"tags":[],"class_list":["post-29728","post","type-post","status-publish","format-standard","has-post-thumbnail","hentry","category-dinheiro-e-investimento-como-fazer-como-ganhar"],"jetpack_publicize_connections":[],"jetpack_featured_media_url":"https:\/\/i0.wp.com\/noticiasribeiraopreto.com.br\/wp-content\/uploads\/2024\/01\/oi-oibr3-telecom-recuperacao-628x353.jpg?fit=628%2C353&ssl=1","jetpack-related-posts":[{"id":14699,"url":"https:\/\/noticiasribeiraopreto.com.br\/index.php\/2023\/12\/12\/justica-prorroga-blindagem-contra-credores\/","url_meta":{"origin":29728,"position":0},"title":"Justi\u00e7a prorroga blindagem contra credores","author":"noticiasribeiraopreto.com.br","date":"12 de December de 2023","format":false,"excerpt":"A Justi\u00e7a concordou em prorrogar a \u201cblindagem\u201d da Oi (OIBR3) contra seus credores por mais tr\u00eas meses. O objetivo da decis\u00e3o \u00e9 assegurar a continuidade do processo de recupera\u00e7\u00e3o judicial da companhia. O ju\u00edzo da 7\u00aa vara empresarial da comarca da capital do Rio de Janeiro aprovou a extens\u00e3o do\u2026","rel":"","context":"In &quot;Dinheiro e Investimento&quot;","block_context":{"text":"Dinheiro e Investimento","link":"https:\/\/noticiasribeiraopreto.com.br\/index.php\/category\/dinheiro-e-investimento-como-fazer-como-ganhar\/"},"img":{"alt_text":"","src":"https:\/\/i0.wp.com\/noticiasribeiraopreto.com.br\/wp-content\/uploads\/2023\/12\/oi-oibr3-telecom-recuperacao-628x353.jpg?fit=628%2C353&ssl=1&resize=350%2C200","width":350,"height":200,"srcset":"https:\/\/i0.wp.com\/noticiasribeiraopreto.com.br\/wp-content\/uploads\/2023\/12\/oi-oibr3-telecom-recuperacao-628x353.jpg?fit=628%2C353&ssl=1&resize=350%2C200 1x, https:\/\/i0.wp.com\/noticiasribeiraopreto.com.br\/wp-content\/uploads\/2023\/12\/oi-oibr3-telecom-recuperacao-628x353.jpg?fit=628%2C353&ssl=1&resize=525%2C300 1.5x"},"classes":[]},{"id":29734,"url":"https:\/\/noticiasribeiraopreto.com.br\/index.php\/2024\/01\/19\/esquenta-dos-mercados-wall-street-amanhece-em-alta-em-dia-de-previa-do-pib-no-brasil\/","url_meta":{"origin":29728,"position":1},"title":"Esquenta dos mercados: Wall Street amanhece em alta em dia de pr\u00e9via do PIB no Brasil","author":"noticiasribeiraopreto.com.br","date":"19 de January de 2024","format":false,"excerpt":"RESUMO DO DIA: A agenda desta sexta-feira (19), no Brasil, \u00e9 dominada pela divulga\u00e7\u00e3o do IBC-Br de novembro, \u00e0s 9 horas. Enquanto isso, o Banco Central abre as reuni\u00f5es trimestrais com economistas para elabora\u00e7\u00e3o do Relat\u00f3rio de Infla\u00e7\u00e3o e a quest\u00e3o fiscal deve continuar no radar. Os investidores tamb\u00e9m monitoram\u2026","rel":"","context":"In &quot;Dinheiro e Investimento&quot;","block_context":{"text":"Dinheiro e Investimento","link":"https:\/\/noticiasribeiraopreto.com.br\/index.php\/category\/dinheiro-e-investimento-como-fazer-como-ganhar\/"},"img":{"alt_text":"","src":"https:\/\/i0.wp.com\/noticiasribeiraopreto.com.br\/wp-content\/uploads\/2024\/01\/Selo-Mercados-Urso-Baixa-FECHAMENTO-628x353.jpg?fit=628%2C353&ssl=1&resize=350%2C200","width":350,"height":200,"srcset":"https:\/\/i0.wp.com\/noticiasribeiraopreto.com.br\/wp-content\/uploads\/2024\/01\/Selo-Mercados-Urso-Baixa-FECHAMENTO-628x353.jpg?fit=628%2C353&ssl=1&resize=350%2C200 1x, https:\/\/i0.wp.com\/noticiasribeiraopreto.com.br\/wp-content\/uploads\/2024\/01\/Selo-Mercados-Urso-Baixa-FECHAMENTO-628x353.jpg?fit=628%2C353&ssl=1&resize=525%2C300 1.5x"},"classes":[]},{"id":29802,"url":"https:\/\/noticiasribeiraopreto.com.br\/index.php\/2024\/01\/19\/oi-indica-novo-presidente-executivo-forbes\/","url_meta":{"origin":29728,"position":2},"title":"Oi indica novo presidente-executivo &#8211; Forbes","author":"noticiasribeiraopreto.com.br","date":"19 de January de 2024","format":false,"excerpt":"Logo Oi - Imagem: Getty ImagesSob nova lideran\u00e7a, Oi deve apresentar novo plano de Recupera\u00e7\u00e3o Judicial at\u00e9 o final do m\u00eas A companhia de telecomunica\u00e7\u00f5es Oi, que atravessa uma segunda recupera\u00e7\u00e3o judicial consecutiva, anunciou no final da noite de quinta-feira (18) que o atual presidente-executivo n\u00e3o vai renovar contrato com\u2026","rel":"","context":"In &quot;Blog&quot;","block_context":{"text":"Blog","link":"https:\/\/noticiasribeiraopreto.com.br\/index.php\/category\/blog\/"},"img":{"alt_text":"","src":"https:\/\/i0.wp.com\/noticiasribeiraopreto.com.br\/wp-content\/uploads\/2024\/01\/money-oi-telecom-1024x683.jpg?fit=1024%2C683&ssl=1&resize=350%2C200","width":350,"height":200,"srcset":"https:\/\/i0.wp.com\/noticiasribeiraopreto.com.br\/wp-content\/uploads\/2024\/01\/money-oi-telecom-1024x683.jpg?fit=1024%2C683&ssl=1&resize=350%2C200 1x, https:\/\/i0.wp.com\/noticiasribeiraopreto.com.br\/wp-content\/uploads\/2024\/01\/money-oi-telecom-1024x683.jpg?fit=1024%2C683&ssl=1&resize=525%2C300 1.5x, https:\/\/i0.wp.com\/noticiasribeiraopreto.com.br\/wp-content\/uploads\/2024\/01\/money-oi-telecom-1024x683.jpg?fit=1024%2C683&ssl=1&resize=700%2C400 2x"},"classes":[]},{"id":20886,"url":"https:\/\/noticiasribeiraopreto.com.br\/index.php\/2023\/12\/26\/brilhando-na-b3-o-que-esta-por-tras-da-alta-de-5-das-acoes-da-light-ligt3-hoje\/","url_meta":{"origin":29728,"position":3},"title":"Brilhando na B3: o que est\u00e1 por tr\u00e1s da alta de 5% das a\u00e7\u00f5es da Light (LIGT3) hoje","author":"noticiasribeiraopreto.com.br","date":"26 de December de 2023","format":false,"excerpt":"Em mais um dia de quebra de recordes do Ibovespa, o desempenho de uma a\u00e7\u00e3o negociada fora do principal \u00edndice acion\u00e1rio da B3 chama a aten\u00e7\u00e3o do mercado nesta ter\u00e7a-feira (26). Por volta das 16h55, os pap\u00e9is da Light (LIGT3) subiam 5,56%, aos R$ 6,83. Acompanhe nossa cobertura ao vivo\u2026","rel":"","context":"In &quot;Dinheiro e Investimento&quot;","block_context":{"text":"Dinheiro e Investimento","link":"https:\/\/noticiasribeiraopreto.com.br\/index.php\/category\/dinheiro-e-investimento-como-fazer-como-ganhar\/"},"img":{"alt_text":"","src":"https:\/\/i0.wp.com\/noticiasribeiraopreto.com.br\/wp-content\/uploads\/2023\/12\/Light-LIGT3-628x353.jpg?fit=628%2C353&ssl=1&resize=350%2C200","width":350,"height":200,"srcset":"https:\/\/i0.wp.com\/noticiasribeiraopreto.com.br\/wp-content\/uploads\/2023\/12\/Light-LIGT3-628x353.jpg?fit=628%2C353&ssl=1&resize=350%2C200 1x, https:\/\/i0.wp.com\/noticiasribeiraopreto.com.br\/wp-content\/uploads\/2023\/12\/Light-LIGT3-628x353.jpg?fit=628%2C353&ssl=1&resize=525%2C300 1.5x"},"classes":[]},{"id":14682,"url":"https:\/\/noticiasribeiraopreto.com.br\/index.php\/2023\/12\/12\/justica-nega-pedido-do-safra-para-anular-assembleia-de-credores-da-americanas\/","url_meta":{"origin":29728,"position":4},"title":"Justi\u00e7a nega pedido do Safra para anular assembleia de credores da Americanas","author":"noticiasribeiraopreto.com.br","date":"12 de December de 2023","format":false,"excerpt":"A Justi\u00e7a do Rio de Janeiro negou o pedido do Banco Safra para anular a assembleia geral de credores que vai discutir o Plano de Recupera\u00e7\u00e3o Judicial da Americanas. Na peti\u00e7\u00e3o, o banco denunciava cinco tentativas de fraude no acordo e questionava a data da assembleia de credores. Para os\u2026","rel":"","context":"In &quot;Dinheiro e Investimento&quot;","block_context":{"text":"Dinheiro e Investimento","link":"https:\/\/noticiasribeiraopreto.com.br\/index.php\/category\/dinheiro-e-investimento-como-fazer-como-ganhar\/"},"img":{"alt_text":"","src":"https:\/\/i0.wp.com\/noticiasribeiraopreto.com.br\/wp-content\/uploads\/2023\/12\/Americanas-Foto-2021-Credito-Divulgacao-scaled-1-715x402.jpg?fit=715%2C402&ssl=1&resize=350%2C200","width":350,"height":200,"srcset":"https:\/\/i0.wp.com\/noticiasribeiraopreto.com.br\/wp-content\/uploads\/2023\/12\/Americanas-Foto-2021-Credito-Divulgacao-scaled-1-715x402.jpg?fit=715%2C402&ssl=1&resize=350%2C200 1x, https:\/\/i0.wp.com\/noticiasribeiraopreto.com.br\/wp-content\/uploads\/2023\/12\/Americanas-Foto-2021-Credito-Divulgacao-scaled-1-715x402.jpg?fit=715%2C402&ssl=1&resize=525%2C300 1.5x, https:\/\/i0.wp.com\/noticiasribeiraopreto.com.br\/wp-content\/uploads\/2023\/12\/Americanas-Foto-2021-Credito-Divulgacao-scaled-1-715x402.jpg?fit=715%2C402&ssl=1&resize=700%2C400 2x"},"classes":[]},{"id":17369,"url":"https:\/\/noticiasribeiraopreto.com.br\/index.php\/2023\/12\/18\/americanas-amer3-consegue-adesao-de-57-dos-credores-e-pode-aprovar-plano-de-recuperacao-judicial-amanha\/","url_meta":{"origin":29728,"position":5},"title":"Americanas (AMER3) consegue ades\u00e3o de 57% dos credores e pode aprovar plano de recupera\u00e7\u00e3o judicial amanh\u00e3","author":"noticiasribeiraopreto.com.br","date":"18 de December de 2023","format":false,"excerpt":"A aguardada assembleia geral de credores que vai discutir o plano de recupera\u00e7\u00e3o da Americanas (AMER3) acontece amanh\u00e3 (19). Mas as chances de aprova\u00e7\u00e3o aumentaram muito nos \u00faltimos dias. Isso porque a varejista j\u00e1 conseguiu a ades\u00e3o formal de credores que representam 57% da d\u00edvida, sem considerar os cr\u00e9ditos intercompany,\u2026","rel":"","context":"In &quot;Dinheiro e Investimento&quot;","block_context":{"text":"Dinheiro e Investimento","link":"https:\/\/noticiasribeiraopreto.com.br\/index.php\/category\/dinheiro-e-investimento-como-fazer-como-ganhar\/"},"img":{"alt_text":"","src":"https:\/\/i0.wp.com\/noticiasribeiraopreto.com.br\/wp-content\/uploads\/2023\/12\/Americanas-efeito-congelamento-Avenida-Brasil-com-logo-desfocado-creditos-Pinterest-montagem-Brenda-Silva-628x353.jpg?fit=628%2C353&ssl=1&resize=350%2C200","width":350,"height":200,"srcset":"https:\/\/i0.wp.com\/noticiasribeiraopreto.com.br\/wp-content\/uploads\/2023\/12\/Americanas-efeito-congelamento-Avenida-Brasil-com-logo-desfocado-creditos-Pinterest-montagem-Brenda-Silva-628x353.jpg?fit=628%2C353&ssl=1&resize=350%2C200 1x, https:\/\/i0.wp.com\/noticiasribeiraopreto.com.br\/wp-content\/uploads\/2023\/12\/Americanas-efeito-congelamento-Avenida-Brasil-com-logo-desfocado-creditos-Pinterest-montagem-Brenda-Silva-628x353.jpg?fit=628%2C353&ssl=1&resize=525%2C300 1.5x"},"classes":[]}],"jetpack_sharing_enabled":true,"jetpack_shortlink":"https:\/\/wp.me\/peQAOb-7Ju","_links":{"self":[{"href":"https:\/\/noticiasribeiraopreto.com.br\/index.php\/wp-json\/wp\/v2\/posts\/29728","targetHints":{"allow":["GET"]}}],"collection":[{"href":"https:\/\/noticiasribeiraopreto.com.br\/index.php\/wp-json\/wp\/v2\/posts"}],"about":[{"href":"https:\/\/noticiasribeiraopreto.com.br\/index.php\/wp-json\/wp\/v2\/types\/post"}],"author":[{"embeddable":true,"href":"https:\/\/noticiasribeiraopreto.com.br\/index.php\/wp-json\/wp\/v2\/users\/1"}],"replies":[{"embeddable":true,"href":"https:\/\/noticiasribeiraopreto.com.br\/index.php\/wp-json\/wp\/v2\/comments?post=29728"}],"version-history":[{"count":0,"href":"https:\/\/noticiasribeiraopreto.com.br\/index.php\/wp-json\/wp\/v2\/posts\/29728\/revisions"}],"wp:featuredmedia":[{"embeddable":true,"href":"https:\/\/noticiasribeiraopreto.com.br\/index.php\/wp-json\/wp\/v2\/media\/29729"}],"wp:attachment":[{"href":"https:\/\/noticiasribeiraopreto.com.br\/index.php\/wp-json\/wp\/v2\/media?parent=29728"}],"wp:term":[{"taxonomy":"category","embeddable":true,"href":"https:\/\/noticiasribeiraopreto.com.br\/index.php\/wp-json\/wp\/v2\/categories?post=29728"},{"taxonomy":"post_tag","embeddable":true,"href":"https:\/\/noticiasribeiraopreto.com.br\/index.php\/wp-json\/wp\/v2\/tags?post=29728"}],"curies":[{"name":"wp","href":"https:\/\/api.w.org\/{rel}","templated":true}]}}