{"id":29734,"date":"2024-01-19T07:55:02","date_gmt":"2024-01-19T10:55:02","guid":{"rendered":"https:\/\/noticiasribeiraopreto.com.br\/index.php\/2024\/01\/19\/esquenta-dos-mercados-wall-street-amanhece-em-alta-em-dia-de-previa-do-pib-no-brasil\/"},"modified":"2024-01-19T07:55:02","modified_gmt":"2024-01-19T10:55:02","slug":"esquenta-dos-mercados-wall-street-amanhece-em-alta-em-dia-de-previa-do-pib-no-brasil","status":"publish","type":"post","link":"https:\/\/noticiasribeiraopreto.com.br\/index.php\/2024\/01\/19\/esquenta-dos-mercados-wall-street-amanhece-em-alta-em-dia-de-previa-do-pib-no-brasil\/","title":{"rendered":"Esquenta dos mercados: Wall Street amanhece em alta em dia de pr\u00e9via do PIB no Brasil"},"content":{"rendered":"<div class='code-block code-block-1' style='margin: 8px 0 8px auto; text-align: right; display: block; clear: both;'>\n<p><a href=\"https:\/\/wa.link\/vpicfd\"><img data-recalc-dims=\"1\" class=\"wp-image-4922\" style=\"aspect-ratio: 2.0253164556962027; width: 561px; height: auto;\" src=\"https:\/\/i0.wp.com\/ismaelcolosi.com.br\/wp-content\/uploads\/2023\/11\/grupo-de-empregos-whatsapp-e-facebook-ismael-colosi-vagas.jpg?ssl=1\" alt=\"\" \/><\/a><\/p>\n<!-- \/wp:image -->\n<\/div>\n<p> <br \/>\n<\/p>\n<div id=\"js-first-letter\">\n<p><em><strong>RESUMO DO DIA:<\/strong> <\/em>A agenda desta sexta-feira (19), no Brasil, \u00e9 dominada pela divulga\u00e7\u00e3o do IBC-Br de novembro, \u00e0s 9 horas. Enquanto isso, o Banco Central abre as reuni\u00f5es trimestrais com economistas para elabora\u00e7\u00e3o do Relat\u00f3rio de Infla\u00e7\u00e3o e a quest\u00e3o fiscal deve continuar no radar.<\/p>\n<p>Os investidores tamb\u00e9m monitoram o impasse entre governo e Congresso sobre a reonera\u00e7\u00e3o da folha de pagamento.<\/p>\n<p>Nos mercados internacionais, os \u00edndices futuros de Wall Street amanhecem em tom positivo, com a aprova\u00e7\u00e3o pela C\u00e2mara dos Representantes do projeto de lei que garante o financiamento do governo at\u00e9 mar\u00e7o e evita a paralisa\u00e7\u00e3o das atividades federais.<\/p>\n<p>Investidores agora aguardam dados da pesquisa quinzenal da Universidade de Michigan sobre o sentimento do consumidor e as expectativas de infla\u00e7\u00e3o no pa\u00eds, que ser\u00e3o divulgados ao meio-dia.\u00a0<\/p>\n<p>O Federal Reserve segue tentando convencer o mercado de que o corte de juros nos EUA vai ficar para mais tarde.<\/p>\n<p>Na Europa, a presidente do Banco Central Europeu (BCE), Christine Lagarde, que j\u00e1 sinalizou que o juro do BCE s\u00f3 cair\u00e1 a partir de junho, debate sobre as proje\u00e7\u00f5es para a economia global no F\u00f3rum Econ\u00f4mico Mundial em Davos, na Su\u00ed\u00e7a.<\/p>\n<p>J\u00e1 as bolsas asi\u00e1ticas fecharam esta sexta-feira (19) sem uma dire\u00e7\u00e3o \u00fanica.<\/p>\n<p><em>Confira o que movimentou os mercados nesta sexta-feira (19):<\/em><\/p>\n<div class=\"live-feed\" itemid=\"https:\/\/www.seudinheiro.com\/2024\/bolsa-dolar\/bolsa-dolar-ibovespa-hoje-190124-rsgp-davs-lils-ccgg\/\" itemscope=\"\" itemtype=\"https:\/\/schema.org\/LiveBlogPosting\">\n<p><meta itemprop=\"coverageStartTime\" content=\"2024-01-19T07:53:59-03:00\"\/><br \/>\n<meta itemprop=\"coverageEndTime\" content=\"2024-01-19T23:59:00-03:00\"\/><\/p>\n<div class=\"live-feed__item\" itemprop=\"liveBlogUpdate\" itemscope=\"\" itemtype=\"https:\/\/schema.org\/BlogPosting\">\n<p>\n<strong itemprop=\"datePublished\" content=\"2024-01-19T7:08:00-03:00\">7h08<\/strong>\n<\/p>\n<p>\n<strong itemprop=\"headline\">OI TROCA CEO E PROMETE PROPOSTA DE RJ AINDA EM JANEIRO<\/strong>\n<\/p>\n<div class=\"live-feed__text\" itemprop=\"articleBody\">\n<p>A <strong>Oi (OIBR3)<\/strong> tem um novo CEO. Mateus Bandeira vai suceder Rodrigo Abreu na presid\u00eancia da companhia.<\/p>\n<p>No an\u00fancio feito no fim da noite de quinta-feira (18), a Oi tamb\u00e9m anunciou que pretende apresentar a seus credores ainda em janeiro uma proposta de <strong>recupera\u00e7\u00e3o judicial<\/strong>.<\/p>\n<p>A troca de comando da Oi coincide com o t\u00e9rmino do mandato de dois anos de Abreu.<\/p>\n<p>O executivo permanecer\u00e1 no conselho da empresa e &#8220;seguir\u00e1 participando ativamente das negocia\u00e7\u00f5es com credores&#8221;.<\/p>\n<p><a href=\"https:\/\/www.seudinheiro.com\/2024\/bolsa-dolar\/oi-oibr-novo-ceo-abreu-sai-bandeira-entra-recuperacao-judicial-rsgp\/\">Leia mais<\/a>.<\/p>\n<\/div>\n<\/div>\n<\/div>\n<\/div>\n<p><br \/>\n<br \/><a href=\"https:\/\/www.seudinheiro.com\/2024\/bolsa-dolar\/bolsa-dolar-ibovespa-hoje-190124-rsgp-davs-lils-ccgg\/\">Source link <\/a><\/p>\n<!-- CONTENT END 1 -->\n","protected":false},"excerpt":{"rendered":"<p>RESUMO DO DIA: A agenda desta sexta-feira (19), no Brasil, \u00e9 dominada pela divulga\u00e7\u00e3o do IBC-Br de novembro, \u00e0s 9 horas. Enquanto isso, o Banco&#8230;<\/p>\n","protected":false},"author":1,"featured_media":29735,"comment_status":"open","ping_status":"open","sticky":false,"template":"","format":"standard","meta":{"advanced_seo_description":"","jetpack_seo_html_title":"","jetpack_seo_noindex":false,"jetpack_post_was_ever_published":false,"_jetpack_newsletter_access":"","_jetpack_dont_email_post_to_subs":false,"_jetpack_newsletter_tier_id":0,"_jetpack_memberships_contains_paywalled_content":false,"_jetpack_memberships_contains_paid_content":false,"footnotes":"","jetpack_publicize_message":"","jetpack_publicize_feature_enabled":true,"jetpack_social_post_already_shared":true,"jetpack_social_options":{"image_generator_settings":{"template":"highway","default_image_id":0,"font":"","enabled":false},"version":2}},"categories":[1235],"tags":[],"class_list":["post-29734","post","type-post","status-publish","format-standard","has-post-thumbnail","hentry","category-dinheiro-e-investimento-como-fazer-como-ganhar"],"jetpack_publicize_connections":[],"jetpack_featured_media_url":"https:\/\/i0.wp.com\/noticiasribeiraopreto.com.br\/wp-content\/uploads\/2024\/01\/Selo-Mercados-Urso-Baixa-FECHAMENTO-628x353.jpg?fit=628%2C353&ssl=1","jetpack-related-posts":[{"id":32705,"url":"https:\/\/noticiasribeiraopreto.com.br\/index.php\/2024\/01\/26\/esquenta-dos-mercados-cautela-em-wall-street-antecede-divulgacao-do-pce-ibovespa-repercute-gol-vale-e-ipca-15\/","url_meta":{"origin":29734,"position":0},"title":"Esquenta dos mercados: Cautela em Wall Street antecede divulga\u00e7\u00e3o do PCE; Ibovespa repercute Gol, Vale e IPCA-15","author":"noticiasribeiraopreto.com.br","date":"26 de January de 2024","format":false,"excerpt":"RESUMO DO DIA: As bolsas de valores internacionais amanheceram apresentando sinais divergentes. Um bom resumo do que pode vir a ser esta sexta-feira vem dos mercados asi\u00e1ticos, que fecharam a semana sem mostrar uma dire\u00e7\u00e3o \u00fanica. Na Europa, o sinal \u00e9 positivo em meio \u00e0 especula\u00e7\u00e3o sobre quanto os juros\u2026","rel":"","context":"In &quot;Dinheiro e Investimento&quot;","block_context":{"text":"Dinheiro e Investimento","link":"https:\/\/noticiasribeiraopreto.com.br\/index.php\/category\/dinheiro-e-investimento-como-fazer-como-ganhar\/"},"img":{"alt_text":"","src":"https:\/\/i0.wp.com\/noticiasribeiraopreto.com.br\/wp-content\/uploads\/2024\/01\/1706265641_Selo-Mercados-ESQUENTA-628x353.jpg?fit=628%2C353&ssl=1&resize=350%2C200","width":350,"height":200,"srcset":"https:\/\/i0.wp.com\/noticiasribeiraopreto.com.br\/wp-content\/uploads\/2024\/01\/1706265641_Selo-Mercados-ESQUENTA-628x353.jpg?fit=628%2C353&ssl=1&resize=350%2C200 1x, https:\/\/i0.wp.com\/noticiasribeiraopreto.com.br\/wp-content\/uploads\/2024\/01\/1706265641_Selo-Mercados-ESQUENTA-628x353.jpg?fit=628%2C353&ssl=1&resize=525%2C300 1.5x"},"classes":[]},{"id":31770,"url":"https:\/\/noticiasribeiraopreto.com.br\/index.php\/2024\/01\/23\/esquenta-dos-mercados-wall-street-amanhece-de-lado-e-antecipa-mais-um-dia-de-dificuldade-para-o-ibovespa\/","url_meta":{"origin":29734,"position":1},"title":"Esquenta dos mercados: Wall Street amanhece de lado e antecipa mais um dia de dificuldade para o Ibovespa","author":"noticiasribeiraopreto.com.br","date":"23 de January de 2024","format":false,"excerpt":"RESUMO DO DIA: Os \u00edndices futuros das bolsas de Nova York come\u00e7am esta ter\u00e7a-feira (23) sem uma dire\u00e7\u00e3o \u00fanica, com leve tom positivo. As sinaliza\u00e7\u00f5es do Fed de que o corte de juros nos EUA vai ficar mais pro futuro n\u00e3o tem impedido Wall Street de acumular ganhos em tr\u00eas\u2026","rel":"","context":"In &quot;Dinheiro e Investimento&quot;","block_context":{"text":"Dinheiro e Investimento","link":"https:\/\/noticiasribeiraopreto.com.br\/index.php\/category\/dinheiro-e-investimento-como-fazer-como-ganhar\/"},"img":{"alt_text":"","src":"https:\/\/i0.wp.com\/noticiasribeiraopreto.com.br\/wp-content\/uploads\/2024\/01\/1706011016_Selo-Mercados-ESQUENTA-628x353.jpg?fit=628%2C353&ssl=1&resize=350%2C200","width":350,"height":200,"srcset":"https:\/\/i0.wp.com\/noticiasribeiraopreto.com.br\/wp-content\/uploads\/2024\/01\/1706011016_Selo-Mercados-ESQUENTA-628x353.jpg?fit=628%2C353&ssl=1&resize=350%2C200 1x, https:\/\/i0.wp.com\/noticiasribeiraopreto.com.br\/wp-content\/uploads\/2024\/01\/1706011016_Selo-Mercados-ESQUENTA-628x353.jpg?fit=628%2C353&ssl=1&resize=525%2C300 1.5x"},"classes":[]},{"id":24356,"url":"https:\/\/noticiasribeiraopreto.com.br\/index.php\/2024\/01\/04\/esquenta-dos-mercados-bolsas-internacionais-sobem-apesar-da-incerteza-sobre-cortes-de-juros-nos-eua\/","url_meta":{"origin":29734,"position":2},"title":"Esquenta dos mercados: Bolsas internacionais sobem apesar da incerteza sobre cortes de juros nos EUA","author":"noticiasribeiraopreto.com.br","date":"4 de January de 2024","format":false,"excerpt":"O segundo preg\u00e3o do ano foi marcado pela volatilidade nos mercados internacionais, em meio a crescente cautela dos investidores e forte valoriza\u00e7\u00e3o das commodities. O Ibovespa encerrou o preg\u00e3o com alta de 0,10%, aos 132.833,95 pontos. J\u00e1 o d\u00f3lar fechou a R$ 4,9151, com leve queda de 0,01%, no mercado\u2026","rel":"","context":"In &quot;Dinheiro e Investimento&quot;","block_context":{"text":"Dinheiro e Investimento","link":"https:\/\/noticiasribeiraopreto.com.br\/index.php\/category\/dinheiro-e-investimento-como-fazer-como-ganhar\/"},"img":{"alt_text":"","src":"https:\/\/i0.wp.com\/noticiasribeiraopreto.com.br\/wp-content\/uploads\/2024\/01\/1704364028_Selo-Mercados-Touro-Alta-ESQUENTA-e1694168533397-715x402.jpg?fit=715%2C402&ssl=1&resize=350%2C200","width":350,"height":200,"srcset":"https:\/\/i0.wp.com\/noticiasribeiraopreto.com.br\/wp-content\/uploads\/2024\/01\/1704364028_Selo-Mercados-Touro-Alta-ESQUENTA-e1694168533397-715x402.jpg?fit=715%2C402&ssl=1&resize=350%2C200 1x, https:\/\/i0.wp.com\/noticiasribeiraopreto.com.br\/wp-content\/uploads\/2024\/01\/1704364028_Selo-Mercados-Touro-Alta-ESQUENTA-e1694168533397-715x402.jpg?fit=715%2C402&ssl=1&resize=525%2C300 1.5x, https:\/\/i0.wp.com\/noticiasribeiraopreto.com.br\/wp-content\/uploads\/2024\/01\/1704364028_Selo-Mercados-Touro-Alta-ESQUENTA-e1694168533397-715x402.jpg?fit=715%2C402&ssl=1&resize=700%2C400 2x"},"classes":[]},{"id":32449,"url":"https:\/\/noticiasribeiraopreto.com.br\/index.php\/2024\/01\/25\/esquenta-dos-mercados-bolsas-internacionais-amanhecem-sem-direcao-unica-de-olho-no-pib-dos-eua-enquanto-europa-decide-sobre-juros-hoje\/","url_meta":{"origin":29734,"position":3},"title":"Esquenta dos mercados: Bolsas internacionais amanhecem sem dire\u00e7\u00e3o \u00fanica, de olho no PIB dos EUA, enquanto Europa decide sobre juros hoje","author":"noticiasribeiraopreto.com.br","date":"25 de January de 2024","format":false,"excerpt":"RESUMO DO DIA: Os mercados internacionais amanhecem sem dire\u00e7\u00e3o \u00fanica nesta quinta-feira (25), com a agenda econ\u00f4mica carregada de indicadores no dia. L\u00e1 fora, o calend\u00e1rio reserva a publica\u00e7\u00e3o dos n\u00fameros trimestrais do PIB (Produto Interno Bruto) e do \u00edndice de gastos com consumo pessoal (PCE) nos EUA. Vale lembrar\u2026","rel":"","context":"In &quot;Dinheiro e Investimento&quot;","block_context":{"text":"Dinheiro e Investimento","link":"https:\/\/noticiasribeiraopreto.com.br\/index.php\/category\/dinheiro-e-investimento-como-fazer-como-ganhar\/"},"img":{"alt_text":"","src":"https:\/\/i0.wp.com\/noticiasribeiraopreto.com.br\/wp-content\/uploads\/2024\/01\/1706178907_Selo-Mercados-Touro-Alta-ESQUENTA-e1694168533397-715x402.jpg?fit=715%2C402&ssl=1&resize=350%2C200","width":350,"height":200,"srcset":"https:\/\/i0.wp.com\/noticiasribeiraopreto.com.br\/wp-content\/uploads\/2024\/01\/1706178907_Selo-Mercados-Touro-Alta-ESQUENTA-e1694168533397-715x402.jpg?fit=715%2C402&ssl=1&resize=350%2C200 1x, https:\/\/i0.wp.com\/noticiasribeiraopreto.com.br\/wp-content\/uploads\/2024\/01\/1706178907_Selo-Mercados-Touro-Alta-ESQUENTA-e1694168533397-715x402.jpg?fit=715%2C402&ssl=1&resize=525%2C300 1.5x, https:\/\/i0.wp.com\/noticiasribeiraopreto.com.br\/wp-content\/uploads\/2024\/01\/1706178907_Selo-Mercados-Touro-Alta-ESQUENTA-e1694168533397-715x402.jpg?fit=715%2C402&ssl=1&resize=700%2C400 2x"},"classes":[]},{"id":20648,"url":"https:\/\/noticiasribeiraopreto.com.br\/index.php\/2023\/12\/26\/esquenta-dos-mercados-wall-street-amanhece-no-azul-apos-o-natal-em-dia-de-agenda-esvaziada-e-pouca-liquidez-nas-bolsas-globais\/","url_meta":{"origin":29734,"position":4},"title":"Esquenta dos mercados: Wall Street amanhece no azul ap\u00f3s o Natal, em dia de agenda esvaziada e pouca liquidez nas bolsas globais","author":"noticiasribeiraopreto.com.br","date":"26 de December de 2023","format":false,"excerpt":"RESUMO DO DIA: Mais uma semana de liquidez reduzida se inicia nos mercados globais, com um menor volume de neg\u00f3cios nas bolsas devido ao recesso de fim de ano. Nos Estados Unidos, os \u00edndices acion\u00e1rios operam no azul no retorno do feriado de Natal. J\u00e1 na Europa, as principais bolsas\u2026","rel":"","context":"In &quot;Dinheiro e Investimento&quot;","block_context":{"text":"Dinheiro e Investimento","link":"https:\/\/noticiasribeiraopreto.com.br\/index.php\/category\/dinheiro-e-investimento-como-fazer-como-ganhar\/"},"img":{"alt_text":"","src":"https:\/\/i0.wp.com\/noticiasribeiraopreto.com.br\/wp-content\/uploads\/2023\/12\/1703588178_Selo-Mercados-Touro-Alta-AGORA-628x353.jpg?fit=628%2C353&ssl=1&resize=350%2C200","width":350,"height":200,"srcset":"https:\/\/i0.wp.com\/noticiasribeiraopreto.com.br\/wp-content\/uploads\/2023\/12\/1703588178_Selo-Mercados-Touro-Alta-AGORA-628x353.jpg?fit=628%2C353&ssl=1&resize=350%2C200 1x, https:\/\/i0.wp.com\/noticiasribeiraopreto.com.br\/wp-content\/uploads\/2023\/12\/1703588178_Selo-Mercados-Touro-Alta-AGORA-628x353.jpg?fit=628%2C353&ssl=1&resize=525%2C300 1.5x"},"classes":[]},{"id":23374,"url":"https:\/\/noticiasribeiraopreto.com.br\/index.php\/2024\/01\/02\/esquenta-dos-mercados-bolsas-iniciam-2024-em-tom-levemente-positivo-a-espera-de-indicadores-nos-eua\/","url_meta":{"origin":29734,"position":5},"title":"Esquenta dos mercados: Bolsas iniciam 2024 em tom levemente positivo, \u00e0 espera de indicadores nos EUA","author":"noticiasribeiraopreto.com.br","date":"2 de January de 2024","format":false,"excerpt":"RESUMO DO DIA: Os investidores voltam das celebra\u00e7\u00f5es de ano novo ainda em ritmo lento, mas em tom majoritariamente positivo. Lembrando que o Ibovespa fechou o \u00faltimo preg\u00e3o de 2023 aos 134.185 pontos, praticamente colado na m\u00e1xima hist\u00f3rica e com uma alta acumulada de 22%. Enquanto isso, o d\u00f3lar encerrou\u2026","rel":"","context":"In &quot;Dinheiro e Investimento&quot;","block_context":{"text":"Dinheiro e Investimento","link":"https:\/\/noticiasribeiraopreto.com.br\/index.php\/category\/dinheiro-e-investimento-como-fazer-como-ganhar\/"},"img":{"alt_text":"","src":"https:\/\/i0.wp.com\/noticiasribeiraopreto.com.br\/wp-content\/uploads\/2024\/01\/Selo-Mercados-Touro-Alta-ESQUENTA-e1694168533397-715x402.jpg?fit=715%2C402&ssl=1&resize=350%2C200","width":350,"height":200,"srcset":"https:\/\/i0.wp.com\/noticiasribeiraopreto.com.br\/wp-content\/uploads\/2024\/01\/Selo-Mercados-Touro-Alta-ESQUENTA-e1694168533397-715x402.jpg?fit=715%2C402&ssl=1&resize=350%2C200 1x, https:\/\/i0.wp.com\/noticiasribeiraopreto.com.br\/wp-content\/uploads\/2024\/01\/Selo-Mercados-Touro-Alta-ESQUENTA-e1694168533397-715x402.jpg?fit=715%2C402&ssl=1&resize=525%2C300 1.5x, https:\/\/i0.wp.com\/noticiasribeiraopreto.com.br\/wp-content\/uploads\/2024\/01\/Selo-Mercados-Touro-Alta-ESQUENTA-e1694168533397-715x402.jpg?fit=715%2C402&ssl=1&resize=700%2C400 2x"},"classes":[]}],"jetpack_sharing_enabled":true,"jetpack_shortlink":"https:\/\/wp.me\/peQAOb-7JA","_links":{"self":[{"href":"https:\/\/noticiasribeiraopreto.com.br\/index.php\/wp-json\/wp\/v2\/posts\/29734","targetHints":{"allow":["GET"]}}],"collection":[{"href":"https:\/\/noticiasribeiraopreto.com.br\/index.php\/wp-json\/wp\/v2\/posts"}],"about":[{"href":"https:\/\/noticiasribeiraopreto.com.br\/index.php\/wp-json\/wp\/v2\/types\/post"}],"author":[{"embeddable":true,"href":"https:\/\/noticiasribeiraopreto.com.br\/index.php\/wp-json\/wp\/v2\/users\/1"}],"replies":[{"embeddable":true,"href":"https:\/\/noticiasribeiraopreto.com.br\/index.php\/wp-json\/wp\/v2\/comments?post=29734"}],"version-history":[{"count":0,"href":"https:\/\/noticiasribeiraopreto.com.br\/index.php\/wp-json\/wp\/v2\/posts\/29734\/revisions"}],"wp:featuredmedia":[{"embeddable":true,"href":"https:\/\/noticiasribeiraopreto.com.br\/index.php\/wp-json\/wp\/v2\/media\/29735"}],"wp:attachment":[{"href":"https:\/\/noticiasribeiraopreto.com.br\/index.php\/wp-json\/wp\/v2\/media?parent=29734"}],"wp:term":[{"taxonomy":"category","embeddable":true,"href":"https:\/\/noticiasribeiraopreto.com.br\/index.php\/wp-json\/wp\/v2\/categories?post=29734"},{"taxonomy":"post_tag","embeddable":true,"href":"https:\/\/noticiasribeiraopreto.com.br\/index.php\/wp-json\/wp\/v2\/tags?post=29734"}],"curies":[{"name":"wp","href":"https:\/\/api.w.org\/{rel}","templated":true}]}}