{"id":29740,"date":"2024-01-19T08:17:01","date_gmt":"2024-01-19T11:17:01","guid":{"rendered":"https:\/\/noticiasribeiraopreto.com.br\/index.php\/2024\/01\/19\/enem-dos-concursos-inscricoes-para-concorrer-a-6-640-vagas-comecam-nesta-sexta-feira\/"},"modified":"2024-01-19T08:17:01","modified_gmt":"2024-01-19T11:17:01","slug":"enem-dos-concursos-inscricoes-para-concorrer-a-6-640-vagas-comecam-nesta-sexta-feira","status":"publish","type":"post","link":"https:\/\/noticiasribeiraopreto.com.br\/index.php\/2024\/01\/19\/enem-dos-concursos-inscricoes-para-concorrer-a-6-640-vagas-comecam-nesta-sexta-feira\/","title":{"rendered":"Enem dos Concursos: inscri\u00e7\u00f5es para concorrer a 6.640 vagas come\u00e7am nesta sexta-feira"},"content":{"rendered":"<div class='code-block code-block-1' style='margin: 8px 0 8px auto; text-align: right; display: block; clear: both;'>\n<p><a href=\"https:\/\/wa.link\/vpicfd\"><img data-recalc-dims=\"1\" class=\"wp-image-4922\" style=\"aspect-ratio: 2.0253164556962027; width: 561px; height: auto;\" src=\"https:\/\/i0.wp.com\/ismaelcolosi.com.br\/wp-content\/uploads\/2023\/11\/grupo-de-empregos-whatsapp-e-facebook-ismael-colosi-vagas.jpg?ssl=1\" alt=\"\" \/><\/a><\/p>\n<!-- \/wp:image -->\n<\/div>\n<p> <br \/>\n<\/p>\n<div id=\"\">\n<div class=\"content-infos\">\n<div class=\"texts\">\n<p class=\"author tooltip-comp\"> Da reda\u00e7\u00e3o<span class=\"icon-i\">i<\/span><span class=\"tooltiptext\"> <span class=\"author\"><span>Da reda\u00e7\u00e3o<\/span> <\/span><span class=\"desc\"\/> <\/span><\/p>\n<p>19\/01\/2024 &#8211; 8:14<\/p>\n<\/div>\n<div id=\"share-modal\" class=\"share-modal\"> <button class=\"box-close btn-share\"> <img decoding=\"async\" src=\"https:\/\/istoedinheiro.com.br\/wp-content\/themes\/dinheiro-wp-theme\/assets\/img\/svg\/closeIcon.svg?x46096\" alt=\"Close icon\" class=\"close-btn lazy\"\/> <\/button><\/div>\n<\/p><\/div>\n<p>Come\u00e7am nesta sexta-feira, 19, as inscri\u00e7\u00f5es para o Concurso P\u00fablico Nacional Unificado, que oferece 6.640 vagas para lota\u00e7\u00e3o em 21 \u00f3rg\u00e3os p\u00fablicos federais. A taxa de inscri\u00e7\u00e3o \u00e9 R$ 60 para vagas de n\u00edvel m\u00e9dio e R$ 90, para vagas de n\u00edvel superior. No ato\u00a0 da inscri\u00e7\u00e3o, feita exclusivamente pelo aplicativo Gov.br, ser\u00e1 gerada uma Guia de Recolhimento da Uni\u00e3o (GRU), \u00fanico mecanismo de pagamento que valer\u00e1 para o concurso.<\/p>\n<p><strong>+ O que voc\u00ea precisa saber sobre o Concurso P\u00fablico Nacional Unificado<\/strong><\/p>\n<p>Est\u00e3o isentos candidatos que integram o Cad\u00danico e que cursam ou cursaram faculdade com apoio do Fundo de Financiamento ao Estudante do Ensino Superior (Fies) ou do Programa Universidade para Todos (ProUni), assim como doadores de medula \u00f3ssea.<\/p>\n<p>As provas ser\u00e3o aplicadas no dia 5 de maio, em 220 cidades, distribu\u00eddas em todos os estados e no Distrito Federal.<\/p>\n<div class=\"google-auto-placed ap_container\">\n<p>O Minist\u00e9rio da Gest\u00e3o e da Inova\u00e7\u00e3o em Servi\u00e7os P\u00fablicos, respons\u00e1vel pela condu\u00e7\u00e3o do concurso, recomenda leitura cuidadosa dos editais, \u201cpotencializando as trajet\u00f3rias profissionais e acad\u00eamicas dos candidatos\u201c.<\/p>\n<p>Em nota, a pasta destacou que a proposta \u00e9 democratizar o acesso aos quadros federais e permitir que candidatos alinhem suas voca\u00e7\u00f5es \u00e0s oportunidades oferecidas.<\/p>\n<\/div>\n<h4><strong>Quando ser\u00e1 a prova?<\/strong><\/h4>\n<p>As inscri\u00e7\u00f5es ser\u00e3o do dia 19 de janeiro at\u00e9 o dia 9 de fevereiro e a realiza\u00e7\u00e3o da prova ser\u00e1 no dia 5 de maio em dois turnos, manh\u00e3 e tarde. A inscri\u00e7\u00e3o \u00e9 \u00fanica para o certame.<\/p>\n<h4><strong>Quais s\u00e3o os \u00f3rg\u00e3os?<\/strong><\/h4>\n<p>O Minist\u00e9rio da Gest\u00e3o , organizador do concurso, responde pela maior parte das vagas ofertadas, com 1.480 em diferentes carreiras. Saiba quais s\u00e3o os \u00f3rg\u00e3os que aderiram ao Concurso P\u00fablico Nacional Unificado e as vagas por carreira\u00a0<a href=\"https:\/\/www.gov.br\/gestao\/pt-br\/concursonacional\/orgaos-e-carreiras\/cnu-orgaos-carreiras-vagas.pdf\" target=\"_blank\" rel=\"nofollow noopener\"><strong>aqui<\/strong><\/a>. Veja \u00f3rg\u00e3os com maior n\u00famero de vagas:<\/p>\n<ul>\n<li>Minist\u00e9rio do Trabalho e Emprego \u2013 900 vagas<\/li>\n<li>Instituto Nacional de Coloniza\u00e7\u00e3o e Reforma Agr\u00e1ria (Incra) \u2013 742 vagas<\/li>\n<li>Instituto Brasileiro de Geografia e Estat\u00edstica (IBGE) \u2013 620 vagas<\/li>\n<li>Funda\u00e7\u00e3o Nacional dos Povos Ind\u00edgenas (Funai) \u2013 502 vagas<\/li>\n<li>Minist\u00e9rio da Ci\u00eancia, Tecnologia e Inova\u00e7\u00e3o \u2013 296 vagas<\/li>\n<li>Minist\u00e9rio da Sa\u00fade \u2013 220 vagas<\/li>\n<\/ul>\n<h4>Editais<\/h4>\n<p>O minist\u00e9rio apresentou um detalhamento dos editais do concurso. A se\u00e7\u00e3o 1 (disposi\u00e7\u00f5es preliminares) trata de regras gerais, empresa aplicadora (Funda\u00e7\u00e3o Cesgranrio) e etapas do processo de sele\u00e7\u00e3o.<\/p>\n<p>A se\u00e7\u00e3o 2 (vagas) especifica quais vagas est\u00e3o em disputa dentro de cada um dos oito blocos tem\u00e1ticos. J\u00e1 a se\u00e7\u00e3o 3 (vagas reservadas) detalha as vagas reservadas sendo 5% para pessoas com defici\u00eancia e 20% para pessoas negras, al\u00e9m de 30% das vagas da Funda\u00e7\u00e3o Nacional dos Povos Ind\u00edgenas (Funai) para ind\u00edgenas.<\/p>\n<p>A se\u00e7\u00e3o 4 (requisitos para a investidura na especialidade) trata das especificidades necess\u00e1rias para cada um dos cargos, como ter nacionalidade brasileira ou portuguesa; estar em dia com obriga\u00e7\u00f5es eleitorais e militares; e ter forma\u00e7\u00e3o em gradua\u00e7\u00f5es espec\u00edficas para alguns dos cargos.<\/p>\n<p>\u201cOu seja, uma pessoa at\u00e9 pode obter pontua\u00e7\u00e3o para ser aprovada, mas se n\u00e3o apresentar a forma\u00e7\u00e3o exigida, n\u00e3o poder\u00e1 assumir o cargo. As exig\u00eancias de forma\u00e7\u00e3o variam a cada cargo e \u00f3rg\u00e3o participante. \u00c9 preciso redobrar a aten\u00e7\u00e3o na hora das escolhas\u201d, alerta o minist\u00e9rio.<\/p>\n<p>Na se\u00e7\u00e3o 5 (inscri\u00e7\u00f5es), est\u00e1 explicitado que a inscri\u00e7\u00e3o deve ser realizada pelo pr\u00f3prio candidato e apenas pelo aplicativo Gov.br. Ser\u00e3o aceitos todos os n\u00edveis de conta na plataforma (ouro, prata ou bronze). Somente ap\u00f3s o credenciamento \u00e9 que o candidato conseguir\u00e1 acessar o ambiente de inscri\u00e7\u00e3o da Funda\u00e7\u00e3o Cesgranrio, que vai aplicar as provas.<\/p>\n<p>A se\u00e7\u00e3o 6 (confirma\u00e7\u00e3o de inscri\u00e7\u00e3o) destaca que \u00e9 preciso checar se todos os crit\u00e9rios exigidos foram contidos e se as informa\u00e7\u00f5es prestadas est\u00e3o corretas, assim como ter certeza da lista de prefer\u00eancia aos cargos pleiteados.<\/p>\n<p>A se\u00e7\u00e3o 7 (etapa de qualifica\u00e7\u00e3o t\u00e9cnica) discorre sobre as especificidades da prova e das etapas que comp\u00f5em o concurso e trata ainda da organiza\u00e7\u00e3o das provas em cinco eixos tem\u00e1ticos, que apresentam pesos diferentes para cada um dos cargos que comp\u00f5em o bloco.<\/p>\n<p>\u201cAp\u00f3s escolhido um dos oito blocos tem\u00e1ticos [cada candidato poder\u00e1 se inscrever em apenas um bloco, sendo permitida mudan\u00e7a at\u00e9 a data final de inscri\u00e7\u00f5es, dia 9 de fevereiro], o candidato dever\u00e1 fazer classificar, por ordem de prefer\u00eancia, os cargos desejados [sendo poss\u00edvel se candidatar a todos os cargos, desde que dentro do mesmo bloco].\u201d<\/p>\n<p>A se\u00e7\u00e3o 8 (normas e procedimentos relativos \u00e0 realiza\u00e7\u00e3o das provas) trata das regras para o dia do exame. Pela manh\u00e3, ser\u00e3o aplicadas quest\u00f5es objetivas gerais e prova discursiva. \u00c0 tarde, ser\u00e3o aplicadas provas com quest\u00f5es objetivas espec\u00edficas.<\/p>\n<p>J\u00e1 na se\u00e7\u00e3o 9 (recursos e revis\u00e3o) est\u00e3o dados, prazos e procedimentos necess\u00e1rios para assegurar que os recursos sejam avaliados pela comiss\u00e3o organizadora e pela banca examinadora.<\/p>\n<p>A se\u00e7\u00e3o 10 (classifica\u00e7\u00e3o final, homologa\u00e7\u00e3o e nomea\u00e7\u00e3o) contar\u00e1 com uma live espec\u00edfica a ser conduzida pelo minist\u00e9rio, mas ainda sem data.<\/p>\n<p>Por fim, a se\u00e7\u00e3o 11 (disposi\u00e7\u00f5es finais), destaca a possibilidade de utilizar as listas de classifica\u00e7\u00e3o do concurso tamb\u00e9m para a ocupa\u00e7\u00e3o de vagas em cargos tempor\u00e1rios, sendo que, se o candidato aceitar um cargo tempor\u00e1rio, continuar\u00e1 na lista de espera dos outros cargos. O concurso ter\u00e1 validade de 12 meses, podendo ser prorrogado por mais 12 meses.<\/p>\n<p>\u201cPessoas aprovadas para cargos que, porventura, n\u00e3o sejam o da primeira op\u00e7\u00e3o selecionada no momento da inscri\u00e7\u00e3o, continuar\u00e3o em lista de espera para o principal posto desejado\u201d, refor\u00e7ou a pasta.<\/p>\n<div class=\"dnd-widget-wrapper context-sem_processamento type-image\">\n<div class=\"dnd-atom-rendered\">\n<h4><strong>Veja aqui o calend\u00e1rio completo do Concurso P\u00fablico Nacional Unificado:<\/strong><\/h4>\n<ul>\n<li>Inscri\u00e7\u00f5es: 19\/01 a 09\/02\/2024<\/li>\n<li>Divulga\u00e7\u00e3o dos dados finais de inscri\u00e7\u00f5es: 29\/02\/2024<\/li>\n<li>Divulga\u00e7\u00e3o dos Cart\u00f5es de Confirma\u00e7\u00e3o: 29\/04\/2024<\/li>\n<li>Aplica\u00e7\u00e3o das Provas: 05\/05\/2024<\/li>\n<li>Divulga\u00e7\u00e3o dos resultados das provas objetivas e preliminares das provas discursivas e reda\u00e7\u00e3o: 03\/06\/2024<\/li>\n<li>Divulga\u00e7\u00e3o Final dos Resultados: 30\/07\/2024<\/li>\n<li>In\u00edcio da Convoca\u00e7\u00e3o para posse e Cursos de Forma\u00e7\u00e3o: 05\/08\/2024<\/li>\n<\/ul>\n<\/div>\n<\/div>\n<section data-hb-type=\"ads\" name=\"adsMateria\" data-hb-position=\"after-content\" data-hb-provider=\"\">\n<hr\/>\n<\/section>\n<div id=\"share-modal\" class=\"share-modal\"> <button class=\"box-close btn-share\"> <img decoding=\"async\" src=\"https:\/\/istoedinheiro.com.br\/wp-content\/themes\/dinheiro-wp-theme\/assets\/img\/svg\/closeIcon.svg?x46096\" alt=\"Close icon\" class=\"close-btn lazy\"\/> <\/button><\/div>\n<\/p><\/div>\n<p><script>!function(f,b,e,v,n,t,s){if(f.fbq)return;n=f.fbq=function(){n.callMethod?n.callMethod.apply(n,arguments):n.queue.push(arguments)};if(!f._fbq)f._fbq=n;n.push=n;n.loaded=!0;n.version='2.0';n.queue=[];t=b.createElement(e);t.async=!0;t.src=v;s=b.getElementsByTagName(e)[0];s.parentNode.insertBefore(t,s)}(window,document,'script','<\/script><br \/>\n<br \/><br \/>\n<br \/><a href=\"https:\/\/istoedinheiro.com.br\/enem-dos-concursos-inscricoes-para-concorrer-a-6-640-vagas-comecam-nesta-sexta-feira\/\">Source link <\/a><\/p>\n<!-- CONTENT END 1 -->\n","protected":false},"excerpt":{"rendered":"<p>Da reda\u00e7\u00e3oi Da reda\u00e7\u00e3o 19\/01\/2024 &#8211; 8:14 Come\u00e7am nesta sexta-feira, 19, as inscri\u00e7\u00f5es para o Concurso P\u00fablico Nacional Unificado, que oferece 6.640 vagas para lota\u00e7\u00e3o&#8230;<\/p>\n","protected":false},"author":1,"featured_media":29741,"comment_status":"open","ping_status":"open","sticky":false,"template":"","format":"standard","meta":{"advanced_seo_description":"","jetpack_seo_html_title":"","jetpack_seo_noindex":false,"jetpack_post_was_ever_published":false,"_jetpack_newsletter_access":"","_jetpack_dont_email_post_to_subs":false,"_jetpack_newsletter_tier_id":0,"_jetpack_memberships_contains_paywalled_content":false,"_jetpack_memberships_contains_paid_content":false,"footnotes":"","jetpack_publicize_message":"","jetpack_publicize_feature_enabled":true,"jetpack_social_post_already_shared":true,"jetpack_social_options":{"image_generator_settings":{"template":"highway","default_image_id":0,"font":"","enabled":false},"version":2}},"categories":[7],"tags":[],"class_list":["post-29740","post","type-post","status-publish","format-standard","has-post-thumbnail","hentry","category-vagas-de-empregos-em-ribeirao-preto-regiao-brasil"],"jetpack_publicize_connections":[],"jetpack_featured_media_url":"https:\/\/i0.wp.com\/noticiasribeiraopreto.com.br\/wp-content\/uploads\/2024\/01\/concurso-publico-1.jpg?fit=883%2C510&ssl=1","jetpack-related-posts":[{"id":29660,"url":"https:\/\/noticiasribeiraopreto.com.br\/index.php\/2024\/01\/19\/inscricoes-para-enem-dos-concursos-comecam-nesta-sexta-feira\/","url_meta":{"origin":29740,"position":0},"title":"Inscri\u00e7\u00f5es para \u2018Enem dos concursos\u2019 come\u00e7am nesta sexta-feira","author":"noticiasribeiraopreto.com.br","date":"19 de January de 2024","format":false,"excerpt":"As inscri\u00e7\u00f5es para o CPNU (Concurso P\u00fablico Nacional Unificado), chamado de \u201cEnem dos concursos\u201d, come\u00e7am nesta sexta-feira (19) e seguem at\u00e9 o dia 9 de fevereiro. A prova acontece no dia 5 de maio e Ribeir\u00e3o Preto \u00e9 uma das 220 cidades que ir\u00e1 receber os candidatos que v\u00e3o disputar\u2026","rel":"","context":"In &quot;Not\u00edcias de Ribeir\u00e3o Preto-SP e Regi\u00e3o&quot;","block_context":{"text":"Not\u00edcias de Ribeir\u00e3o Preto-SP e Regi\u00e3o","link":"https:\/\/noticiasribeiraopreto.com.br\/index.php\/category\/noticias-de-ribeirao-preto-sp-e-regiao-ismael-colosi\/"},"img":{"alt_text":"","src":"https:\/\/i0.wp.com\/noticiasribeiraopreto.com.br\/wp-content\/uploads\/2024\/01\/1705633260_concurso-publico-12.jpg?fit=1200%2C800&ssl=1&resize=350%2C200","width":350,"height":200,"srcset":"https:\/\/i0.wp.com\/noticiasribeiraopreto.com.br\/wp-content\/uploads\/2024\/01\/1705633260_concurso-publico-12.jpg?fit=1200%2C800&ssl=1&resize=350%2C200 1x, https:\/\/i0.wp.com\/noticiasribeiraopreto.com.br\/wp-content\/uploads\/2024\/01\/1705633260_concurso-publico-12.jpg?fit=1200%2C800&ssl=1&resize=525%2C300 1.5x, https:\/\/i0.wp.com\/noticiasribeiraopreto.com.br\/wp-content\/uploads\/2024\/01\/1705633260_concurso-publico-12.jpg?fit=1200%2C800&ssl=1&resize=700%2C400 2x, https:\/\/i0.wp.com\/noticiasribeiraopreto.com.br\/wp-content\/uploads\/2024\/01\/1705633260_concurso-publico-12.jpg?fit=1200%2C800&ssl=1&resize=1050%2C600 3x"},"classes":[]},{"id":29744,"url":"https:\/\/noticiasribeiraopreto.com.br\/index.php\/2024\/01\/19\/enem-dos-concursos-abre-inscricoes-hoje\/","url_meta":{"origin":29740,"position":1},"title":"Enem dos concursos abre inscri\u00e7\u00f5es hoje \u00a0","author":"noticiasribeiraopreto.com.br","date":"19 de January de 2024","format":false,"excerpt":"19 de janeiro de 2024 | 8:3019 de janeiro de 2024 | 8:24 0Come\u00e7am nesta sexta-feira, 19 de janeiro, as inscri\u00e7\u00f5es para o Concurso P\u00fablico Nacional Unificado. O certame vai selecionar, de uma s\u00f3 vez, 6.640 servidores para 21 \u00f3rg\u00e3os p\u00fablicos federais. No ato da inscri\u00e7\u00e3o, feita exclusivamente pelo aplicativo\u2026","rel":"","context":"In &quot;Not\u00edcias de Ribeir\u00e3o Preto-SP e Regi\u00e3o&quot;","block_context":{"text":"Not\u00edcias de Ribeir\u00e3o Preto-SP e Regi\u00e3o","link":"https:\/\/noticiasribeiraopreto.com.br\/index.php\/category\/noticias-de-ribeirao-preto-sp-e-regiao-ismael-colosi\/"},"img":{"alt_text":"","src":"https:\/\/i0.wp.com\/noticiasribeiraopreto.com.br\/wp-content\/uploads\/2024\/01\/Concurso-Rafa-Neddermeyer-Ag.Br_-scaled.jpg?fit=1000%2C603&ssl=1&resize=350%2C200","width":350,"height":200,"srcset":"https:\/\/i0.wp.com\/noticiasribeiraopreto.com.br\/wp-content\/uploads\/2024\/01\/Concurso-Rafa-Neddermeyer-Ag.Br_-scaled.jpg?fit=1000%2C603&ssl=1&resize=350%2C200 1x, https:\/\/i0.wp.com\/noticiasribeiraopreto.com.br\/wp-content\/uploads\/2024\/01\/Concurso-Rafa-Neddermeyer-Ag.Br_-scaled.jpg?fit=1000%2C603&ssl=1&resize=525%2C300 1.5x, https:\/\/i0.wp.com\/noticiasribeiraopreto.com.br\/wp-content\/uploads\/2024\/01\/Concurso-Rafa-Neddermeyer-Ag.Br_-scaled.jpg?fit=1000%2C603&ssl=1&resize=700%2C400 2x"},"classes":[]},{"id":35571,"url":"https:\/\/noticiasribeiraopreto.com.br\/index.php\/2024\/02\/06\/ultimos-dias-para-inscricoes-no-enem-dos-concursos-veja-como-participar\/","url_meta":{"origin":29740,"position":2},"title":"\u00daltimos dias para inscri\u00e7\u00f5es no \u2018Enem dos Concursos\u2019; Veja como participar","author":"noticiasribeiraopreto.com.br","date":"6 de February de 2024","format":false,"excerpt":"As inscri\u00e7\u00f5es para o Concurso P\u00fablico Unificado, o \u201cEnem dos Concursos\u201d, termina nesta sexta-feira (9). Os interessados em se inscrever devem acessar o site da Funda\u00e7\u00e3o Cesgranrio e estar inscrito na plataforma GOV.BR. Os candidatos no ato da inscri\u00e7\u00e3o devem escolher um entre os oito blocos tem\u00e1ticos do concurso. Em\u2026","rel":"","context":"In &quot;Not\u00edcias de Ribeir\u00e3o Preto-SP e Regi\u00e3o&quot;","block_context":{"text":"Not\u00edcias de Ribeir\u00e3o Preto-SP e Regi\u00e3o","link":"https:\/\/noticiasribeiraopreto.com.br\/index.php\/category\/noticias-de-ribeirao-preto-sp-e-regiao-ismael-colosi\/"},"img":{"alt_text":"","src":"https:\/\/i0.wp.com\/noticiasribeiraopreto.com.br\/wp-content\/uploads\/2024\/02\/enem.jpeg?fit=768%2C420&ssl=1&resize=350%2C200","width":350,"height":200,"srcset":"https:\/\/i0.wp.com\/noticiasribeiraopreto.com.br\/wp-content\/uploads\/2024\/02\/enem.jpeg?fit=768%2C420&ssl=1&resize=350%2C200 1x, https:\/\/i0.wp.com\/noticiasribeiraopreto.com.br\/wp-content\/uploads\/2024\/02\/enem.jpeg?fit=768%2C420&ssl=1&resize=525%2C300 1.5x, https:\/\/i0.wp.com\/noticiasribeiraopreto.com.br\/wp-content\/uploads\/2024\/02\/enem.jpeg?fit=768%2C420&ssl=1&resize=700%2C400 2x"},"classes":[]},{"id":64602,"url":"https:\/\/noticiasribeiraopreto.com.br\/index.php\/2025\/03\/10\/inscricoes-para-concurso-publico-com-vaga-em-ribeirao-preto-comecam-nesta-semana\/","url_meta":{"origin":29740,"position":3},"title":"Inscri\u00e7\u00f5es para concurso p\u00fablico com vaga em Ribeir\u00e3o Preto come\u00e7am nesta semana","author":"noticiasribeiraopreto.com.br","date":"10 de March de 2025","format":false,"excerpt":"As inscri\u00e7\u00f5es para o concurso p\u00fablico da Ares-PCJ (ag\u00eancia reguladora respons\u00e1vel por regular o abastecimento de \u00e1gua em Ribeir\u00e3o Preto) come\u00e7am nesta ter\u00e7a-feira (11). S\u00e3o 10 vagas dispon\u00edveis e os sal\u00e1rios variam entre R$ 1.802,13 e R$ 13.056,00. As oportunidades s\u00e3o para tr\u00eas cidades do interior de S\u00e3o Paulo: Ribeir\u00e3o\u2026","rel":"","context":"In &quot;Not\u00edcias de Ribeir\u00e3o Preto-SP e Regi\u00e3o&quot;","block_context":{"text":"Not\u00edcias de Ribeir\u00e3o Preto-SP e Regi\u00e3o","link":"https:\/\/noticiasribeiraopreto.com.br\/index.php\/category\/noticias-de-ribeirao-preto-sp-e-regiao-ismael-colosi\/"},"img":{"alt_text":"","src":"https:\/\/i0.wp.com\/noticiasribeiraopreto.com.br\/wp-content\/uploads\/2025\/01\/concurso_2025-01-07_18-14-44_jpg_2025-01-07_18-14-45.webp.webp?fit=1200%2C800&ssl=1&resize=350%2C200","width":350,"height":200,"srcset":"https:\/\/i0.wp.com\/noticiasribeiraopreto.com.br\/wp-content\/uploads\/2025\/01\/concurso_2025-01-07_18-14-44_jpg_2025-01-07_18-14-45.webp.webp?fit=1200%2C800&ssl=1&resize=350%2C200 1x, https:\/\/i0.wp.com\/noticiasribeiraopreto.com.br\/wp-content\/uploads\/2025\/01\/concurso_2025-01-07_18-14-44_jpg_2025-01-07_18-14-45.webp.webp?fit=1200%2C800&ssl=1&resize=525%2C300 1.5x, https:\/\/i0.wp.com\/noticiasribeiraopreto.com.br\/wp-content\/uploads\/2025\/01\/concurso_2025-01-07_18-14-44_jpg_2025-01-07_18-14-45.webp.webp?fit=1200%2C800&ssl=1&resize=700%2C400 2x, https:\/\/i0.wp.com\/noticiasribeiraopreto.com.br\/wp-content\/uploads\/2025\/01\/concurso_2025-01-07_18-14-44_jpg_2025-01-07_18-14-45.webp.webp?fit=1200%2C800&ssl=1&resize=1050%2C600 3x"},"classes":[]},{"id":26793,"url":"https:\/\/noticiasribeiraopreto.com.br\/index.php\/2024\/01\/10\/salario-de-ate-r-23-mil-mais-de-6-mil-vagas-e-provas-em-220-cidades-governo-divulga-mais-detalhes-sobre-o-enem-dos-concursos\/","url_meta":{"origin":29740,"position":4},"title":"Sal\u00e1rio de at\u00e9 R$ 23 mil, mais de 6 mil vagas e provas em 220 cidades: governo divulga mais detalhes sobre o &#8216;Enem dos concursos&#8217;","author":"noticiasribeiraopreto.com.br","date":"10 de January de 2024","format":false,"excerpt":"A ministra da Gest\u00e3o e Inova\u00e7\u00e3o, Esther Dweck, disse em entrevista coletiva nesta quarta-feira (10) que a descentraliza\u00e7\u00e3o do Concurso P\u00fablico Nacional Unificado tem como objetivo trazer mais diversidade ao servi\u00e7o p\u00fablico, ao atingir candidatos sem condi\u00e7\u00e3o de viajar para Bras\u00edlia para fazerem as provas. \u201cQueremos o servi\u00e7o p\u00fablico com\u2026","rel":"","context":"In &quot;Dinheiro e Investimento&quot;","block_context":{"text":"Dinheiro e Investimento","link":"https:\/\/noticiasribeiraopreto.com.br\/index.php\/category\/dinheiro-e-investimento-como-fazer-como-ganhar\/"},"img":{"alt_text":"","src":"https:\/\/i0.wp.com\/noticiasribeiraopreto.com.br\/wp-content\/uploads\/2024\/01\/1704927446_concursos_abertos-715x402.jpg?fit=715%2C402&ssl=1&resize=350%2C200","width":350,"height":200,"srcset":"https:\/\/i0.wp.com\/noticiasribeiraopreto.com.br\/wp-content\/uploads\/2024\/01\/1704927446_concursos_abertos-715x402.jpg?fit=715%2C402&ssl=1&resize=350%2C200 1x, https:\/\/i0.wp.com\/noticiasribeiraopreto.com.br\/wp-content\/uploads\/2024\/01\/1704927446_concursos_abertos-715x402.jpg?fit=715%2C402&ssl=1&resize=525%2C300 1.5x, https:\/\/i0.wp.com\/noticiasribeiraopreto.com.br\/wp-content\/uploads\/2024\/01\/1704927446_concursos_abertos-715x402.jpg?fit=715%2C402&ssl=1&resize=700%2C400 2x"},"classes":[]},{"id":26816,"url":"https:\/\/noticiasribeiraopreto.com.br\/index.php\/2024\/01\/10\/veja-o-edital-do-concurso-publico-nacional-unificado-sao-66-mil-vagas\/","url_meta":{"origin":29740,"position":5},"title":"Veja o edital do Concurso P\u00fablico Nacional Unificado; S\u00e3o 6,6 mil vagas","author":"noticiasribeiraopreto.com.br","date":"10 de January de 2024","format":false,"excerpt":"O Governo Federal divulgou nesta quarta-feira (10) o edital do Concurso P\u00fablico Nacional Unificado, o Enem dos Concursos \u2013 Veja aqui. As provas ser\u00e3o realizadas no dia 5 de maio em 217 cidades brasileiras, incluindo Ribeir\u00e3o Preto \u2013 veja todas cidades aqui. As inscri\u00e7\u00f5es v\u00e3o come\u00e7ar dia 19 de janeiro\u2026","rel":"","context":"In &quot;Not\u00edcias de Ribeir\u00e3o Preto-SP e Regi\u00e3o&quot;","block_context":{"text":"Not\u00edcias de Ribeir\u00e3o Preto-SP e Regi\u00e3o","link":"https:\/\/noticiasribeiraopreto.com.br\/index.php\/category\/noticias-de-ribeirao-preto-sp-e-regiao-ismael-colosi\/"},"img":{"alt_text":"","src":"https:\/\/i0.wp.com\/noticiasribeiraopreto.com.br\/wp-content\/uploads\/2024\/01\/concurso-publico-nacional-unificado-cesgranrio.jpg?fit=1200%2C798&ssl=1&resize=350%2C200","width":350,"height":200,"srcset":"https:\/\/i0.wp.com\/noticiasribeiraopreto.com.br\/wp-content\/uploads\/2024\/01\/concurso-publico-nacional-unificado-cesgranrio.jpg?fit=1200%2C798&ssl=1&resize=350%2C200 1x, https:\/\/i0.wp.com\/noticiasribeiraopreto.com.br\/wp-content\/uploads\/2024\/01\/concurso-publico-nacional-unificado-cesgranrio.jpg?fit=1200%2C798&ssl=1&resize=525%2C300 1.5x, https:\/\/i0.wp.com\/noticiasribeiraopreto.com.br\/wp-content\/uploads\/2024\/01\/concurso-publico-nacional-unificado-cesgranrio.jpg?fit=1200%2C798&ssl=1&resize=700%2C400 2x, https:\/\/i0.wp.com\/noticiasribeiraopreto.com.br\/wp-content\/uploads\/2024\/01\/concurso-publico-nacional-unificado-cesgranrio.jpg?fit=1200%2C798&ssl=1&resize=1050%2C600 3x"},"classes":[]}],"jetpack_sharing_enabled":true,"jetpack_shortlink":"https:\/\/wp.me\/peQAOb-7JG","_links":{"self":[{"href":"https:\/\/noticiasribeiraopreto.com.br\/index.php\/wp-json\/wp\/v2\/posts\/29740","targetHints":{"allow":["GET"]}}],"collection":[{"href":"https:\/\/noticiasribeiraopreto.com.br\/index.php\/wp-json\/wp\/v2\/posts"}],"about":[{"href":"https:\/\/noticiasribeiraopreto.com.br\/index.php\/wp-json\/wp\/v2\/types\/post"}],"author":[{"embeddable":true,"href":"https:\/\/noticiasribeiraopreto.com.br\/index.php\/wp-json\/wp\/v2\/users\/1"}],"replies":[{"embeddable":true,"href":"https:\/\/noticiasribeiraopreto.com.br\/index.php\/wp-json\/wp\/v2\/comments?post=29740"}],"version-history":[{"count":0,"href":"https:\/\/noticiasribeiraopreto.com.br\/index.php\/wp-json\/wp\/v2\/posts\/29740\/revisions"}],"wp:featuredmedia":[{"embeddable":true,"href":"https:\/\/noticiasribeiraopreto.com.br\/index.php\/wp-json\/wp\/v2\/media\/29741"}],"wp:attachment":[{"href":"https:\/\/noticiasribeiraopreto.com.br\/index.php\/wp-json\/wp\/v2\/media?parent=29740"}],"wp:term":[{"taxonomy":"category","embeddable":true,"href":"https:\/\/noticiasribeiraopreto.com.br\/index.php\/wp-json\/wp\/v2\/categories?post=29740"},{"taxonomy":"post_tag","embeddable":true,"href":"https:\/\/noticiasribeiraopreto.com.br\/index.php\/wp-json\/wp\/v2\/tags?post=29740"}],"curies":[{"name":"wp","href":"https:\/\/api.w.org\/{rel}","templated":true}]}}