{"id":29744,"date":"2024-01-19T08:37:27","date_gmt":"2024-01-19T11:37:27","guid":{"rendered":"https:\/\/noticiasribeiraopreto.com.br\/index.php\/2024\/01\/19\/enem-dos-concursos-abre-inscricoes-hoje\/"},"modified":"2024-01-19T08:37:27","modified_gmt":"2024-01-19T11:37:27","slug":"enem-dos-concursos-abre-inscricoes-hoje","status":"publish","type":"post","link":"https:\/\/noticiasribeiraopreto.com.br\/index.php\/2024\/01\/19\/enem-dos-concursos-abre-inscricoes-hoje\/","title":{"rendered":"Enem dos concursos abre inscri\u00e7\u00f5es hoje \u00a0"},"content":{"rendered":"<div class='code-block code-block-1' style='margin: 8px 0 8px auto; text-align: right; display: block; clear: both;'>\n<p><a href=\"https:\/\/wa.link\/vpicfd\"><img data-recalc-dims=\"1\" class=\"wp-image-4922\" style=\"aspect-ratio: 2.0253164556962027; width: 561px; height: auto;\" src=\"https:\/\/i0.wp.com\/ismaelcolosi.com.br\/wp-content\/uploads\/2023\/11\/grupo-de-empregos-whatsapp-e-facebook-ismael-colosi-vagas.jpg?ssl=1\" alt=\"\" \/><\/a><\/p>\n<!-- \/wp:image -->\n<\/div>\n<p> <br \/>\n<\/p>\n<div id=\"\">\n<p> <span class=\"entry-meta-item penci-posted-on\"><i class=\"fa fa-clock-o\"\/><time class=\"entry-date published\" datetime=\"2024-01-19T08:30:43-03:00\">19 de janeiro de 2024 | 8:30<\/time><time class=\"updated\" datetime=\"2024-01-19T08:24:35-03:00\">19 de janeiro de 2024 | 8:24<\/time><\/span><\/p>\n<p> <span class=\"penci-social-buttons penci-social-share-footer\"><a href=\"#\" class=\"penci-post-like penci_post-meta_item  single-like-button penci-social-item like\" data-post_id=\"370852\" title=\"Like\" data-like=\"Like\" data-unlike=\"Unlike\"><i class=\"fa fa-thumbs-o-up\"\/><span class=\"penci-share-number\">0<\/span><\/a><i class=\"fa fa-facebook\"\/><a class=\"penci-social-item twitter\" target=\"_blank\" rel=\"noopener\" title=\"\" href=\"https:\/\/twitter.com\/intent\/tweet?text=Enem%20dos%20concursos%20abre%20inscri\u00e7\u00f5es%20hoje%20\u00a0%20-%20https:\/\/www.tribunaribeirao.com.br\/site\/enem-dos-concursos-abre-inscricoes-hoje\/\"><i class=\"fa fa-twitter\"\/><\/a><i class=\"fa fa-whatsapp\"\/><\/span><\/div>\n<div>\n<p><span data-contrast=\"auto\">Come\u00e7am nesta sexta-feira, 19 de janeiro, as inscri\u00e7\u00f5es para o Concurso P\u00fablico Nacional Unificado. O certame vai selecionar, de uma s\u00f3 vez, 6.640 servidores para 21 \u00f3rg\u00e3os p\u00fablicos federais. No ato da inscri\u00e7\u00e3o, feita exclusivamente pelo aplicativo Gov.br, ser\u00e1 gerada uma Guia de Recolhimento da Uni\u00e3o (GRU), \u00fanico mecanismo de pagamento que valer\u00e1 para o concurso. <\/span><\/p>\n<p><span data-contrast=\"auto\">O prazo segue at\u00e9 9 de fevereiro.\u00a0 As provas do \u201cEnem dos concursos\u201d ser\u00e3o aplicadas no dia 5 de maio \u2013 em dois turnos, manh\u00e3 e tarde \u2013 em 220 cidades, distribu\u00eddas em todos os estados e no Distrito Federal. A taxa de inscri\u00e7\u00e3o ser\u00e1 R$ 60 para vagas de n\u00edvel m\u00e9dio e R$ 90 para vagas de n\u00edvel superior. <\/span><\/p>\n<p><span data-contrast=\"auto\">Est\u00e3o isentos candidatos que integram o Cadastro \u00danico para Programas Sociais (Cad\u00danico) e que cursam ou cursaram faculdade com apoio do Fundo de Financiamento ao Estudante do Ensino Superior (Fies) ou do Programa Universidade para Todos (ProUni), assim como doadores de medula \u00f3ssea.<\/span><\/p>\n<p><span data-contrast=\"auto\">O Minist\u00e9rio da Gest\u00e3o e da Inova\u00e7\u00e3o em Servi\u00e7os P\u00fablicos, respons\u00e1vel pela condu\u00e7\u00e3o do concurso, recomenda leitura cuidadosa dos editais, \u201cpotencializando as trajet\u00f3rias profissionais e acad\u00eamicas dos candidatos\u201c. Em nota, a pasta destacou que a proposta \u00e9 democratizar o acesso aos quadros federais. <\/span><\/p>\n<p><span data-contrast=\"auto\">O objetivo \u00e9 permitir que candidatos alinhem suas voca\u00e7\u00f5es \u00e0s oportunidades oferecidas. Um dos destaques do certame \u00e9 a possibilidade de utilizar as listas de classifica\u00e7\u00e3o tamb\u00e9m para a ocupa\u00e7\u00e3o de vagas em cargos tempor\u00e1rios, sendo que, se o candidato aceitar um cargo tempor\u00e1rio, continuar\u00e1 na lista de espera dos outros cargos. <\/span><\/p>\n<p><span data-contrast=\"auto\">O concurso ter\u00e1 validade de doze meses, podendo ser prorrogado por mais doze meses. \u201cPessoas aprovadas para cargos que, porventura, n\u00e3o sejam o da primeira op\u00e7\u00e3o selecionada no momento da inscri\u00e7\u00e3o, continuar\u00e3o em lista de espera para o principal posto desejado\u201d, refor\u00e7a o minist\u00e9rio.<\/span><\/p>\n<p><span data-contrast=\"auto\">A divulga\u00e7\u00e3o dos resultados das objetivas e preliminares das discursivas e reda\u00e7\u00f5es ser\u00e1 em 3 de junho.\u00a0 Os resultados finais ser\u00e3o anunciados em 30 de julho. Em 5 de agosto ter\u00e1 in\u00edcio a etapa de convoca\u00e7\u00e3o para posse e realiza\u00e7\u00e3o de cursos de forma\u00e7\u00e3o. \u00c9 na inscri\u00e7\u00e3o que o candidato escolhe a carreira, que est\u00e3o agrupadas em oito blocos tem\u00e1ticos.<\/span><\/p>\n<p><span data-contrast=\"auto\">S\u00e3o eles Administra\u00e7\u00e3o e Finan\u00e7as P\u00fablicas; Setores Econ\u00f4micos, Infraestrutura e Regula\u00e7\u00e3o; Agricultura, Meio Ambiente e Desenvolvimento Agr\u00e1rio; Educa\u00e7\u00e3o, Ci\u00eancia, Tecnologia e Inova\u00e7\u00e3o: Pol\u00edticas Sociais, Justi\u00e7a e Sa\u00fade; Trabalho e Previd\u00eancia: Dados, Tecnologia e Informa\u00e7\u00e3o; e N\u00edvel Intermedi\u00e1rio.<\/span><\/p>\n<p><span data-contrast=\"auto\">O concurso unificado permitir\u00e1 a disputa por mais de um cargo, desde que dentro do mesmo bloco tem\u00e1tico. O candidato pode classificar as vagas de interesse de acordo com a prefer\u00eancia e definir a prioridade para a chamada. A sele\u00e7\u00e3o ainda tem cotas espec\u00edficas: 5% para candidatos com defici\u00eancia e 20% para candidatos negros. <\/span><\/p>\n<p><span data-ccp-props=\"{&quot;201341983&quot;:0,&quot;335559739&quot;:200,&quot;335559740&quot;:276}\">\u00a0<\/span><\/p>\n<p><span data-ccp-props=\"{&quot;201341983&quot;:0,&quot;335559739&quot;:200,&quot;335559740&quot;:276}\">\u00a0<\/span><\/p>\n<\/div>\n<p><script async src=\"\/\/platform.twitter.com\/widgets.js\" charset=\"utf-8\"><\/script><br \/>\n<br \/><br \/>\n<br \/><a href=\"https:\/\/www.tribunaribeirao.com.br\/site\/enem-dos-concursos-abre-inscricoes-hoje\/\">Source link <\/a><\/p>\n<!-- CONTENT END 1 -->\n","protected":false},"excerpt":{"rendered":"<p>19 de janeiro de 2024 | 8:3019 de janeiro de 2024 | 8:24 0 Come\u00e7am nesta sexta-feira, 19 de janeiro, as inscri\u00e7\u00f5es para o Concurso&#8230;<\/p>\n","protected":false},"author":1,"featured_media":29745,"comment_status":"open","ping_status":"open","sticky":false,"template":"","format":"standard","meta":{"advanced_seo_description":"","jetpack_seo_html_title":"","jetpack_seo_noindex":false,"jetpack_post_was_ever_published":false,"_jetpack_newsletter_access":"","_jetpack_dont_email_post_to_subs":false,"_jetpack_newsletter_tier_id":0,"_jetpack_memberships_contains_paywalled_content":false,"_jetpack_memberships_contains_paid_content":false,"footnotes":"","jetpack_publicize_message":"","jetpack_publicize_feature_enabled":true,"jetpack_social_post_already_shared":true,"jetpack_social_options":{"image_generator_settings":{"template":"highway","default_image_id":0,"font":"","enabled":false},"version":2}},"categories":[11],"tags":[210,573,470,1264,1752,566],"class_list":["post-29744","post","type-post","status-publish","format-standard","has-post-thumbnail","hentry","category-noticias-de-ribeirao-preto-sp-e-regiao-ismael-colosi","tag-abre","tag-concursos","tag-dos","tag-enem","tag-hoje","tag-inscricoes"],"jetpack_publicize_connections":[],"jetpack_featured_media_url":"https:\/\/i0.wp.com\/noticiasribeiraopreto.com.br\/wp-content\/uploads\/2024\/01\/Concurso-Rafa-Neddermeyer-Ag.Br_-scaled.jpg?fit=1000%2C603&ssl=1","jetpack-related-posts":[{"id":29917,"url":"https:\/\/noticiasribeiraopreto.com.br\/index.php\/2024\/01\/19\/com-salarios-a-partir-de-r-22-mil-enem-dos-concursos-abre-inscricoes-hoje-veja-como-participar\/","url_meta":{"origin":29744,"position":0},"title":"Com sal\u00e1rios a partir de R$ 22 mil, \u201cEnem dos Concursos\u201d abre inscri\u00e7\u00f5es hoje; veja como participar","author":"noticiasribeiraopreto.com.br","date":"19 de January de 2024","format":false,"excerpt":"Come\u00e7am hoje, \u00e0s 10 horas, as inscri\u00e7\u00f5es para o Concurso P\u00fablico Nacional Unificado. Segundo o site oficial do \u201cEnem dos concursos p\u00fablicos\u201d, as inscri\u00e7\u00f5es ficar\u00e3o abertas at\u00e9 9 de fevereiro. A taxa para participa\u00e7\u00e3o do exame \u00e9 de R$ 60 para vagas de n\u00edvel m\u00e9dio e de R$ 90 para\u2026","rel":"","context":"In &quot;Dinheiro e Investimento&quot;","block_context":{"text":"Dinheiro e Investimento","link":"https:\/\/noticiasribeiraopreto.com.br\/index.php\/category\/dinheiro-e-investimento-como-fazer-como-ganhar\/"},"img":{"alt_text":"","src":"https:\/\/i0.wp.com\/noticiasribeiraopreto.com.br\/wp-content\/uploads\/2024\/01\/1705694571_concurso-publico-vagas-agosto-profissao-CAPA-SD-715x402.jpg?fit=715%2C402&ssl=1&resize=350%2C200","width":350,"height":200,"srcset":"https:\/\/i0.wp.com\/noticiasribeiraopreto.com.br\/wp-content\/uploads\/2024\/01\/1705694571_concurso-publico-vagas-agosto-profissao-CAPA-SD-715x402.jpg?fit=715%2C402&ssl=1&resize=350%2C200 1x, https:\/\/i0.wp.com\/noticiasribeiraopreto.com.br\/wp-content\/uploads\/2024\/01\/1705694571_concurso-publico-vagas-agosto-profissao-CAPA-SD-715x402.jpg?fit=715%2C402&ssl=1&resize=525%2C300 1.5x, https:\/\/i0.wp.com\/noticiasribeiraopreto.com.br\/wp-content\/uploads\/2024\/01\/1705694571_concurso-publico-vagas-agosto-profissao-CAPA-SD-715x402.jpg?fit=715%2C402&ssl=1&resize=700%2C400 2x"},"classes":[]},{"id":15875,"url":"https:\/\/noticiasribeiraopreto.com.br\/index.php\/2023\/12\/14\/veja-quando-comecam-as-inscricoes-do-enem-dos-concursos-ribeirao-vai-receber-provas\/","url_meta":{"origin":29744,"position":1},"title":"Veja quando come\u00e7am as inscri\u00e7\u00f5es do \u2018Enem dos concursos\u2019; Ribeir\u00e3o vai receber provas","author":"noticiasribeiraopreto.com.br","date":"14 de December de 2023","format":false,"excerpt":"O Minist\u00e9rio da Gest\u00e3o e da Inova\u00e7\u00e3o em Servi\u00e7os P\u00fablicos informou nesta quinta-feira (14) que as inscri\u00e7\u00f5es do Concurso P\u00fablico Nacional Unificado, o \u201cEnem dos concursos\u201d, v\u00e3o come\u00e7ar no dia 19 de janeiro. As provas ser\u00e3o realizadas em 217 cidades, incluindo Ribeir\u00e3o Preto. O edital com todas as regras do\u2026","rel":"","context":"In &quot;Not\u00edcias de Ribeir\u00e3o Preto-SP e Regi\u00e3o&quot;","block_context":{"text":"Not\u00edcias de Ribeir\u00e3o Preto-SP e Regi\u00e3o","link":"https:\/\/noticiasribeiraopreto.com.br\/index.php\/category\/noticias-de-ribeirao-preto-sp-e-regiao-ismael-colosi\/"},"img":{"alt_text":"","src":"https:\/\/i0.wp.com\/noticiasribeiraopreto.com.br\/wp-content\/uploads\/2023\/12\/concurso-publico-14.jpg?fit=1200%2C801&ssl=1&resize=350%2C200","width":350,"height":200,"srcset":"https:\/\/i0.wp.com\/noticiasribeiraopreto.com.br\/wp-content\/uploads\/2023\/12\/concurso-publico-14.jpg?fit=1200%2C801&ssl=1&resize=350%2C200 1x, https:\/\/i0.wp.com\/noticiasribeiraopreto.com.br\/wp-content\/uploads\/2023\/12\/concurso-publico-14.jpg?fit=1200%2C801&ssl=1&resize=525%2C300 1.5x, https:\/\/i0.wp.com\/noticiasribeiraopreto.com.br\/wp-content\/uploads\/2023\/12\/concurso-publico-14.jpg?fit=1200%2C801&ssl=1&resize=700%2C400 2x, https:\/\/i0.wp.com\/noticiasribeiraopreto.com.br\/wp-content\/uploads\/2023\/12\/concurso-publico-14.jpg?fit=1200%2C801&ssl=1&resize=1050%2C600 3x"},"classes":[]},{"id":27001,"url":"https:\/\/noticiasribeiraopreto.com.br\/index.php\/2024\/01\/11\/enem-dos-concursos-publicos-deve-acontecer-a-cada-dois-anos-e-abre-vagas-para-21-orgaos-do-governo-veja-como-se-inscrever\/","url_meta":{"origin":29744,"position":2},"title":"\u2018Enem dos concursos p\u00fablicos\u2019 deve acontecer a cada dois anos e abre vagas para 21 \u00f3rg\u00e3os do governo \u2014 veja como se inscrever","author":"noticiasribeiraopreto.com.br","date":"11 de January de 2024","format":false,"excerpt":"As inscri\u00e7\u00f5es para o chamado \u2018Enem dos concursos p\u00fablicos\u2019 est\u00e3o cada vez mais pr\u00f3ximas. O prazo para os cadastros para o Concurso P\u00fablico Nacional Unificado est\u00e1 marcado para iniciar no dia 19 de janeiro e se estender\u00e1 at\u00e9 9 de fevereiro. A prova acontecer\u00e1 em 5 de maio e ser\u00e1\u2026","rel":"","context":"In &quot;Dinheiro e Investimento&quot;","block_context":{"text":"Dinheiro e Investimento","link":"https:\/\/noticiasribeiraopreto.com.br\/index.php\/category\/dinheiro-e-investimento-como-fazer-como-ganhar\/"},"img":{"alt_text":"","src":"https:\/\/i0.wp.com\/noticiasribeiraopreto.com.br\/wp-content\/uploads\/2024\/01\/1704979588_concurso-publico-vagas-agosto-profissao-CAPA-SD-715x402.jpg?fit=715%2C402&ssl=1&resize=350%2C200","width":350,"height":200,"srcset":"https:\/\/i0.wp.com\/noticiasribeiraopreto.com.br\/wp-content\/uploads\/2024\/01\/1704979588_concurso-publico-vagas-agosto-profissao-CAPA-SD-715x402.jpg?fit=715%2C402&ssl=1&resize=350%2C200 1x, https:\/\/i0.wp.com\/noticiasribeiraopreto.com.br\/wp-content\/uploads\/2024\/01\/1704979588_concurso-publico-vagas-agosto-profissao-CAPA-SD-715x402.jpg?fit=715%2C402&ssl=1&resize=525%2C300 1.5x, https:\/\/i0.wp.com\/noticiasribeiraopreto.com.br\/wp-content\/uploads\/2024\/01\/1704979588_concurso-publico-vagas-agosto-profissao-CAPA-SD-715x402.jpg?fit=715%2C402&ssl=1&resize=700%2C400 2x"},"classes":[]},{"id":62549,"url":"https:\/\/noticiasribeiraopreto.com.br\/index.php\/2025\/01\/17\/inscricoes-para-o-sisu-2025-comecam-hoje-veja-as-vagas-na-regiao-de-ribeirao\/","url_meta":{"origin":29744,"position":3},"title":"Inscri\u00e7\u00f5es para o Sisu 2025 come\u00e7am hoje; veja as vagas na regi\u00e3o de Ribeir\u00e3o","author":"noticiasribeiraopreto.com.br","date":"17 de January de 2025","format":false,"excerpt":"O Minist\u00e9rio da Educa\u00e7\u00e3o (MEC) abriu, nesta sexta-feira (17), as inscri\u00e7\u00f5es para o Sisu 2025. Os estudantes devem se cadastrar na p\u00e1gina oficial do programa, que utiliza as notas do Enem 2024. O IFSP de Barretos e Sert\u00e3ozinho, por meio do sistema unificado, oferece 400 vagas em 10 cursos. As\u2026","rel":"","context":"In &quot;Not\u00edcias de Ribeir\u00e3o Preto-SP e Regi\u00e3o&quot;","block_context":{"text":"Not\u00edcias de Ribeir\u00e3o Preto-SP e Regi\u00e3o","link":"https:\/\/noticiasribeiraopreto.com.br\/index.php\/category\/noticias-de-ribeirao-preto-sp-e-regiao-ismael-colosi\/"},"img":{"alt_text":"","src":"https:\/\/i0.wp.com\/noticiasribeiraopreto.com.br\/wp-content\/uploads\/2025\/01\/sisu-1.jpg?fit=1151%2C644&ssl=1&resize=350%2C200","width":350,"height":200,"srcset":"https:\/\/i0.wp.com\/noticiasribeiraopreto.com.br\/wp-content\/uploads\/2025\/01\/sisu-1.jpg?fit=1151%2C644&ssl=1&resize=350%2C200 1x, https:\/\/i0.wp.com\/noticiasribeiraopreto.com.br\/wp-content\/uploads\/2025\/01\/sisu-1.jpg?fit=1151%2C644&ssl=1&resize=525%2C300 1.5x, https:\/\/i0.wp.com\/noticiasribeiraopreto.com.br\/wp-content\/uploads\/2025\/01\/sisu-1.jpg?fit=1151%2C644&ssl=1&resize=700%2C400 2x, https:\/\/i0.wp.com\/noticiasribeiraopreto.com.br\/wp-content\/uploads\/2025\/01\/sisu-1.jpg?fit=1151%2C644&ssl=1&resize=1050%2C600 3x"},"classes":[]},{"id":29810,"url":"https:\/\/noticiasribeiraopreto.com.br\/index.php\/2024\/01\/19\/operadora-vivo-abre-vagas-home-office-com-inscricoes-ate-31-de-janeiro-de-2024\/","url_meta":{"origin":29744,"position":4},"title":"Operadora VIVO abre vagas HOME OFFICE com inscri\u00e7\u00f5es at\u00e9 31 de janeiro de 2024","author":"noticiasribeiraopreto.com.br","date":"19 de January de 2024","format":false,"excerpt":"Operadora VIVO abre vagas HOME OFFICE com inscri\u00e7\u00f5es at\u00e9 31 de janeiro de 2024 Consultor de Sistemas \u2013 Home Office Inscri\u00e7\u00f5es abertas at\u00e9 31 de janeiro de 2024 Efetivo Remoto Vaga tamb\u00e9m para PcD DESCRI\u00c7\u00c3O DA VAGA Venha liderar a implementa\u00e7\u00e3o de projetos que Leia mais","rel":"","context":"In &quot;Vagas de Emprego Remoto - Home Office&quot;","block_context":{"text":"Vagas de Emprego Remoto - Home Office","link":"https:\/\/noticiasribeiraopreto.com.br\/index.php\/category\/empregos-classificados-vagas-trabalho\/vagas-de-empregos-em-ribeirao-preto-regiao-brasil\/vagas-de-emprego-para-trabalhar-de-casa-home-office-remoto\/"},"img":{"alt_text":"","src":"","width":0,"height":0},"classes":[]},{"id":25513,"url":"https:\/\/noticiasribeiraopreto.com.br\/index.php\/2024\/01\/07\/prefeitura-de-ribeirao-preto-abre-inscricoes-para-concurso-publico-nesta-segunda\/","url_meta":{"origin":29744,"position":5},"title":"Prefeitura de Ribeir\u00e3o Preto abre inscri\u00e7\u00f5es para concurso p\u00fablico nesta segunda","author":"noticiasribeiraopreto.com.br","date":"7 de January de 2024","format":false,"excerpt":"A Prefeitura de Ribeir\u00e3o Preto abre nesta segunda-feira (8) as inscri\u00e7\u00f5es do concurso p\u00fablico com vagas na Secretaria Municipal de \u00c1gua e Esgoto (Saerp). S\u00e3o 16 vagas abertas com cargos para n\u00edveis fundamental, m\u00e9dio, t\u00e9cnico e superior, com sal\u00e1rios iniciais variando entre R$ 2.250 e R$ 5.645. O edital foi\u2026","rel":"","context":"In &quot;Not\u00edcias de Ribeir\u00e3o Preto-SP e Regi\u00e3o&quot;","block_context":{"text":"Not\u00edcias de Ribeir\u00e3o Preto-SP e Regi\u00e3o","link":"https:\/\/noticiasribeiraopreto.com.br\/index.php\/category\/noticias-de-ribeirao-preto-sp-e-regiao-ismael-colosi\/"},"img":{"alt_text":"","src":"https:\/\/i0.wp.com\/noticiasribeiraopreto.com.br\/wp-content\/uploads\/2024\/01\/man-5710164_1280.jpg?fit=1200%2C800&ssl=1&resize=350%2C200","width":350,"height":200,"srcset":"https:\/\/i0.wp.com\/noticiasribeiraopreto.com.br\/wp-content\/uploads\/2024\/01\/man-5710164_1280.jpg?fit=1200%2C800&ssl=1&resize=350%2C200 1x, https:\/\/i0.wp.com\/noticiasribeiraopreto.com.br\/wp-content\/uploads\/2024\/01\/man-5710164_1280.jpg?fit=1200%2C800&ssl=1&resize=525%2C300 1.5x, https:\/\/i0.wp.com\/noticiasribeiraopreto.com.br\/wp-content\/uploads\/2024\/01\/man-5710164_1280.jpg?fit=1200%2C800&ssl=1&resize=700%2C400 2x, https:\/\/i0.wp.com\/noticiasribeiraopreto.com.br\/wp-content\/uploads\/2024\/01\/man-5710164_1280.jpg?fit=1200%2C800&ssl=1&resize=1050%2C600 3x"},"classes":[]}],"jetpack_sharing_enabled":true,"jetpack_shortlink":"https:\/\/wp.me\/peQAOb-7JK","_links":{"self":[{"href":"https:\/\/noticiasribeiraopreto.com.br\/index.php\/wp-json\/wp\/v2\/posts\/29744","targetHints":{"allow":["GET"]}}],"collection":[{"href":"https:\/\/noticiasribeiraopreto.com.br\/index.php\/wp-json\/wp\/v2\/posts"}],"about":[{"href":"https:\/\/noticiasribeiraopreto.com.br\/index.php\/wp-json\/wp\/v2\/types\/post"}],"author":[{"embeddable":true,"href":"https:\/\/noticiasribeiraopreto.com.br\/index.php\/wp-json\/wp\/v2\/users\/1"}],"replies":[{"embeddable":true,"href":"https:\/\/noticiasribeiraopreto.com.br\/index.php\/wp-json\/wp\/v2\/comments?post=29744"}],"version-history":[{"count":0,"href":"https:\/\/noticiasribeiraopreto.com.br\/index.php\/wp-json\/wp\/v2\/posts\/29744\/revisions"}],"wp:featuredmedia":[{"embeddable":true,"href":"https:\/\/noticiasribeiraopreto.com.br\/index.php\/wp-json\/wp\/v2\/media\/29745"}],"wp:attachment":[{"href":"https:\/\/noticiasribeiraopreto.com.br\/index.php\/wp-json\/wp\/v2\/media?parent=29744"}],"wp:term":[{"taxonomy":"category","embeddable":true,"href":"https:\/\/noticiasribeiraopreto.com.br\/index.php\/wp-json\/wp\/v2\/categories?post=29744"},{"taxonomy":"post_tag","embeddable":true,"href":"https:\/\/noticiasribeiraopreto.com.br\/index.php\/wp-json\/wp\/v2\/tags?post=29744"}],"curies":[{"name":"wp","href":"https:\/\/api.w.org\/{rel}","templated":true}]}}