{"id":29768,"date":"2024-01-19T10:31:38","date_gmt":"2024-01-19T13:31:38","guid":{"rendered":"https:\/\/noticiasribeiraopreto.com.br\/index.php\/2024\/01\/19\/utm_sourcerssutm_mediumrssutm_campaignpoliciais-do-deic-de-rp-estao-no-rj-para-buscar-assassino-de-engenheiro\/"},"modified":"2024-01-19T10:31:38","modified_gmt":"2024-01-19T13:31:38","slug":"utm_sourcerssutm_mediumrssutm_campaignpoliciais-do-deic-de-rp-estao-no-rj-para-buscar-assassino-de-engenheiro","status":"publish","type":"post","link":"https:\/\/noticiasribeiraopreto.com.br\/index.php\/2024\/01\/19\/utm_sourcerssutm_mediumrssutm_campaignpoliciais-do-deic-de-rp-estao-no-rj-para-buscar-assassino-de-engenheiro\/","title":{"rendered":"Policiais do DEIC de RP est\u00e3o no RJ para buscar assassino de engenheiro \u2013 X Tudo Ribeir\u00e3o"},"content":{"rendered":"<div class='code-block code-block-1' style='margin: 8px 0 8px auto; text-align: right; display: block; clear: both;'>\n<p><a href=\"https:\/\/wa.link\/vpicfd\"><img data-recalc-dims=\"1\" class=\"wp-image-4922\" style=\"aspect-ratio: 2.0253164556962027; width: 561px; height: auto;\" src=\"https:\/\/i0.wp.com\/ismaelcolosi.com.br\/wp-content\/uploads\/2023\/11\/grupo-de-empregos-whatsapp-e-facebook-ismael-colosi-vagas.jpg?ssl=1\" alt=\"\" \/><\/a><\/p>\n<!-- \/wp:image -->\n<\/div>\n<p> <br \/>\n<\/p>\n<div>\n<p>A Pol\u00edcia Civil atrav\u00e9s do GOE e da DIG do DEIC do Deinter 3 est\u00e1 saindo agora do estado do Rio de Janeiro, com o assassino que matou o engenheiro de 34 anos, no final do ano passado na regi\u00e3o Oeste de Ribeir\u00e3o Preto.\u00a0<\/p>\n<p>Segundo apurado com a Policia, os Policiais desembarcaram no Rio de Janeiro, com o \u00fanico intuito trazer para Ribeir\u00e3o Preto, Gabriel Souza Brito, preso na \u00faltima segunda, ap\u00f3s uma a\u00e7\u00e3o conjunta entre os Policiais de SP e do RJ.\u00a0<\/p>\n<p>Durante as investiga\u00e7\u00f5es, ficou claro a participa\u00e7\u00e3o do Gabriel, na morte do engenheiro Paulo Roberto Carvalho Pena Braga Filho, durante um encontro.\u00a0<\/p>\n<\/p><\/div>\n<p><br \/>\n<br \/><a href=\"https:\/\/xtudoribeirao.com.br\/2024\/01\/19\/policiais-do-deic-de-rp-estao-no-rj-para-buscar-assassino-de-engenheiro\/?utm_source=rss&#038;utm_medium=rss&#038;utm_campaign=policiais-do-deic-de-rp-estao-no-rj-para-buscar-assassino-de-engenheiro\">Source link <\/a><\/p>\n<!-- CONTENT END 1 -->\n","protected":false},"excerpt":{"rendered":"<p>A Pol\u00edcia Civil atrav\u00e9s do GOE e da DIG do DEIC do Deinter 3 est\u00e1 saindo agora do estado do Rio de Janeiro, com o&#8230;<\/p>\n","protected":false},"author":1,"featured_media":29769,"comment_status":"open","ping_status":"open","sticky":false,"template":"","format":"standard","meta":{"advanced_seo_description":"","jetpack_seo_html_title":"","jetpack_seo_noindex":false,"jetpack_post_was_ever_published":false,"_jetpack_newsletter_access":"","_jetpack_dont_email_post_to_subs":false,"_jetpack_newsletter_tier_id":0,"_jetpack_memberships_contains_paywalled_content":false,"_jetpack_memberships_contains_paid_content":false,"footnotes":"","jetpack_publicize_message":"","jetpack_publicize_feature_enabled":true,"jetpack_social_post_already_shared":true,"jetpack_social_options":{"image_generator_settings":{"template":"highway","default_image_id":0,"font":"","enabled":false},"version":2}},"categories":[11],"tags":[3700,3699,2174,2946,1450,71,2960,26,43],"class_list":["post-29768","post","type-post","status-publish","format-standard","has-post-thumbnail","hentry","category-noticias-de-ribeirao-preto-sp-e-regiao-ismael-colosi","tag-assassino","tag-buscar","tag-deic","tag-engenheiro","tag-estao","tag-para","tag-policiais","tag-ribeirao","tag-tudo"],"jetpack_publicize_connections":[],"jetpack_featured_media_url":"https:\/\/i0.wp.com\/noticiasribeiraopreto.com.br\/wp-content\/uploads\/2024\/01\/7448bd92-96d5-4eff-a5c9-e0d3b7539a8a.jpeg?fit=1080%2C566&ssl=1","jetpack-related-posts":[{"id":30206,"url":"https:\/\/noticiasribeiraopreto.com.br\/index.php\/2024\/01\/20\/utm_sourcerssutm_mediumrssutm_campaignlatrocida-que-matou-e-roubou-engenheiro-e-trasferido-do-rj-para-ribeirao-preto\/","url_meta":{"origin":29768,"position":0},"title":"Latrocida que matou e roubou engenheiro \u00e9 trasferido do RJ para Ribeir\u00e3o Preto \u2013 X Tudo Ribeir\u00e3o","author":"noticiasribeiraopreto.com.br","date":"20 de January de 2024","format":false,"excerpt":"O latrocida que matou o engenheiro de 34 anos, no final do ano passado em um im\u00f3vel na Av. do Caf\u00e9, preso em Nova Igua\u00e7u, no Rio de Janeiro, chegou em Ribeir\u00e3o Preto no come\u00e7o da madrugada deste s\u00e1bado (20\/1). Segundo apurado com o DEIC da Pol\u00edcia Civil de RP,\u2026","rel":"","context":"In &quot;Not\u00edcias de Ribeir\u00e3o Preto-SP e Regi\u00e3o&quot;","block_context":{"text":"Not\u00edcias de Ribeir\u00e3o Preto-SP e Regi\u00e3o","link":"https:\/\/noticiasribeiraopreto.com.br\/index.php\/category\/noticias-de-ribeirao-preto-sp-e-regiao-ismael-colosi\/"},"img":{"alt_text":"","src":"https:\/\/i0.wp.com\/noticiasribeiraopreto.com.br\/wp-content\/uploads\/2024\/01\/WhatsApp-Image-2024-01-20-at-16.25.32.jpeg?fit=1200%2C619&ssl=1&resize=350%2C200","width":350,"height":200,"srcset":"https:\/\/i0.wp.com\/noticiasribeiraopreto.com.br\/wp-content\/uploads\/2024\/01\/WhatsApp-Image-2024-01-20-at-16.25.32.jpeg?fit=1200%2C619&ssl=1&resize=350%2C200 1x, https:\/\/i0.wp.com\/noticiasribeiraopreto.com.br\/wp-content\/uploads\/2024\/01\/WhatsApp-Image-2024-01-20-at-16.25.32.jpeg?fit=1200%2C619&ssl=1&resize=525%2C300 1.5x, https:\/\/i0.wp.com\/noticiasribeiraopreto.com.br\/wp-content\/uploads\/2024\/01\/WhatsApp-Image-2024-01-20-at-16.25.32.jpeg?fit=1200%2C619&ssl=1&resize=700%2C400 2x, https:\/\/i0.wp.com\/noticiasribeiraopreto.com.br\/wp-content\/uploads\/2024\/01\/WhatsApp-Image-2024-01-20-at-16.25.32.jpeg?fit=1200%2C619&ssl=1&resize=1050%2C600 3x"},"classes":[]},{"id":28384,"url":"https:\/\/noticiasribeiraopreto.com.br\/index.php\/2024\/01\/15\/utm_sourcerssutm_mediumrssutm_campaignprincipal-suspeito-de-matar-engenheiro-em-ribeirao-preto-e-preso-no-rio-de-janeiro\/","url_meta":{"origin":29768,"position":1},"title":"Principal suspeito de matar engenheiro em Ribeir\u00e3o Preto \u00e9 preso no Rio de Janeiro \u2013 X Tudo Ribeir\u00e3o","author":"noticiasribeiraopreto.com.br","date":"15 de January de 2024","format":false,"excerpt":"O principal suspeito de matar um engenheiro de 34 anos, na cidade de Ribeir\u00e3o Preto no final do ano passado, foi preso pela Pol\u00edcia Civil em Nova Igua\u00e7u, no Rio de Janeiro.\u00a0 Segundo as informa\u00e7\u00f5es da Pol\u00edcia Civil, os Policiais da 1\u00aa DIG \/ DEIC do Deinter 3, ap\u00f3s o\u2026","rel":"","context":"In &quot;Not\u00edcias de Ribeir\u00e3o Preto-SP e Regi\u00e3o&quot;","block_context":{"text":"Not\u00edcias de Ribeir\u00e3o Preto-SP e Regi\u00e3o","link":"https:\/\/noticiasribeiraopreto.com.br\/index.php\/category\/noticias-de-ribeirao-preto-sp-e-regiao-ismael-colosi\/"},"img":{"alt_text":"","src":"https:\/\/i0.wp.com\/noticiasribeiraopreto.com.br\/wp-content\/uploads\/2024\/01\/WhatsApp-Image-2024-01-15-at-16.08.41.jpeg?fit=921%2C623&ssl=1&resize=350%2C200","width":350,"height":200,"srcset":"https:\/\/i0.wp.com\/noticiasribeiraopreto.com.br\/wp-content\/uploads\/2024\/01\/WhatsApp-Image-2024-01-15-at-16.08.41.jpeg?fit=921%2C623&ssl=1&resize=350%2C200 1x, https:\/\/i0.wp.com\/noticiasribeiraopreto.com.br\/wp-content\/uploads\/2024\/01\/WhatsApp-Image-2024-01-15-at-16.08.41.jpeg?fit=921%2C623&ssl=1&resize=525%2C300 1.5x, https:\/\/i0.wp.com\/noticiasribeiraopreto.com.br\/wp-content\/uploads\/2024\/01\/WhatsApp-Image-2024-01-15-at-16.08.41.jpeg?fit=921%2C623&ssl=1&resize=700%2C400 2x"},"classes":[]},{"id":32639,"url":"https:\/\/noticiasribeiraopreto.com.br\/index.php\/2024\/01\/25\/utm_sourcerssutm_mediumrssutm_campaignpoliciais-do-goe-e-da-dig-prendem-2o-suspeito-do-latrocinio-do-engenheiro-de-rp-a-prisao-ocorreu-em-diadema-sp\/","url_meta":{"origin":29768,"position":2},"title":"Policiais do GOE e da DIG prendem 2\u00ba suspeito do latroc\u00ednio do engenheiro de RP; a pris\u00e3o ocorreu em Diadema \u2013 SP \u2013 X Tudo Ribeir\u00e3o","author":"noticiasribeiraopreto.com.br","date":"25 de January de 2024","format":false,"excerpt":"A Pol\u00edcia Civil atrav\u00e9s do GOE e da DIG do Deinter 3 prendeu na manh\u00e3 desta quinta-feira (25\/1), em Diadema, o segundo suspeito de envolvimento no latroc\u00ednio (roubo seguido de morte) do engenheiro Beto Braga, que ocorreu no final do ano passado na cidade de Ribeir\u00e3o Preto.\u00a0 Segundo informa\u00e7\u00f5es da\u2026","rel":"","context":"In &quot;Not\u00edcias de Ribeir\u00e3o Preto-SP e Regi\u00e3o&quot;","block_context":{"text":"Not\u00edcias de Ribeir\u00e3o Preto-SP e Regi\u00e3o","link":"https:\/\/noticiasribeiraopreto.com.br\/index.php\/category\/noticias-de-ribeirao-preto-sp-e-regiao-ismael-colosi\/"},"img":{"alt_text":"","src":"https:\/\/i0.wp.com\/noticiasribeiraopreto.com.br\/wp-content\/uploads\/2024\/01\/WhatsApp-Image-2024-01-25-at-10.04.15.jpeg?fit=1200%2C705&ssl=1&resize=350%2C200","width":350,"height":200,"srcset":"https:\/\/i0.wp.com\/noticiasribeiraopreto.com.br\/wp-content\/uploads\/2024\/01\/WhatsApp-Image-2024-01-25-at-10.04.15.jpeg?fit=1200%2C705&ssl=1&resize=350%2C200 1x, https:\/\/i0.wp.com\/noticiasribeiraopreto.com.br\/wp-content\/uploads\/2024\/01\/WhatsApp-Image-2024-01-25-at-10.04.15.jpeg?fit=1200%2C705&ssl=1&resize=525%2C300 1.5x, https:\/\/i0.wp.com\/noticiasribeiraopreto.com.br\/wp-content\/uploads\/2024\/01\/WhatsApp-Image-2024-01-25-at-10.04.15.jpeg?fit=1200%2C705&ssl=1&resize=700%2C400 2x, https:\/\/i0.wp.com\/noticiasribeiraopreto.com.br\/wp-content\/uploads\/2024\/01\/WhatsApp-Image-2024-01-25-at-10.04.15.jpeg?fit=1200%2C705&ssl=1&resize=1050%2C600 3x"},"classes":[]},{"id":28538,"url":"https:\/\/noticiasribeiraopreto.com.br\/index.php\/2024\/01\/16\/deic-prende-principal-suspeito-da-morte-de-engenheiro\/","url_meta":{"origin":29768,"position":3},"title":"DEIC prende principal suspeito da morte de engenheiro","author":"noticiasribeiraopreto.com.br","date":"16 de January de 2024","format":false,"excerpt":"Homem foi preso em Nova Igua\u00e7u (RJ) e se apresentava como garoto de programa em redes sociais 15 de janeiro de 2024 | 16:30 4Por: Adalberto LuqueO principal suspeito da morte do engenheiro Paulo Roberto Carvalho Pena Braga Filho, de 34 anos, foi preso nesta segunda-feira (15). Gabriel Souza Brito,\u2026","rel":"","context":"In &quot;Not\u00edcias de Ribeir\u00e3o Preto-SP e Regi\u00e3o&quot;","block_context":{"text":"Not\u00edcias de Ribeir\u00e3o Preto-SP e Regi\u00e3o","link":"https:\/\/noticiasribeiraopreto.com.br\/index.php\/category\/noticias-de-ribeirao-preto-sp-e-regiao-ismael-colosi\/"},"img":{"alt_text":"","src":"https:\/\/i0.wp.com\/noticiasribeiraopreto.com.br\/wp-content\/uploads\/2024\/01\/00-15-jan-2024-suspeito-latrocinio-engenheiro-02-foto-reproducao.jpg?fit=782%2C574&ssl=1&resize=350%2C200","width":350,"height":200,"srcset":"https:\/\/i0.wp.com\/noticiasribeiraopreto.com.br\/wp-content\/uploads\/2024\/01\/00-15-jan-2024-suspeito-latrocinio-engenheiro-02-foto-reproducao.jpg?fit=782%2C574&ssl=1&resize=350%2C200 1x, https:\/\/i0.wp.com\/noticiasribeiraopreto.com.br\/wp-content\/uploads\/2024\/01\/00-15-jan-2024-suspeito-latrocinio-engenheiro-02-foto-reproducao.jpg?fit=782%2C574&ssl=1&resize=525%2C300 1.5x, https:\/\/i0.wp.com\/noticiasribeiraopreto.com.br\/wp-content\/uploads\/2024\/01\/00-15-jan-2024-suspeito-latrocinio-engenheiro-02-foto-reproducao.jpg?fit=782%2C574&ssl=1&resize=700%2C400 2x"},"classes":[]},{"id":845,"url":"https:\/\/noticiasribeiraopreto.com.br\/index.php\/2023\/11\/09\/policiais-da-dise-deflagra-operacao-herculles-contra-quadrilha-que-produz-e-comercializa-anabolizantes-ilegais-x-tudo-ribeirao\/","url_meta":{"origin":29768,"position":4},"title":"Policiais da DISE deflagra Opera\u00e7\u00e3o H\u00e9rculles contra quadrilha que produz e comercializa anabolizantes ilegais \u2013 X Tudo Ribeir\u00e3o","author":"noticiasribeiraopreto.com.br","date":"9 de November de 2023","format":false,"excerpt":"A Delegacia de Investiga\u00e7\u00f5es Sobre Entorpecentes da Divis\u00e3o Especial de Investiga\u00e7\u00f5es Criminais (DISE\/DEIC) de Ribeir\u00e3o Preto deflragrou na manh\u00e3 desta ter\u00e7a-feira (31), a Opera\u00e7\u00e3o H\u00e9rculles em tr\u00eas estados contra uma quadrilha que produz e comercializa ilegalmente anabolizantes. A a\u00e7\u00e3o est\u00e1 sendo realizada em tr\u00eas cidades do estado de S\u00e3o Paulo:\u2026","rel":"","context":"In &quot;Not\u00edcias de Ribeir\u00e3o Preto-SP e Regi\u00e3o&quot;","block_context":{"text":"Not\u00edcias de Ribeir\u00e3o Preto-SP e Regi\u00e3o","link":"https:\/\/noticiasribeiraopreto.com.br\/index.php\/category\/noticias-de-ribeirao-preto-sp-e-regiao-ismael-colosi\/"},"img":{"alt_text":"","src":"https:\/\/i0.wp.com\/noticiasribeiraopreto.com.br\/wp-content\/uploads\/2023\/11\/DISE-RP.jpg?fit=1200%2C675&ssl=1&resize=350%2C200","width":350,"height":200,"srcset":"https:\/\/i0.wp.com\/noticiasribeiraopreto.com.br\/wp-content\/uploads\/2023\/11\/DISE-RP.jpg?fit=1200%2C675&ssl=1&resize=350%2C200 1x, https:\/\/i0.wp.com\/noticiasribeiraopreto.com.br\/wp-content\/uploads\/2023\/11\/DISE-RP.jpg?fit=1200%2C675&ssl=1&resize=525%2C300 1.5x, https:\/\/i0.wp.com\/noticiasribeiraopreto.com.br\/wp-content\/uploads\/2023\/11\/DISE-RP.jpg?fit=1200%2C675&ssl=1&resize=700%2C400 2x, https:\/\/i0.wp.com\/noticiasribeiraopreto.com.br\/wp-content\/uploads\/2023\/11\/DISE-RP.jpg?fit=1200%2C675&ssl=1&resize=1050%2C600 3x"},"classes":[]},{"id":28474,"url":"https:\/\/noticiasribeiraopreto.com.br\/index.php\/2024\/01\/15\/foto-ajuda-policia-a-prender-suspeito-de-matar-engenheiro-em-ribeirao-preto\/","url_meta":{"origin":29768,"position":5},"title":"Foto ajuda pol\u00edcia a prender suspeito de matar engenheiro em Ribeir\u00e3o Preto","author":"noticiasribeiraopreto.com.br","date":"15 de January de 2024","format":false,"excerpt":"Uma foto tirada pelo engenheiro Paulo Roberto Carvalho Braga Pena Filho, e enviada a um amigo, foi o que ajudou a Pol\u00edcia Civil a encontrar o suspeito de matar o homem, no final de 2023. A imagem foi divulgada nesta segunda-feira (15), ap\u00f3s a pris\u00e3o do acusado, Gabriel Souza Brito.\u2026","rel":"","context":"In &quot;Not\u00edcias de Ribeir\u00e3o Preto-SP e Regi\u00e3o&quot;","block_context":{"text":"Not\u00edcias de Ribeir\u00e3o Preto-SP e Regi\u00e3o","link":"https:\/\/noticiasribeiraopreto.com.br\/index.php\/category\/noticias-de-ribeirao-preto-sp-e-regiao-ismael-colosi\/"},"img":{"alt_text":"","src":"https:\/\/i0.wp.com\/noticiasribeiraopreto.com.br\/wp-content\/uploads\/2024\/01\/Copia-de-Copia-de-TAMANHO-EXATO-PARA-FOTOS-NO-SISTEMA-NOVO-12.png?fit=1200%2C675&ssl=1&resize=350%2C200","width":350,"height":200,"srcset":"https:\/\/i0.wp.com\/noticiasribeiraopreto.com.br\/wp-content\/uploads\/2024\/01\/Copia-de-Copia-de-TAMANHO-EXATO-PARA-FOTOS-NO-SISTEMA-NOVO-12.png?fit=1200%2C675&ssl=1&resize=350%2C200 1x, https:\/\/i0.wp.com\/noticiasribeiraopreto.com.br\/wp-content\/uploads\/2024\/01\/Copia-de-Copia-de-TAMANHO-EXATO-PARA-FOTOS-NO-SISTEMA-NOVO-12.png?fit=1200%2C675&ssl=1&resize=525%2C300 1.5x, https:\/\/i0.wp.com\/noticiasribeiraopreto.com.br\/wp-content\/uploads\/2024\/01\/Copia-de-Copia-de-TAMANHO-EXATO-PARA-FOTOS-NO-SISTEMA-NOVO-12.png?fit=1200%2C675&ssl=1&resize=700%2C400 2x, https:\/\/i0.wp.com\/noticiasribeiraopreto.com.br\/wp-content\/uploads\/2024\/01\/Copia-de-Copia-de-TAMANHO-EXATO-PARA-FOTOS-NO-SISTEMA-NOVO-12.png?fit=1200%2C675&ssl=1&resize=1050%2C600 3x"},"classes":[]}],"jetpack_sharing_enabled":true,"jetpack_shortlink":"https:\/\/wp.me\/peQAOb-7K8","_links":{"self":[{"href":"https:\/\/noticiasribeiraopreto.com.br\/index.php\/wp-json\/wp\/v2\/posts\/29768","targetHints":{"allow":["GET"]}}],"collection":[{"href":"https:\/\/noticiasribeiraopreto.com.br\/index.php\/wp-json\/wp\/v2\/posts"}],"about":[{"href":"https:\/\/noticiasribeiraopreto.com.br\/index.php\/wp-json\/wp\/v2\/types\/post"}],"author":[{"embeddable":true,"href":"https:\/\/noticiasribeiraopreto.com.br\/index.php\/wp-json\/wp\/v2\/users\/1"}],"replies":[{"embeddable":true,"href":"https:\/\/noticiasribeiraopreto.com.br\/index.php\/wp-json\/wp\/v2\/comments?post=29768"}],"version-history":[{"count":0,"href":"https:\/\/noticiasribeiraopreto.com.br\/index.php\/wp-json\/wp\/v2\/posts\/29768\/revisions"}],"wp:featuredmedia":[{"embeddable":true,"href":"https:\/\/noticiasribeiraopreto.com.br\/index.php\/wp-json\/wp\/v2\/media\/29769"}],"wp:attachment":[{"href":"https:\/\/noticiasribeiraopreto.com.br\/index.php\/wp-json\/wp\/v2\/media?parent=29768"}],"wp:term":[{"taxonomy":"category","embeddable":true,"href":"https:\/\/noticiasribeiraopreto.com.br\/index.php\/wp-json\/wp\/v2\/categories?post=29768"},{"taxonomy":"post_tag","embeddable":true,"href":"https:\/\/noticiasribeiraopreto.com.br\/index.php\/wp-json\/wp\/v2\/tags?post=29768"}],"curies":[{"name":"wp","href":"https:\/\/api.w.org\/{rel}","templated":true}]}}