{"id":29776,"date":"2024-01-19T11:16:48","date_gmt":"2024-01-19T14:16:48","guid":{"rendered":"https:\/\/noticiasribeiraopreto.com.br\/index.php\/2024\/01\/19\/gobbi-diz-ser-o-sucessor-natural-de-nogueira\/"},"modified":"2024-01-19T11:16:48","modified_gmt":"2024-01-19T14:16:48","slug":"gobbi-diz-ser-o-sucessor-natural-de-nogueira","status":"publish","type":"post","link":"https:\/\/noticiasribeiraopreto.com.br\/index.php\/2024\/01\/19\/gobbi-diz-ser-o-sucessor-natural-de-nogueira\/","title":{"rendered":"Gobbi diz ser o sucessor natural de Nogueira"},"content":{"rendered":"<div class='code-block code-block-1' style='margin: 8px 0 8px auto; text-align: right; display: block; clear: both;'>\n<p><a href=\"https:\/\/wa.link\/vpicfd\"><img data-recalc-dims=\"1\" class=\"wp-image-4922\" style=\"aspect-ratio: 2.0253164556962027; width: 561px; height: auto;\" src=\"https:\/\/i0.wp.com\/ismaelcolosi.com.br\/wp-content\/uploads\/2023\/11\/grupo-de-empregos-whatsapp-e-facebook-ismael-colosi-vagas.jpg?ssl=1\" alt=\"\" \/><\/a><\/p>\n<!-- \/wp:image -->\n<\/div>\n<p> <br \/>\n<\/p>\n<div>\n<p>O vice-prefeito e secret\u00e1rio municipal de Planejamento de Ribeir\u00e3o Preto, Daniel Gobbi (PP) afirmou que \u00e9 o sucessor natural do grupo do atual prefeito, Duarte Nogueira (PSDB) nas elei\u00e7\u00f5es municipais deste ano, marcadas para o dia 6 de outubro. Nas cidades onde for necess\u00e1rio o segundo turno, ele ser\u00e1 realizado no dia 27 de outubro.<\/p>\n<p>A declara\u00e7\u00e3o de Gobbi foi feita na quinta-feira (18) em entrevista ao programa \u201cLarga Brasa\u201d, do apresentador Ant\u00f4nio Carlos Morandini, na TV Thathi. Ele tamb\u00e9m \u00e9 articulista do Tribuna.<\/p>\n<p>Segundo Gobbi, ele e o seu partido, o Progressistas (PP) n\u00e3o precisam fazer lan\u00e7amento de pr\u00e9-candidatura em fun\u00e7\u00e3o dele ser o candidato natural do grupo que d\u00e1 sustenta\u00e7\u00e3o ao atual governo municipal. Ressaltou, por\u00e9m, que ningu\u00e9m \u00e9 candidato sozinho, que precisa ter o apoio do grupo pol\u00edtico e que a defini\u00e7\u00e3o do pr\u00e9-candidato dever\u00e1 ser feita no m\u00eas de abril. \u201cEstou preparado e conhe\u00e7o a cidade como a palma da minha m\u00e3o. Tenho experi\u00eancia em gest\u00e3o p\u00fablica e meu nome est\u00e1 a disposi\u00e7\u00e3o do grupo pol\u00edtico a que perten\u00e7o\u201d, afirmou.<\/p>\n<p>Nas duas pesquisas de inten\u00e7\u00e3o de votos para prefeito de Ribeir\u00e3o Preto, realizada pelo Tribuna Ribeir\u00e3o em parceria com o Instituto de Pesquisa Pol\u00edtica (Inpep), Daniel Gobbi pontuou. Na mais recente, realizada nos dias 19 e 20 de dezembro do ano passado teve 4%. J\u00e1 no levantamento feito nos dias 18 e 19 de setembro teve 3%.<\/p>\n<p>A pesquisa ouviu por telefone 600 eleitores obedecendo a estratifica\u00e7\u00e3o de g\u00eanero, faixa et\u00e1ria, renda domiciliar e divis\u00e3o territorial com base nos dados mais recentes do Censo do Instituto Brasileiro de Geografia e Estat\u00edstica (IBGE). O grau de confian\u00e7a da pesquisa \u00e9 de 95% e a margem de erro de 4%.<\/p>\n<p><strong>Outras pr\u00e9-candidaturas<\/strong> \u2013 Algumas legendas j\u00e1 anunciaram suas pr\u00e9-candidaturas. \u00c9 o caso do Partido Liberal, com Isaac Antunes. No dia 6 de outubro do ano passado, o presidente estadual da legenda e da Assembleia Legislativa do estado de S\u00e3o Paulo (Alesp), Andr\u00e9 do Prado (PL), lan\u00e7ou o nome do vereador como pr\u00e9-candidato a prefeito de Ribeir\u00e3o Preto.<\/p>\n<p>Nesta semana, o empres\u00e1rio ruralista Paulo Junqueira afirmou que pode ser candidato a vice de Isaac Antunes. Ele \u00e9 presidente do Sindicato Rural e da Associa\u00e7\u00e3o Rural de Ribeir\u00e3o Preto, comanda a Associa\u00e7\u00e3o Rural Vale do Rio Pardo. (Assovale) e \u00e9 um grande produtor de soja e cana de a\u00e7\u00facar.<\/p>\n<p>No MDB, o nome do vereador Igor Oliveira (MDB) foi lan\u00e7ado, no dia 23 de outubro, como o pr\u00e9-candidato da legenda. O an\u00fancio foi feito pelo presidente Nacional do MDB, o deputado federal Baleia Rossi, durante evento estadual da legenda realizado na cidade de S\u00e3o Paulo.<\/p>\n<p>No Partido dos Trabalhadores a disputa interna para definir o candidato da legenda est\u00e1 acirrada. Atualmente, existem cinco cotados para disputar as pr\u00e9vias que ser\u00e3o realizadas no dia 24 de fevereiro. S\u00e3o eles, o ex-promotor Ant\u00f4nio Machado, o m\u00e9dico Ulysses Strogoff, o advogado Ricardo Sobral, o professor F\u00e1bio Sardinha e o advogado e presidente do diret\u00f3rio municipal do PT em Ribeir\u00e3o Preto, Jorge Roque. As pr\u00e9vias do partido dever\u00e3o ser antecedidas por dois debates: um no dia 3 de fevereiro e outro no dia 21 do mesmo m\u00eas.<\/p>\n<\/div>\n<p><br \/>\n<br \/><a href=\"https:\/\/www.tribunaribeirao.com.br\/site\/gobbi-diz-ser-o-sucessor-natural-de-nogueira\/\">Source link <\/a><\/p>\n<!-- CONTENT END 1 -->\n","protected":false},"excerpt":{"rendered":"<p>O vice-prefeito e secret\u00e1rio municipal de Planejamento de Ribeir\u00e3o Preto, Daniel Gobbi (PP) afirmou que \u00e9 o sucessor natural do grupo do atual prefeito, Duarte&#8230;<\/p>\n","protected":false},"author":1,"featured_media":29777,"comment_status":"open","ping_status":"open","sticky":false,"template":"","format":"standard","meta":{"advanced_seo_description":"","jetpack_seo_html_title":"","jetpack_seo_noindex":false,"jetpack_post_was_ever_published":false,"_jetpack_newsletter_access":"","_jetpack_dont_email_post_to_subs":false,"_jetpack_newsletter_tier_id":0,"_jetpack_memberships_contains_paywalled_content":false,"_jetpack_memberships_contains_paid_content":false,"footnotes":"","jetpack_publicize_message":"","jetpack_publicize_feature_enabled":true,"jetpack_social_post_already_shared":true,"jetpack_social_options":{"image_generator_settings":{"template":"highway","default_image_id":0,"font":"","enabled":false},"version":2}},"categories":[11],"tags":[1498,3701,1853,1012,845,3702],"class_list":["post-29776","post","type-post","status-publish","format-standard","has-post-thumbnail","hentry","category-noticias-de-ribeirao-preto-sp-e-regiao-ismael-colosi","tag-diz","tag-gobbi","tag-natural","tag-nogueira","tag-ser","tag-sucessor"],"jetpack_publicize_connections":[],"jetpack_featured_media_url":"https:\/\/i0.wp.com\/noticiasribeiraopreto.com.br\/wp-content\/uploads\/2024\/01\/Gobbi-Palacio-768x512-1.jpg?fit=768%2C512&ssl=1","jetpack-related-posts":[{"id":43056,"url":"https:\/\/noticiasribeiraopreto.com.br\/index.php\/2024\/03\/19\/vice-de-nogueira-saira-para-prefeito\/","url_meta":{"origin":29776,"position":0},"title":"Vice de Nogueira sair\u00e1 para prefeito","author":"noticiasribeiraopreto.com.br","date":"19 de March de 2024","format":false,"excerpt":"19 de mar\u00e7o de 2024 | 8:3018 de mar\u00e7o de 2024 | 19:14 0Visando a sucess\u00e3o de Duarte Nogueira (PSDB), o vice-prefeito e secret\u00e1rio municipal de Planejamento e Desenvolvimento Urbano, Daniel Marques Gobbi (Progressistas), lan\u00e7ou seu nome como pr\u00e9-candidato a prefeito de Ribeir\u00e3o Preto pelo PP. O an\u00fancio foi feito\u2026","rel":"","context":"In &quot;Not\u00edcias de Ribeir\u00e3o Preto-SP e Regi\u00e3o&quot;","block_context":{"text":"Not\u00edcias de Ribeir\u00e3o Preto-SP e Regi\u00e3o","link":"https:\/\/noticiasribeiraopreto.com.br\/index.php\/category\/noticias-de-ribeirao-preto-sp-e-regiao-ismael-colosi\/"},"img":{"alt_text":"","src":"https:\/\/i0.wp.com\/noticiasribeiraopreto.com.br\/wp-content\/uploads\/2024\/03\/EleicaoRP-Divulgacao-2-scaled.jpg?fit=860%2C645&ssl=1&resize=350%2C200","width":350,"height":200,"srcset":"https:\/\/i0.wp.com\/noticiasribeiraopreto.com.br\/wp-content\/uploads\/2024\/03\/EleicaoRP-Divulgacao-2-scaled.jpg?fit=860%2C645&ssl=1&resize=350%2C200 1x, https:\/\/i0.wp.com\/noticiasribeiraopreto.com.br\/wp-content\/uploads\/2024\/03\/EleicaoRP-Divulgacao-2-scaled.jpg?fit=860%2C645&ssl=1&resize=525%2C300 1.5x, https:\/\/i0.wp.com\/noticiasribeiraopreto.com.br\/wp-content\/uploads\/2024\/03\/EleicaoRP-Divulgacao-2-scaled.jpg?fit=860%2C645&ssl=1&resize=700%2C400 2x"},"classes":[]},{"id":78724,"url":"https:\/\/noticiasribeiraopreto.com.br\/index.php\/2025\/10\/17\/gobbi-questiona-valor-de-imovel-a-ser-permutado-com-marista\/","url_meta":{"origin":29776,"position":1},"title":"Gobbi questiona valor de im\u00f3vel a ser permutado com Marista","author":"noticiasribeiraopreto.com.br","date":"17 de October de 2025","format":false,"excerpt":"Vereador Daniel Gobbi (PP) solicitou que o Conselho Regional de Corretores de Im\u00f3veis verifique se o pre\u00e7o apurado pelo im\u00f3vel da prefeitura na Zona Sul est\u00e1 correto\u2028\u2028 O vereador Daniel Gobbi (PP) est\u00e1 questionando o valor do im\u00f3vel p\u00fablico que a prefeitura de Ribeir\u00e3o Preto ir\u00e1 permutar com o Col\u00e9gio\u2026","rel":"","context":"In &quot;Not\u00edcias de Ribeir\u00e3o Preto-SP e Regi\u00e3o&quot;","block_context":{"text":"Not\u00edcias de Ribeir\u00e3o Preto-SP e Regi\u00e3o","link":"https:\/\/noticiasribeiraopreto.com.br\/index.php\/category\/noticias-de-ribeirao-preto-sp-e-regiao-ismael-colosi\/"},"img":{"alt_text":"","src":"https:\/\/i0.wp.com\/noticiasribeiraopreto.com.br\/wp-content\/uploads\/2025\/10\/CentroRP-Thaisa-Coroado-Camara-scaled.jpg?fit=1170%2C780&ssl=1&resize=350%2C200","width":350,"height":200,"srcset":"https:\/\/i0.wp.com\/noticiasribeiraopreto.com.br\/wp-content\/uploads\/2025\/10\/CentroRP-Thaisa-Coroado-Camara-scaled.jpg?fit=1170%2C780&ssl=1&resize=350%2C200 1x, https:\/\/i0.wp.com\/noticiasribeiraopreto.com.br\/wp-content\/uploads\/2025\/10\/CentroRP-Thaisa-Coroado-Camara-scaled.jpg?fit=1170%2C780&ssl=1&resize=525%2C300 1.5x, https:\/\/i0.wp.com\/noticiasribeiraopreto.com.br\/wp-content\/uploads\/2025\/10\/CentroRP-Thaisa-Coroado-Camara-scaled.jpg?fit=1170%2C780&ssl=1&resize=700%2C400 2x, https:\/\/i0.wp.com\/noticiasribeiraopreto.com.br\/wp-content\/uploads\/2025\/10\/CentroRP-Thaisa-Coroado-Camara-scaled.jpg?fit=1170%2C780&ssl=1&resize=1050%2C600 3x"},"classes":[]},{"id":70977,"url":"https:\/\/noticiasribeiraopreto.com.br\/index.php\/2025\/06\/01\/o-voo-solo-de-daniel-gobbi\/","url_meta":{"origin":29776,"position":2},"title":"O voo solo de Daniel Gobbi\u00a0 \u00a0","author":"noticiasribeiraopreto.com.br","date":"1 de June de 2025","format":false,"excerpt":"Depois de ocupar o cargo de vice-prefeito de Duarte Nogueira, entre 2021 e 2024, Daniel Gobbi (PP) se elegeu vereador nas elei\u00e7\u00f5es municipais do ano passado. Recebeu 3.026 votos, o que considera uma grande conquista, j\u00e1 que segundo o novo parlamentar, em sua campanha teve que responder nas ruas, muitos\u2026","rel":"","context":"In &quot;Not\u00edcias de Ribeir\u00e3o Preto-SP e Regi\u00e3o&quot;","block_context":{"text":"Not\u00edcias de Ribeir\u00e3o Preto-SP e Regi\u00e3o","link":"https:\/\/noticiasribeiraopreto.com.br\/index.php\/category\/noticias-de-ribeirao-preto-sp-e-regiao-ismael-colosi\/"},"img":{"alt_text":"","src":"https:\/\/i0.wp.com\/noticiasribeiraopreto.com.br\/wp-content\/uploads\/2025\/06\/gobbi-3-scaled.jpg?fit=1200%2C800&ssl=1&resize=350%2C200","width":350,"height":200,"srcset":"https:\/\/i0.wp.com\/noticiasribeiraopreto.com.br\/wp-content\/uploads\/2025\/06\/gobbi-3-scaled.jpg?fit=1200%2C800&ssl=1&resize=350%2C200 1x, https:\/\/i0.wp.com\/noticiasribeiraopreto.com.br\/wp-content\/uploads\/2025\/06\/gobbi-3-scaled.jpg?fit=1200%2C800&ssl=1&resize=525%2C300 1.5x, https:\/\/i0.wp.com\/noticiasribeiraopreto.com.br\/wp-content\/uploads\/2025\/06\/gobbi-3-scaled.jpg?fit=1200%2C800&ssl=1&resize=700%2C400 2x, https:\/\/i0.wp.com\/noticiasribeiraopreto.com.br\/wp-content\/uploads\/2025\/06\/gobbi-3-scaled.jpg?fit=1200%2C800&ssl=1&resize=1050%2C600 3x"},"classes":[]},{"id":47480,"url":"https:\/\/noticiasribeiraopreto.com.br\/index.php\/2024\/04\/25\/veja-quem-sao-os-pre-candidatos-a-prefeito-de-ribeirao-preto-nas-eleicoes-de-2024\/","url_meta":{"origin":29776,"position":3},"title":"Veja quem s\u00e3o os pr\u00e9-candidatos a prefeito de Ribeir\u00e3o Preto nas elei\u00e7\u00f5es de 2024","author":"noticiasribeiraopreto.com.br","date":"25 de April de 2024","format":false,"excerpt":"Faltando 164 dias para o primeiro turno das elei\u00e7\u00f5es municipais, diversos nomes j\u00e1 se lan\u00e7aram como pr\u00e9-candidatos na disputa pela Prefeitura de Ribeir\u00e3o Preto. Ao menos, nove nomes anunciaram a pretens\u00e3o de concorrer ao pleito marcado para o dia 6 de outubro. Contudo, os nomes s\u00f3 ser\u00e3o oficializados durante as\u2026","rel":"","context":"In &quot;Not\u00edcias de Ribeir\u00e3o Preto-SP e Regi\u00e3o&quot;","block_context":{"text":"Not\u00edcias de Ribeir\u00e3o Preto-SP e Regi\u00e3o","link":"https:\/\/noticiasribeiraopreto.com.br\/index.php\/category\/noticias-de-ribeirao-preto-sp-e-regiao-ismael-colosi\/"},"img":{"alt_text":"","src":"https:\/\/i0.wp.com\/noticiasribeiraopreto.com.br\/wp-content\/uploads\/2024\/04\/1714079636_ribeirao-preto-prefeitura.jpg?fit=1200%2C900&ssl=1&resize=350%2C200","width":350,"height":200,"srcset":"https:\/\/i0.wp.com\/noticiasribeiraopreto.com.br\/wp-content\/uploads\/2024\/04\/1714079636_ribeirao-preto-prefeitura.jpg?fit=1200%2C900&ssl=1&resize=350%2C200 1x, https:\/\/i0.wp.com\/noticiasribeiraopreto.com.br\/wp-content\/uploads\/2024\/04\/1714079636_ribeirao-preto-prefeitura.jpg?fit=1200%2C900&ssl=1&resize=525%2C300 1.5x, https:\/\/i0.wp.com\/noticiasribeiraopreto.com.br\/wp-content\/uploads\/2024\/04\/1714079636_ribeirao-preto-prefeitura.jpg?fit=1200%2C900&ssl=1&resize=700%2C400 2x, https:\/\/i0.wp.com\/noticiasribeiraopreto.com.br\/wp-content\/uploads\/2024\/04\/1714079636_ribeirao-preto-prefeitura.jpg?fit=1200%2C900&ssl=1&resize=1050%2C600 3x"},"classes":[]},{"id":84113,"url":"https:\/\/noticiasribeiraopreto.com.br\/index.php\/2026\/04\/01\/gobbi-e-eleito-presidente-da-mesa-diretora-da-camara-de-ribeirao-preto\/","url_meta":{"origin":29776,"position":4},"title":"Gobbi \u00e9 eleito presidente da Mesa Diretora da C\u00e2mara de Ribeir\u00e3o Preto","author":"noticiasribeiraopreto.com.br","date":"1 de April de 2026","format":false,"excerpt":"Ler o resumo da not\u00edcia Daniel Gobbi (PP) foi eleito presidente da Mesa Diretora da C\u00e2mara de Ribeir\u00e3o Preto nesta quarta-feira (1\u00ba), derrotando Duda Hidalgo (PT). Gobbi substitui Isaac Antunes (PL), que renunciou na segunda-feira (30) ap\u00f3s recomenda\u00e7\u00e3o do MP-SP por irregularidade no terceiro mandato consecutivo. Isaac Antunes foi eleito\u2026","rel":"","context":"In &quot;Not\u00edcias de Ribeir\u00e3o Preto-SP e Regi\u00e3o&quot;","block_context":{"text":"Not\u00edcias de Ribeir\u00e3o Preto-SP e Regi\u00e3o","link":"https:\/\/noticiasribeiraopreto.com.br\/index.php\/category\/noticias-de-ribeirao-preto-sp-e-regiao-ismael-colosi\/"},"img":{"alt_text":"","src":"https:\/\/i0.wp.com\/noticiasribeiraopreto.com.br\/wp-content\/uploads\/2026\/04\/daniel-gobbi_2026-04-01_20-31-10.webp.webp?fit=1200%2C800&ssl=1&resize=350%2C200","width":350,"height":200,"srcset":"https:\/\/i0.wp.com\/noticiasribeiraopreto.com.br\/wp-content\/uploads\/2026\/04\/daniel-gobbi_2026-04-01_20-31-10.webp.webp?fit=1200%2C800&ssl=1&resize=350%2C200 1x, https:\/\/i0.wp.com\/noticiasribeiraopreto.com.br\/wp-content\/uploads\/2026\/04\/daniel-gobbi_2026-04-01_20-31-10.webp.webp?fit=1200%2C800&ssl=1&resize=525%2C300 1.5x, https:\/\/i0.wp.com\/noticiasribeiraopreto.com.br\/wp-content\/uploads\/2026\/04\/daniel-gobbi_2026-04-01_20-31-10.webp.webp?fit=1200%2C800&ssl=1&resize=700%2C400 2x, https:\/\/i0.wp.com\/noticiasribeiraopreto.com.br\/wp-content\/uploads\/2026\/04\/daniel-gobbi_2026-04-01_20-31-10.webp.webp?fit=1200%2C800&ssl=1&resize=1050%2C600 3x"},"classes":[]},{"id":51241,"url":"https:\/\/noticiasribeiraopreto.com.br\/index.php\/2024\/05\/24\/saiba-quem-nogueira-vai-apoiar-na-eleicao-para-prefeito-de-ribeirao-preto\/","url_meta":{"origin":29776,"position":5},"title":"Saiba quem Nogueira vai apoiar na elei\u00e7\u00e3o para prefeito de Ribeir\u00e3o Preto","author":"noticiasribeiraopreto.com.br","date":"24 de May de 2024","format":false,"excerpt":"O prefeito de Ribeir\u00e3o Preto, Duarte Nogueira (PSDB), anunciou na manh\u00e3 desta sexta-feira (24) o apoio ao pr\u00e9-canditato Alessandro Hirata, escolhido pelo chefe do Executivo para sua sucess\u00e3o na prefeitura da cidade. Com a confirma\u00e7\u00e3o da pr\u00e9-candidatura de Hirata, esse \u00e9 o 10\u00ba nome na lista para disputa do Executivo.\u2026","rel":"","context":"In &quot;Not\u00edcias de Ribeir\u00e3o Preto-SP e Regi\u00e3o&quot;","block_context":{"text":"Not\u00edcias de Ribeir\u00e3o Preto-SP e Regi\u00e3o","link":"https:\/\/noticiasribeiraopreto.com.br\/index.php\/category\/noticias-de-ribeirao-preto-sp-e-regiao-ismael-colosi\/"},"img":{"alt_text":"","src":"https:\/\/i0.wp.com\/noticiasribeiraopreto.com.br\/wp-content\/uploads\/2024\/05\/Copia-de-Copia-de-TAMANHO-EXATO-PARA-FOTOS-NO-SISTEMA-NOVO-39_2024-05-24_14-50-36_jpg_2024-05-24_14-50-36.webp.webp?fit=1200%2C675&ssl=1&resize=350%2C200","width":350,"height":200,"srcset":"https:\/\/i0.wp.com\/noticiasribeiraopreto.com.br\/wp-content\/uploads\/2024\/05\/Copia-de-Copia-de-TAMANHO-EXATO-PARA-FOTOS-NO-SISTEMA-NOVO-39_2024-05-24_14-50-36_jpg_2024-05-24_14-50-36.webp.webp?fit=1200%2C675&ssl=1&resize=350%2C200 1x, https:\/\/i0.wp.com\/noticiasribeiraopreto.com.br\/wp-content\/uploads\/2024\/05\/Copia-de-Copia-de-TAMANHO-EXATO-PARA-FOTOS-NO-SISTEMA-NOVO-39_2024-05-24_14-50-36_jpg_2024-05-24_14-50-36.webp.webp?fit=1200%2C675&ssl=1&resize=525%2C300 1.5x, https:\/\/i0.wp.com\/noticiasribeiraopreto.com.br\/wp-content\/uploads\/2024\/05\/Copia-de-Copia-de-TAMANHO-EXATO-PARA-FOTOS-NO-SISTEMA-NOVO-39_2024-05-24_14-50-36_jpg_2024-05-24_14-50-36.webp.webp?fit=1200%2C675&ssl=1&resize=700%2C400 2x, https:\/\/i0.wp.com\/noticiasribeiraopreto.com.br\/wp-content\/uploads\/2024\/05\/Copia-de-Copia-de-TAMANHO-EXATO-PARA-FOTOS-NO-SISTEMA-NOVO-39_2024-05-24_14-50-36_jpg_2024-05-24_14-50-36.webp.webp?fit=1200%2C675&ssl=1&resize=1050%2C600 3x"},"classes":[]}],"jetpack_sharing_enabled":true,"jetpack_shortlink":"https:\/\/wp.me\/peQAOb-7Kg","_links":{"self":[{"href":"https:\/\/noticiasribeiraopreto.com.br\/index.php\/wp-json\/wp\/v2\/posts\/29776","targetHints":{"allow":["GET"]}}],"collection":[{"href":"https:\/\/noticiasribeiraopreto.com.br\/index.php\/wp-json\/wp\/v2\/posts"}],"about":[{"href":"https:\/\/noticiasribeiraopreto.com.br\/index.php\/wp-json\/wp\/v2\/types\/post"}],"author":[{"embeddable":true,"href":"https:\/\/noticiasribeiraopreto.com.br\/index.php\/wp-json\/wp\/v2\/users\/1"}],"replies":[{"embeddable":true,"href":"https:\/\/noticiasribeiraopreto.com.br\/index.php\/wp-json\/wp\/v2\/comments?post=29776"}],"version-history":[{"count":0,"href":"https:\/\/noticiasribeiraopreto.com.br\/index.php\/wp-json\/wp\/v2\/posts\/29776\/revisions"}],"wp:featuredmedia":[{"embeddable":true,"href":"https:\/\/noticiasribeiraopreto.com.br\/index.php\/wp-json\/wp\/v2\/media\/29777"}],"wp:attachment":[{"href":"https:\/\/noticiasribeiraopreto.com.br\/index.php\/wp-json\/wp\/v2\/media?parent=29776"}],"wp:term":[{"taxonomy":"category","embeddable":true,"href":"https:\/\/noticiasribeiraopreto.com.br\/index.php\/wp-json\/wp\/v2\/categories?post=29776"},{"taxonomy":"post_tag","embeddable":true,"href":"https:\/\/noticiasribeiraopreto.com.br\/index.php\/wp-json\/wp\/v2\/tags?post=29776"}],"curies":[{"name":"wp","href":"https:\/\/api.w.org\/{rel}","templated":true}]}}