{"id":29798,"date":"2024-01-19T12:21:41","date_gmt":"2024-01-19T15:21:41","guid":{"rendered":"https:\/\/noticiasribeiraopreto.com.br\/index.php\/2024\/01\/19\/veiculo-fica-completamente-destruido-e-tres-falecimentos-sao-confirmados-na-br-153-apos-colisao-com-caminhao\/"},"modified":"2024-01-19T12:21:41","modified_gmt":"2024-01-19T15:21:41","slug":"veiculo-fica-completamente-destruido-e-tres-falecimentos-sao-confirmados-na-br-153-apos-colisao-com-caminhao","status":"publish","type":"post","link":"https:\/\/noticiasribeiraopreto.com.br\/index.php\/2024\/01\/19\/veiculo-fica-completamente-destruido-e-tres-falecimentos-sao-confirmados-na-br-153-apos-colisao-com-caminhao\/","title":{"rendered":"Ve\u00edculo fica completamente destru\u00eddo e tr\u00eas falecimentos s\u00e3o confirmados na BR-153 ap\u00f3s colis\u00e3o com caminh\u00e3o"},"content":{"rendered":"<div class='code-block code-block-1' style='margin: 8px 0 8px auto; text-align: right; display: block; clear: both;'>\n<p><a href=\"https:\/\/wa.link\/vpicfd\"><img data-recalc-dims=\"1\" class=\"wp-image-4922\" style=\"aspect-ratio: 2.0253164556962027; width: 561px; height: auto;\" src=\"https:\/\/i0.wp.com\/ismaelcolosi.com.br\/wp-content\/uploads\/2023\/11\/grupo-de-empregos-whatsapp-e-facebook-ismael-colosi-vagas.jpg?ssl=1\" alt=\"\" \/><\/a><\/p>\n<!-- \/wp:image -->\n<\/div>\n<p> <br \/>\n<\/p>\n<div itemprop=\"text\">\n<p>Na noite desta quinta-feira, dia 18 de janeiro, ocorreu um tr\u00e1gico acidente na BR-153, na regi\u00e3o de Frutal, o que resultou na perda de tr\u00eas vidas. O ve\u00edculo em que as v\u00edtimas estavam colidiu de forma violenta contra um caminh\u00e3o que seguia no sentido oposto da rodovia, o que deixou o autom\u00f3vel completamente destru\u00eddo.<\/p>\n<p>O acidente ocorreu por volta das 23h15, na BR-153, pr\u00f3ximo a localidade de Pradol\u00e2ndia. De acordo com informa\u00e7\u00f5es da PRF (Pol\u00edcia Rodovi\u00e1ria Federal), o carro estava viajando no sentido Prata a Frutal, quando de forma repentina, invadiu parcialmente a contram\u00e3o, o que resultou na colis\u00e3o contra o caminh\u00e3o.<\/p>\n<p>E ap\u00f3s ter ocorrido o impacto, o ve\u00edculo de passeio acabou saindo da pista, enquanto o caminh\u00e3o continuou a percorrer cerca de noventa metros antes de conseguir realizar uma manobra para frear completamente. Devido ao acidente, o motorista do caminh\u00e3o sofreu ferimentos leves.<\/p>\n<p>E infelizmente, o condutor do ve\u00edculo, de 46 anos de idade, e suas duas passageiras, de 57 e 71 anos, ficaram presos \u00e0s ferragens, n\u00e3o resistiram aos graves ferimentos e tiveram seus falecimentos confirmados ainda no local. As v\u00edtimas eram naturais da regi\u00e3o de Patroc\u00ednio, mas residiam em S\u00e3o Jos\u00e9 do Rio Preto.<\/p>\n<p>O acidente tamb\u00e9m acabou resultando em derramamento de \u00f3leo da pista, o que levou \u00e1 interdi\u00e7\u00e3o do trecho por um per\u00edodo de cerca de quatro horas. A rodovia foi liberada durante a madrugada desta sexta-feira, dia 19 de janeiro, ap\u00f3s a conclus\u00e3o dos procedimentos que eram necess\u00e1rios.<\/p>\n<\/div>\n<p><br \/>\n<br \/><a href=\"https:\/\/fnmais.com\/veiculo-fica-completamente-destruido-tres-falecimentos-sao-confirmados-na-br-153-apos-colisao-com-caminhao\/\">Source link <\/a><\/p>\n<!-- CONTENT END 1 -->\n","protected":false},"excerpt":{"rendered":"<p>Na noite desta quinta-feira, dia 18 de janeiro, ocorreu um tr\u00e1gico acidente na BR-153, na regi\u00e3o de Frutal, o que resultou na perda de tr\u00eas&#8230;<\/p>\n","protected":false},"author":1,"featured_media":29799,"comment_status":"open","ping_status":"open","sticky":false,"template":"","format":"standard","meta":{"advanced_seo_description":"","jetpack_seo_html_title":"","jetpack_seo_noindex":false,"jetpack_post_was_ever_published":false,"_jetpack_newsletter_access":"","_jetpack_dont_email_post_to_subs":false,"_jetpack_newsletter_tier_id":0,"_jetpack_memberships_contains_paywalled_content":false,"_jetpack_memberships_contains_paid_content":false,"footnotes":"","jetpack_publicize_message":"","jetpack_publicize_feature_enabled":true,"jetpack_social_post_already_shared":true,"jetpack_social_options":{"image_generator_settings":{"template":"highway","default_image_id":0,"font":"","enabled":false},"version":2}},"categories":[1],"tags":[],"class_list":["post-29798","post","type-post","status-publish","format-standard","has-post-thumbnail","hentry","category-blog"],"jetpack_publicize_connections":[],"jetpack_featured_media_url":"https:\/\/i0.wp.com\/noticiasribeiraopreto.com.br\/wp-content\/uploads\/2024\/01\/postimg-65aa85192c1061519.jpg?fit=1200%2C628&ssl=1","jetpack-related-posts":[{"id":80918,"url":"https:\/\/noticiasribeiraopreto.com.br\/index.php\/2025\/12\/18\/video-acidente-entre-carro-e-caminhoes-parou-anhanguera\/","url_meta":{"origin":29798,"position":0},"title":"V\u00cdDEO &#8211; Acidente entre carro e caminh\u00f5es parou Anhanguera","author":"noticiasribeiraopreto.com.br","date":"18 de December de 2025","format":false,"excerpt":"\r \r \r Colis\u00e3o ocorreu na pista sentido a Ribeir\u00e3o Preto e motorista do carro foi resgatado consciente ap\u00f3s ficar preso nas ferragens\r \r 18 de dezembro de 2025 09:0818 de dezembro de 2025 09:08 \r Compartilhar2 \r Por: Adalberto Luque Um grave acidente causou enorme congestionamento na Rodovia Anhanguera\u2026","rel":"","context":"In &quot;Not\u00edcias de Ribeir\u00e3o Preto-SP e Regi\u00e3o&quot;","block_context":{"text":"Not\u00edcias de Ribeir\u00e3o Preto-SP e Regi\u00e3o","link":"https:\/\/noticiasribeiraopreto.com.br\/index.php\/category\/noticias-de-ribeirao-preto-sp-e-regiao-ismael-colosi\/"},"img":{"alt_text":"","src":"https:\/\/i0.wp.com\/noticiasribeiraopreto.com.br\/wp-content\/uploads\/2025\/12\/18-dez-2025-acidenteanhanguera0-scaled.jpg?fit=951%2C780&ssl=1&resize=350%2C200","width":350,"height":200,"srcset":"https:\/\/i0.wp.com\/noticiasribeiraopreto.com.br\/wp-content\/uploads\/2025\/12\/18-dez-2025-acidenteanhanguera0-scaled.jpg?fit=951%2C780&ssl=1&resize=350%2C200 1x, https:\/\/i0.wp.com\/noticiasribeiraopreto.com.br\/wp-content\/uploads\/2025\/12\/18-dez-2025-acidenteanhanguera0-scaled.jpg?fit=951%2C780&ssl=1&resize=525%2C300 1.5x, https:\/\/i0.wp.com\/noticiasribeiraopreto.com.br\/wp-content\/uploads\/2025\/12\/18-dez-2025-acidenteanhanguera0-scaled.jpg?fit=951%2C780&ssl=1&resize=700%2C400 2x"},"classes":[]},{"id":19540,"url":"https:\/\/noticiasribeiraopreto.com.br\/index.php\/2023\/12\/22\/crianca-e-casal-nao-sobrevivem-apos-carro-colidir-com-anta-e-bater-em-um-caminhao-na-br-262\/","url_meta":{"origin":29798,"position":1},"title":"Crian\u00e7a e casal n\u00e3o sobrevivem ap\u00f3s carro colidir com anta e bater em um caminh\u00e3o na BR-262","author":"noticiasribeiraopreto.com.br","date":"22 de December de 2023","format":false,"excerpt":"Na noite desta quinta-feira, dia 21 de dezembro, ocorreu um tr\u00e1gico acidente na BR-262, na regi\u00e3o de Ribas do Rio Padro, algo que resultou na perda de tr\u00eas vidas. As v\u00edtimas foram identificadas pelos nomes de Rodrigo Sotto, de 34 anos de idade, Maristela da Silva, de 33 anos, e\u2026","rel":"","context":"In &quot;Blog&quot;","block_context":{"text":"Blog","link":"https:\/\/noticiasribeiraopreto.com.br\/index.php\/category\/blog\/"},"img":{"alt_text":"","src":"https:\/\/i0.wp.com\/noticiasribeiraopreto.com.br\/wp-content\/uploads\/2023\/12\/postimg-6585ca5d92e569682.jpg?fit=1200%2C628&ssl=1&resize=350%2C200","width":350,"height":200,"srcset":"https:\/\/i0.wp.com\/noticiasribeiraopreto.com.br\/wp-content\/uploads\/2023\/12\/postimg-6585ca5d92e569682.jpg?fit=1200%2C628&ssl=1&resize=350%2C200 1x, https:\/\/i0.wp.com\/noticiasribeiraopreto.com.br\/wp-content\/uploads\/2023\/12\/postimg-6585ca5d92e569682.jpg?fit=1200%2C628&ssl=1&resize=525%2C300 1.5x, https:\/\/i0.wp.com\/noticiasribeiraopreto.com.br\/wp-content\/uploads\/2023\/12\/postimg-6585ca5d92e569682.jpg?fit=1200%2C628&ssl=1&resize=700%2C400 2x, https:\/\/i0.wp.com\/noticiasribeiraopreto.com.br\/wp-content\/uploads\/2023\/12\/postimg-6585ca5d92e569682.jpg?fit=1200%2C628&ssl=1&resize=1050%2C600 3x"},"classes":[]},{"id":28064,"url":"https:\/\/noticiasribeiraopreto.com.br\/index.php\/2024\/01\/14\/professor-de-49-anos-morre-apos-colisao-inusitada-na-br-060-acidente-foi-causado-por-caminhao\/","url_meta":{"origin":29798,"position":2},"title":"Professor de 49 anos morre ap\u00f3s colis\u00e3o inusitada na BR-060; acidente foi causado por caminh\u00e3o","author":"noticiasribeiraopreto.com.br","date":"14 de January de 2024","format":false,"excerpt":"Um tr\u00e1gico acidente ocorrido na BR-060, em Cezarina, no sul de Goi\u00e1s, resultou na morte do professor de rob\u00f3tica Max Vin\u00edcius Cunha, de 49 anos, e deixou gravemente ferida uma mulher de 63 anos.O incidente ocorreu na \u00faltima sexta, dia 12 de janeiro, quando uma roda de caminh\u00e3o se desprendeu\u2026","rel":"","context":"In &quot;Blog&quot;","block_context":{"text":"Blog","link":"https:\/\/noticiasribeiraopreto.com.br\/index.php\/category\/blog\/"},"img":{"alt_text":"","src":"https:\/\/i0.wp.com\/noticiasribeiraopreto.com.br\/wp-content\/uploads\/2024\/01\/postimg-65a42d1dec8619468.jpg?fit=1200%2C628&ssl=1&resize=350%2C200","width":350,"height":200,"srcset":"https:\/\/i0.wp.com\/noticiasribeiraopreto.com.br\/wp-content\/uploads\/2024\/01\/postimg-65a42d1dec8619468.jpg?fit=1200%2C628&ssl=1&resize=350%2C200 1x, https:\/\/i0.wp.com\/noticiasribeiraopreto.com.br\/wp-content\/uploads\/2024\/01\/postimg-65a42d1dec8619468.jpg?fit=1200%2C628&ssl=1&resize=525%2C300 1.5x, https:\/\/i0.wp.com\/noticiasribeiraopreto.com.br\/wp-content\/uploads\/2024\/01\/postimg-65a42d1dec8619468.jpg?fit=1200%2C628&ssl=1&resize=700%2C400 2x, https:\/\/i0.wp.com\/noticiasribeiraopreto.com.br\/wp-content\/uploads\/2024\/01\/postimg-65a42d1dec8619468.jpg?fit=1200%2C628&ssl=1&resize=1050%2C600 3x"},"classes":[]},{"id":84515,"url":"https:\/\/noticiasribeiraopreto.com.br\/index.php\/2026\/04\/10\/motorista-morre-apos-colisao-entre-dois-caminhoes-em-rodovia-da-regiao\/","url_meta":{"origin":29798,"position":3},"title":"Motorista morre ap\u00f3s colis\u00e3o entre dois caminh\u00f5es em rodovia da regi\u00e3o","author":"noticiasribeiraopreto.com.br","date":"10 de April de 2026","format":false,"excerpt":"Ler o resumo da not\u00edcia Motorista morreu em colis\u00e3o entre dois caminh\u00f5es na rodovia Laurentino Mascari, em Taquaritinga (SP), na tarde desta sexta-feira (10). Condutor de caminh\u00e3o branco perdeu o controle ap\u00f3s dormir ao volante e atingiu a lateral de um caminh\u00e3o preto no sentido oposto. O passageiro do caminh\u00e3o\u2026","rel":"","context":"In &quot;Not\u00edcias de Ribeir\u00e3o Preto-SP e Regi\u00e3o&quot;","block_context":{"text":"Not\u00edcias de Ribeir\u00e3o Preto-SP e Regi\u00e3o","link":"https:\/\/noticiasribeiraopreto.com.br\/index.php\/category\/noticias-de-ribeirao-preto-sp-e-regiao-ismael-colosi\/"},"img":{"alt_text":"","src":"https:\/\/i0.wp.com\/noticiasribeiraopreto.com.br\/wp-content\/uploads\/2026\/04\/030911d9-d2f5-4c7a-8495-ad2559c94125_2026-04-10_18-59-43.webp.webp?fit=704%2C576&ssl=1&resize=350%2C200","width":350,"height":200,"srcset":"https:\/\/i0.wp.com\/noticiasribeiraopreto.com.br\/wp-content\/uploads\/2026\/04\/030911d9-d2f5-4c7a-8495-ad2559c94125_2026-04-10_18-59-43.webp.webp?fit=704%2C576&ssl=1&resize=350%2C200 1x, https:\/\/i0.wp.com\/noticiasribeiraopreto.com.br\/wp-content\/uploads\/2026\/04\/030911d9-d2f5-4c7a-8495-ad2559c94125_2026-04-10_18-59-43.webp.webp?fit=704%2C576&ssl=1&resize=525%2C300 1.5x, https:\/\/i0.wp.com\/noticiasribeiraopreto.com.br\/wp-content\/uploads\/2026\/04\/030911d9-d2f5-4c7a-8495-ad2559c94125_2026-04-10_18-59-43.webp.webp?fit=704%2C576&ssl=1&resize=700%2C400 2x"},"classes":[]},{"id":74848,"url":"https:\/\/noticiasribeiraopreto.com.br\/index.php\/2025\/07\/30\/video-acidente-entre-caminhoes-congestiona-anhanguera\/","url_meta":{"origin":29798,"position":4},"title":"V\u00cdDEO &#8211; Acidente entre caminh\u00f5es congestiona Anhanguera","author":"noticiasribeiraopreto.com.br","date":"30 de July de 2025","format":false,"excerpt":"Colis\u00e3o ocorreu pr\u00f3ximo ao entreposto da Ceagesp e um dos ve\u00edculos tombou e invadiu a pista contr\u00e1ria 30 de julho de 2025 10:1830 de julho de 2025 10:199 Compartilhar1 Por: Adalberto Luque Um acidente entre dois caminh\u00f5es causou grande congestionamento, na manh\u00e3 desta quarta-feira (30). A colis\u00e3o ocorreu na Rodovia\u2026","rel":"","context":"In &quot;Not\u00edcias de Ribeir\u00e3o Preto-SP e Regi\u00e3o&quot;","block_context":{"text":"Not\u00edcias de Ribeir\u00e3o Preto-SP e Regi\u00e3o","link":"https:\/\/noticiasribeiraopreto.com.br\/index.php\/category\/noticias-de-ribeirao-preto-sp-e-regiao-ismael-colosi\/"},"img":{"alt_text":"","src":"https:\/\/i0.wp.com\/noticiasribeiraopreto.com.br\/wp-content\/uploads\/2025\/07\/30-jul-2025-acidenteanhanguera1.jpg?fit=822%2C548&ssl=1&resize=350%2C200","width":350,"height":200,"srcset":"https:\/\/i0.wp.com\/noticiasribeiraopreto.com.br\/wp-content\/uploads\/2025\/07\/30-jul-2025-acidenteanhanguera1.jpg?fit=822%2C548&ssl=1&resize=350%2C200 1x, https:\/\/i0.wp.com\/noticiasribeiraopreto.com.br\/wp-content\/uploads\/2025\/07\/30-jul-2025-acidenteanhanguera1.jpg?fit=822%2C548&ssl=1&resize=525%2C300 1.5x, https:\/\/i0.wp.com\/noticiasribeiraopreto.com.br\/wp-content\/uploads\/2025\/07\/30-jul-2025-acidenteanhanguera1.jpg?fit=822%2C548&ssl=1&resize=700%2C400 2x"},"classes":[]},{"id":70717,"url":"https:\/\/noticiasribeiraopreto.com.br\/index.php\/2025\/05\/29\/video-acidente-trava-transito-em-rodovia-de-rp\/","url_meta":{"origin":29798,"position":5},"title":"V\u00cdDEO &#8211; Acidente trava tr\u00e2nsito em rodovia de RP","author":"noticiasribeiraopreto.com.br","date":"29 de May de 2025","format":false,"excerpt":"Caminh\u00e3o e carreta bateram e ca\u00e7ambas ca\u00edram na pista do sentido oposto, interditando parcialmente as duas pistas 29 de maio de 2025 09:453 Compartilhar1 Por: Adalberto Luque Um acidente entre uma carreta e um caminh\u00e3o que carrega ca\u00e7ambas causou um grande congestionamento, na manh\u00e3 desta quinta-feira (28). A colis\u00e3o ocorreu\u2026","rel":"","context":"In &quot;Not\u00edcias de Ribeir\u00e3o Preto-SP e Regi\u00e3o&quot;","block_context":{"text":"Not\u00edcias de Ribeir\u00e3o Preto-SP e Regi\u00e3o","link":"https:\/\/noticiasribeiraopreto.com.br\/index.php\/category\/noticias-de-ribeirao-preto-sp-e-regiao-ismael-colosi\/"},"img":{"alt_text":"","src":"https:\/\/i0.wp.com\/noticiasribeiraopreto.com.br\/wp-content\/uploads\/2025\/05\/29-mai-2025-acidentebiagi4.jpg?fit=1059%2C842&ssl=1&resize=350%2C200","width":350,"height":200,"srcset":"https:\/\/i0.wp.com\/noticiasribeiraopreto.com.br\/wp-content\/uploads\/2025\/05\/29-mai-2025-acidentebiagi4.jpg?fit=1059%2C842&ssl=1&resize=350%2C200 1x, https:\/\/i0.wp.com\/noticiasribeiraopreto.com.br\/wp-content\/uploads\/2025\/05\/29-mai-2025-acidentebiagi4.jpg?fit=1059%2C842&ssl=1&resize=525%2C300 1.5x, https:\/\/i0.wp.com\/noticiasribeiraopreto.com.br\/wp-content\/uploads\/2025\/05\/29-mai-2025-acidentebiagi4.jpg?fit=1059%2C842&ssl=1&resize=700%2C400 2x, https:\/\/i0.wp.com\/noticiasribeiraopreto.com.br\/wp-content\/uploads\/2025\/05\/29-mai-2025-acidentebiagi4.jpg?fit=1059%2C842&ssl=1&resize=1050%2C600 3x"},"classes":[]}],"jetpack_sharing_enabled":true,"jetpack_shortlink":"https:\/\/wp.me\/peQAOb-7KC","_links":{"self":[{"href":"https:\/\/noticiasribeiraopreto.com.br\/index.php\/wp-json\/wp\/v2\/posts\/29798","targetHints":{"allow":["GET"]}}],"collection":[{"href":"https:\/\/noticiasribeiraopreto.com.br\/index.php\/wp-json\/wp\/v2\/posts"}],"about":[{"href":"https:\/\/noticiasribeiraopreto.com.br\/index.php\/wp-json\/wp\/v2\/types\/post"}],"author":[{"embeddable":true,"href":"https:\/\/noticiasribeiraopreto.com.br\/index.php\/wp-json\/wp\/v2\/users\/1"}],"replies":[{"embeddable":true,"href":"https:\/\/noticiasribeiraopreto.com.br\/index.php\/wp-json\/wp\/v2\/comments?post=29798"}],"version-history":[{"count":0,"href":"https:\/\/noticiasribeiraopreto.com.br\/index.php\/wp-json\/wp\/v2\/posts\/29798\/revisions"}],"wp:featuredmedia":[{"embeddable":true,"href":"https:\/\/noticiasribeiraopreto.com.br\/index.php\/wp-json\/wp\/v2\/media\/29799"}],"wp:attachment":[{"href":"https:\/\/noticiasribeiraopreto.com.br\/index.php\/wp-json\/wp\/v2\/media?parent=29798"}],"wp:term":[{"taxonomy":"category","embeddable":true,"href":"https:\/\/noticiasribeiraopreto.com.br\/index.php\/wp-json\/wp\/v2\/categories?post=29798"},{"taxonomy":"post_tag","embeddable":true,"href":"https:\/\/noticiasribeiraopreto.com.br\/index.php\/wp-json\/wp\/v2\/tags?post=29798"}],"curies":[{"name":"wp","href":"https:\/\/api.w.org\/{rel}","templated":true}]}}