{"id":29802,"date":"2024-01-19T12:36:48","date_gmt":"2024-01-19T15:36:48","guid":{"rendered":"https:\/\/noticiasribeiraopreto.com.br\/index.php\/2024\/01\/19\/oi-indica-novo-presidente-executivo-forbes\/"},"modified":"2024-01-19T12:36:48","modified_gmt":"2024-01-19T15:36:48","slug":"oi-indica-novo-presidente-executivo-forbes","status":"publish","type":"post","link":"https:\/\/noticiasribeiraopreto.com.br\/index.php\/2024\/01\/19\/oi-indica-novo-presidente-executivo-forbes\/","title":{"rendered":"Oi indica novo presidente-executivo &#8211; Forbes"},"content":{"rendered":"<div class='code-block code-block-1' style='margin: 8px 0 8px auto; text-align: right; display: block; clear: both;'>\n<p><a href=\"https:\/\/wa.link\/vpicfd\"><img data-recalc-dims=\"1\" class=\"wp-image-4922\" style=\"aspect-ratio: 2.0253164556962027; width: 561px; height: auto;\" src=\"https:\/\/i0.wp.com\/ismaelcolosi.com.br\/wp-content\/uploads\/2023\/11\/grupo-de-empregos-whatsapp-e-facebook-ismael-colosi-vagas.jpg?ssl=1\" alt=\"\" \/><\/a><\/p>\n<!-- \/wp:image -->\n<\/div>\n<p> <br \/>\n<\/p>\n<div>\n<div id=\"attachment_591012\" class=\"wp-caption alignnone style=\" max-width:=\"\"><img data-recalc-dims=\"1\" fetchpriority=\"high\" decoding=\"async\" class=\"alignnone alignnone size-medium wp-image-591012\" src=\"https:\/\/i0.wp.com\/forbes.com.br\/wp-content\/uploads\/2024\/01\/money-oi-telecom-768x512.jpg?resize=678%2C452&#038;ssl=1\" http:=\"\" alt=\"Logo Oi - Imagem: Getty Images\" width=\"678\" height=\"452\" data-lazy-src=\"https:\/\/forbes.com.br\/wp-content\/uploads\/2024\/01\/money-oi-telecom-768x512.jpg\"\/><noscript><img data-recalc-dims=\"1\" fetchpriority=\"high\" decoding=\"async\" class=\"alignnone alignnone size-medium wp-image-591012\" src=\"https:\/\/i0.wp.com\/forbes.com.br\/wp-content\/uploads\/2024\/01\/money-oi-telecom-768x512.jpg?resize=678%2C452&#038;ssl=1\" alt=\"Logo Oi - Imagem: Getty Images\" width=\"678\" height=\"452\"\/><\/noscript><\/p>\n<p>Logo Oi &#8211; Imagem: Getty Images<\/p>\n<p class=\"wp-caption-text\">Sob nova lideran\u00e7a, Oi deve apresentar novo plano de Recupera\u00e7\u00e3o Judicial at\u00e9 o final do m\u00eas<\/p>\n<\/div>\n<p>A companhia de telecomunica\u00e7\u00f5es Oi, que atravessa uma segunda recupera\u00e7\u00e3o judicial consecutiva, anunciou no final da noite de quinta-feira (18) que o atual presidente-executivo n\u00e3o vai renovar contrato com a empresa e que ser\u00e1 substitu\u00eddo por membro independente do conselho de administra\u00e7\u00e3o.<\/p>\n<h3>Siga o canal da <a href=\"https:\/\/whatsapp.com\/channel\/0029Va9gQKwBFLgM96cJnu0u\" target=\"_blank\" rel=\"noopener\">Forbes<\/a> e de <a href=\"https:\/\/whatsapp.com\/channel\/0029VaAZk57JuyA9F4UwQc2I\" target=\"_blank\" rel=\"noopener\">Forbes Money<\/a> no WhatsApp e receba as principais not\u00edcias sobre neg\u00f3cios, carreira, tecnologia e estilo de vida<\/h3>\n<p>\u201cO executivo e o conselho de administra\u00e7\u00e3o tomaram a decis\u00e3o, de comum acordo, de n\u00e3o renova\u00e7\u00e3o do mandato para o pr\u00f3ximo per\u00edodo\u201d, afirmou a Oi se referindo a Rodrigo Modesto de Abreu.<\/p>\n<p>O mandato de dois anos de Abreu acaba no final deste m\u00eas e para seu lugar a companhia indicou Mateus Affonso Bandeira, que tamb\u00e9m \u00e9 conselheiro da Vibra Energia, Intelbr\u00e1s e Marcopolo, e j\u00e1 foi presidente-executivo da consultoria Falconi e do Banrisul.<\/p>\n<h3><strong><a href=\"https:\/\/t.me\/forbesmoney\" target=\"_blank\" rel=\"noopener\">Acompanhe em primeira m\u00e3o o conte\u00fado do Forbes Money no Telegram<\/a><\/strong><\/h3>\n<p>\u201cNessa nova fase da Oi, al\u00e9m dos desafios imediatos de aprova\u00e7\u00e3o do novo plano de recupera\u00e7\u00e3o judicial e conclus\u00e3o do acordo para a resolu\u00e7\u00e3o da concess\u00e3o STFC, a companhia manter\u00e1 o foco cr\u00edtico na redu\u00e7\u00e3o dos custos operacionais em todas as suas \u00e1reas, em particular nas \u00e1reas ligadas \u00e0s opera\u00e7\u00f5es legadas, e na acelera\u00e7\u00e3o de suas opera\u00e7\u00f5es Oi Fibra e Oi Solu\u00e7\u00f5es\u201d, afirmou a empresa em comunicado ao mercado.<\/p>\n<p>A expectativa da Oi \u00e9 que o novo plano seja apresentado at\u00e9 o final deste m\u00eas.<\/p>\n<\/div>\n<p><script type=\"rocketlazyloadscript\">\n\t\t\t\t(function(d, s, id){\n\t\t\t\t\tvar js, fjs = d.getElementsByTagName(s)[0];\n\t\t\t\t\tif (d.getElementById(id)) return;\n\t\t\t\t\tjs = d.createElement(s); js.id = id;\n\t\t\t\t\tjs.src = \"\/\/connect.facebook.net\/pt_BR\/sdk.js#xfbml=1&version=v2.9\";\n\t\t\t\t\tfjs.parentNode.insertBefore(js, fjs);\n\t\t\t\t}(document, 'script', 'facebook-jssdk'));\n\t\t\t<\/script><br \/>\n<br \/><br \/>\n<br \/><a href=\"https:\/\/forbes.com.br\/forbes-money\/2024\/01\/oi-indica-novo-presidente-executivo\/\">Source link <\/a><\/p>\n<!-- CONTENT END 1 -->\n","protected":false},"excerpt":{"rendered":"<p>Logo Oi &#8211; Imagem: Getty Images Sob nova lideran\u00e7a, Oi deve apresentar novo plano de Recupera\u00e7\u00e3o Judicial at\u00e9 o final do m\u00eas A companhia de&#8230;<\/p>\n","protected":false},"author":1,"featured_media":29803,"comment_status":"open","ping_status":"open","sticky":false,"template":"","format":"standard","meta":{"advanced_seo_description":"","jetpack_seo_html_title":"","jetpack_seo_noindex":false,"jetpack_post_was_ever_published":false,"_jetpack_newsletter_access":"","_jetpack_dont_email_post_to_subs":false,"_jetpack_newsletter_tier_id":0,"_jetpack_memberships_contains_paywalled_content":false,"_jetpack_memberships_contains_paid_content":false,"footnotes":"","jetpack_publicize_message":"","jetpack_publicize_feature_enabled":true,"jetpack_social_post_already_shared":true,"jetpack_social_options":{"image_generator_settings":{"template":"highway","default_image_id":0,"font":"","enabled":false},"version":2}},"categories":[1],"tags":[],"class_list":["post-29802","post","type-post","status-publish","format-standard","has-post-thumbnail","hentry","category-blog"],"jetpack_publicize_connections":[],"jetpack_featured_media_url":"https:\/\/i0.wp.com\/noticiasribeiraopreto.com.br\/wp-content\/uploads\/2024\/01\/money-oi-telecom-1024x683.jpg?fit=1024%2C683&ssl=1","jetpack-related-posts":[{"id":29728,"url":"https:\/\/noticiasribeiraopreto.com.br\/index.php\/2024\/01\/19\/oi-oibr3-troca-ceo-e-promete-nova-proposta-de-recuperacao-judicial-nos-proximos-dias\/","url_meta":{"origin":29802,"position":0},"title":"Oi (OIBR3) troca CEO e promete nova proposta de recupera\u00e7\u00e3o judicial nos pr\u00f3ximos dias","author":"noticiasribeiraopreto.com.br","date":"19 de January de 2024","format":false,"excerpt":"A Oi (OIBR3) tem um novo CEO. Mateus Bandeira vai suceder Rodrigo Abreu na presid\u00eancia da companhia. No an\u00fancio feito no fim da noite de quinta-feira (18), a Oi tamb\u00e9m anunciou que pretende apresentar a seus credores ainda em janeiro uma proposta de recupera\u00e7\u00e3o judicial. A troca de comando da\u2026","rel":"","context":"In &quot;Dinheiro e Investimento&quot;","block_context":{"text":"Dinheiro e Investimento","link":"https:\/\/noticiasribeiraopreto.com.br\/index.php\/category\/dinheiro-e-investimento-como-fazer-como-ganhar\/"},"img":{"alt_text":"","src":"https:\/\/i0.wp.com\/noticiasribeiraopreto.com.br\/wp-content\/uploads\/2024\/01\/oi-oibr3-telecom-recuperacao-628x353.jpg?fit=628%2C353&ssl=1&resize=350%2C200","width":350,"height":200,"srcset":"https:\/\/i0.wp.com\/noticiasribeiraopreto.com.br\/wp-content\/uploads\/2024\/01\/oi-oibr3-telecom-recuperacao-628x353.jpg?fit=628%2C353&ssl=1&resize=350%2C200 1x, https:\/\/i0.wp.com\/noticiasribeiraopreto.com.br\/wp-content\/uploads\/2024\/01\/oi-oibr3-telecom-recuperacao-628x353.jpg?fit=628%2C353&ssl=1&resize=525%2C300 1.5x"},"classes":[]},{"id":14699,"url":"https:\/\/noticiasribeiraopreto.com.br\/index.php\/2023\/12\/12\/justica-prorroga-blindagem-contra-credores\/","url_meta":{"origin":29802,"position":1},"title":"Justi\u00e7a prorroga blindagem contra credores","author":"noticiasribeiraopreto.com.br","date":"12 de December de 2023","format":false,"excerpt":"A Justi\u00e7a concordou em prorrogar a \u201cblindagem\u201d da Oi (OIBR3) contra seus credores por mais tr\u00eas meses. O objetivo da decis\u00e3o \u00e9 assegurar a continuidade do processo de recupera\u00e7\u00e3o judicial da companhia. O ju\u00edzo da 7\u00aa vara empresarial da comarca da capital do Rio de Janeiro aprovou a extens\u00e3o do\u2026","rel":"","context":"In &quot;Dinheiro e Investimento&quot;","block_context":{"text":"Dinheiro e Investimento","link":"https:\/\/noticiasribeiraopreto.com.br\/index.php\/category\/dinheiro-e-investimento-como-fazer-como-ganhar\/"},"img":{"alt_text":"","src":"https:\/\/i0.wp.com\/noticiasribeiraopreto.com.br\/wp-content\/uploads\/2023\/12\/oi-oibr3-telecom-recuperacao-628x353.jpg?fit=628%2C353&ssl=1&resize=350%2C200","width":350,"height":200,"srcset":"https:\/\/i0.wp.com\/noticiasribeiraopreto.com.br\/wp-content\/uploads\/2023\/12\/oi-oibr3-telecom-recuperacao-628x353.jpg?fit=628%2C353&ssl=1&resize=350%2C200 1x, https:\/\/i0.wp.com\/noticiasribeiraopreto.com.br\/wp-content\/uploads\/2023\/12\/oi-oibr3-telecom-recuperacao-628x353.jpg?fit=628%2C353&ssl=1&resize=525%2C300 1.5x"},"classes":[]},{"id":29734,"url":"https:\/\/noticiasribeiraopreto.com.br\/index.php\/2024\/01\/19\/esquenta-dos-mercados-wall-street-amanhece-em-alta-em-dia-de-previa-do-pib-no-brasil\/","url_meta":{"origin":29802,"position":2},"title":"Esquenta dos mercados: Wall Street amanhece em alta em dia de pr\u00e9via do PIB no Brasil","author":"noticiasribeiraopreto.com.br","date":"19 de January de 2024","format":false,"excerpt":"RESUMO DO DIA: A agenda desta sexta-feira (19), no Brasil, \u00e9 dominada pela divulga\u00e7\u00e3o do IBC-Br de novembro, \u00e0s 9 horas. Enquanto isso, o Banco Central abre as reuni\u00f5es trimestrais com economistas para elabora\u00e7\u00e3o do Relat\u00f3rio de Infla\u00e7\u00e3o e a quest\u00e3o fiscal deve continuar no radar. Os investidores tamb\u00e9m monitoram\u2026","rel":"","context":"In &quot;Dinheiro e Investimento&quot;","block_context":{"text":"Dinheiro e Investimento","link":"https:\/\/noticiasribeiraopreto.com.br\/index.php\/category\/dinheiro-e-investimento-como-fazer-como-ganhar\/"},"img":{"alt_text":"","src":"https:\/\/i0.wp.com\/noticiasribeiraopreto.com.br\/wp-content\/uploads\/2024\/01\/Selo-Mercados-Urso-Baixa-FECHAMENTO-628x353.jpg?fit=628%2C353&ssl=1&resize=350%2C200","width":350,"height":200,"srcset":"https:\/\/i0.wp.com\/noticiasribeiraopreto.com.br\/wp-content\/uploads\/2024\/01\/Selo-Mercados-Urso-Baixa-FECHAMENTO-628x353.jpg?fit=628%2C353&ssl=1&resize=350%2C200 1x, https:\/\/i0.wp.com\/noticiasribeiraopreto.com.br\/wp-content\/uploads\/2024\/01\/Selo-Mercados-Urso-Baixa-FECHAMENTO-628x353.jpg?fit=628%2C353&ssl=1&resize=525%2C300 1.5x"},"classes":[]},{"id":32763,"url":"https:\/\/noticiasribeiraopreto.com.br\/index.php\/2024\/01\/26\/gol-nao-espera-demissoes-por-recuperacao-judicial\/","url_meta":{"origin":29802,"position":3},"title":"Gol n\u00e3o espera demiss\u00f5es por recupera\u00e7\u00e3o judicial","author":"noticiasribeiraopreto.com.br","date":"26 de January de 2024","format":false,"excerpt":"ReutersA Gol segue o caminho de outras companhias a\u00e9reas latino-americanas, como a colombiana Avianca, a mexicana Aeromexico e a chilena Latam Airlines O presidente-executivo da companhia a\u00e9rea Gol n\u00e3o prev\u00ea demiss\u00f5es de pessoal relacionadas ao pedido de recupera\u00e7\u00e3o judicial feito pela empresa na v\u00e9spera nos Estados Unidos, afirmou Celso Ferrer,\u2026","rel":"","context":"In &quot;Blog&quot;","block_context":{"text":"Blog","link":"https:\/\/noticiasribeiraopreto.com.br\/index.php\/category\/blog\/"},"img":{"alt_text":"","src":"https:\/\/i0.wp.com\/noticiasribeiraopreto.com.br\/wp-content\/uploads\/2024\/01\/money-gol-aviao-1-1024x683.jpg?fit=1024%2C683&ssl=1&resize=350%2C200","width":350,"height":200,"srcset":"https:\/\/i0.wp.com\/noticiasribeiraopreto.com.br\/wp-content\/uploads\/2024\/01\/money-gol-aviao-1-1024x683.jpg?fit=1024%2C683&ssl=1&resize=350%2C200 1x, https:\/\/i0.wp.com\/noticiasribeiraopreto.com.br\/wp-content\/uploads\/2024\/01\/money-gol-aviao-1-1024x683.jpg?fit=1024%2C683&ssl=1&resize=525%2C300 1.5x, https:\/\/i0.wp.com\/noticiasribeiraopreto.com.br\/wp-content\/uploads\/2024\/01\/money-gol-aviao-1-1024x683.jpg?fit=1024%2C683&ssl=1&resize=700%2C400 2x"},"classes":[]},{"id":31219,"url":"https:\/\/noticiasribeiraopreto.com.br\/index.php\/2024\/01\/21\/empresa-de-eike-batista-de-volta-a-recuperacao-judicial-com-dividas-de-r-79-bilhoes-osx-osxb3-entra-com-novo-processo-de-reestruturacao\/","url_meta":{"origin":29802,"position":4},"title":"Empresa de Eike Batista de volta \u00e0 recupera\u00e7\u00e3o judicial: Com d\u00edvidas de R$ 7,9 bilh\u00f5es, OSX (OSXB3) entra com novo processo de reestrutura\u00e7\u00e3o\u00a0","author":"noticiasribeiraopreto.com.br","date":"21 de January de 2024","format":false,"excerpt":"Quatro anos ap\u00f3s o fim da primeira recupera\u00e7\u00e3o judicial, a OSX (OSXB3), empresa de log\u00edstica portu\u00e1ria e constru\u00e7\u00e3o naval do ex-bilion\u00e1rio Eike Batista, abriu um pedido para entrar em um novo processo de reestrutura\u00e7\u00e3o. O Grupo OSX enviou neste s\u00e1bado (20) um novo pedido de recupera\u00e7\u00e3o judicial para o Ju\u00edzo\u2026","rel":"","context":"In &quot;Dinheiro e Investimento&quot;","block_context":{"text":"Dinheiro e Investimento","link":"https:\/\/noticiasribeiraopreto.com.br\/index.php\/category\/dinheiro-e-investimento-como-fazer-como-ganhar\/"},"img":{"alt_text":"","src":"https:\/\/i0.wp.com\/noticiasribeiraopreto.com.br\/wp-content\/uploads\/2024\/01\/Eike-batista-628x353.jpg?fit=628%2C353&ssl=1&resize=350%2C200","width":350,"height":200,"srcset":"https:\/\/i0.wp.com\/noticiasribeiraopreto.com.br\/wp-content\/uploads\/2024\/01\/Eike-batista-628x353.jpg?fit=628%2C353&ssl=1&resize=350%2C200 1x, https:\/\/i0.wp.com\/noticiasribeiraopreto.com.br\/wp-content\/uploads\/2024\/01\/Eike-batista-628x353.jpg?fit=628%2C353&ssl=1&resize=525%2C300 1.5x"},"classes":[]},{"id":19363,"url":"https:\/\/noticiasribeiraopreto.com.br\/index.php\/2023\/12\/22\/mega-da-virada-voce-pode-comprar-a-oi-oibr3-e-mais-de-60-outras-empresas-listadas-na-bolsa-com-os-r-570-milhoes-do-premio\/","url_meta":{"origin":29802,"position":5},"title":"Mega da Virada: Voc\u00ea pode comprar a Oi (OIBR3) e mais de 60 outras empresas listadas na bolsa com os R$ 570 milh\u00f5es do pr\u00eamio","author":"noticiasribeiraopreto.com.br","date":"22 de December de 2023","format":false,"excerpt":"A Mega da Virada, concurso especial de fim de ano da Mega-Sena, elevou a previs\u00e3o do pr\u00eamio para R$ 570 milh\u00f5es na \u00faltima semana. Trata-se do maior valor j\u00e1 pago pela Loterias Caixa na hist\u00f3ria. A premia\u00e7\u00e3o, que ser\u00e1 sorteada em 31 de dezembro, n\u00e3o acumula, o que significa que,\u2026","rel":"","context":"In &quot;Dinheiro e Investimento&quot;","block_context":{"text":"Dinheiro e Investimento","link":"https:\/\/noticiasribeiraopreto.com.br\/index.php\/category\/dinheiro-e-investimento-como-fazer-como-ganhar\/"},"img":{"alt_text":"","src":"https:\/\/i0.wp.com\/noticiasribeiraopreto.com.br\/wp-content\/uploads\/2023\/12\/1703245332_oi-oibr3-telecom-recuperacao-628x353.jpg?fit=628%2C353&ssl=1&resize=350%2C200","width":350,"height":200,"srcset":"https:\/\/i0.wp.com\/noticiasribeiraopreto.com.br\/wp-content\/uploads\/2023\/12\/1703245332_oi-oibr3-telecom-recuperacao-628x353.jpg?fit=628%2C353&ssl=1&resize=350%2C200 1x, https:\/\/i0.wp.com\/noticiasribeiraopreto.com.br\/wp-content\/uploads\/2023\/12\/1703245332_oi-oibr3-telecom-recuperacao-628x353.jpg?fit=628%2C353&ssl=1&resize=525%2C300 1.5x"},"classes":[]}],"jetpack_sharing_enabled":true,"jetpack_shortlink":"https:\/\/wp.me\/peQAOb-7KG","_links":{"self":[{"href":"https:\/\/noticiasribeiraopreto.com.br\/index.php\/wp-json\/wp\/v2\/posts\/29802","targetHints":{"allow":["GET"]}}],"collection":[{"href":"https:\/\/noticiasribeiraopreto.com.br\/index.php\/wp-json\/wp\/v2\/posts"}],"about":[{"href":"https:\/\/noticiasribeiraopreto.com.br\/index.php\/wp-json\/wp\/v2\/types\/post"}],"author":[{"embeddable":true,"href":"https:\/\/noticiasribeiraopreto.com.br\/index.php\/wp-json\/wp\/v2\/users\/1"}],"replies":[{"embeddable":true,"href":"https:\/\/noticiasribeiraopreto.com.br\/index.php\/wp-json\/wp\/v2\/comments?post=29802"}],"version-history":[{"count":0,"href":"https:\/\/noticiasribeiraopreto.com.br\/index.php\/wp-json\/wp\/v2\/posts\/29802\/revisions"}],"wp:featuredmedia":[{"embeddable":true,"href":"https:\/\/noticiasribeiraopreto.com.br\/index.php\/wp-json\/wp\/v2\/media\/29803"}],"wp:attachment":[{"href":"https:\/\/noticiasribeiraopreto.com.br\/index.php\/wp-json\/wp\/v2\/media?parent=29802"}],"wp:term":[{"taxonomy":"category","embeddable":true,"href":"https:\/\/noticiasribeiraopreto.com.br\/index.php\/wp-json\/wp\/v2\/categories?post=29802"},{"taxonomy":"post_tag","embeddable":true,"href":"https:\/\/noticiasribeiraopreto.com.br\/index.php\/wp-json\/wp\/v2\/tags?post=29802"}],"curies":[{"name":"wp","href":"https:\/\/api.w.org\/{rel}","templated":true}]}}