{"id":29808,"date":"2024-01-19T12:48:02","date_gmt":"2024-01-19T15:48:02","guid":{"rendered":"https:\/\/noticiasribeiraopreto.com.br\/index.php\/2024\/01\/19\/ana-hickmann-divulga-video-e-expoe-o-susto-que-passou-ao-chegar-em-sua-mansao-cheguei-e-vi-tudo-derrubado\/"},"modified":"2024-01-19T12:48:02","modified_gmt":"2024-01-19T15:48:02","slug":"ana-hickmann-divulga-video-e-expoe-o-susto-que-passou-ao-chegar-em-sua-mansao-cheguei-e-vi-tudo-derrubado","status":"publish","type":"post","link":"https:\/\/noticiasribeiraopreto.com.br\/index.php\/2024\/01\/19\/ana-hickmann-divulga-video-e-expoe-o-susto-que-passou-ao-chegar-em-sua-mansao-cheguei-e-vi-tudo-derrubado\/","title":{"rendered":"Ana Hickmann divulga v\u00eddeo e exp\u00f5e o susto que passou ao chegar em sua mans\u00e3o: \u2018Cheguei e vi tudo derrubado\u2019"},"content":{"rendered":"<div class='code-block code-block-1' style='margin: 8px 0 8px auto; text-align: right; display: block; clear: both;'>\n<p><a href=\"https:\/\/wa.link\/vpicfd\"><img data-recalc-dims=\"1\" class=\"wp-image-4922\" style=\"aspect-ratio: 2.0253164556962027; width: 561px; height: auto;\" src=\"https:\/\/i0.wp.com\/ismaelcolosi.com.br\/wp-content\/uploads\/2023\/11\/grupo-de-empregos-whatsapp-e-facebook-ismael-colosi-vagas.jpg?ssl=1\" alt=\"\" \/><\/a><\/p>\n<!-- \/wp:image -->\n<\/div>\n<p> <br \/>\n<\/p>\n<p>Ana Hickmann acabou expondo com o que se deparou ao chegar em sua mans\u00e3o em um novo v\u00eddeo divulgado recentemente.<\/p>\n<p>The post <a rel=\"nofollow\" href=\"https:\/\/fnmais.com\/ana-hickmann-divulga-video-expoe-susto-que-passou-ao-chegar-em-sua-mansao-cheguei-vi-tudo-derrubado\/\">Ana Hickmann divulga v\u00eddeo e exp\u00f5e o susto que passou ao chegar em sua mans\u00e3o: &#8216;Cheguei e vi tudo derrubado&#8217;<\/a> appeared first on <a rel=\"nofollow\" href=\"https:\/\/fnmais.com\">FN+<\/a>.<\/p>\n<p><br \/>\n<br \/><a href=\"https:\/\/fnmais.com\/ana-hickmann-divulga-video-expoe-susto-que-passou-ao-chegar-em-sua-mansao-cheguei-vi-tudo-derrubado\/\">Source link <\/a><\/p>\n<!-- CONTENT END 1 -->\n","protected":false},"excerpt":{"rendered":"<p>Ana Hickmann acabou expondo com o que se deparou ao chegar em sua mans\u00e3o em um novo v\u00eddeo divulgado recentemente. The post Ana Hickmann divulga&#8230;<\/p>\n","protected":false},"author":1,"featured_media":29809,"comment_status":"open","ping_status":"open","sticky":false,"template":"","format":"standard","meta":{"advanced_seo_description":"","jetpack_seo_html_title":"","jetpack_seo_noindex":false,"jetpack_post_was_ever_published":false,"_jetpack_newsletter_access":"","_jetpack_dont_email_post_to_subs":false,"_jetpack_newsletter_tier_id":0,"_jetpack_memberships_contains_paywalled_content":false,"_jetpack_memberships_contains_paid_content":false,"footnotes":"","jetpack_publicize_message":"","jetpack_publicize_feature_enabled":true,"jetpack_social_post_already_shared":true,"jetpack_social_options":{"image_generator_settings":{"template":"highway","default_image_id":0,"font":"","enabled":false},"version":2}},"categories":[1],"tags":[],"class_list":["post-29808","post","type-post","status-publish","format-standard","has-post-thumbnail","hentry","category-blog"],"jetpack_publicize_connections":[],"jetpack_featured_media_url":"https:\/\/i0.wp.com\/noticiasribeiraopreto.com.br\/wp-content\/uploads\/2024\/01\/postimg-65aa8ff3809b45224.jpg?fit=1200%2C628&ssl=1","jetpack-related-posts":[{"id":7232,"url":"https:\/\/noticiasribeiraopreto.com.br\/index.php\/2023\/11\/27\/ana-hickmann-sofre-duro-golpe-por-causa-de-divida-milionaria\/","url_meta":{"origin":29808,"position":0},"title":"Ana Hickmann sofre duro golpe por causa de d\u00edvida milion\u00e1ria","author":"noticiasribeiraopreto.com.br","date":"27 de November de 2023","format":false,"excerpt":"Em meio a uma reviravolta legal surpreendente, a deslumbrante mans\u00e3o de Ana Hickmann, localizada em Itu, S\u00e3o Paulo, est\u00e1 no epicentro de um impasse financeiro que prende a aten\u00e7\u00e3o do p\u00fablico.O im\u00f3vel, inicialmente concebido como uma casa de f\u00e9rias, transformou-se na morada principal da renomada apresentadora. No entanto, um recente\u2026","rel":"","context":"In &quot;Blog&quot;","block_context":{"text":"Blog","link":"https:\/\/noticiasribeiraopreto.com.br\/index.php\/category\/blog\/"},"img":{"alt_text":"","src":"https:\/\/i0.wp.com\/noticiasribeiraopreto.com.br\/wp-content\/uploads\/2023\/11\/postimg-65650b7405f3c3989.jpg?fit=1200%2C628&ssl=1&resize=350%2C200","width":350,"height":200,"srcset":"https:\/\/i0.wp.com\/noticiasribeiraopreto.com.br\/wp-content\/uploads\/2023\/11\/postimg-65650b7405f3c3989.jpg?fit=1200%2C628&ssl=1&resize=350%2C200 1x, https:\/\/i0.wp.com\/noticiasribeiraopreto.com.br\/wp-content\/uploads\/2023\/11\/postimg-65650b7405f3c3989.jpg?fit=1200%2C628&ssl=1&resize=525%2C300 1.5x, https:\/\/i0.wp.com\/noticiasribeiraopreto.com.br\/wp-content\/uploads\/2023\/11\/postimg-65650b7405f3c3989.jpg?fit=1200%2C628&ssl=1&resize=700%2C400 2x, https:\/\/i0.wp.com\/noticiasribeiraopreto.com.br\/wp-content\/uploads\/2023\/11\/postimg-65650b7405f3c3989.jpg?fit=1200%2C628&ssl=1&resize=1050%2C600 3x"},"classes":[]},{"id":6991,"url":"https:\/\/noticiasribeiraopreto.com.br\/index.php\/2023\/11\/27\/laudo-medico-expoe-e-detalha-lesao-que-ana-hickmann-sofreu-apos-agressoes\/","url_meta":{"origin":29808,"position":1},"title":"Laudo m\u00e9dico exp\u00f5e e detalha les\u00e3o que Ana Hickmann sofreu ap\u00f3s agress\u00f5es","author":"noticiasribeiraopreto.com.br","date":"27 de November de 2023","format":false,"excerpt":"Um laudo foi realizado no corpo da apresentadora Ana Hickmann ap\u00f3s a famosa ter sofrido com agress\u00f5es por parte de seu marido, Alexandre Correa. O casal estava junto desde que a famosa tinha apenas 16 anos e a not\u00edcia pegou a muitos de surpresa.O exame de corpo de delito detalhou\u2026","rel":"","context":"In &quot;Blog&quot;","block_context":{"text":"Blog","link":"https:\/\/noticiasribeiraopreto.com.br\/index.php\/category\/blog\/"},"img":{"alt_text":"","src":"https:\/\/i0.wp.com\/noticiasribeiraopreto.com.br\/wp-content\/uploads\/2023\/11\/postimg-6564adecb2eb18481.jpg?fit=1200%2C628&ssl=1&resize=350%2C200","width":350,"height":200,"srcset":"https:\/\/i0.wp.com\/noticiasribeiraopreto.com.br\/wp-content\/uploads\/2023\/11\/postimg-6564adecb2eb18481.jpg?fit=1200%2C628&ssl=1&resize=350%2C200 1x, https:\/\/i0.wp.com\/noticiasribeiraopreto.com.br\/wp-content\/uploads\/2023\/11\/postimg-6564adecb2eb18481.jpg?fit=1200%2C628&ssl=1&resize=525%2C300 1.5x, https:\/\/i0.wp.com\/noticiasribeiraopreto.com.br\/wp-content\/uploads\/2023\/11\/postimg-6564adecb2eb18481.jpg?fit=1200%2C628&ssl=1&resize=700%2C400 2x, https:\/\/i0.wp.com\/noticiasribeiraopreto.com.br\/wp-content\/uploads\/2023\/11\/postimg-6564adecb2eb18481.jpg?fit=1200%2C628&ssl=1&resize=1050%2C600 3x"},"classes":[]},{"id":7070,"url":"https:\/\/noticiasribeiraopreto.com.br\/index.php\/2023\/11\/27\/alexandre-correa-alega-que-ana-hickmann-teria-feito-o-filho-chorar-compulsivamente-no-dia-da-briga\/","url_meta":{"origin":29808,"position":2},"title":"Alexandre Correa alega que Ana Hickmann teria feito o filho chorar compulsivamente no dia da briga","author":"noticiasribeiraopreto.com.br","date":"27 de November de 2023","format":false,"excerpt":"O empres\u00e1rio Alexandre Correa, acusado de agredir a pr\u00f3pria esposa, Ana Hickmann, conversou com canais de comunica\u00e7\u00e3o ap\u00f3s ter se deparado com a entrevista que a esposa concedeu para canais de comunica\u00e7\u00e3o, detalhando o que teria acontecido no dia em que foi agredida dentro de sua mans\u00e3o.Agora, o casal, que\u2026","rel":"","context":"In &quot;Blog&quot;","block_context":{"text":"Blog","link":"https:\/\/noticiasribeiraopreto.com.br\/index.php\/category\/blog\/"},"img":{"alt_text":"","src":"https:\/\/i0.wp.com\/noticiasribeiraopreto.com.br\/wp-content\/uploads\/2023\/11\/postimg-6564cfe108f3a7181.jpg?fit=1200%2C628&ssl=1&resize=350%2C200","width":350,"height":200,"srcset":"https:\/\/i0.wp.com\/noticiasribeiraopreto.com.br\/wp-content\/uploads\/2023\/11\/postimg-6564cfe108f3a7181.jpg?fit=1200%2C628&ssl=1&resize=350%2C200 1x, https:\/\/i0.wp.com\/noticiasribeiraopreto.com.br\/wp-content\/uploads\/2023\/11\/postimg-6564cfe108f3a7181.jpg?fit=1200%2C628&ssl=1&resize=525%2C300 1.5x, https:\/\/i0.wp.com\/noticiasribeiraopreto.com.br\/wp-content\/uploads\/2023\/11\/postimg-6564cfe108f3a7181.jpg?fit=1200%2C628&ssl=1&resize=700%2C400 2x, https:\/\/i0.wp.com\/noticiasribeiraopreto.com.br\/wp-content\/uploads\/2023\/11\/postimg-6564cfe108f3a7181.jpg?fit=1200%2C628&ssl=1&resize=1050%2C600 3x"},"classes":[]},{"id":1571,"url":"https:\/\/noticiasribeiraopreto.com.br\/index.php\/2023\/11\/13\/ana-hickmann-o-que-se-sabe-sobre-a-denuncia-contra-o-marido\/","url_meta":{"origin":29808,"position":3},"title":"Ana Hickmann: o que se sabe sobre a den\u00fancia contra o marido","author":"noticiasribeiraopreto.com.br","date":"13 de November de 2023","format":false,"excerpt":"A apresentadora e ex-modelo Ana Hickmann registrou um boletim de ocorr\u00eancia por viol\u00eancia dom\u00e9stica e les\u00e3o corporal contra o marido, o empres\u00e1rio Alexandre Correa, no \u00faltimo s\u00e1bado, 11. Em nota divulgada neste domingo, 12, Ana afirmou que teve um \u201cdesentendimento\u201d com o parceiro. Em outra nota, Correa negou a agress\u00e3o.Em\u2026","rel":"","context":"In &quot;Not\u00edcias de Ribeir\u00e3o Preto-SP e Regi\u00e3o&quot;","block_context":{"text":"Not\u00edcias de Ribeir\u00e3o Preto-SP e Regi\u00e3o","link":"https:\/\/noticiasribeiraopreto.com.br\/index.php\/category\/noticias-de-ribeirao-preto-sp-e-regiao-ismael-colosi\/"},"img":{"alt_text":"","src":"https:\/\/i0.wp.com\/noticiasribeiraopreto.com.br\/wp-content\/uploads\/2023\/11\/ana-scaled.jpg?fit=1000%2C552&ssl=1&resize=350%2C200","width":350,"height":200,"srcset":"https:\/\/i0.wp.com\/noticiasribeiraopreto.com.br\/wp-content\/uploads\/2023\/11\/ana-scaled.jpg?fit=1000%2C552&ssl=1&resize=350%2C200 1x, https:\/\/i0.wp.com\/noticiasribeiraopreto.com.br\/wp-content\/uploads\/2023\/11\/ana-scaled.jpg?fit=1000%2C552&ssl=1&resize=525%2C300 1.5x, https:\/\/i0.wp.com\/noticiasribeiraopreto.com.br\/wp-content\/uploads\/2023\/11\/ana-scaled.jpg?fit=1000%2C552&ssl=1&resize=700%2C400 2x"},"classes":[]},{"id":5117,"url":"https:\/\/noticiasribeiraopreto.com.br\/index.php\/2023\/11\/22\/alexandre-correa-nega-que-esteja-ameacando-ana-hickman-video-completo\/","url_meta":{"origin":29808,"position":4},"title":"Alexandre Correa nega que esteja amea\u00e7ando Ana Hickman; video completo","author":"noticiasribeiraopreto.com.br","date":"22 de November de 2023","format":false,"excerpt":"Alexandre Correa apareceu em suas redes sociais nesta quarta-feira (22\/11) para reagir a uma not\u00edcia que circula desde a \u00faltima ter\u00e7a. O empres\u00e1rio reagiu a uma nota que o acusava de amea\u00e7ar a apresentadora Ana Hickmann.Na ter\u00e7a, passou a circular a informa\u00e7\u00e3o de que Alexandre estaria fazendo amea\u00e7as contra Hickmann,\u2026","rel":"","context":"In &quot;Blog&quot;","block_context":{"text":"Blog","link":"https:\/\/noticiasribeiraopreto.com.br\/index.php\/category\/blog\/"},"img":{"alt_text":"","src":"https:\/\/i0.wp.com\/noticiasribeiraopreto.com.br\/wp-content\/uploads\/2023\/11\/postimg-655eb0a2b815f8416.jpg?fit=1200%2C628&ssl=1&resize=350%2C200","width":350,"height":200,"srcset":"https:\/\/i0.wp.com\/noticiasribeiraopreto.com.br\/wp-content\/uploads\/2023\/11\/postimg-655eb0a2b815f8416.jpg?fit=1200%2C628&ssl=1&resize=350%2C200 1x, https:\/\/i0.wp.com\/noticiasribeiraopreto.com.br\/wp-content\/uploads\/2023\/11\/postimg-655eb0a2b815f8416.jpg?fit=1200%2C628&ssl=1&resize=525%2C300 1.5x, https:\/\/i0.wp.com\/noticiasribeiraopreto.com.br\/wp-content\/uploads\/2023\/11\/postimg-655eb0a2b815f8416.jpg?fit=1200%2C628&ssl=1&resize=700%2C400 2x, https:\/\/i0.wp.com\/noticiasribeiraopreto.com.br\/wp-content\/uploads\/2023\/11\/postimg-655eb0a2b815f8416.jpg?fit=1200%2C628&ssl=1&resize=1050%2C600 3x"},"classes":[]},{"id":9967,"url":"https:\/\/noticiasribeiraopreto.com.br\/index.php\/2023\/12\/03\/alexandre-correa-desiste-de-acao-de-divorcio-contra-ana-hickmann-apos-receber-noticia-que-o-emocionou\/","url_meta":{"origin":29808,"position":5},"title":"Alexandre Correa desiste de a\u00e7\u00e3o de div\u00f3rcio contra Ana Hickmann ap\u00f3s receber not\u00edcia que o emocionou","author":"noticiasribeiraopreto.com.br","date":"3 de December de 2023","format":false,"excerpt":"Alexandre Correa decidiu retirar a a\u00e7\u00e3o de div\u00f3rcio que havia movido contra Ana Hickmann. Segundo informa\u00e7\u00f5es, o processo de separa\u00e7\u00e3o do casal prossegue, mas agora sob uma a\u00e7\u00e3o iniciada pela funcion\u00e1ria da Record.O advogado Enio Martins, representante de Alexandre Correa, em entrevista ao Estad\u00e3o, explicou que a desist\u00eancia ocorreu ap\u00f3s\u2026","rel":"","context":"In &quot;Blog&quot;","block_context":{"text":"Blog","link":"https:\/\/noticiasribeiraopreto.com.br\/index.php\/category\/blog\/"},"img":{"alt_text":"","src":"https:\/\/i0.wp.com\/noticiasribeiraopreto.com.br\/wp-content\/uploads\/2023\/12\/postimg-656c8d9fa0fe08046.jpg?fit=1200%2C628&ssl=1&resize=350%2C200","width":350,"height":200,"srcset":"https:\/\/i0.wp.com\/noticiasribeiraopreto.com.br\/wp-content\/uploads\/2023\/12\/postimg-656c8d9fa0fe08046.jpg?fit=1200%2C628&ssl=1&resize=350%2C200 1x, https:\/\/i0.wp.com\/noticiasribeiraopreto.com.br\/wp-content\/uploads\/2023\/12\/postimg-656c8d9fa0fe08046.jpg?fit=1200%2C628&ssl=1&resize=525%2C300 1.5x, https:\/\/i0.wp.com\/noticiasribeiraopreto.com.br\/wp-content\/uploads\/2023\/12\/postimg-656c8d9fa0fe08046.jpg?fit=1200%2C628&ssl=1&resize=700%2C400 2x, https:\/\/i0.wp.com\/noticiasribeiraopreto.com.br\/wp-content\/uploads\/2023\/12\/postimg-656c8d9fa0fe08046.jpg?fit=1200%2C628&ssl=1&resize=1050%2C600 3x"},"classes":[]}],"jetpack_sharing_enabled":true,"jetpack_shortlink":"https:\/\/wp.me\/peQAOb-7KM","_links":{"self":[{"href":"https:\/\/noticiasribeiraopreto.com.br\/index.php\/wp-json\/wp\/v2\/posts\/29808","targetHints":{"allow":["GET"]}}],"collection":[{"href":"https:\/\/noticiasribeiraopreto.com.br\/index.php\/wp-json\/wp\/v2\/posts"}],"about":[{"href":"https:\/\/noticiasribeiraopreto.com.br\/index.php\/wp-json\/wp\/v2\/types\/post"}],"author":[{"embeddable":true,"href":"https:\/\/noticiasribeiraopreto.com.br\/index.php\/wp-json\/wp\/v2\/users\/1"}],"replies":[{"embeddable":true,"href":"https:\/\/noticiasribeiraopreto.com.br\/index.php\/wp-json\/wp\/v2\/comments?post=29808"}],"version-history":[{"count":0,"href":"https:\/\/noticiasribeiraopreto.com.br\/index.php\/wp-json\/wp\/v2\/posts\/29808\/revisions"}],"wp:featuredmedia":[{"embeddable":true,"href":"https:\/\/noticiasribeiraopreto.com.br\/index.php\/wp-json\/wp\/v2\/media\/29809"}],"wp:attachment":[{"href":"https:\/\/noticiasribeiraopreto.com.br\/index.php\/wp-json\/wp\/v2\/media?parent=29808"}],"wp:term":[{"taxonomy":"category","embeddable":true,"href":"https:\/\/noticiasribeiraopreto.com.br\/index.php\/wp-json\/wp\/v2\/categories?post=29808"},{"taxonomy":"post_tag","embeddable":true,"href":"https:\/\/noticiasribeiraopreto.com.br\/index.php\/wp-json\/wp\/v2\/tags?post=29808"}],"curies":[{"name":"wp","href":"https:\/\/api.w.org\/{rel}","templated":true}]}}