{"id":29815,"date":"2024-01-19T12:56:15","date_gmt":"2024-01-19T15:56:15","guid":{"rendered":"https:\/\/noticiasribeiraopreto.com.br\/index.php\/2024\/01\/19\/citigroup-demite-mais-executivos-e-presidente-executiva-faz-teleconferencia\/"},"modified":"2024-01-19T12:56:15","modified_gmt":"2024-01-19T15:56:15","slug":"citigroup-demite-mais-executivos-e-presidente-executiva-faz-teleconferencia","status":"publish","type":"post","link":"https:\/\/noticiasribeiraopreto.com.br\/index.php\/2024\/01\/19\/citigroup-demite-mais-executivos-e-presidente-executiva-faz-teleconferencia\/","title":{"rendered":"Citigroup demite mais executivos e presidente-executiva faz teleconfer\u00eancia"},"content":{"rendered":"<div class='code-block code-block-1' style='margin: 8px 0 8px auto; text-align: right; display: block; clear: both;'>\n<p><a href=\"https:\/\/wa.link\/vpicfd\"><img data-recalc-dims=\"1\" class=\"wp-image-4922\" style=\"aspect-ratio: 2.0253164556962027; width: 561px; height: auto;\" src=\"https:\/\/i0.wp.com\/ismaelcolosi.com.br\/wp-content\/uploads\/2023\/11\/grupo-de-empregos-whatsapp-e-facebook-ismael-colosi-vagas.jpg?ssl=1\" alt=\"\" \/><\/a><\/p>\n<!-- \/wp:image -->\n<\/div>\n<p> <br \/>\n<\/p>\n<div>\n<div id=\"attachment_591003\" class=\"wp-caption alignnone style=\" max-width:=\"\"><img data-recalc-dims=\"1\" fetchpriority=\"high\" decoding=\"async\" class=\"alignnone alignnone size-medium wp-image-591003\" src=\"https:\/\/i0.wp.com\/forbes.com.br\/wp-content\/uploads\/2024\/01\/citi_011221_Reinhard-Krause-Reuters-1-768x512.jpg?resize=678%2C452&#038;ssl=1\" http:=\"\" alt=\"Sede Citi - Foto: Reinhard Krause - Reuters\" width=\"678\" height=\"452\" data-lazy-src=\"https:\/\/forbes.com.br\/wp-content\/uploads\/2024\/01\/citi_011221_Reinhard-Krause-Reuters-1-768x512.jpg\"\/><noscript><img data-recalc-dims=\"1\" fetchpriority=\"high\" decoding=\"async\" class=\"alignnone alignnone size-medium wp-image-591003\" src=\"https:\/\/i0.wp.com\/forbes.com.br\/wp-content\/uploads\/2024\/01\/citi_011221_Reinhard-Krause-Reuters-1-768x512.jpg?resize=678%2C452&#038;ssl=1\" alt=\"Sede Citi - Foto: Reinhard Krause - Reuters\" width=\"678\" height=\"452\"\/><\/noscript><\/p>\n<p>Sede Citi &#8211; Foto: Reinhard Krause &#8211; Reuters<\/p>\n<p class=\"wp-caption-text\">No processo de reformula\u00e7\u00e3o, o Citi prev\u00ea corte de 20 mil funcion\u00e1rios<\/p>\n<\/div>\n<p>A presidente-executiva do Citigroup, Jane Fraser, realizou uma teleconfer\u00eancia na quinta-feira (18) com os executivos do banco para discutir a ampla reformula\u00e7\u00e3o da companhia, de acordo com duas fontes familiarizadas com a situa\u00e7\u00e3o, em um momento em que a empresa eliminou mais cargos de lideran\u00e7a nesta semana.<\/p>\n<h3>Siga o canal da <a href=\"https:\/\/whatsapp.com\/channel\/0029Va9gQKwBFLgM96cJnu0u\" target=\"_blank\" rel=\"noopener\">Forbes<\/a> e de <a href=\"https:\/\/whatsapp.com\/channel\/0029VaAZk57JuyA9F4UwQc2I\" target=\"_blank\" rel=\"noopener\">Forbes Money<\/a> no WhatsApp e receba as principais not\u00edcias sobre neg\u00f3cios, carreira, tecnologia e estilo de vida<\/h3>\n<p>Em conversas separadas, os gerentes de mercados, riscos e bancos de investimento foram informados de que estavam sendo dispensados como parte da reorganiza\u00e7\u00e3o, de acordo com as fontes e duas outras pessoas familiarizadas com o processo, que n\u00e3o quiseram ser identificadas.<\/p>\n<p>Alguns gerentes foram informados de que seus cargos n\u00e3o existiriam mais a partir de 1\u00ba de fevereiro, disseram duas das quatro fontes. Mais detalhes sobre as demiss\u00f5es e os pagamentos de indeniza\u00e7\u00f5es ser\u00e3o anunciados na pr\u00f3xima semana, acrescentaram.<\/p>\n<p>O Citigroup n\u00e3o quis comentar.<\/p>\n<p>Na semana passada, o banco disse que cortaria 20.000 postos de trabalho nos pr\u00f3ximos dois anos, ap\u00f3s um quarto trimestre marcado por encargos extraordin\u00e1rios que resultaram em um preju\u00edzo de US$ 1,8 bilh\u00e3o.<\/p>\n<p>Embora o Citi tenha fornecido atualiza\u00e7\u00f5es peri\u00f3dicas sobre os cortes, os investidores e os trabalhadores est\u00e3o observando atentamente o momento e os detalhes das mudan\u00e7as organizacionais. A liga\u00e7\u00e3o telef\u00f4nica de Fraser na quinta-feira n\u00e3o foi relatada anteriormente.<\/p>\n<p>Durante a liga\u00e7\u00e3o com os executivos, Fraser discutiu diferentes t\u00f3picos da reorganiza\u00e7\u00e3o e abordou o plano mais amplo de 20.000 cortes de empregos nos pr\u00f3ximos dois anos, de acordo com uma das fontes, que foi informada sobre a liga\u00e7\u00e3o.<\/p>\n<h3><strong><a href=\"https:\/\/t.me\/forbesmoney\" target=\"_blank\" rel=\"noopener\">Acompanhe em primeira m\u00e3o o conte\u00fado do Forbes Money no Telegram<\/a><\/strong><\/h3>\n<p>O n\u00famero de funcion\u00e1rios ser\u00e1 cortado em 5.000 pessoas na reorganiza\u00e7\u00e3o atual, enquanto outros 5.000 funcion\u00e1rios ser\u00e3o retirados via a venda de neg\u00f3cios, disse a fonte citando Fraser.<\/p>\n<p>Outros 10.000 funcion\u00e1rios ser\u00e3o demitidos de fun\u00e7\u00f5es de apoio, como tecnologia e opera\u00e7\u00f5es, acrescentou a fonte.<\/p>\n<p>O corte planejado pelo Citi de cerca de 8% de sua equipe est\u00e1 entre as maiores demiss\u00f5es em Wall Street nos \u00faltimos anos. A reestrutura\u00e7\u00e3o \u00e9 fundamental para o esfor\u00e7o de Fraser de simplificar o banco e aumentar seus retornos e o pre\u00e7o das a\u00e7\u00f5es.<\/p>\n<p>O terceiro maior banco dos EUA tamb\u00e9m est\u00e1 lidando com uma ordem de consentimento de 2020 emitida pelos \u00f3rg\u00e3os reguladores, exigindo corre\u00e7\u00f5es de v\u00e1rias \u201cdefici\u00eancias de longa data\u201d em seus controles internos.<\/p>\n<p>O Citi nomeou Jagdish Rao como seu chefe de relat\u00f3rios regulat\u00f3rios e remedia\u00e7\u00e3o, reportando-se ao diretor financeiro, Mark Mason, e ao diretor de opera\u00e7\u00f5es, Anand Selvakesari, de acordo com um memorando interno, cujo conte\u00fado foi compartilhado com a Reuters e confirmado por um porta-voz do Citi.<\/p>\n<p>Recentemente, Rao atuou como diretor administrativo do setor de banco pessoal e gest\u00e3o de patrim\u00f4nio.<\/p>\n<\/div>\n<p><script type=\"rocketlazyloadscript\">\n\t\t\t\t(function(d, s, id){\n\t\t\t\t\tvar js, fjs = d.getElementsByTagName(s)[0];\n\t\t\t\t\tif (d.getElementById(id)) return;\n\t\t\t\t\tjs = d.createElement(s); js.id = id;\n\t\t\t\t\tjs.src = \"\/\/connect.facebook.net\/pt_BR\/sdk.js#xfbml=1&version=v2.9\";\n\t\t\t\t\tfjs.parentNode.insertBefore(js, fjs);\n\t\t\t\t}(document, 'script', 'facebook-jssdk'));\n\t\t\t<\/script><br \/>\n<br \/><br \/>\n<br \/><a href=\"https:\/\/forbes.com.br\/forbes-money\/2024\/01\/citigroup-demite-mais-executivos-e-presidente-executiva-faz-teleconferencia\/\">Source link <\/a><\/p>\n<!-- CONTENT END 1 -->\n","protected":false},"excerpt":{"rendered":"<p>Sede Citi &#8211; Foto: Reinhard Krause &#8211; Reuters No processo de reformula\u00e7\u00e3o, o Citi prev\u00ea corte de 20 mil funcion\u00e1rios A presidente-executiva do Citigroup, Jane&#8230;<\/p>\n","protected":false},"author":1,"featured_media":29816,"comment_status":"open","ping_status":"open","sticky":false,"template":"","format":"standard","meta":{"advanced_seo_description":"","jetpack_seo_html_title":"","jetpack_seo_noindex":false,"jetpack_post_was_ever_published":false,"_jetpack_newsletter_access":"","_jetpack_dont_email_post_to_subs":false,"_jetpack_newsletter_tier_id":0,"_jetpack_memberships_contains_paywalled_content":false,"_jetpack_memberships_contains_paid_content":false,"footnotes":"","jetpack_publicize_message":"","jetpack_publicize_feature_enabled":true,"jetpack_social_post_already_shared":true,"jetpack_social_options":{"image_generator_settings":{"template":"highway","default_image_id":0,"font":"","enabled":false},"version":2}},"categories":[1],"tags":[],"class_list":["post-29815","post","type-post","status-publish","format-standard","has-post-thumbnail","hentry","category-blog"],"jetpack_publicize_connections":[],"jetpack_featured_media_url":"https:\/\/i0.wp.com\/noticiasribeiraopreto.com.br\/wp-content\/uploads\/2024\/01\/citi_011221_Reinhard-Krause-Reuters-1-1024x683.jpg?fit=1024%2C683&ssl=1","jetpack-related-posts":[{"id":27561,"url":"https:\/\/noticiasribeiraopreto.com.br\/index.php\/2024\/01\/12\/citi-anuncia-corte-de-20-mil-vagas-ate-2026-apos-prejuizo\/","url_meta":{"origin":29815,"position":0},"title":"Citi anuncia corte de 20 mil vagas at\u00e9 2026 ap\u00f3s preju\u00edzo","author":"noticiasribeiraopreto.com.br","date":"12 de January de 2024","format":false,"excerpt":"O Citigroup anunciou nesta quinta-feira que vai cortar 20.000 postos de trabalho nos pr\u00f3ximos dois anos, depois de divulgar preju\u00edzo de 1,8 bilh\u00e3o de d\u00f3lares para o quarto trimestre. Siga a Forbes no WhatsApp e receba as principais not\u00edcias sobre neg\u00f3cios, carreira, tecnologia e estilo de vida \u201cO quarto trimestre\u2026","rel":"","context":"In &quot;Blog&quot;","block_context":{"text":"Blog","link":"https:\/\/noticiasribeiraopreto.com.br\/index.php\/category\/blog\/"},"img":{"alt_text":"","src":"https:\/\/i0.wp.com\/noticiasribeiraopreto.com.br\/wp-content\/uploads\/2024\/01\/citi-1024x683.jpg?fit=1024%2C683&ssl=1&resize=350%2C200","width":350,"height":200,"srcset":"https:\/\/i0.wp.com\/noticiasribeiraopreto.com.br\/wp-content\/uploads\/2024\/01\/citi-1024x683.jpg?fit=1024%2C683&ssl=1&resize=350%2C200 1x, https:\/\/i0.wp.com\/noticiasribeiraopreto.com.br\/wp-content\/uploads\/2024\/01\/citi-1024x683.jpg?fit=1024%2C683&ssl=1&resize=525%2C300 1.5x, https:\/\/i0.wp.com\/noticiasribeiraopreto.com.br\/wp-content\/uploads\/2024\/01\/citi-1024x683.jpg?fit=1024%2C683&ssl=1&resize=700%2C400 2x"},"classes":[]},{"id":27637,"url":"https:\/\/noticiasribeiraopreto.com.br\/index.php\/2024\/01\/12\/20-mil-pessoas-devem-ficar-desempregadas-e-a-culpa-e-do-trimestre-decepcionante-do-citi\/","url_meta":{"origin":29815,"position":1},"title":"20 mil pessoas devem\u00a0 ficar desempregadas \u2014 e a culpa \u00e9 do \u201ctrimestre decepcionante\u201d do Citi","author":"noticiasribeiraopreto.com.br","date":"12 de January de 2024","format":false,"excerpt":"Se por aqui, o fim de semana mostra sinais de frente fria, no resto do globo, o \u201csextou\u201d de hoje chega \u201ccarregado\u201d de not\u00edcias negativas para milhares de funcion\u00e1rios do Citigroup (Citi). Depois de um preju\u00edzo bilion\u00e1rio e um \u201cquarto trimestre claramente decepcionante\u201d, o banco anunciou que vai demitir 20\u2026","rel":"","context":"In &quot;Dinheiro e Investimento&quot;","block_context":{"text":"Dinheiro e Investimento","link":"https:\/\/noticiasribeiraopreto.com.br\/index.php\/category\/dinheiro-e-investimento-como-fazer-como-ganhar\/"},"img":{"alt_text":"","src":"https:\/\/i0.wp.com\/noticiasribeiraopreto.com.br\/wp-content\/uploads\/2024\/01\/UG_0361-628x353.jpg?fit=628%2C353&ssl=1&resize=350%2C200","width":350,"height":200,"srcset":"https:\/\/i0.wp.com\/noticiasribeiraopreto.com.br\/wp-content\/uploads\/2024\/01\/UG_0361-628x353.jpg?fit=628%2C353&ssl=1&resize=350%2C200 1x, https:\/\/i0.wp.com\/noticiasribeiraopreto.com.br\/wp-content\/uploads\/2024\/01\/UG_0361-628x353.jpg?fit=628%2C353&ssl=1&resize=525%2C300 1.5x"},"classes":[]},{"id":39716,"url":"https:\/\/noticiasribeiraopreto.com.br\/index.php\/2024\/02\/27\/nova-diretoria-executiva-do-botafogo-e-empossada\/","url_meta":{"origin":29815,"position":2},"title":"Nova Diretoria Executiva do Botafogo \u00e9 empossada","author":"noticiasribeiraopreto.com.br","date":"27 de February de 2024","format":false,"excerpt":"27 de fevereiro de 2024 | 19:18 0O presidente executivo do Botafogo FC, Eduardo Esteves, anunciou a nova diretoria executiva para o bi\u00eanio 2024\/2025 em reuni\u00e3o do Conselho Deliberativo realizada no Est\u00e1dio Santa Cruz.Al\u00e9m dele e de seu vice, Jos\u00e9 Hermenegildo De Martin, que foram aclamados em novembro de 2023,\u2026","rel":"","context":"In &quot;Not\u00edcias de Ribeir\u00e3o Preto-SP e Regi\u00e3o&quot;","block_context":{"text":"Not\u00edcias de Ribeir\u00e3o Preto-SP e Regi\u00e3o","link":"https:\/\/noticiasribeiraopreto.com.br\/index.php\/category\/noticias-de-ribeirao-preto-sp-e-regiao-ismael-colosi\/"},"img":{"alt_text":"","src":"https:\/\/i0.wp.com\/noticiasribeiraopreto.com.br\/wp-content\/uploads\/2024\/02\/Presidente-do-Botafogo-Futebol-Clube-Eduardo-Esteves-1536x1155-1.png?fit=858%2C645&ssl=1&resize=350%2C200","width":350,"height":200,"srcset":"https:\/\/i0.wp.com\/noticiasribeiraopreto.com.br\/wp-content\/uploads\/2024\/02\/Presidente-do-Botafogo-Futebol-Clube-Eduardo-Esteves-1536x1155-1.png?fit=858%2C645&ssl=1&resize=350%2C200 1x, https:\/\/i0.wp.com\/noticiasribeiraopreto.com.br\/wp-content\/uploads\/2024\/02\/Presidente-do-Botafogo-Futebol-Clube-Eduardo-Esteves-1536x1155-1.png?fit=858%2C645&ssl=1&resize=525%2C300 1.5x, https:\/\/i0.wp.com\/noticiasribeiraopreto.com.br\/wp-content\/uploads\/2024\/02\/Presidente-do-Botafogo-Futebol-Clube-Eduardo-Esteves-1536x1155-1.png?fit=858%2C645&ssl=1&resize=700%2C400 2x"},"classes":[]},{"id":21218,"url":"https:\/\/noticiasribeiraopreto.com.br\/index.php\/2023\/12\/27\/presidente-do-bb-seguridade-renuncia\/","url_meta":{"origin":29815,"position":3},"title":"Presidente do BB Seguridade renuncia","author":"noticiasribeiraopreto.com.br","date":"27 de December de 2023","format":false,"excerpt":"SOPA Images\/Getty ImagesO at\u00e9 ent\u00e3o presidente do BB Seguridade foi eleito para o cargo em 2021, sendo funcion\u00e1rio de carreira do Banco do Brasil h\u00e1 21 anos A BB Seguridade, bra\u00e7o de previd\u00eancia e seguros do Banco do Brasil, anunciou na ter\u00e7a-feira (26) que o presidente-executivo e membro do conselho\u2026","rel":"","context":"In &quot;Blog&quot;","block_context":{"text":"Blog","link":"https:\/\/noticiasribeiraopreto.com.br\/index.php\/category\/blog\/"},"img":{"alt_text":"","src":"https:\/\/i0.wp.com\/noticiasribeiraopreto.com.br\/wp-content\/uploads\/2023\/12\/Money_BB-Seguridade-1024x683.jpg?fit=1024%2C683&ssl=1&resize=350%2C200","width":350,"height":200,"srcset":"https:\/\/i0.wp.com\/noticiasribeiraopreto.com.br\/wp-content\/uploads\/2023\/12\/Money_BB-Seguridade-1024x683.jpg?fit=1024%2C683&ssl=1&resize=350%2C200 1x, https:\/\/i0.wp.com\/noticiasribeiraopreto.com.br\/wp-content\/uploads\/2023\/12\/Money_BB-Seguridade-1024x683.jpg?fit=1024%2C683&ssl=1&resize=525%2C300 1.5x, https:\/\/i0.wp.com\/noticiasribeiraopreto.com.br\/wp-content\/uploads\/2023\/12\/Money_BB-Seguridade-1024x683.jpg?fit=1024%2C683&ssl=1&resize=700%2C400 2x"},"classes":[]},{"id":44299,"url":"https:\/\/noticiasribeiraopreto.com.br\/index.php\/2024\/03\/27\/vp-da-samsung-destaca-habilidade-de-priorizacao\/","url_meta":{"origin":29815,"position":4},"title":"VP da Samsung destaca habilidade de prioriza\u00e7\u00e3o","author":"noticiasribeiraopreto.com.br","date":"27 de March de 2024","format":false,"excerpt":"Em 15 anos de Samsung, Gustavo Assun\u00e7\u00e3o passou por todos os neg\u00f3cios da empresa, em diferentes fun\u00e7\u00f5es H\u00e1 15 anos na Samsung, Gustavo Assun\u00e7\u00e3o acaba de ser promovido a vice-presidente s\u00eanior da empresa. O executivo, que j\u00e1 liderava todo o neg\u00f3cio de dispositivos m\u00f3veis da Samsung no Brasil, passa a\u2026","rel":"","context":"In &quot;Blog&quot;","block_context":{"text":"Blog","link":"https:\/\/noticiasribeiraopreto.com.br\/index.php\/category\/blog\/"},"img":{"alt_text":"","src":"https:\/\/i0.wp.com\/noticiasribeiraopreto.com.br\/wp-content\/uploads\/2024\/03\/carreira-gustavo-assuncao-vp-samsung-1024x683.jpg?fit=1024%2C683&ssl=1&resize=350%2C200","width":350,"height":200,"srcset":"https:\/\/i0.wp.com\/noticiasribeiraopreto.com.br\/wp-content\/uploads\/2024\/03\/carreira-gustavo-assuncao-vp-samsung-1024x683.jpg?fit=1024%2C683&ssl=1&resize=350%2C200 1x, https:\/\/i0.wp.com\/noticiasribeiraopreto.com.br\/wp-content\/uploads\/2024\/03\/carreira-gustavo-assuncao-vp-samsung-1024x683.jpg?fit=1024%2C683&ssl=1&resize=525%2C300 1.5x, https:\/\/i0.wp.com\/noticiasribeiraopreto.com.br\/wp-content\/uploads\/2024\/03\/carreira-gustavo-assuncao-vp-samsung-1024x683.jpg?fit=1024%2C683&ssl=1&resize=700%2C400 2x"},"classes":[]},{"id":43549,"url":"https:\/\/noticiasribeiraopreto.com.br\/index.php\/2024\/03\/21\/espacolaser-nomeia-diretora-financeira-como-nova-ceo\/","url_meta":{"origin":29815,"position":5},"title":"Espa\u00e7olaser nomeia diretora financeira como nova CEO","author":"noticiasribeiraopreto.com.br","date":"21 de March de 2024","format":false,"excerpt":"Magali Leite entrou na Espa\u00e7olaser em 2023 como diretora financeira e de rela\u00e7\u00f5es com investidores A rede de depila\u00e7\u00e3o Espa\u00e7olaser anunciou nesta quinta-feira (21) a nomea\u00e7\u00e3o da atual diretora financeira, Magali Leite, como sua nova presidente-executiva. Ela substituir\u00e1 Paulo Camargo, ex-chefe do McDonald\u2019s no Brasil, que renunciou do posto que\u2026","rel":"","context":"In &quot;Blog&quot;","block_context":{"text":"Blog","link":"https:\/\/noticiasribeiraopreto.com.br\/index.php\/category\/blog\/"},"img":{"alt_text":"","src":"https:\/\/i0.wp.com\/noticiasribeiraopreto.com.br\/wp-content\/uploads\/2024\/03\/mulher-magali-leite-espacolaser-1-1024x683.jpg?fit=1024%2C683&ssl=1&resize=350%2C200","width":350,"height":200,"srcset":"https:\/\/i0.wp.com\/noticiasribeiraopreto.com.br\/wp-content\/uploads\/2024\/03\/mulher-magali-leite-espacolaser-1-1024x683.jpg?fit=1024%2C683&ssl=1&resize=350%2C200 1x, https:\/\/i0.wp.com\/noticiasribeiraopreto.com.br\/wp-content\/uploads\/2024\/03\/mulher-magali-leite-espacolaser-1-1024x683.jpg?fit=1024%2C683&ssl=1&resize=525%2C300 1.5x, https:\/\/i0.wp.com\/noticiasribeiraopreto.com.br\/wp-content\/uploads\/2024\/03\/mulher-magali-leite-espacolaser-1-1024x683.jpg?fit=1024%2C683&ssl=1&resize=700%2C400 2x"},"classes":[]}],"jetpack_sharing_enabled":true,"jetpack_shortlink":"https:\/\/wp.me\/peQAOb-7KT","_links":{"self":[{"href":"https:\/\/noticiasribeiraopreto.com.br\/index.php\/wp-json\/wp\/v2\/posts\/29815","targetHints":{"allow":["GET"]}}],"collection":[{"href":"https:\/\/noticiasribeiraopreto.com.br\/index.php\/wp-json\/wp\/v2\/posts"}],"about":[{"href":"https:\/\/noticiasribeiraopreto.com.br\/index.php\/wp-json\/wp\/v2\/types\/post"}],"author":[{"embeddable":true,"href":"https:\/\/noticiasribeiraopreto.com.br\/index.php\/wp-json\/wp\/v2\/users\/1"}],"replies":[{"embeddable":true,"href":"https:\/\/noticiasribeiraopreto.com.br\/index.php\/wp-json\/wp\/v2\/comments?post=29815"}],"version-history":[{"count":0,"href":"https:\/\/noticiasribeiraopreto.com.br\/index.php\/wp-json\/wp\/v2\/posts\/29815\/revisions"}],"wp:featuredmedia":[{"embeddable":true,"href":"https:\/\/noticiasribeiraopreto.com.br\/index.php\/wp-json\/wp\/v2\/media\/29816"}],"wp:attachment":[{"href":"https:\/\/noticiasribeiraopreto.com.br\/index.php\/wp-json\/wp\/v2\/media?parent=29815"}],"wp:term":[{"taxonomy":"category","embeddable":true,"href":"https:\/\/noticiasribeiraopreto.com.br\/index.php\/wp-json\/wp\/v2\/categories?post=29815"},{"taxonomy":"post_tag","embeddable":true,"href":"https:\/\/noticiasribeiraopreto.com.br\/index.php\/wp-json\/wp\/v2\/tags?post=29815"}],"curies":[{"name":"wp","href":"https:\/\/api.w.org\/{rel}","templated":true}]}}