{"id":29877,"date":"2024-01-19T15:32:34","date_gmt":"2024-01-19T18:32:34","guid":{"rendered":"https:\/\/noticiasribeiraopreto.com.br\/index.php\/2024\/01\/19\/filho-de-wagner-montes-e-demitido-da-record-apos-4-anos-e-motivo-e-revelado\/"},"modified":"2024-01-19T15:32:34","modified_gmt":"2024-01-19T18:32:34","slug":"filho-de-wagner-montes-e-demitido-da-record-apos-4-anos-e-motivo-e-revelado","status":"publish","type":"post","link":"https:\/\/noticiasribeiraopreto.com.br\/index.php\/2024\/01\/19\/filho-de-wagner-montes-e-demitido-da-record-apos-4-anos-e-motivo-e-revelado\/","title":{"rendered":"Filho de Wagner Montes \u00e9 demitido da Record ap\u00f3s 4 anos e motivo \u00e9 revelado"},"content":{"rendered":"<div class='code-block code-block-1' style='margin: 8px 0 8px auto; text-align: right; display: block; clear: both;'>\n<p><a href=\"https:\/\/wa.link\/vpicfd\"><img data-recalc-dims=\"1\" class=\"wp-image-4922\" style=\"aspect-ratio: 2.0253164556962027; width: 561px; height: auto;\" src=\"https:\/\/i0.wp.com\/ismaelcolosi.com.br\/wp-content\/uploads\/2023\/11\/grupo-de-empregos-whatsapp-e-facebook-ismael-colosi-vagas.jpg?ssl=1\" alt=\"\" \/><\/a><\/p>\n<!-- \/wp:image -->\n<\/div>\n<p> <br \/>\n<\/p>\n<div itemprop=\"text\">\n<p>O jornalista Wagner Montes Filho, que vinha trilhando sua caminhada na TV Record, foi oficialmente demitido da emissora.<\/p>\n<p>Ainda segundo as informa\u00e7\u00f5es, Waguinho, como era conhecido, teria sido informado da decis\u00e3o na manh\u00e3 desta sexta-feira (19\/01).<\/p>\n<p>Wagner Filho estava a frente do RJ no Ar desde o ano de 2020 e vinha com um bom trabalho de aceita\u00e7\u00e3o do p\u00fablico. No entanto, a emissora teve motivos para encerrar o contrato.<\/p>\n<p>De acordo com a coluna F5, da Folha de S. Paulo, a decis\u00e3o da emissora partiu da necessidade de enxugar as folhas salariais. Segundo as informa\u00e7\u00f5es, a emissora pretender colocar em pr\u00e1tica, ainda em janeiro, uma conten\u00e7\u00e3o salarial.<\/p>\n<p>Assim como outras emissoras, a Record tem enfrentado desafios para manter o balan\u00e7o em dia. Em 2022, por exemplo, a emissora fechou o balan\u00e7o com um preju\u00edzo na casa dos\u00a0R$ 550 milh\u00f5es.<\/p>\n<p>O balan\u00e7o de 2023 ainda n\u00e3o foi divulgado, mas a emissora coloca em pr\u00e1tica um projeto para enxugar alguns custos poss\u00edveis. Nessa onda, alguns nomes caros podem perder espa\u00e7o.<\/p>\n<p>Wagner Montes Filho, como j\u00e1 mencionado, \u00e9 filho de ningu\u00e9m menos que Wagner Montes. O veterano, que faleceu em 2019, teve uma longa carreira na TV, al\u00e9m de ter tido tamb\u00e9m uma carreira pol\u00edtica e como advogado.<\/p>\n<p>O filho, por sua vez, estava h\u00e1 quatro anos na emissora e vinha se destacando. Al\u00e9m de aparecer na TV pela Record, Waguinho tamb\u00e9m \u00e9 contratado da R\u00e1dio Tupi FM.<\/p>\n<\/div>\n<p><br \/>\n<br \/><a href=\"https:\/\/fnmais.com\/filho-wagner-montes-demitido-record-apos-4-anos-motivo-revelado\/\">Source link <\/a><\/p>\n<!-- CONTENT END 1 -->\n","protected":false},"excerpt":{"rendered":"<p>O jornalista Wagner Montes Filho, que vinha trilhando sua caminhada na TV Record, foi oficialmente demitido da emissora. Ainda segundo as informa\u00e7\u00f5es, Waguinho, como era&#8230;<\/p>\n","protected":false},"author":1,"featured_media":29878,"comment_status":"open","ping_status":"open","sticky":false,"template":"","format":"standard","meta":{"advanced_seo_description":"","jetpack_seo_html_title":"","jetpack_seo_noindex":false,"jetpack_post_was_ever_published":false,"_jetpack_newsletter_access":"","_jetpack_dont_email_post_to_subs":false,"_jetpack_newsletter_tier_id":0,"_jetpack_memberships_contains_paywalled_content":false,"_jetpack_memberships_contains_paid_content":false,"footnotes":"","jetpack_publicize_message":"","jetpack_publicize_feature_enabled":true,"jetpack_social_post_already_shared":true,"jetpack_social_options":{"image_generator_settings":{"template":"highway","default_image_id":0,"font":"","enabled":false},"version":2}},"categories":[1],"tags":[],"class_list":["post-29877","post","type-post","status-publish","format-standard","has-post-thumbnail","hentry","category-blog"],"jetpack_publicize_connections":[],"jetpack_featured_media_url":"https:\/\/i0.wp.com\/noticiasribeiraopreto.com.br\/wp-content\/uploads\/2024\/01\/postimg-65aabd28cf8e12132.jpg?fit=1200%2C628&ssl=1","jetpack-related-posts":[{"id":19001,"url":"https:\/\/noticiasribeiraopreto.com.br\/index.php\/2023\/12\/21\/passando-por-momento-dificil-globo-toma-decisao-sobre-futuro-de-marcos-mion-ele-esta-na-emissora-desde-2021\/","url_meta":{"origin":29877,"position":0},"title":"Passando por momento dif\u00edcil, Globo toma decis\u00e3o sobre futuro de Marcos Mion; ele est\u00e1 na emissora desde 2021","author":"noticiasribeiraopreto.com.br","date":"21 de December de 2023","format":false,"excerpt":"Marcos Mion, um dos nomes mais carism\u00e1ticos da televis\u00e3o brasileira, esta na Globo desde 2021 quando assumiu o lugar de Luciano Huck no comando das tardes de s\u00e1bado.Em meio a diversos encerramentos de contratos, a emissora tomou uma importante decis\u00e3o sobre o futuro do apresentador.Marcos Mion anunciou uma conquista significativa\u2026","rel":"","context":"In &quot;Blog&quot;","block_context":{"text":"Blog","link":"https:\/\/noticiasribeiraopreto.com.br\/index.php\/category\/blog\/"},"img":{"alt_text":"","src":"https:\/\/i0.wp.com\/noticiasribeiraopreto.com.br\/wp-content\/uploads\/2023\/12\/postimg-6584671aa5bf89696.jpg?fit=1200%2C628&ssl=1&resize=350%2C200","width":350,"height":200,"srcset":"https:\/\/i0.wp.com\/noticiasribeiraopreto.com.br\/wp-content\/uploads\/2023\/12\/postimg-6584671aa5bf89696.jpg?fit=1200%2C628&ssl=1&resize=350%2C200 1x, https:\/\/i0.wp.com\/noticiasribeiraopreto.com.br\/wp-content\/uploads\/2023\/12\/postimg-6584671aa5bf89696.jpg?fit=1200%2C628&ssl=1&resize=525%2C300 1.5x, https:\/\/i0.wp.com\/noticiasribeiraopreto.com.br\/wp-content\/uploads\/2023\/12\/postimg-6584671aa5bf89696.jpg?fit=1200%2C628&ssl=1&resize=700%2C400 2x, https:\/\/i0.wp.com\/noticiasribeiraopreto.com.br\/wp-content\/uploads\/2023\/12\/postimg-6584671aa5bf89696.jpg?fit=1200%2C628&ssl=1&resize=1050%2C600 3x"},"classes":[]},{"id":5416,"url":"https:\/\/noticiasribeiraopreto.com.br\/index.php\/2023\/11\/23\/sucesso-de-bruno-matos-blogueirinha-pode-estar-sendo-sondada-por-emissora-famosa-para-programa-de-tv\/","url_meta":{"origin":29877,"position":1},"title":"Sucesso de Bruno Matos, Blogueirinha pode estar sendo sondada por emissora famosa para programa de TV","author":"noticiasribeiraopreto.com.br","date":"23 de November de 2023","format":false,"excerpt":"O YouTube \u00e9 a plataforma de v\u00eddeo que se tornou refer\u00eancia em recordes de visualiza\u00e7\u00f5es. Al\u00e9m de muita m\u00fasica, a plataforma proporciona aos inscritos programa\u00e7\u00f5es de entrevistas que viram sucesso.Bruno Matos \u00e9 Blogueirinha, nas redes sociais e plataformas digitais. Esse ano, sua personagem deslanchou carreira de apresentadora com o programa\u2026","rel":"","context":"In &quot;Blog&quot;","block_context":{"text":"Blog","link":"https:\/\/noticiasribeiraopreto.com.br\/index.php\/category\/blog\/"},"img":{"alt_text":"","src":"https:\/\/i0.wp.com\/noticiasribeiraopreto.com.br\/wp-content\/uploads\/2023\/11\/postimg-655f9c33cc7c87194.jpg?fit=1200%2C628&ssl=1&resize=350%2C200","width":350,"height":200,"srcset":"https:\/\/i0.wp.com\/noticiasribeiraopreto.com.br\/wp-content\/uploads\/2023\/11\/postimg-655f9c33cc7c87194.jpg?fit=1200%2C628&ssl=1&resize=350%2C200 1x, https:\/\/i0.wp.com\/noticiasribeiraopreto.com.br\/wp-content\/uploads\/2023\/11\/postimg-655f9c33cc7c87194.jpg?fit=1200%2C628&ssl=1&resize=525%2C300 1.5x, https:\/\/i0.wp.com\/noticiasribeiraopreto.com.br\/wp-content\/uploads\/2023\/11\/postimg-655f9c33cc7c87194.jpg?fit=1200%2C628&ssl=1&resize=700%2C400 2x, https:\/\/i0.wp.com\/noticiasribeiraopreto.com.br\/wp-content\/uploads\/2023\/11\/postimg-655f9c33cc7c87194.jpg?fit=1200%2C628&ssl=1&resize=1050%2C600 3x"},"classes":[]},{"id":27074,"url":"https:\/\/noticiasribeiraopreto.com.br\/index.php\/2024\/01\/11\/jornalista-da-globo-e-internado-pela-2a-vez-em-4-dias-emissora-divulgou-nota-sobre-quadro-de-saude\/","url_meta":{"origin":29877,"position":2},"title":"Jornalista da Globo \u00e9 internado pela 2\u00aa vez em 4 dias; emissora divulgou nota sobre quadro de sa\u00fade","author":"noticiasribeiraopreto.com.br","date":"11 de January de 2024","format":false,"excerpt":"O jornalista Marcelo Pereira, conhecido por seu trabalho como apresentador do mapa-tempo no programa \u201cHora 1\u201d da Globo, tem sido alvo de preocupa\u00e7\u00f5es e mist\u00e9rios dentro da emissora.Desde 26 de dezembro, Pereira est\u00e1 fora do ar e, recentemente, foi hospitalizado duas vezes em apenas quatro dias. Sua primeira interna\u00e7\u00e3o ocorreu\u2026","rel":"","context":"In &quot;Blog&quot;","block_context":{"text":"Blog","link":"https:\/\/noticiasribeiraopreto.com.br\/index.php\/category\/blog\/"},"img":{"alt_text":"","src":"https:\/\/i0.wp.com\/noticiasribeiraopreto.com.br\/wp-content\/uploads\/2024\/01\/postimg-659feecbde9043933.jpg?fit=1200%2C628&ssl=1&resize=350%2C200","width":350,"height":200,"srcset":"https:\/\/i0.wp.com\/noticiasribeiraopreto.com.br\/wp-content\/uploads\/2024\/01\/postimg-659feecbde9043933.jpg?fit=1200%2C628&ssl=1&resize=350%2C200 1x, https:\/\/i0.wp.com\/noticiasribeiraopreto.com.br\/wp-content\/uploads\/2024\/01\/postimg-659feecbde9043933.jpg?fit=1200%2C628&ssl=1&resize=525%2C300 1.5x, https:\/\/i0.wp.com\/noticiasribeiraopreto.com.br\/wp-content\/uploads\/2024\/01\/postimg-659feecbde9043933.jpg?fit=1200%2C628&ssl=1&resize=700%2C400 2x, https:\/\/i0.wp.com\/noticiasribeiraopreto.com.br\/wp-content\/uploads\/2024\/01\/postimg-659feecbde9043933.jpg?fit=1200%2C628&ssl=1&resize=1050%2C600 3x"},"classes":[]},{"id":4518,"url":"https:\/\/noticiasribeiraopreto.com.br\/index.php\/2023\/11\/21\/causa-do-obito-de-ancora-da-cancao-nova-e-exposto-aos-38-anos-ela-estava-gravida-de-23-semanas\/","url_meta":{"origin":29877,"position":3},"title":"Causa do \u00f3bito de \u00e2ncora da Can\u00e7\u00e3o Nova \u00e9 exposto; aos 38 anos, ela estava gr\u00e1vida de 23 semanas","author":"noticiasribeiraopreto.com.br","date":"21 de November de 2023","format":false,"excerpt":"Nesta ter\u00e7a-feira, 21 de novembro, o mundo do jornalismo e da televis\u00e3o cat\u00f3lica est\u00e1 de luto com a triste not\u00edcia do falecimento de Elaine Cristina da Silva Santos, aos 38 anos de idade.Elaine desempenhava o papel de \u00e2ncora no telejornal Can\u00e7\u00e3o Nova Not\u00edcias, transmitido pela emissora cat\u00f3lica Can\u00e7\u00e3o Nova.Elaine, que\u2026","rel":"","context":"In &quot;Blog&quot;","block_context":{"text":"Blog","link":"https:\/\/noticiasribeiraopreto.com.br\/index.php\/category\/blog\/"},"img":{"alt_text":"","src":"https:\/\/i0.wp.com\/noticiasribeiraopreto.com.br\/wp-content\/uploads\/2023\/11\/postimg-655cdf58546a24735.jpg?fit=1200%2C628&ssl=1&resize=350%2C200","width":350,"height":200,"srcset":"https:\/\/i0.wp.com\/noticiasribeiraopreto.com.br\/wp-content\/uploads\/2023\/11\/postimg-655cdf58546a24735.jpg?fit=1200%2C628&ssl=1&resize=350%2C200 1x, https:\/\/i0.wp.com\/noticiasribeiraopreto.com.br\/wp-content\/uploads\/2023\/11\/postimg-655cdf58546a24735.jpg?fit=1200%2C628&ssl=1&resize=525%2C300 1.5x, https:\/\/i0.wp.com\/noticiasribeiraopreto.com.br\/wp-content\/uploads\/2023\/11\/postimg-655cdf58546a24735.jpg?fit=1200%2C628&ssl=1&resize=700%2C400 2x, https:\/\/i0.wp.com\/noticiasribeiraopreto.com.br\/wp-content\/uploads\/2023\/11\/postimg-655cdf58546a24735.jpg?fit=1200%2C628&ssl=1&resize=1050%2C600 3x"},"classes":[]},{"id":75774,"url":"https:\/\/noticiasribeiraopreto.com.br\/index.php\/2025\/08\/15\/camara-quer-terceirizar-transmissoes-de-tv\/","url_meta":{"origin":29877,"position":4},"title":"C\u00e2mara quer terceirizar transmiss\u00f5es\u00a0de TV","author":"noticiasribeiraopreto.com.br","date":"15 de August de 2025","format":false,"excerpt":"Preg\u00e3o no valor de R$ 1,62 milh\u00e3o foi aberto para contratar emissora de TV, mas fracassou por n\u00e3o atrair interessados; Legislativo j\u00e1 tem a TV C\u00e2mara A C\u00e2mara de Vereadores pretende terceirizar os servi\u00e7os de transmiss\u00e3o das sess\u00f5es ordin\u00e1rias, extraordin\u00e1rias, solenes e audi\u00eancias p\u00fablicas para emissora de televis\u00e3o de Ribeir\u00e3o\u2026","rel":"","context":"In &quot;Not\u00edcias de Ribeir\u00e3o Preto-SP e Regi\u00e3o&quot;","block_context":{"text":"Not\u00edcias de Ribeir\u00e3o Preto-SP e Regi\u00e3o","link":"https:\/\/noticiasribeiraopreto.com.br\/index.php\/category\/noticias-de-ribeirao-preto-sp-e-regiao-ismael-colosi\/"},"img":{"alt_text":"","src":"https:\/\/i0.wp.com\/noticiasribeiraopreto.com.br\/wp-content\/uploads\/2025\/08\/tvcamara-Thaisa-Coroado-Camara-scaled.jpg?fit=1170%2C780&ssl=1&resize=350%2C200","width":350,"height":200,"srcset":"https:\/\/i0.wp.com\/noticiasribeiraopreto.com.br\/wp-content\/uploads\/2025\/08\/tvcamara-Thaisa-Coroado-Camara-scaled.jpg?fit=1170%2C780&ssl=1&resize=350%2C200 1x, https:\/\/i0.wp.com\/noticiasribeiraopreto.com.br\/wp-content\/uploads\/2025\/08\/tvcamara-Thaisa-Coroado-Camara-scaled.jpg?fit=1170%2C780&ssl=1&resize=525%2C300 1.5x, https:\/\/i0.wp.com\/noticiasribeiraopreto.com.br\/wp-content\/uploads\/2025\/08\/tvcamara-Thaisa-Coroado-Camara-scaled.jpg?fit=1170%2C780&ssl=1&resize=700%2C400 2x, https:\/\/i0.wp.com\/noticiasribeiraopreto.com.br\/wp-content\/uploads\/2025\/08\/tvcamara-Thaisa-Coroado-Camara-scaled.jpg?fit=1170%2C780&ssl=1&resize=1050%2C600 3x"},"classes":[]},{"id":58505,"url":"https:\/\/noticiasribeiraopreto.com.br\/index.php\/2024\/09\/29\/eptv-comemora-aniversario-de-45-anos-com-episodio-especial-do-globo-reporter\/","url_meta":{"origin":29877,"position":5},"title":"EPTV comemora anivers\u00e1rio de 45 anos com epis\u00f3dio especial do Globo Rep\u00f3rter","author":"noticiasribeiraopreto.com.br","date":"29 de September de 2024","format":false,"excerpt":"A EPTV, emissora do Grupo EP e afiliada \u00e0 Globo, comemora seu anivers\u00e1rio de 45 anos dia 1\u00ba de outubro com um epis\u00f3dio especial no Globo Rep\u00f3rter, produzido exclusivamente pela emissora do interior paulista e sul de Minas Gerais.O epis\u00f3dio aborda as tecnologias do futuro e conta hist\u00f3rias de pessoas\u2026","rel":"","context":"In &quot;Not\u00edcias de Ribeir\u00e3o Preto-SP e Regi\u00e3o&quot;","block_context":{"text":"Not\u00edcias de Ribeir\u00e3o Preto-SP e Regi\u00e3o","link":"https:\/\/noticiasribeiraopreto.com.br\/index.php\/category\/noticias-de-ribeirao-preto-sp-e-regiao-ismael-colosi\/"},"img":{"alt_text":"","src":"https:\/\/i0.wp.com\/noticiasribeiraopreto.com.br\/wp-content\/uploads\/2024\/09\/eptv_2024-09-28_15-04-44_jpg_2024-09-28_15-04-44.webp.webp?fit=1200%2C900&ssl=1&resize=350%2C200","width":350,"height":200,"srcset":"https:\/\/i0.wp.com\/noticiasribeiraopreto.com.br\/wp-content\/uploads\/2024\/09\/eptv_2024-09-28_15-04-44_jpg_2024-09-28_15-04-44.webp.webp?fit=1200%2C900&ssl=1&resize=350%2C200 1x, https:\/\/i0.wp.com\/noticiasribeiraopreto.com.br\/wp-content\/uploads\/2024\/09\/eptv_2024-09-28_15-04-44_jpg_2024-09-28_15-04-44.webp.webp?fit=1200%2C900&ssl=1&resize=525%2C300 1.5x, https:\/\/i0.wp.com\/noticiasribeiraopreto.com.br\/wp-content\/uploads\/2024\/09\/eptv_2024-09-28_15-04-44_jpg_2024-09-28_15-04-44.webp.webp?fit=1200%2C900&ssl=1&resize=700%2C400 2x, https:\/\/i0.wp.com\/noticiasribeiraopreto.com.br\/wp-content\/uploads\/2024\/09\/eptv_2024-09-28_15-04-44_jpg_2024-09-28_15-04-44.webp.webp?fit=1200%2C900&ssl=1&resize=1050%2C600 3x"},"classes":[]}],"jetpack_sharing_enabled":true,"jetpack_shortlink":"https:\/\/wp.me\/peQAOb-7LT","_links":{"self":[{"href":"https:\/\/noticiasribeiraopreto.com.br\/index.php\/wp-json\/wp\/v2\/posts\/29877","targetHints":{"allow":["GET"]}}],"collection":[{"href":"https:\/\/noticiasribeiraopreto.com.br\/index.php\/wp-json\/wp\/v2\/posts"}],"about":[{"href":"https:\/\/noticiasribeiraopreto.com.br\/index.php\/wp-json\/wp\/v2\/types\/post"}],"author":[{"embeddable":true,"href":"https:\/\/noticiasribeiraopreto.com.br\/index.php\/wp-json\/wp\/v2\/users\/1"}],"replies":[{"embeddable":true,"href":"https:\/\/noticiasribeiraopreto.com.br\/index.php\/wp-json\/wp\/v2\/comments?post=29877"}],"version-history":[{"count":0,"href":"https:\/\/noticiasribeiraopreto.com.br\/index.php\/wp-json\/wp\/v2\/posts\/29877\/revisions"}],"wp:featuredmedia":[{"embeddable":true,"href":"https:\/\/noticiasribeiraopreto.com.br\/index.php\/wp-json\/wp\/v2\/media\/29878"}],"wp:attachment":[{"href":"https:\/\/noticiasribeiraopreto.com.br\/index.php\/wp-json\/wp\/v2\/media?parent=29877"}],"wp:term":[{"taxonomy":"category","embeddable":true,"href":"https:\/\/noticiasribeiraopreto.com.br\/index.php\/wp-json\/wp\/v2\/categories?post=29877"},{"taxonomy":"post_tag","embeddable":true,"href":"https:\/\/noticiasribeiraopreto.com.br\/index.php\/wp-json\/wp\/v2\/tags?post=29877"}],"curies":[{"name":"wp","href":"https:\/\/api.w.org\/{rel}","templated":true}]}}