{"id":29885,"date":"2024-01-19T15:50:22","date_gmt":"2024-01-19T18:50:22","guid":{"rendered":"https:\/\/noticiasribeiraopreto.com.br\/index.php\/2024\/01\/19\/crianca-de-4-anos-perde-a-vida-dentro-de-apartamento-consumido-pelo-fogo-e-bombeiro-expoe-situacao-perturbadora\/"},"modified":"2024-01-19T15:50:22","modified_gmt":"2024-01-19T18:50:22","slug":"crianca-de-4-anos-perde-a-vida-dentro-de-apartamento-consumido-pelo-fogo-e-bombeiro-expoe-situacao-perturbadora","status":"publish","type":"post","link":"https:\/\/noticiasribeiraopreto.com.br\/index.php\/2024\/01\/19\/crianca-de-4-anos-perde-a-vida-dentro-de-apartamento-consumido-pelo-fogo-e-bombeiro-expoe-situacao-perturbadora\/","title":{"rendered":"Crian\u00e7a de 4 anos perde a vida dentro de apartamento consumido pelo fogo; e bombeiro exp\u00f5e situa\u00e7\u00e3o perturbadora"},"content":{"rendered":"<div class='code-block code-block-1' style='margin: 8px 0 8px auto; text-align: right; display: block; clear: both;'>\n<p><a href=\"https:\/\/wa.link\/vpicfd\"><img data-recalc-dims=\"1\" class=\"wp-image-4922\" style=\"aspect-ratio: 2.0253164556962027; width: 561px; height: auto;\" src=\"https:\/\/i0.wp.com\/ismaelcolosi.com.br\/wp-content\/uploads\/2023\/11\/grupo-de-empregos-whatsapp-e-facebook-ismael-colosi-vagas.jpg?ssl=1\" alt=\"\" \/><\/a><\/p>\n<!-- \/wp:image -->\n<\/div>\n<p> <br \/>\n<\/p>\n<div itemprop=\"text\">\n<p>Uma fam\u00edlia vitimada por uma trag\u00e9dia chora a dor do luto por causa da perda de um ente querido que morreu de forma cruel.<\/p>\n<p>Em decorr\u00eancia do incidente, uma crian\u00e7a, de quatro anos, morreu e seu pai ficou ferido em um inc\u00eandio que consumiu um apartamento localizado na cidade de Lauro de Freitas, na Regi\u00e3o Metropolitana de Salvador, capital do estado da Bahia.<\/p>\n<p>O incidente teve lugar na madrugada desta sexta-feira (19), por volta das 4h, em uma das edifica\u00e7\u00f5es do conjunto habitacional Santo Amaro de Ipitanga.<\/p>\n<p>Este condom\u00ednio foi entregue h\u00e1 pouco mais de dois anos por meio do programa Minha Casa, Minha Vida. De acordo com informa\u00e7\u00f5es da Pol\u00edcia Civil, a crian\u00e7a falecida foi identificada como Samuel Borges de Abreu.<\/p>\n<p>Samuel Borges se encontrava na companhia de seu irm\u00e3o de seis anos em um dos c\u00f4modos do apartamento onde residiam, situado no segundo andar do edif\u00edcio.<\/p>\n<p>Segundo relatos da fam\u00edlia, o pai das crian\u00e7as, Renato Abreu, de 62 anos, conseguiu entrar no quarto e resgatar um dos filhos, por\u00e9m, ao sair do local, percebeu que o outro menino ainda estava dentro do apartamento.<\/p>\n<p>Infelizmente, ele n\u00e3o conseguiu retornar ao recinto, pois as chamas j\u00e1 haviam se alastrado. Na sua tentativa de salvar os filhos, Renato Abreu tamb\u00e9m foi atingido pelo fogo.<\/p>\n<p>As equipes do Servi\u00e7o de Atendimento M\u00e9dico de Urg\u00eancia (Samu) prestaram os primeiros socorros, encaminhando-o para uma unidade hospitalar, em Salvador. At\u00e9 o momento, n\u00e3o h\u00e1 informa\u00e7\u00f5es detalhadas sobre o estado de sa\u00fade dele.<\/p>\n<p>De acordo com o Corpo de Bombeiros, ao chegarem ao local, uma equipe da corpora\u00e7\u00e3o constatou que os pr\u00f3prios moradores haviam controlado o inc\u00eandio. Os bombeiros mencionaram que, ao entrar no im\u00f3vel, encontraram Samuel sem vida no interior do quarto.<\/p>\n<p>Para assistir ao v\u00eddeo <a href=\"https:\/\/globoplay.globo.com\/v\/12280995\/\" target=\"_blank\" rel=\"nofollow noopener sponsored\">CLIQUE AQUI!<\/a><\/p>\n<p>Posteriormente, o Departamento de Pol\u00edcia T\u00e9cnica (DPT) foi acionado para realizar a remo\u00e7\u00e3o do corpo. Ainda n\u00e3o foram determinados a data e o local para os rituais de vel\u00f3rio e sepultamento do menino.<\/p>\n<p>O capit\u00e3o do Corpo de Bombeiros, conhecido como G\u00f3es, que realizou uma inspe\u00e7\u00e3o no edif\u00edcio e constatou a presen\u00e7a de todos os equipamentos de seguran\u00e7a. Contudo, ele observou que as caixas de \u00e1gua destinadas aos hidrantes em todos os andares estavam desprovidas de \u00e1gua.<\/p>\n<\/div>\n<p><br \/>\n<br \/><a href=\"https:\/\/fnmais.com\/video-crianca-4-anos-perde-vida-dentro-apartamento-consumido-pelo-fogo-bombeiro-expoe-situacao-perturbadora\/\">Source link <\/a><\/p>\n<!-- CONTENT END 1 -->\n","protected":false},"excerpt":{"rendered":"<p>Uma fam\u00edlia vitimada por uma trag\u00e9dia chora a dor do luto por causa da perda de um ente querido que morreu de forma cruel. Em&#8230;<\/p>\n","protected":false},"author":1,"featured_media":29886,"comment_status":"open","ping_status":"open","sticky":false,"template":"","format":"standard","meta":{"advanced_seo_description":"","jetpack_seo_html_title":"","jetpack_seo_noindex":false,"jetpack_post_was_ever_published":false,"_jetpack_newsletter_access":"","_jetpack_dont_email_post_to_subs":false,"_jetpack_newsletter_tier_id":0,"_jetpack_memberships_contains_paywalled_content":false,"_jetpack_memberships_contains_paid_content":false,"footnotes":"","jetpack_publicize_message":"","jetpack_publicize_feature_enabled":true,"jetpack_social_post_already_shared":true,"jetpack_social_options":{"image_generator_settings":{"template":"highway","default_image_id":0,"font":"","enabled":false},"version":2}},"categories":[1],"tags":[],"class_list":["post-29885","post","type-post","status-publish","format-standard","has-post-thumbnail","hentry","category-blog"],"jetpack_publicize_connections":[],"jetpack_featured_media_url":"https:\/\/i0.wp.com\/noticiasribeiraopreto.com.br\/wp-content\/uploads\/2024\/01\/postimg-65aab2aa95aa55358.jpg?fit=1200%2C628&ssl=1","jetpack-related-posts":[{"id":79872,"url":"https:\/\/noticiasribeiraopreto.com.br\/index.php\/2025\/11\/10\/crianca-morre-em-acidente-na-regiao\/","url_meta":{"origin":29885,"position":0},"title":"Crian\u00e7a morre em acidente na regi\u00e3o","author":"noticiasribeiraopreto.com.br","date":"10 de November de 2025","format":false,"excerpt":"Condutor perdeu o controle de caminhonete em al\u00e7a de acesso de rodovia e bateu em barranco; adolescente ficou ferido e foi internado 10 de novembro de 2025 11:1810 de novembro de 2025 11:197 Compartilhar1 Por: Adalberto Luque \u2013 Uma crian\u00e7a de 9 anos morreu e um adolescente de 13 anos\u2026","rel":"","context":"In &quot;Not\u00edcias de Ribeir\u00e3o Preto-SP e Regi\u00e3o&quot;","block_context":{"text":"Not\u00edcias de Ribeir\u00e3o Preto-SP e Regi\u00e3o","link":"https:\/\/noticiasribeiraopreto.com.br\/index.php\/category\/noticias-de-ribeirao-preto-sp-e-regiao-ismael-colosi\/"},"img":{"alt_text":"","src":"https:\/\/i0.wp.com\/noticiasribeiraopreto.com.br\/wp-content\/uploads\/2025\/11\/09-nov-2025-acidentesertaozinho.jpg?fit=1191%2C493&ssl=1&resize=350%2C200","width":350,"height":200,"srcset":"https:\/\/i0.wp.com\/noticiasribeiraopreto.com.br\/wp-content\/uploads\/2025\/11\/09-nov-2025-acidentesertaozinho.jpg?fit=1191%2C493&ssl=1&resize=350%2C200 1x, https:\/\/i0.wp.com\/noticiasribeiraopreto.com.br\/wp-content\/uploads\/2025\/11\/09-nov-2025-acidentesertaozinho.jpg?fit=1191%2C493&ssl=1&resize=525%2C300 1.5x, https:\/\/i0.wp.com\/noticiasribeiraopreto.com.br\/wp-content\/uploads\/2025\/11\/09-nov-2025-acidentesertaozinho.jpg?fit=1191%2C493&ssl=1&resize=700%2C400 2x, https:\/\/i0.wp.com\/noticiasribeiraopreto.com.br\/wp-content\/uploads\/2025\/11\/09-nov-2025-acidentesertaozinho.jpg?fit=1191%2C493&ssl=1&resize=1050%2C600 3x"},"classes":[]},{"id":59434,"url":"https:\/\/noticiasribeiraopreto.com.br\/index.php\/2024\/10\/23\/morre-crianca-de-5-anos-vitima-de-afogamento-em-parque-aquatico-na-regiao-de-ribeirao-3\/","url_meta":{"origin":29885,"position":1},"title":"Morre crian\u00e7a de 5 anos v\u00edtima de afogamento em parque aqu\u00e1tico na regi\u00e3o de Ribeir\u00e3o","author":"noticiasribeiraopreto.com.br","date":"23 de October de 2024","format":false,"excerpt":"Morreu nesta quarta-feira (23), a crian\u00e7a de 5 anos que foi v\u00edtima de afogamento no domingo (20), em um parque aqu\u00e1tico em Barretos, na regi\u00e3o de Ribeir\u00e3o Preto. O menino chegou a ser socorrido e estava internado na UTI da Santa Casa de Barretos. De acordo com Boletim de Ocorr\u00eancia\u2026","rel":"","context":"In &quot;Not\u00edcias de Ribeir\u00e3o Preto-SP e Regi\u00e3o&quot;","block_context":{"text":"Not\u00edcias de Ribeir\u00e3o Preto-SP e Regi\u00e3o","link":"https:\/\/noticiasribeiraopreto.com.br\/index.php\/category\/noticias-de-ribeirao-preto-sp-e-regiao-ismael-colosi\/"},"img":{"alt_text":"","src":"https:\/\/i0.wp.com\/noticiasribeiraopreto.com.br\/wp-content\/uploads\/2024\/10\/barretos_delegacia_1200x675_03042022110539_2024-10-23_20-15-45_jpg_2024-10-23_20-15-46.webp.webp?fit=1200%2C675&ssl=1&resize=350%2C200","width":350,"height":200,"srcset":"https:\/\/i0.wp.com\/noticiasribeiraopreto.com.br\/wp-content\/uploads\/2024\/10\/barretos_delegacia_1200x675_03042022110539_2024-10-23_20-15-45_jpg_2024-10-23_20-15-46.webp.webp?fit=1200%2C675&ssl=1&resize=350%2C200 1x, https:\/\/i0.wp.com\/noticiasribeiraopreto.com.br\/wp-content\/uploads\/2024\/10\/barretos_delegacia_1200x675_03042022110539_2024-10-23_20-15-45_jpg_2024-10-23_20-15-46.webp.webp?fit=1200%2C675&ssl=1&resize=525%2C300 1.5x, https:\/\/i0.wp.com\/noticiasribeiraopreto.com.br\/wp-content\/uploads\/2024\/10\/barretos_delegacia_1200x675_03042022110539_2024-10-23_20-15-45_jpg_2024-10-23_20-15-46.webp.webp?fit=1200%2C675&ssl=1&resize=700%2C400 2x, https:\/\/i0.wp.com\/noticiasribeiraopreto.com.br\/wp-content\/uploads\/2024\/10\/barretos_delegacia_1200x675_03042022110539_2024-10-23_20-15-45_jpg_2024-10-23_20-15-46.webp.webp?fit=1200%2C675&ssl=1&resize=1050%2C600 3x"},"classes":[]},{"id":59429,"url":"https:\/\/noticiasribeiraopreto.com.br\/index.php\/2024\/10\/23\/morre-crianca-de-5-anos-vitima-de-afogamento-em-parque-aquatico-na-regiao-de-ribeirao-2\/","url_meta":{"origin":29885,"position":2},"title":"Morre crian\u00e7a de 5 anos v\u00edtima de afogamento em parque aqu\u00e1tico na regi\u00e3o de Ribeir\u00e3o","author":"noticiasribeiraopreto.com.br","date":"23 de October de 2024","format":false,"excerpt":"Morreu nesta quarta-feira (23), a crian\u00e7a de 5 anos que foi v\u00edtima de afogamento no domingo (20), em um parque aqu\u00e1tico em Barretos, na regi\u00e3o de Ribeir\u00e3o Preto. O menino chegou a ser socorrido e estava internado na UTI da Santa Casa de Barretos. De acordo com Boletim de Ocorr\u00eancia\u2026","rel":"","context":"In &quot;Not\u00edcias de Ribeir\u00e3o Preto-SP e Regi\u00e3o&quot;","block_context":{"text":"Not\u00edcias de Ribeir\u00e3o Preto-SP e Regi\u00e3o","link":"https:\/\/noticiasribeiraopreto.com.br\/index.php\/category\/noticias-de-ribeirao-preto-sp-e-regiao-ismael-colosi\/"},"img":{"alt_text":"","src":"https:\/\/i0.wp.com\/noticiasribeiraopreto.com.br\/wp-content\/uploads\/2024\/10\/barretos_delegacia_1200x675_03042022110539_2024-10-23_20-15-45_jpg_2024-10-23_20-15-46.webp.webp?fit=1200%2C675&ssl=1&resize=350%2C200","width":350,"height":200,"srcset":"https:\/\/i0.wp.com\/noticiasribeiraopreto.com.br\/wp-content\/uploads\/2024\/10\/barretos_delegacia_1200x675_03042022110539_2024-10-23_20-15-45_jpg_2024-10-23_20-15-46.webp.webp?fit=1200%2C675&ssl=1&resize=350%2C200 1x, https:\/\/i0.wp.com\/noticiasribeiraopreto.com.br\/wp-content\/uploads\/2024\/10\/barretos_delegacia_1200x675_03042022110539_2024-10-23_20-15-45_jpg_2024-10-23_20-15-46.webp.webp?fit=1200%2C675&ssl=1&resize=525%2C300 1.5x, https:\/\/i0.wp.com\/noticiasribeiraopreto.com.br\/wp-content\/uploads\/2024\/10\/barretos_delegacia_1200x675_03042022110539_2024-10-23_20-15-45_jpg_2024-10-23_20-15-46.webp.webp?fit=1200%2C675&ssl=1&resize=700%2C400 2x, https:\/\/i0.wp.com\/noticiasribeiraopreto.com.br\/wp-content\/uploads\/2024\/10\/barretos_delegacia_1200x675_03042022110539_2024-10-23_20-15-45_jpg_2024-10-23_20-15-46.webp.webp?fit=1200%2C675&ssl=1&resize=1050%2C600 3x"},"classes":[]},{"id":29509,"url":"https:\/\/noticiasribeiraopreto.com.br\/index.php\/2024\/01\/18\/quem-e-o-menino-de-2-anos-que-perdeu-a-vida-por-fome-trancado-em-casa-ao-lado-do-corpo-do-pai\/","url_meta":{"origin":29885,"position":3},"title":"Quem \u00e9 o menino de 2 anos que perdeu a vida por fome trancado em casa ao lado do corpo do pai","author":"noticiasribeiraopreto.com.br","date":"18 de January de 2024","format":false,"excerpt":"Uma crian\u00e7a de 2 anos faleceu por desnutri\u00e7\u00e3o ap\u00f3s seu pai sofrer um ataque card\u00edaco. O tr\u00e1gico incidente ocorreu no Reino Unido, as autoridades registraram o caso no \u00faltimo dia 9 de janeiro.A crian\u00e7a foi identificada como Bronson Battersby ela foi descoberta sem vida ao lado do corpo de seu\u2026","rel":"","context":"In &quot;Blog&quot;","block_context":{"text":"Blog","link":"https:\/\/noticiasribeiraopreto.com.br\/index.php\/category\/blog\/"},"img":{"alt_text":"","src":"https:\/\/i0.wp.com\/noticiasribeiraopreto.com.br\/wp-content\/uploads\/2024\/01\/postimg-65a967c0cff416089.jpg?fit=1200%2C628&ssl=1&resize=350%2C200","width":350,"height":200,"srcset":"https:\/\/i0.wp.com\/noticiasribeiraopreto.com.br\/wp-content\/uploads\/2024\/01\/postimg-65a967c0cff416089.jpg?fit=1200%2C628&ssl=1&resize=350%2C200 1x, https:\/\/i0.wp.com\/noticiasribeiraopreto.com.br\/wp-content\/uploads\/2024\/01\/postimg-65a967c0cff416089.jpg?fit=1200%2C628&ssl=1&resize=525%2C300 1.5x, https:\/\/i0.wp.com\/noticiasribeiraopreto.com.br\/wp-content\/uploads\/2024\/01\/postimg-65a967c0cff416089.jpg?fit=1200%2C628&ssl=1&resize=700%2C400 2x, https:\/\/i0.wp.com\/noticiasribeiraopreto.com.br\/wp-content\/uploads\/2024\/01\/postimg-65a967c0cff416089.jpg?fit=1200%2C628&ssl=1&resize=1050%2C600 3x"},"classes":[]},{"id":63210,"url":"https:\/\/noticiasribeiraopreto.com.br\/index.php\/2025\/02\/06\/morre-crianca-de-6-anos-vitima-de-acidente-em-rodovia-da-regiao-de-ribeirao\/","url_meta":{"origin":29885,"position":4},"title":"Morre crian\u00e7a de 6 anos v\u00edtima de acidente em rodovia da regi\u00e3o de Ribeir\u00e3o","author":"noticiasribeiraopreto.com.br","date":"6 de February de 2025","format":false,"excerpt":"Morreu na madrugada desta quinta-feira (6), a crian\u00e7a de 6 anos que foi socorrida em estado grave ap\u00f3s um engavetamento na rodovia Armando Salles de Oliveira (SP-322), em Sert\u00e3ozinho, cidade na regi\u00e3o de Ribeir\u00e3o Preto. Ainda n\u00e3o h\u00e1 informa\u00e7\u00f5es sobre vel\u00f3rio e sepultamento. De acordo com as informa\u00e7\u00f5es do CCI\u2026","rel":"","context":"In &quot;Not\u00edcias de Ribeir\u00e3o Preto-SP e Regi\u00e3o&quot;","block_context":{"text":"Not\u00edcias de Ribeir\u00e3o Preto-SP e Regi\u00e3o","link":"https:\/\/noticiasribeiraopreto.com.br\/index.php\/category\/noticias-de-ribeirao-preto-sp-e-regiao-ismael-colosi\/"},"img":{"alt_text":"","src":"https:\/\/i0.wp.com\/noticiasribeiraopreto.com.br\/wp-content\/uploads\/2025\/02\/Copia-de-Copia-de-Copia-de-TAMANHO-EXATO-PARA-FOTOS-NO-SISTEMA-NOVO-2025-02-05T160700.825_2025-02-05_19-07-11_png_2025-02-05_19-07-11.webp.webp?fit=1200%2C675&ssl=1&resize=350%2C200","width":350,"height":200,"srcset":"https:\/\/i0.wp.com\/noticiasribeiraopreto.com.br\/wp-content\/uploads\/2025\/02\/Copia-de-Copia-de-Copia-de-TAMANHO-EXATO-PARA-FOTOS-NO-SISTEMA-NOVO-2025-02-05T160700.825_2025-02-05_19-07-11_png_2025-02-05_19-07-11.webp.webp?fit=1200%2C675&ssl=1&resize=350%2C200 1x, https:\/\/i0.wp.com\/noticiasribeiraopreto.com.br\/wp-content\/uploads\/2025\/02\/Copia-de-Copia-de-Copia-de-TAMANHO-EXATO-PARA-FOTOS-NO-SISTEMA-NOVO-2025-02-05T160700.825_2025-02-05_19-07-11_png_2025-02-05_19-07-11.webp.webp?fit=1200%2C675&ssl=1&resize=525%2C300 1.5x, https:\/\/i0.wp.com\/noticiasribeiraopreto.com.br\/wp-content\/uploads\/2025\/02\/Copia-de-Copia-de-Copia-de-TAMANHO-EXATO-PARA-FOTOS-NO-SISTEMA-NOVO-2025-02-05T160700.825_2025-02-05_19-07-11_png_2025-02-05_19-07-11.webp.webp?fit=1200%2C675&ssl=1&resize=700%2C400 2x, https:\/\/i0.wp.com\/noticiasribeiraopreto.com.br\/wp-content\/uploads\/2025\/02\/Copia-de-Copia-de-Copia-de-TAMANHO-EXATO-PARA-FOTOS-NO-SISTEMA-NOVO-2025-02-05T160700.825_2025-02-05_19-07-11_png_2025-02-05_19-07-11.webp.webp?fit=1200%2C675&ssl=1&resize=1050%2C600 3x"},"classes":[]},{"id":79501,"url":"https:\/\/noticiasribeiraopreto.com.br\/index.php\/2025\/11\/03\/cantor-e-compositor-lo-borges-morre-aos-73-anos\/","url_meta":{"origin":29885,"position":5},"title":"Cantor e compositor L\u00f4 Borges morre aos 73 anos","author":"noticiasribeiraopreto.com.br","date":"3 de November de 2025","format":false,"excerpt":"O cantor e compositor L\u00f4 Borges morreu nesta segunda-feira (3), aos 73 anos, em Belo Horizonte. O artista estava internado por conta de um quadro de intoxica\u00e7\u00e3o por medicamentos e chegou a cancelar uma apresenta\u00e7\u00e3o que seria realizada em Ribeir\u00e3o Preto na \u00faltima sexta-feira (31). Interna\u00e7\u00e3o L\u00f4 Borges, um dos\u2026","rel":"","context":"In &quot;Not\u00edcias de Ribeir\u00e3o Preto-SP e Regi\u00e3o&quot;","block_context":{"text":"Not\u00edcias de Ribeir\u00e3o Preto-SP e Regi\u00e3o","link":"https:\/\/noticiasribeiraopreto.com.br\/index.php\/category\/noticias-de-ribeirao-preto-sp-e-regiao-ismael-colosi\/"},"img":{"alt_text":"","src":"https:\/\/i0.wp.com\/noticiasribeiraopreto.com.br\/wp-content\/uploads\/2025\/10\/WhatsApp-Image-2025-10-23-at-14.07.23_2025-10-23_17-13-31.webp.webp?fit=1200%2C675&ssl=1&resize=350%2C200","width":350,"height":200,"srcset":"https:\/\/i0.wp.com\/noticiasribeiraopreto.com.br\/wp-content\/uploads\/2025\/10\/WhatsApp-Image-2025-10-23-at-14.07.23_2025-10-23_17-13-31.webp.webp?fit=1200%2C675&ssl=1&resize=350%2C200 1x, https:\/\/i0.wp.com\/noticiasribeiraopreto.com.br\/wp-content\/uploads\/2025\/10\/WhatsApp-Image-2025-10-23-at-14.07.23_2025-10-23_17-13-31.webp.webp?fit=1200%2C675&ssl=1&resize=525%2C300 1.5x, https:\/\/i0.wp.com\/noticiasribeiraopreto.com.br\/wp-content\/uploads\/2025\/10\/WhatsApp-Image-2025-10-23-at-14.07.23_2025-10-23_17-13-31.webp.webp?fit=1200%2C675&ssl=1&resize=700%2C400 2x, https:\/\/i0.wp.com\/noticiasribeiraopreto.com.br\/wp-content\/uploads\/2025\/10\/WhatsApp-Image-2025-10-23-at-14.07.23_2025-10-23_17-13-31.webp.webp?fit=1200%2C675&ssl=1&resize=1050%2C600 3x"},"classes":[]}],"jetpack_sharing_enabled":true,"jetpack_shortlink":"https:\/\/wp.me\/peQAOb-7M1","_links":{"self":[{"href":"https:\/\/noticiasribeiraopreto.com.br\/index.php\/wp-json\/wp\/v2\/posts\/29885","targetHints":{"allow":["GET"]}}],"collection":[{"href":"https:\/\/noticiasribeiraopreto.com.br\/index.php\/wp-json\/wp\/v2\/posts"}],"about":[{"href":"https:\/\/noticiasribeiraopreto.com.br\/index.php\/wp-json\/wp\/v2\/types\/post"}],"author":[{"embeddable":true,"href":"https:\/\/noticiasribeiraopreto.com.br\/index.php\/wp-json\/wp\/v2\/users\/1"}],"replies":[{"embeddable":true,"href":"https:\/\/noticiasribeiraopreto.com.br\/index.php\/wp-json\/wp\/v2\/comments?post=29885"}],"version-history":[{"count":0,"href":"https:\/\/noticiasribeiraopreto.com.br\/index.php\/wp-json\/wp\/v2\/posts\/29885\/revisions"}],"wp:featuredmedia":[{"embeddable":true,"href":"https:\/\/noticiasribeiraopreto.com.br\/index.php\/wp-json\/wp\/v2\/media\/29886"}],"wp:attachment":[{"href":"https:\/\/noticiasribeiraopreto.com.br\/index.php\/wp-json\/wp\/v2\/media?parent=29885"}],"wp:term":[{"taxonomy":"category","embeddable":true,"href":"https:\/\/noticiasribeiraopreto.com.br\/index.php\/wp-json\/wp\/v2\/categories?post=29885"},{"taxonomy":"post_tag","embeddable":true,"href":"https:\/\/noticiasribeiraopreto.com.br\/index.php\/wp-json\/wp\/v2\/tags?post=29885"}],"curies":[{"name":"wp","href":"https:\/\/api.w.org\/{rel}","templated":true}]}}