{"id":29887,"date":"2024-01-19T15:52:32","date_gmt":"2024-01-19T18:52:32","guid":{"rendered":"https:\/\/noticiasribeiraopreto.com.br\/index.php\/2024\/01\/19\/mau-tempo-atrasa-remocao-de-suspeito-de-homicidio-do-rj-para-rp\/"},"modified":"2024-01-19T15:52:32","modified_gmt":"2024-01-19T18:52:32","slug":"mau-tempo-atrasa-remocao-de-suspeito-de-homicidio-do-rj-para-rp","status":"publish","type":"post","link":"https:\/\/noticiasribeiraopreto.com.br\/index.php\/2024\/01\/19\/mau-tempo-atrasa-remocao-de-suspeito-de-homicidio-do-rj-para-rp\/","title":{"rendered":"Mau tempo atrasa remo\u00e7\u00e3o de suspeito de homic\u00eddio do RJ para RP"},"content":{"rendered":"<div class='code-block code-block-1' style='margin: 8px 0 8px auto; text-align: right; display: block; clear: both;'>\n<p><a href=\"https:\/\/wa.link\/vpicfd\"><img data-recalc-dims=\"1\" class=\"wp-image-4922\" style=\"aspect-ratio: 2.0253164556962027; width: 561px; height: auto;\" src=\"https:\/\/i0.wp.com\/ismaelcolosi.com.br\/wp-content\/uploads\/2023\/11\/grupo-de-empregos-whatsapp-e-facebook-ismael-colosi-vagas.jpg?ssl=1\" alt=\"\" \/><\/a><\/p>\n<!-- \/wp:image -->\n<\/div>\n<p> <br \/>\n<\/p>\n<div id=\"\">\n<h2 class=\"penci-post-subtitle\">Homem acusado de matar executivo que morava nos EUA saiu no final da madrugada desta sexta-feira (19) para SP e depois para RP, mas condi\u00e7\u00f5es clim\u00e1ticas impediram avi\u00e3o de prosseguir<\/h2>\n<p> <span class=\"entry-meta-item penci-posted-on\"><i class=\"fa fa-clock-o\"\/><time class=\"entry-date published updated\" datetime=\"2024-01-19T15:43:38-03:00\">19 de janeiro de 2024 | 15:43<\/time><\/span><\/p>\n<p> <span class=\"penci-social-buttons penci-social-share-footer\"><a href=\"#\" class=\"penci-post-like penci_post-meta_item  single-like-button penci-social-item like\" data-post_id=\"370936\" title=\"Like\" data-like=\"Like\" data-unlike=\"Unlike\"><i class=\"fa fa-thumbs-o-up\"\/><span class=\"penci-share-number\">0<\/span><\/a><i class=\"fa fa-facebook\"\/><a class=\"penci-social-item twitter\" target=\"_blank\" rel=\"noopener\" title=\"\" href=\"https:\/\/twitter.com\/intent\/tweet?text=Mau%20tempo%20atrasa%20remo\u00e7\u00e3o%20de%20suspeito%20de%20homic\u00eddio%20do%20RJ%20para%20RP%20-%20https:\/\/www.tribunaribeirao.com.br\/site\/mau-tempo-atrasa-remocao-de-suspeito-de-homicidio-do-rj-para-rp\/\"><i class=\"fa fa-twitter\"\/><\/a><i class=\"fa fa-whatsapp\"\/><\/span><\/div>\n<div>\n<p>Por: Adalberto Luque<\/p>\n<p>O mau tempo atrasou a chegada de Gabriel Souza Brito, de 28 anos, a Ribeir\u00e3o Preto, nesta sexta-feira (19), prevista inicialmente para as 13h00. Ele \u00e9 acusado da morte do executivo brasileiro Paulo Roberto Carvalho Pena Braga Filho, o Beto Braga, que trabalhava e morava em San Diego, Calif\u00f3rnia, EUA.<\/p>\n<p>Brito foi preso nesta segunda-feira (15), na cidade de Nova Igua\u00e7u, baixada Fluminense, Rio de Janeiro, ap\u00f3s investiga\u00e7\u00f5es da Delegacia de Investiga\u00e7\u00f5es Gerais da Divis\u00e3o Especializada de Investiga\u00e7\u00f5es Criminais (DIG\/DEIC), que indicaram seu paradeiro.<\/p>\n<p>Nesta quinta-feira (18), o delegado Targino Donizete Os\u00f3rio e uma equipe de policiais civis foram at\u00e9 o Rio de Janeiro para trazer o suspeito do crime para Ribeir\u00e3o Preto, onde ser\u00e1 interrogado. Eles sa\u00edram da capital fluminense no final da madrugada desta sexta-feira (19).<\/p>\n<figure id=\"attachment_370939\" aria-describedby=\"caption-attachment-370939\" style=\"width: 735px\" class=\"wp-caption alignnone\"><noscript><img data-recalc-dims=\"1\" loading=\"lazy\" decoding=\"async\" class=\" wp-image-370939\" src=\"https:\/\/i0.wp.com\/www.tribunaribeirao.com.br\/site\/wp-content\/uploads\/2024\/01\/00-19-jan-2024-preso-morte-executivo-02-foto-divulgacao.jpg?resize=735%2C767&#038;ssl=1\" alt=\"\" width=\"735\" height=\"767\" srcset=\"https:\/\/www.tribunaribeirao.com.br\/site\/wp-content\/uploads\/2024\/01\/00-19-jan-2024-preso-morte-executivo-02-foto-divulgacao.jpg 600w, https:\/\/www.tribunaribeirao.com.br\/site\/wp-content\/uploads\/2024\/01\/00-19-jan-2024-preso-morte-executivo-02-foto-divulgacao-288x300.jpg 288w, https:\/\/www.tribunaribeirao.com.br\/site\/wp-content\/uploads\/2024\/01\/00-19-jan-2024-preso-morte-executivo-02-foto-divulgacao-383x400.jpg 383w, https:\/\/www.tribunaribeirao.com.br\/site\/wp-content\/uploads\/2024\/01\/00-19-jan-2024-preso-morte-executivo-02-foto-divulgacao-585x610.jpg 585w\" sizes=\"auto, (max-width: 735px) 100vw, 735px\"\/><\/noscript><figcaption id=\"caption-attachment-370939\" class=\"wp-caption-text\">Investigado saiu do Rio de Janeiro no final da madrugada desta sexta-feira (19) (Foto: Pol\u00edcia Civil\/Divulga\u00e7\u00e3o)<\/figcaption><\/figure>\n<p>Como previsto, a aeronave Pelicano, da Pol\u00edcia Civil, fez escala no Campo de Marte, em S\u00e3o Paulo, para abastecimento. O diretor da DEIC, Kleber de Oliveira Granja, convocou a imprensa para uma coletiva, que seria feita no sagu\u00e3o do Aeroporto Leite Lopes, em Ribeir\u00e3o Preto, assim que a equipe chegasse com o preso.<\/p>\n<p>A sa\u00edda da aeronave foi adiada por conta do mal tempo. Por volta de 14h00 o avi\u00e3o finalmente decolou com destino a Ribeir\u00e3o Preto. Mas as condi\u00e7\u00f5es clim\u00e1ticas impediam o avi\u00e3o de prosseguir. Chegaram a cogitar seguir para Bauru, mas as condi\u00e7\u00f5es tamb\u00e9m n\u00e3o eram favor\u00e1veis.<\/p>\n<figure id=\"attachment_370940\" aria-describedby=\"caption-attachment-370940\" style=\"width: 754px\" class=\"wp-caption alignnone\"><img data-recalc-dims=\"1\" loading=\"lazy\" decoding=\"async\" alt=\"\" width=\"754\" height=\"1136\" srcset=\"https:\/\/www.tribunaribeirao.com.br\/site\/wp-content\/uploads\/2024\/01\/00-19-jan-2024-preso-morte-executivo-04-foto-divulgacao.jpg 428w, https:\/\/www.tribunaribeirao.com.br\/site\/wp-content\/uploads\/2024\/01\/00-19-jan-2024-preso-morte-executivo-04-foto-divulgacao-199x300.jpg 199w, https:\/\/www.tribunaribeirao.com.br\/site\/wp-content\/uploads\/2024\/01\/00-19-jan-2024-preso-morte-executivo-04-foto-divulgacao-265x400.jpg 265w, https:\/\/www.tribunaribeirao.com.br\/site\/wp-content\/uploads\/2024\/01\/00-19-jan-2024-preso-morte-executivo-04-foto-divulgacao-585x882.jpg 585w\" src=\"https:\/\/i0.wp.com\/www.tribunaribeirao.com.br\/site\/wp-content\/uploads\/2024\/01\/00-19-jan-2024-preso-morte-executivo-04-foto-divulgacao.jpg?resize=754%2C1136&#038;ssl=1\" data-sizes=\"(max-width: 754px) 100vw, 754px\" class=\" wp-image-370940 lazyload\"\/><noscript><img data-recalc-dims=\"1\" loading=\"lazy\" decoding=\"async\" class=\" wp-image-370940\" src=\"https:\/\/i0.wp.com\/www.tribunaribeirao.com.br\/site\/wp-content\/uploads\/2024\/01\/00-19-jan-2024-preso-morte-executivo-04-foto-divulgacao.jpg?resize=754%2C1136&#038;ssl=1\" alt=\"\" width=\"754\" height=\"1136\" srcset=\"https:\/\/www.tribunaribeirao.com.br\/site\/wp-content\/uploads\/2024\/01\/00-19-jan-2024-preso-morte-executivo-04-foto-divulgacao.jpg 428w, https:\/\/www.tribunaribeirao.com.br\/site\/wp-content\/uploads\/2024\/01\/00-19-jan-2024-preso-morte-executivo-04-foto-divulgacao-199x300.jpg 199w, https:\/\/www.tribunaribeirao.com.br\/site\/wp-content\/uploads\/2024\/01\/00-19-jan-2024-preso-morte-executivo-04-foto-divulgacao-265x400.jpg 265w, https:\/\/www.tribunaribeirao.com.br\/site\/wp-content\/uploads\/2024\/01\/00-19-jan-2024-preso-morte-executivo-04-foto-divulgacao-585x882.jpg 585w\" sizes=\"auto, (max-width: 754px) 100vw, 754px\"\/><\/noscript><figcaption id=\"caption-attachment-370940\" class=\"wp-caption-text\">Avi\u00e3o chegou a decolar em dire\u00e7\u00e3o a Ribeir\u00e3o Preto, mas mau tempo impediu aproxima\u00e7\u00e3o da aeronave (Foto: Pol\u00edcia Civil\/Divulga\u00e7\u00e3o)<\/figcaption><\/figure>\n<p>O diretor da DEIC informou ent\u00e3o que, por conta das condi\u00e7\u00f5es de voo, a aeronave retornou para o Campo de Marte, para garantir a seguran\u00e7a de todos os ocupantes do voo. Granja disse que a \u201cDEIC vai estudar plano B para completar a miss\u00e3o.\u201d H\u00e1 a expectativa que o suspeito do crime seja trazido de carro, de S\u00e3o Paulo a Ribeir\u00e3o Preto, mas nada foi confirmado.<\/p>\n<p><span style=\"color: #008000\"><em><strong>O crime<\/strong><\/em><\/span><\/p>\n<p>Beto Braga veio passar as festas de final de ano com a fam\u00edlia, que mora em Ribeir\u00e3o Preto. Ele chegou no dia 19 de dezembro e, no dia 28, disse que iria sair com amigos. Seu corpo foi encontrado no quarto de um im\u00f3vel de loca\u00e7\u00e3o para curtos per\u00edodos, pr\u00f3ximo \u00e0 Avenida do Caf\u00e9, Vila Am\u00e9lia, zona Oeste de Ribeir\u00e3o Preto.<\/p>\n<figure id=\"attachment_370937\" aria-describedby=\"caption-attachment-370937\" style=\"width: 1000px\" class=\"wp-caption alignnone\"><img data-recalc-dims=\"1\" loading=\"lazy\" decoding=\"async\" alt=\"\" width=\"1000\" height=\"635\" srcset=\"https:\/\/www.tribunaribeirao.com.br\/site\/wp-content\/uploads\/2024\/01\/00-19-jan-2024-preso-morte-executivo-03-foto-divulgacao-scaled.jpg 1000w, https:\/\/www.tribunaribeirao.com.br\/site\/wp-content\/uploads\/2024\/01\/00-19-jan-2024-preso-morte-executivo-03-foto-divulgacao-300x191.jpg 300w, https:\/\/www.tribunaribeirao.com.br\/site\/wp-content\/uploads\/2024\/01\/00-19-jan-2024-preso-morte-executivo-03-foto-divulgacao-1024x650.jpg 1024w, https:\/\/www.tribunaribeirao.com.br\/site\/wp-content\/uploads\/2024\/01\/00-19-jan-2024-preso-morte-executivo-03-foto-divulgacao-768x488.jpg 768w, https:\/\/www.tribunaribeirao.com.br\/site\/wp-content\/uploads\/2024\/01\/00-19-jan-2024-preso-morte-executivo-03-foto-divulgacao-1536x975.jpg 1536w, https:\/\/www.tribunaribeirao.com.br\/site\/wp-content\/uploads\/2024\/01\/00-19-jan-2024-preso-morte-executivo-03-foto-divulgacao-2048x1300.jpg 2048w, https:\/\/www.tribunaribeirao.com.br\/site\/wp-content\/uploads\/2024\/01\/00-19-jan-2024-preso-morte-executivo-03-foto-divulgacao-1920x1219.jpg 1920w, https:\/\/www.tribunaribeirao.com.br\/site\/wp-content\/uploads\/2024\/01\/00-19-jan-2024-preso-morte-executivo-03-foto-divulgacao-960x610.jpg 960w, https:\/\/www.tribunaribeirao.com.br\/site\/wp-content\/uploads\/2024\/01\/00-19-jan-2024-preso-morte-executivo-03-foto-divulgacao-630x400.jpg 630w, https:\/\/www.tribunaribeirao.com.br\/site\/wp-content\/uploads\/2024\/01\/00-19-jan-2024-preso-morte-executivo-03-foto-divulgacao-585x371.jpg 585w\" src=\"https:\/\/i0.wp.com\/www.tribunaribeirao.com.br\/site\/wp-content\/uploads\/2024\/01\/00-19-jan-2024-preso-morte-executivo-03-foto-divulgacao-scaled.jpg?resize=1000%2C635&#038;ssl=1\" data-sizes=\"(max-width: 1000px) 100vw, 1000px\" class=\"size-full wp-image-370937 lazyload\"\/><noscript><img data-recalc-dims=\"1\" loading=\"lazy\" decoding=\"async\" class=\"size-full wp-image-370937\" src=\"https:\/\/i0.wp.com\/www.tribunaribeirao.com.br\/site\/wp-content\/uploads\/2024\/01\/00-19-jan-2024-preso-morte-executivo-03-foto-divulgacao-scaled.jpg?resize=1000%2C635&#038;ssl=1\" alt=\"\" width=\"1000\" height=\"635\" srcset=\"https:\/\/www.tribunaribeirao.com.br\/site\/wp-content\/uploads\/2024\/01\/00-19-jan-2024-preso-morte-executivo-03-foto-divulgacao-scaled.jpg 1000w, https:\/\/www.tribunaribeirao.com.br\/site\/wp-content\/uploads\/2024\/01\/00-19-jan-2024-preso-morte-executivo-03-foto-divulgacao-300x191.jpg 300w, https:\/\/www.tribunaribeirao.com.br\/site\/wp-content\/uploads\/2024\/01\/00-19-jan-2024-preso-morte-executivo-03-foto-divulgacao-1024x650.jpg 1024w, https:\/\/www.tribunaribeirao.com.br\/site\/wp-content\/uploads\/2024\/01\/00-19-jan-2024-preso-morte-executivo-03-foto-divulgacao-768x488.jpg 768w, https:\/\/www.tribunaribeirao.com.br\/site\/wp-content\/uploads\/2024\/01\/00-19-jan-2024-preso-morte-executivo-03-foto-divulgacao-1536x975.jpg 1536w, https:\/\/www.tribunaribeirao.com.br\/site\/wp-content\/uploads\/2024\/01\/00-19-jan-2024-preso-morte-executivo-03-foto-divulgacao-2048x1300.jpg 2048w, https:\/\/www.tribunaribeirao.com.br\/site\/wp-content\/uploads\/2024\/01\/00-19-jan-2024-preso-morte-executivo-03-foto-divulgacao-1920x1219.jpg 1920w, https:\/\/www.tribunaribeirao.com.br\/site\/wp-content\/uploads\/2024\/01\/00-19-jan-2024-preso-morte-executivo-03-foto-divulgacao-960x610.jpg 960w, https:\/\/www.tribunaribeirao.com.br\/site\/wp-content\/uploads\/2024\/01\/00-19-jan-2024-preso-morte-executivo-03-foto-divulgacao-630x400.jpg 630w, https:\/\/www.tribunaribeirao.com.br\/site\/wp-content\/uploads\/2024\/01\/00-19-jan-2024-preso-morte-executivo-03-foto-divulgacao-585x371.jpg 585w\" sizes=\"auto, (max-width: 1000px) 100vw, 1000px\"\/><\/noscript><figcaption id=\"caption-attachment-370937\" class=\"wp-caption-text\">Para seguran\u00e7a de todos a bordo, aeronave retornou ao Campo de Marte (Foto: Pol\u00edcia Civil\/Divulga\u00e7\u00e3o)<\/figcaption><\/figure>\n<p>O corpo apresentava sinais de ter sido asfixiado com o uso de algum tipo tecido, possivelmente uma camiseta. O celular da v\u00edtima sumiu e, antes que o corpo fosse encontrado, um homem ligou para a fam\u00edlia de Beto dizendo ter achado o aparelho, pediu a senha para desbloquear e chegou a marcar um encontro com a m\u00e3e do executivo para devolv\u00ea-lo, mas n\u00e3o compareceu.<\/p>\n<p>O dono do im\u00f3vel, que aluga os quartos por meio de aplicativo, disse que a pessoa que alugou para o encontro com Beto j\u00e1 havia alugado diversas vezes antes, sem dar problemas. Depois de investiga\u00e7\u00f5es e uso de intelig\u00eancia policial, os agentes conseguiram encontrar Braga no Rio de Janeiro.<\/p>\n<p>O diretor da DEIC informou que a nova estrat\u00e9gia para remo\u00e7\u00e3o do investigado ser\u00e1 divulgada para a imprensa \u00e0s 16h30. Essa mat\u00e9ria ser\u00e1 atualizada.<\/p>\n<\/div>\n<p><script async src=\"\/\/platform.twitter.com\/widgets.js\" charset=\"utf-8\"><\/script><br \/>\n<br \/><br \/>\n<br \/><a href=\"https:\/\/www.tribunaribeirao.com.br\/site\/mau-tempo-atrasa-remocao-de-suspeito-de-homicidio-do-rj-para-rp\/\">Source link <\/a><\/p>\n<!-- CONTENT END 1 -->\n","protected":false},"excerpt":{"rendered":"<p>Homem acusado de matar executivo que morava nos EUA saiu no final da madrugada desta sexta-feira (19) para SP e depois para RP, mas condi\u00e7\u00f5es&#8230;<\/p>\n","protected":false},"author":1,"featured_media":29888,"comment_status":"open","ping_status":"open","sticky":false,"template":"","format":"standard","meta":{"advanced_seo_description":"","jetpack_seo_html_title":"","jetpack_seo_noindex":false,"jetpack_post_was_ever_published":false,"_jetpack_newsletter_access":"","_jetpack_dont_email_post_to_subs":false,"_jetpack_newsletter_tier_id":0,"_jetpack_memberships_contains_paywalled_content":false,"_jetpack_memberships_contains_paid_content":false,"footnotes":"","jetpack_publicize_message":"","jetpack_publicize_feature_enabled":true,"jetpack_social_post_already_shared":true,"jetpack_social_options":{"image_generator_settings":{"template":"highway","default_image_id":0,"font":"","enabled":false},"version":2}},"categories":[11],"tags":[1981,2006,3713,71,2692,24,351],"class_list":["post-29887","post","type-post","status-publish","format-standard","has-post-thumbnail","hentry","category-noticias-de-ribeirao-preto-sp-e-regiao-ismael-colosi","tag-atrasa","tag-homicidio","tag-mau","tag-para","tag-remocao","tag-suspeito","tag-tempo"],"jetpack_publicize_connections":[],"jetpack_featured_media_url":"https:\/\/i0.wp.com\/noticiasribeiraopreto.com.br\/wp-content\/uploads\/2024\/01\/00-19-jan-2024-preso-morte-executivo-01-foto-divulgacao-menor.jpg?fit=850%2C393&ssl=1","jetpack-related-posts":[{"id":29921,"url":"https:\/\/noticiasribeiraopreto.com.br\/index.php\/2024\/01\/19\/mau-tempo-impede-voo-de-suspeito-de-homicidio-de-sp-para-rp\/","url_meta":{"origin":29887,"position":0},"title":"Mau tempo impede voo de suspeito de homic\u00eddio de SP para RP","author":"noticiasribeiraopreto.com.br","date":"19 de January de 2024","format":false,"excerpt":"Por: Adalberto LuqueO mau tempo impediu a realiza\u00e7\u00e3o do voo que traria Gabriel Souza Brito, de 28 anos, para Ribeir\u00e3o Preto, nesta sexta-feira (19). A previs\u00e3o era que o avi\u00e3o pousasse no Aeroporto Leite Lopes \u00e0s 13h00. Brito \u00e9 acusado da morte do executivo brasileiro Paulo Roberto Carvalho Pena Braga\u2026","rel":"","context":"In &quot;Not\u00edcias de Ribeir\u00e3o Preto-SP e Regi\u00e3o&quot;","block_context":{"text":"Not\u00edcias de Ribeir\u00e3o Preto-SP e Regi\u00e3o","link":"https:\/\/noticiasribeiraopreto.com.br\/index.php\/category\/noticias-de-ribeirao-preto-sp-e-regiao-ismael-colosi\/"},"img":{"alt_text":"","src":"https:\/\/i0.wp.com\/noticiasribeiraopreto.com.br\/wp-content\/uploads\/2024\/01\/1705695783_00-19-jan-2024-preso-morte-executivo-01-foto-divulgacao-menor.jpg?fit=850%2C393&ssl=1&resize=350%2C200","width":350,"height":200,"srcset":"https:\/\/i0.wp.com\/noticiasribeiraopreto.com.br\/wp-content\/uploads\/2024\/01\/1705695783_00-19-jan-2024-preso-morte-executivo-01-foto-divulgacao-menor.jpg?fit=850%2C393&ssl=1&resize=350%2C200 1x, https:\/\/i0.wp.com\/noticiasribeiraopreto.com.br\/wp-content\/uploads\/2024\/01\/1705695783_00-19-jan-2024-preso-morte-executivo-01-foto-divulgacao-menor.jpg?fit=850%2C393&ssl=1&resize=525%2C300 1.5x, https:\/\/i0.wp.com\/noticiasribeiraopreto.com.br\/wp-content\/uploads\/2024\/01\/1705695783_00-19-jan-2024-preso-morte-executivo-01-foto-divulgacao-menor.jpg?fit=850%2C393&ssl=1&resize=700%2C400 2x"},"classes":[]},{"id":14240,"url":"https:\/\/noticiasribeiraopreto.com.br\/index.php\/2023\/12\/11\/empresa-atrasa-salario-de-terceirizados\/","url_meta":{"origin":29887,"position":1},"title":"Empresa atrasa sal\u00e1rio de terceirizados em RP","author":"noticiasribeiraopreto.com.br","date":"11 de December de 2023","format":false,"excerpt":"11 de dezembro de 2023 | 16:5011 de dezembro de 2023 | 16:51 0A empresa Kalahari Seguran\u00e7a e Vigil\u00e2ncia, de S\u00e3o Paulo, que presta servi\u00e7os para a prefeitura de Ribeir\u00e3o Preto, atrasou o pagamento do sal\u00e1rio dos vigilantes que atuam nos ecopontos, parques municipais, em duas unidades de sa\u00fade e\u2026","rel":"","context":"In &quot;Not\u00edcias de Ribeir\u00e3o Preto-SP e Regi\u00e3o&quot;","block_context":{"text":"Not\u00edcias de Ribeir\u00e3o Preto-SP e Regi\u00e3o","link":"https:\/\/noticiasribeiraopreto.com.br\/index.php\/category\/noticias-de-ribeirao-preto-sp-e-regiao-ismael-colosi\/"},"img":{"alt_text":"","src":"https:\/\/i0.wp.com\/noticiasribeiraopreto.com.br\/wp-content\/uploads\/2023\/12\/salario.jpg?fit=900%2C465&ssl=1&resize=350%2C200","width":350,"height":200,"srcset":"https:\/\/i0.wp.com\/noticiasribeiraopreto.com.br\/wp-content\/uploads\/2023\/12\/salario.jpg?fit=900%2C465&ssl=1&resize=350%2C200 1x, https:\/\/i0.wp.com\/noticiasribeiraopreto.com.br\/wp-content\/uploads\/2023\/12\/salario.jpg?fit=900%2C465&ssl=1&resize=525%2C300 1.5x, https:\/\/i0.wp.com\/noticiasribeiraopreto.com.br\/wp-content\/uploads\/2023\/12\/salario.jpg?fit=900%2C465&ssl=1&resize=700%2C400 2x"},"classes":[]},{"id":84442,"url":"https:\/\/noticiasribeiraopreto.com.br\/index.php\/2026\/04\/09\/policia-civil-prende-suspeito-de-vender-municoes-para-acusado-de-homicidio-em-ribeirao-preto\/","url_meta":{"origin":29887,"position":2},"title":"Pol\u00edcia Civil prende suspeito de vender muni\u00e7\u00f5es para acusado de homic\u00eddio em Ribeir\u00e3o Preto","author":"noticiasribeiraopreto.com.br","date":"9 de April de 2026","format":false,"excerpt":"Ler o resumo da not\u00edcia Homem de 34 anos foi preso pela Pol\u00edcia Civil de Ribeir\u00e3o Preto nesta quinta-feira (9), suspeito de vender muni\u00e7\u00f5es para o autor de um homic\u00eddio em fevereiro. O crime ocorreu na rua Bol\u00edvia, na Vila Mariana, zona Norte, quando a v\u00edtima Freud dos Santos Pereira,\u2026","rel":"","context":"In &quot;Not\u00edcias de Ribeir\u00e3o Preto-SP e Regi\u00e3o&quot;","block_context":{"text":"Not\u00edcias de Ribeir\u00e3o Preto-SP e Regi\u00e3o","link":"https:\/\/noticiasribeiraopreto.com.br\/index.php\/category\/noticias-de-ribeirao-preto-sp-e-regiao-ismael-colosi\/"},"img":{"alt_text":"","src":"https:\/\/i0.wp.com\/noticiasribeiraopreto.com.br\/wp-content\/uploads\/2026\/04\/fernando-bravo_2026-04-09_17-44-19.webp.webp?fit=1200%2C827&ssl=1&resize=350%2C200","width":350,"height":200,"srcset":"https:\/\/i0.wp.com\/noticiasribeiraopreto.com.br\/wp-content\/uploads\/2026\/04\/fernando-bravo_2026-04-09_17-44-19.webp.webp?fit=1200%2C827&ssl=1&resize=350%2C200 1x, https:\/\/i0.wp.com\/noticiasribeiraopreto.com.br\/wp-content\/uploads\/2026\/04\/fernando-bravo_2026-04-09_17-44-19.webp.webp?fit=1200%2C827&ssl=1&resize=525%2C300 1.5x, https:\/\/i0.wp.com\/noticiasribeiraopreto.com.br\/wp-content\/uploads\/2026\/04\/fernando-bravo_2026-04-09_17-44-19.webp.webp?fit=1200%2C827&ssl=1&resize=700%2C400 2x, https:\/\/i0.wp.com\/noticiasribeiraopreto.com.br\/wp-content\/uploads\/2026\/04\/fernando-bravo_2026-04-09_17-44-19.webp.webp?fit=1200%2C827&ssl=1&resize=1050%2C600 3x"},"classes":[]},{"id":10326,"url":"https:\/\/noticiasribeiraopreto.com.br\/index.php\/2023\/12\/04\/homem-e-morto-apos-supostamente-furtar-medidor-de-energia-em-rp\/","url_meta":{"origin":29887,"position":3},"title":"Homem \u00e9 morto ap\u00f3s supostamente furtar medidor de energia em RP","author":"noticiasribeiraopreto.com.br","date":"4 de December de 2023","format":false,"excerpt":"Dono da casa teria visto a\u00e7\u00e3o dos ladr\u00f5es e perseguiu um deles, que tentou se esconder em terreno onde acabou morto a tiros 4 de dezembro de 2023 | 10:36 0Por: Adalberto LuqueUm homem morreu, na manh\u00e3 deste s\u00e1bado (02), na Rua Clementino Dias da Silva, Planalto Verde, zona Oeste\u2026","rel":"","context":"In &quot;Not\u00edcias de Ribeir\u00e3o Preto-SP e Regi\u00e3o&quot;","block_context":{"text":"Not\u00edcias de Ribeir\u00e3o Preto-SP e Regi\u00e3o","link":"https:\/\/noticiasribeiraopreto.com.br\/index.php\/category\/noticias-de-ribeirao-preto-sp-e-regiao-ismael-colosi\/"},"img":{"alt_text":"","src":"https:\/\/i0.wp.com\/noticiasribeiraopreto.com.br\/wp-content\/uploads\/2023\/12\/00-04-dez-2023-morto-furtando-01-foto-x-tudo-scaled.jpg?fit=1000%2C592&ssl=1&resize=350%2C200","width":350,"height":200,"srcset":"https:\/\/i0.wp.com\/noticiasribeiraopreto.com.br\/wp-content\/uploads\/2023\/12\/00-04-dez-2023-morto-furtando-01-foto-x-tudo-scaled.jpg?fit=1000%2C592&ssl=1&resize=350%2C200 1x, https:\/\/i0.wp.com\/noticiasribeiraopreto.com.br\/wp-content\/uploads\/2023\/12\/00-04-dez-2023-morto-furtando-01-foto-x-tudo-scaled.jpg?fit=1000%2C592&ssl=1&resize=525%2C300 1.5x, https:\/\/i0.wp.com\/noticiasribeiraopreto.com.br\/wp-content\/uploads\/2023\/12\/00-04-dez-2023-morto-furtando-01-foto-x-tudo-scaled.jpg?fit=1000%2C592&ssl=1&resize=700%2C400 2x"},"classes":[]},{"id":29686,"url":"https:\/\/noticiasribeiraopreto.com.br\/index.php\/2024\/01\/19\/comerciante-de-rp-e-suspeito-de-desviar-armas-para-criminosos-no-maranhao\/","url_meta":{"origin":29887,"position":4},"title":"Comerciante de RP \u00e9 suspeito de desviar armas para criminosos no Maranh\u00e3o","author":"noticiasribeiraopreto.com.br","date":"19 de January de 2024","format":false,"excerpt":"Homem era um dos investigados em opera\u00e7\u00e3o deflagrada por policiais civis maranhenses e foi interrogado pela DEIC Ribeir\u00e3o 18 de janeiro de 2024 | 12:22 2Por: Adalberto LuqueUm comerciante de Ribeir\u00e3o Preto foi um dos alvos de uma opera\u00e7\u00e3o contra o crime organizado realizada na manh\u00e3 desta quinta-feira (18) em\u2026","rel":"","context":"In &quot;Not\u00edcias de Ribeir\u00e3o Preto-SP e Regi\u00e3o&quot;","block_context":{"text":"Not\u00edcias de Ribeir\u00e3o Preto-SP e Regi\u00e3o","link":"https:\/\/noticiasribeiraopreto.com.br\/index.php\/category\/noticias-de-ribeirao-preto-sp-e-regiao-ismael-colosi\/"},"img":{"alt_text":"","src":"https:\/\/i0.wp.com\/noticiasribeiraopreto.com.br\/wp-content\/uploads\/2024\/01\/00-18-jan-2024-operacao-maranhao-foto-alfredo-risk-scaled.jpg?fit=968%2C645&ssl=1&resize=350%2C200","width":350,"height":200,"srcset":"https:\/\/i0.wp.com\/noticiasribeiraopreto.com.br\/wp-content\/uploads\/2024\/01\/00-18-jan-2024-operacao-maranhao-foto-alfredo-risk-scaled.jpg?fit=968%2C645&ssl=1&resize=350%2C200 1x, https:\/\/i0.wp.com\/noticiasribeiraopreto.com.br\/wp-content\/uploads\/2024\/01\/00-18-jan-2024-operacao-maranhao-foto-alfredo-risk-scaled.jpg?fit=968%2C645&ssl=1&resize=525%2C300 1.5x, https:\/\/i0.wp.com\/noticiasribeiraopreto.com.br\/wp-content\/uploads\/2024\/01\/00-18-jan-2024-operacao-maranhao-foto-alfredo-risk-scaled.jpg?fit=968%2C645&ssl=1&resize=700%2C400 2x"},"classes":[]},{"id":61092,"url":"https:\/\/noticiasribeiraopreto.com.br\/index.php\/2024\/12\/03\/aviao-da-voepass-apresenta-problema-e-voo-atrasa-quase-2h-em-ribeirao-preto\/","url_meta":{"origin":29887,"position":5},"title":"Avi\u00e3o da Voepass apresenta problema e voo atrasa quase 2h em Ribeir\u00e3o Preto","author":"noticiasribeiraopreto.com.br","date":"3 de December de 2024","format":false,"excerpt":"Um avi\u00e3o da Voepass que realizaria um voo de Ribeir\u00e3o Preto com destino a Guarulhos, nesta ter\u00e7a-feira (3), apresentou um problema e foi substitu\u00eddo pela companhia a\u00e9rea. Segundo a empresa, a aeronave teve uma \u201cintercorr\u00eancia t\u00e9cnica\u201d e o voo 2212 atrasou 1h49, quando decolou \u00e0s 7h29 do aeroporto Leite Lopes.\u2026","rel":"","context":"In &quot;Not\u00edcias de Ribeir\u00e3o Preto-SP e Regi\u00e3o&quot;","block_context":{"text":"Not\u00edcias de Ribeir\u00e3o Preto-SP e Regi\u00e3o","link":"https:\/\/noticiasribeiraopreto.com.br\/index.php\/category\/noticias-de-ribeirao-preto-sp-e-regiao-ismael-colosi\/"},"img":{"alt_text":"","src":"https:\/\/i0.wp.com\/noticiasribeiraopreto.com.br\/wp-content\/uploads\/2024\/12\/aviao_voepass_1024x576_03062020103053.jpg?fit=1024%2C682&ssl=1&resize=350%2C200","width":350,"height":200,"srcset":"https:\/\/i0.wp.com\/noticiasribeiraopreto.com.br\/wp-content\/uploads\/2024\/12\/aviao_voepass_1024x576_03062020103053.jpg?fit=1024%2C682&ssl=1&resize=350%2C200 1x, https:\/\/i0.wp.com\/noticiasribeiraopreto.com.br\/wp-content\/uploads\/2024\/12\/aviao_voepass_1024x576_03062020103053.jpg?fit=1024%2C682&ssl=1&resize=525%2C300 1.5x, https:\/\/i0.wp.com\/noticiasribeiraopreto.com.br\/wp-content\/uploads\/2024\/12\/aviao_voepass_1024x576_03062020103053.jpg?fit=1024%2C682&ssl=1&resize=700%2C400 2x"},"classes":[]}],"jetpack_sharing_enabled":true,"jetpack_shortlink":"https:\/\/wp.me\/peQAOb-7M3","_links":{"self":[{"href":"https:\/\/noticiasribeiraopreto.com.br\/index.php\/wp-json\/wp\/v2\/posts\/29887","targetHints":{"allow":["GET"]}}],"collection":[{"href":"https:\/\/noticiasribeiraopreto.com.br\/index.php\/wp-json\/wp\/v2\/posts"}],"about":[{"href":"https:\/\/noticiasribeiraopreto.com.br\/index.php\/wp-json\/wp\/v2\/types\/post"}],"author":[{"embeddable":true,"href":"https:\/\/noticiasribeiraopreto.com.br\/index.php\/wp-json\/wp\/v2\/users\/1"}],"replies":[{"embeddable":true,"href":"https:\/\/noticiasribeiraopreto.com.br\/index.php\/wp-json\/wp\/v2\/comments?post=29887"}],"version-history":[{"count":0,"href":"https:\/\/noticiasribeiraopreto.com.br\/index.php\/wp-json\/wp\/v2\/posts\/29887\/revisions"}],"wp:featuredmedia":[{"embeddable":true,"href":"https:\/\/noticiasribeiraopreto.com.br\/index.php\/wp-json\/wp\/v2\/media\/29888"}],"wp:attachment":[{"href":"https:\/\/noticiasribeiraopreto.com.br\/index.php\/wp-json\/wp\/v2\/media?parent=29887"}],"wp:term":[{"taxonomy":"category","embeddable":true,"href":"https:\/\/noticiasribeiraopreto.com.br\/index.php\/wp-json\/wp\/v2\/categories?post=29887"},{"taxonomy":"post_tag","embeddable":true,"href":"https:\/\/noticiasribeiraopreto.com.br\/index.php\/wp-json\/wp\/v2\/tags?post=29887"}],"curies":[{"name":"wp","href":"https:\/\/api.w.org\/{rel}","templated":true}]}}