{"id":29893,"date":"2024-01-19T16:11:29","date_gmt":"2024-01-19T19:11:29","guid":{"rendered":"https:\/\/noticiasribeiraopreto.com.br\/index.php\/2024\/01\/19\/policia-prende-um-dos-suspeitos-do-assassinato-e-detalhes-do-crime-sao-expostos\/"},"modified":"2024-01-19T16:11:29","modified_gmt":"2024-01-19T19:11:29","slug":"policia-prende-um-dos-suspeitos-do-assassinato-e-detalhes-do-crime-sao-expostos","status":"publish","type":"post","link":"https:\/\/noticiasribeiraopreto.com.br\/index.php\/2024\/01\/19\/policia-prende-um-dos-suspeitos-do-assassinato-e-detalhes-do-crime-sao-expostos\/","title":{"rendered":"pol\u00edcia prende um dos suspeitos do assassinato e detalhes do crime s\u00e3o expostos"},"content":{"rendered":"<div class='code-block code-block-1' style='margin: 8px 0 8px auto; text-align: right; display: block; clear: both;'>\n<p><a href=\"https:\/\/wa.link\/vpicfd\"><img data-recalc-dims=\"1\" class=\"wp-image-4922\" style=\"aspect-ratio: 2.0253164556962027; width: 561px; height: auto;\" src=\"https:\/\/i0.wp.com\/ismaelcolosi.com.br\/wp-content\/uploads\/2023\/11\/grupo-de-empregos-whatsapp-e-facebook-ismael-colosi-vagas.jpg?ssl=1\" alt=\"\" \/><\/a><\/p>\n<!-- \/wp:image -->\n<\/div>\n<p> <br \/>\n<\/p>\n<div itemprop=\"text\">\n<p>Um dos suspeitos de tirar as vidas de tr\u00eas membros de uma mesma fam\u00edlia foi preso nesta semana. O crime aconteceu em Votuporanga, no interior de S\u00e3o Paulo, no final de dezembro do ano passado.<\/p>\n<p>Anderson Marinho, de 35 anos, a mulher, Mirele Tofalete, de 33, e a filha do casal, Isabelly, de 15 anos haviam deixado sua resid\u00eancia no \u00faltimo dia 28 de dezembro com destino a S\u00e3o Jos\u00e9 do Rio Preto, onde almo\u00e7ariam e comemorariam o anivers\u00e1rio de Mirele.<\/p>\n<p>Contudo, a fam\u00edlia desapareceu. Os corpos de m\u00e3e e filha foram achados dentro do carro em um canavial no dia 1\u00ba de janeiro. J\u00e1 Anderson estava h\u00e1 cerca de 15 metros do ve\u00edculo.<\/p>\n<h4>Pol\u00edcia prende um dos suspeitos do crime<\/h4>\n<p>Na noite da \u00faltima quinta-feira (18\/01), a Pol\u00edcia Civil realizou uma opera\u00e7\u00e3o e conseguiu capturar um dos suspeitos de tirar a vida da fam\u00edlia.<\/p>\n<p>O rapaz tem 23 anos e mora na cidade de Votuporanga. M\u00e1rcio Nosse, delegado que acompanha o caso, declarou que o homem estava escondido em Valetim Gentil.<\/p>\n<p>O suspeito j\u00e1 tinha passagem pela pol\u00edcia sob acusa\u00e7\u00e3o de tr\u00e1fico de drogas. Ele ficar\u00e1 detido temporariamente por 30 dias. As investiga\u00e7\u00f5es apontam que o pai de fam\u00edlia morto teria marcado um encontro com os criminosos.<\/p>\n<p>Ele tamb\u00e9m j\u00e1 havia sido preso por causa de drogas. Para a pol\u00edcia, pode ter havia uma discuss\u00e3o entre Anderson e os assassinos enquanto m\u00e3e e filha ainda estavam no carro.<\/p>\n<\/div>\n<p><br \/>\n<br \/><a href=\"https:\/\/fnmais.com\/familia-achada-morta-em-canavial-policia-prende-suspeitos-assassinato-detalhes-crime-sao-expostos\/\">Source link <\/a><\/p>\n<!-- CONTENT END 1 -->\n","protected":false},"excerpt":{"rendered":"<p>Um dos suspeitos de tirar as vidas de tr\u00eas membros de uma mesma fam\u00edlia foi preso nesta semana. O crime aconteceu em Votuporanga, no interior&#8230;<\/p>\n","protected":false},"author":1,"featured_media":29894,"comment_status":"open","ping_status":"open","sticky":false,"template":"","format":"standard","meta":{"advanced_seo_description":"","jetpack_seo_html_title":"","jetpack_seo_noindex":false,"jetpack_post_was_ever_published":false,"_jetpack_newsletter_access":"","_jetpack_dont_email_post_to_subs":false,"_jetpack_newsletter_tier_id":0,"_jetpack_memberships_contains_paywalled_content":false,"_jetpack_memberships_contains_paid_content":false,"footnotes":"","jetpack_publicize_message":"","jetpack_publicize_feature_enabled":true,"jetpack_social_post_already_shared":true,"jetpack_social_options":{"image_generator_settings":{"template":"highway","default_image_id":0,"font":"","enabled":false},"version":2}},"categories":[1],"tags":[],"class_list":["post-29893","post","type-post","status-publish","format-standard","has-post-thumbnail","hentry","category-blog"],"jetpack_publicize_connections":[],"jetpack_featured_media_url":"https:\/\/i0.wp.com\/noticiasribeiraopreto.com.br\/wp-content\/uploads\/2024\/01\/postimg-65aabbf33452b2982.jpg?fit=1200%2C628&ssl=1","jetpack-related-posts":[{"id":7177,"url":"https:\/\/noticiasribeiraopreto.com.br\/index.php\/2023\/11\/27\/policia-prende-suspeito-pela-morte-de-mae-e-tres-filhas-militar-falou-sobre-cena-de-terror-encontrada-no-local-do-crime\/","url_meta":{"origin":29893,"position":0},"title":"Pol\u00edcia prende suspeito pela morte de m\u00e3e e tr\u00eas filhas; militar falou sobre cena de terror encontrada no local do crime","author":"noticiasribeiraopreto.com.br","date":"27 de November de 2023","format":false,"excerpt":"A pol\u00edcia do Mato Grosso investiga a morte de quatro membros de uma mesma fam\u00edlia. Segundo as informa\u00e7\u00f5es, as v\u00edtimas s\u00e3o uma m\u00e3e e tr\u00eas filhas, duas sendo menores de idade.O crime aconteceu em Sorriso (a 420 km de Cuiab\u00e1) e um homem foi preso, suspeito de envolvimento nos homic\u00eddios.A\u2026","rel":"","context":"In &quot;Blog&quot;","block_context":{"text":"Blog","link":"https:\/\/noticiasribeiraopreto.com.br\/index.php\/category\/blog\/"},"img":{"alt_text":"","src":"https:\/\/i0.wp.com\/noticiasribeiraopreto.com.br\/wp-content\/uploads\/2023\/11\/postimg-6564fc97817b22039.jpg?fit=1200%2C628&ssl=1&resize=350%2C200","width":350,"height":200,"srcset":"https:\/\/i0.wp.com\/noticiasribeiraopreto.com.br\/wp-content\/uploads\/2023\/11\/postimg-6564fc97817b22039.jpg?fit=1200%2C628&ssl=1&resize=350%2C200 1x, https:\/\/i0.wp.com\/noticiasribeiraopreto.com.br\/wp-content\/uploads\/2023\/11\/postimg-6564fc97817b22039.jpg?fit=1200%2C628&ssl=1&resize=525%2C300 1.5x, https:\/\/i0.wp.com\/noticiasribeiraopreto.com.br\/wp-content\/uploads\/2023\/11\/postimg-6564fc97817b22039.jpg?fit=1200%2C628&ssl=1&resize=700%2C400 2x, https:\/\/i0.wp.com\/noticiasribeiraopreto.com.br\/wp-content\/uploads\/2023\/11\/postimg-6564fc97817b22039.jpg?fit=1200%2C628&ssl=1&resize=1050%2C600 3x"},"classes":[]},{"id":57906,"url":"https:\/\/noticiasribeiraopreto.com.br\/index.php\/2024\/09\/13\/policia-prende-suspeito-de-roubar-e-matar-idosa-na-vila-virginia-em-ribeirao-preto\/","url_meta":{"origin":29893,"position":1},"title":"Pol\u00edcia prende suspeito de roubar e matar idosa na Vila Virg\u00ednia em Ribeir\u00e3o Preto","author":"noticiasribeiraopreto.com.br","date":"13 de September de 2024","format":false,"excerpt":"A Pol\u00edcia Civil prendeu nesta sexta-feira (13) um homem suspeito de roubar e matar uma idosa na Vila Virg\u00ednia, zona Oeste de Ribeir\u00e3o Preto. Segundo o boletim de ocorr\u00eancia (BO), a v\u00edtima, identificada como Maria Angela Sales Avelino, de 72 anos, foi achada morta no \u00faltimo dia 21 de agosto,\u2026","rel":"","context":"In &quot;Not\u00edcias de Ribeir\u00e3o Preto-SP e Regi\u00e3o&quot;","block_context":{"text":"Not\u00edcias de Ribeir\u00e3o Preto-SP e Regi\u00e3o","link":"https:\/\/noticiasribeiraopreto.com.br\/index.php\/category\/noticias-de-ribeirao-preto-sp-e-regiao-ismael-colosi\/"},"img":{"alt_text":"","src":"https:\/\/i0.wp.com\/noticiasribeiraopreto.com.br\/wp-content\/uploads\/2024\/09\/LATROCINIO_2024-09-13_13-49-39_jpg_2024-09-13_13-49-39.webp.webp?fit=1200%2C790&ssl=1&resize=350%2C200","width":350,"height":200,"srcset":"https:\/\/i0.wp.com\/noticiasribeiraopreto.com.br\/wp-content\/uploads\/2024\/09\/LATROCINIO_2024-09-13_13-49-39_jpg_2024-09-13_13-49-39.webp.webp?fit=1200%2C790&ssl=1&resize=350%2C200 1x, https:\/\/i0.wp.com\/noticiasribeiraopreto.com.br\/wp-content\/uploads\/2024\/09\/LATROCINIO_2024-09-13_13-49-39_jpg_2024-09-13_13-49-39.webp.webp?fit=1200%2C790&ssl=1&resize=525%2C300 1.5x, https:\/\/i0.wp.com\/noticiasribeiraopreto.com.br\/wp-content\/uploads\/2024\/09\/LATROCINIO_2024-09-13_13-49-39_jpg_2024-09-13_13-49-39.webp.webp?fit=1200%2C790&ssl=1&resize=700%2C400 2x, https:\/\/i0.wp.com\/noticiasribeiraopreto.com.br\/wp-content\/uploads\/2024\/09\/LATROCINIO_2024-09-13_13-49-39_jpg_2024-09-13_13-49-39.webp.webp?fit=1200%2C790&ssl=1&resize=1050%2C600 3x"},"classes":[]},{"id":25873,"url":"https:\/\/noticiasribeiraopreto.com.br\/index.php\/2024\/01\/08\/motivacao-da-morte-de-casal-de-sc-e-revelada-e-policia-descobre-que-suspeitos-eram-da-familia\/","url_meta":{"origin":29893,"position":2},"title":"Motiva\u00e7\u00e3o da morte de casal de SC \u00e9 revelada e pol\u00edcia descobre que suspeitos eram da fam\u00edlia","author":"noticiasribeiraopreto.com.br","date":"8 de January de 2024","format":false,"excerpt":"Os suspeitos de tirar a vida de um casal de Treze T\u00edlias, no Meio-Oeste do estado de Santa Catarina, foram detidos nesta semana. A pol\u00edcia divulgou a motiva\u00e7\u00e3o do crime contra as duas v\u00edtimas.O assassinato foi registrado no \u00faltimo dia 1\u00ba de janeiro. As v\u00edtimas foram identificadas como Marisa Mergener,\u2026","rel":"","context":"In &quot;Blog&quot;","block_context":{"text":"Blog","link":"https:\/\/noticiasribeiraopreto.com.br\/index.php\/category\/blog\/"},"img":{"alt_text":"","src":"https:\/\/i0.wp.com\/noticiasribeiraopreto.com.br\/wp-content\/uploads\/2024\/01\/postimg-659c3ad4b39988144.jpg?fit=1200%2C628&ssl=1&resize=350%2C200","width":350,"height":200,"srcset":"https:\/\/i0.wp.com\/noticiasribeiraopreto.com.br\/wp-content\/uploads\/2024\/01\/postimg-659c3ad4b39988144.jpg?fit=1200%2C628&ssl=1&resize=350%2C200 1x, https:\/\/i0.wp.com\/noticiasribeiraopreto.com.br\/wp-content\/uploads\/2024\/01\/postimg-659c3ad4b39988144.jpg?fit=1200%2C628&ssl=1&resize=525%2C300 1.5x, https:\/\/i0.wp.com\/noticiasribeiraopreto.com.br\/wp-content\/uploads\/2024\/01\/postimg-659c3ad4b39988144.jpg?fit=1200%2C628&ssl=1&resize=700%2C400 2x, https:\/\/i0.wp.com\/noticiasribeiraopreto.com.br\/wp-content\/uploads\/2024\/01\/postimg-659c3ad4b39988144.jpg?fit=1200%2C628&ssl=1&resize=1050%2C600 3x"},"classes":[]},{"id":83636,"url":"https:\/\/noticiasribeiraopreto.com.br\/index.php\/2026\/03\/23\/policia-civil-prende-suspeito-de-matar-homem-durante-assalto-em-ribeirao-preto\/","url_meta":{"origin":29893,"position":3},"title":"Pol\u00edcia Civil prende suspeito de matar homem durante assalto em Ribeir\u00e3o Preto","author":"noticiasribeiraopreto.com.br","date":"23 de March de 2026","format":false,"excerpt":"A Pol\u00edcia Civil prendeu nesta segunda-feira (23) o suspeito de um latroc\u00ednio ocorrido no \u00faltimo dia 20 de fevereiro, perto de um bar no Jardim Presidente Dutra I, zona Norte de Ribeir\u00e3o Preto. Segundo a pol\u00edcia, o homem preso, identificado como Thiago Daniel Freitas Garcia, conhecido como \u201cOreia\u201d, de 23\u2026","rel":"","context":"In &quot;Not\u00edcias de Ribeir\u00e3o Preto-SP e Regi\u00e3o&quot;","block_context":{"text":"Not\u00edcias de Ribeir\u00e3o Preto-SP e Regi\u00e3o","link":"https:\/\/noticiasribeiraopreto.com.br\/index.php\/category\/noticias-de-ribeirao-preto-sp-e-regiao-ismael-colosi\/"},"img":{"alt_text":"","src":"https:\/\/i0.wp.com\/noticiasribeiraopreto.com.br\/wp-content\/uploads\/2026\/03\/WhatsApp-Image-2026-03-23-at-06.47.27_2026-03-23_09-51-42.webp.webp?fit=1200%2C675&ssl=1&resize=350%2C200","width":350,"height":200,"srcset":"https:\/\/i0.wp.com\/noticiasribeiraopreto.com.br\/wp-content\/uploads\/2026\/03\/WhatsApp-Image-2026-03-23-at-06.47.27_2026-03-23_09-51-42.webp.webp?fit=1200%2C675&ssl=1&resize=350%2C200 1x, https:\/\/i0.wp.com\/noticiasribeiraopreto.com.br\/wp-content\/uploads\/2026\/03\/WhatsApp-Image-2026-03-23-at-06.47.27_2026-03-23_09-51-42.webp.webp?fit=1200%2C675&ssl=1&resize=525%2C300 1.5x, https:\/\/i0.wp.com\/noticiasribeiraopreto.com.br\/wp-content\/uploads\/2026\/03\/WhatsApp-Image-2026-03-23-at-06.47.27_2026-03-23_09-51-42.webp.webp?fit=1200%2C675&ssl=1&resize=700%2C400 2x, https:\/\/i0.wp.com\/noticiasribeiraopreto.com.br\/wp-content\/uploads\/2026\/03\/WhatsApp-Image-2026-03-23-at-06.47.27_2026-03-23_09-51-42.webp.webp?fit=1200%2C675&ssl=1&resize=1050%2C600 3x"},"classes":[]},{"id":28538,"url":"https:\/\/noticiasribeiraopreto.com.br\/index.php\/2024\/01\/16\/deic-prende-principal-suspeito-da-morte-de-engenheiro\/","url_meta":{"origin":29893,"position":4},"title":"DEIC prende principal suspeito da morte de engenheiro","author":"noticiasribeiraopreto.com.br","date":"16 de January de 2024","format":false,"excerpt":"Homem foi preso em Nova Igua\u00e7u (RJ) e se apresentava como garoto de programa em redes sociais 15 de janeiro de 2024 | 16:30 4Por: Adalberto LuqueO principal suspeito da morte do engenheiro Paulo Roberto Carvalho Pena Braga Filho, de 34 anos, foi preso nesta segunda-feira (15). Gabriel Souza Brito,\u2026","rel":"","context":"In &quot;Not\u00edcias de Ribeir\u00e3o Preto-SP e Regi\u00e3o&quot;","block_context":{"text":"Not\u00edcias de Ribeir\u00e3o Preto-SP e Regi\u00e3o","link":"https:\/\/noticiasribeiraopreto.com.br\/index.php\/category\/noticias-de-ribeirao-preto-sp-e-regiao-ismael-colosi\/"},"img":{"alt_text":"","src":"https:\/\/i0.wp.com\/noticiasribeiraopreto.com.br\/wp-content\/uploads\/2024\/01\/00-15-jan-2024-suspeito-latrocinio-engenheiro-02-foto-reproducao.jpg?fit=782%2C574&ssl=1&resize=350%2C200","width":350,"height":200,"srcset":"https:\/\/i0.wp.com\/noticiasribeiraopreto.com.br\/wp-content\/uploads\/2024\/01\/00-15-jan-2024-suspeito-latrocinio-engenheiro-02-foto-reproducao.jpg?fit=782%2C574&ssl=1&resize=350%2C200 1x, https:\/\/i0.wp.com\/noticiasribeiraopreto.com.br\/wp-content\/uploads\/2024\/01\/00-15-jan-2024-suspeito-latrocinio-engenheiro-02-foto-reproducao.jpg?fit=782%2C574&ssl=1&resize=525%2C300 1.5x, https:\/\/i0.wp.com\/noticiasribeiraopreto.com.br\/wp-content\/uploads\/2024\/01\/00-15-jan-2024-suspeito-latrocinio-engenheiro-02-foto-reproducao.jpg?fit=782%2C574&ssl=1&resize=700%2C400 2x"},"classes":[]},{"id":21310,"url":"https:\/\/noticiasribeiraopreto.com.br\/index.php\/2023\/12\/27\/pai-e-preso-suspeito-de-tirar-a-vida-da-esposa-e-dos-quatro-filhos-de-forma-cruel-no-dia-de-natal\/","url_meta":{"origin":29893,"position":5},"title":"Pai \u00e9 preso suspeito de tirar a vida da esposa e dos quatro filhos de forma cruel no dia de Natal","author":"noticiasribeiraopreto.com.br","date":"27 de December de 2023","format":false,"excerpt":"Um indiv\u00edduo de 33 anos, apontado como autor do assassinato de sua esposa e dos quatro filhos na noite de segunda-feira (25) em sua resid\u00eancia em Meaux, foi capturado na ter\u00e7a-feira (26) em Sevran.A casa da fam\u00edlia fica localizada no departamento de Seine-et-Marne, a cerca de 50 km a oeste\u2026","rel":"","context":"In &quot;Blog&quot;","block_context":{"text":"Blog","link":"https:\/\/noticiasribeiraopreto.com.br\/index.php\/category\/blog\/"},"img":{"alt_text":"","src":"https:\/\/i0.wp.com\/noticiasribeiraopreto.com.br\/wp-content\/uploads\/2023\/12\/postimg-658c60a33f2008668.jpg?fit=1200%2C628&ssl=1&resize=350%2C200","width":350,"height":200,"srcset":"https:\/\/i0.wp.com\/noticiasribeiraopreto.com.br\/wp-content\/uploads\/2023\/12\/postimg-658c60a33f2008668.jpg?fit=1200%2C628&ssl=1&resize=350%2C200 1x, https:\/\/i0.wp.com\/noticiasribeiraopreto.com.br\/wp-content\/uploads\/2023\/12\/postimg-658c60a33f2008668.jpg?fit=1200%2C628&ssl=1&resize=525%2C300 1.5x, https:\/\/i0.wp.com\/noticiasribeiraopreto.com.br\/wp-content\/uploads\/2023\/12\/postimg-658c60a33f2008668.jpg?fit=1200%2C628&ssl=1&resize=700%2C400 2x, https:\/\/i0.wp.com\/noticiasribeiraopreto.com.br\/wp-content\/uploads\/2023\/12\/postimg-658c60a33f2008668.jpg?fit=1200%2C628&ssl=1&resize=1050%2C600 3x"},"classes":[]}],"jetpack_sharing_enabled":true,"jetpack_shortlink":"https:\/\/wp.me\/peQAOb-7M9","_links":{"self":[{"href":"https:\/\/noticiasribeiraopreto.com.br\/index.php\/wp-json\/wp\/v2\/posts\/29893","targetHints":{"allow":["GET"]}}],"collection":[{"href":"https:\/\/noticiasribeiraopreto.com.br\/index.php\/wp-json\/wp\/v2\/posts"}],"about":[{"href":"https:\/\/noticiasribeiraopreto.com.br\/index.php\/wp-json\/wp\/v2\/types\/post"}],"author":[{"embeddable":true,"href":"https:\/\/noticiasribeiraopreto.com.br\/index.php\/wp-json\/wp\/v2\/users\/1"}],"replies":[{"embeddable":true,"href":"https:\/\/noticiasribeiraopreto.com.br\/index.php\/wp-json\/wp\/v2\/comments?post=29893"}],"version-history":[{"count":0,"href":"https:\/\/noticiasribeiraopreto.com.br\/index.php\/wp-json\/wp\/v2\/posts\/29893\/revisions"}],"wp:featuredmedia":[{"embeddable":true,"href":"https:\/\/noticiasribeiraopreto.com.br\/index.php\/wp-json\/wp\/v2\/media\/29894"}],"wp:attachment":[{"href":"https:\/\/noticiasribeiraopreto.com.br\/index.php\/wp-json\/wp\/v2\/media?parent=29893"}],"wp:term":[{"taxonomy":"category","embeddable":true,"href":"https:\/\/noticiasribeiraopreto.com.br\/index.php\/wp-json\/wp\/v2\/categories?post=29893"},{"taxonomy":"post_tag","embeddable":true,"href":"https:\/\/noticiasribeiraopreto.com.br\/index.php\/wp-json\/wp\/v2\/tags?post=29893"}],"curies":[{"name":"wp","href":"https:\/\/api.w.org\/{rel}","templated":true}]}}