{"id":29925,"date":"2024-01-19T17:40:59","date_gmt":"2024-01-19T20:40:59","guid":{"rendered":"https:\/\/noticiasribeiraopreto.com.br\/index.php\/2024\/01\/19\/plataforma-oferece-cerca-de-390-oportunidades-de-emprego-em-ribeirao-e-regiao-veja-como-se-candidatar\/"},"modified":"2024-01-19T17:40:59","modified_gmt":"2024-01-19T20:40:59","slug":"plataforma-oferece-cerca-de-390-oportunidades-de-emprego-em-ribeirao-e-regiao-veja-como-se-candidatar","status":"publish","type":"post","link":"https:\/\/noticiasribeiraopreto.com.br\/index.php\/2024\/01\/19\/plataforma-oferece-cerca-de-390-oportunidades-de-emprego-em-ribeirao-e-regiao-veja-como-se-candidatar\/","title":{"rendered":"Plataforma oferece cerca de 390 oportunidades de emprego em Ribeir\u00e3o e regi\u00e3o; Veja como se candidatar"},"content":{"rendered":"<div class='code-block code-block-1' style='margin: 8px 0 8px auto; text-align: right; display: block; clear: both;'>\n<p><a href=\"https:\/\/wa.link\/vpicfd\"><img data-recalc-dims=\"1\" class=\"wp-image-4922\" style=\"aspect-ratio: 2.0253164556962027; width: 561px; height: auto;\" src=\"https:\/\/i0.wp.com\/ismaelcolosi.com.br\/wp-content\/uploads\/2023\/11\/grupo-de-empregos-whatsapp-e-facebook-ismael-colosi-vagas.jpg?ssl=1\" alt=\"\" \/><\/a><\/p>\n<!-- \/wp:image -->\n<\/div>\n<p> <br \/>\n<\/p>\n<div>\n<p>O <strong>portal de vagas de uma empresa de tecnologia<\/strong> em gest\u00e3o de pessoas para pequenas e m\u00e9dias empresas (PME) est\u00e1 com cerca de <strong>390 oportunidades de trabalho<\/strong> em <strong>Ribeir\u00e3o Preto<\/strong> e <strong>regi\u00e3o<\/strong>.<\/p>\n<p>Entre as vagas dispon\u00edveis est\u00e3o <strong>Auxiliar de Atendimento J\u00fanior<\/strong>, <strong>Assistente de Marketing<\/strong>, <strong>Vendedor<\/strong>, <strong>Assistente de Recursos Humanos<\/strong>, <strong>Gar\u00e7om<\/strong>, <strong>Churrasqueiro <\/strong>e mais.<mark style=\"background-color:#fcb900\" class=\"has-inline-color\"> As vagas abrangem todos os tipos de p\u00fablicos, desde estagi\u00e1rios a especialistas.<\/mark><\/p>\n<p>As oportunidades s\u00e3o oferecidas modalidades <strong>presenciais<\/strong>, <strong>remotas <\/strong>e <strong>h\u00edbridas<\/strong>. Para verificar todas as vagas os interessados devem acessar o <strong>portal da empresa (<a href=\"https:\/\/vagas.solides.com.br\/vagas?page=1&amp;locals=Barretos+-+SP%2CBarrinha+-+SP%2CBebedouro+-+SP%2CColina+-+SP%2CCol%C3%B4mbia+-+SP%2CCravinhos+-+SP%2CFranca+-+SP%2CGua%C3%ADra+-+SP%2CJardin%C3%B3polis+-+SP%2CMonte+Azul+Paulista+-+SP%2COl%C3%ADmpia+-+SP%2CPirangi+-+SP%2CPontal+-+SP%2CRibeir%C3%A3o+Preto+-+SP%2CSerrana+-+SP%2CTaia%C3%A7u+-+SP%2CTai%C3%BAva+-+SP%2CTerra+Roxa+-+SP%2CViradouro+-+SP%2CVista+Alegre+do+Alto+-+SP&amp;title=\" target=\"_blank\" rel=\"noreferrer noopener\">clique aqui<\/a>)<\/strong>.<\/p>\n<h4 class=\"wp-block-heading\"><strong>Como se candidatar<\/strong><\/h4>\n<p>Para se candidatar em alguma das oportunidades, o interessado deve acessar o Portal de Vagas da S\u00f3lides e utilizar os <strong>filtros de busca para localizar as vagas<\/strong>.<\/p>\n<p>Existem oportunidades em cidades como <strong>Ribeir\u00e3o Preto<\/strong>, <strong>Barretos<\/strong>, Barrinha, Bebedouro, Colina, Col\u00f4mbia, Cravinhos, <strong>Franca<\/strong>, Gua\u00edra, Jardin\u00f3polis, Monte Azul Paulista, Ol\u00edmpia, Pirangi, Pontal, Serrana, Taia\u00e7u, Tai\u00fava, Terra Roxa, Viradouro e Vista Alegre do Alto.<\/p>\n<p>SAIBA MAIS<\/p>\n<p>Ribeir\u00e3o Preto ganha nova linha de \u00f4nibus; Confira o itiner\u00e1rio<\/p>\n<h4 class=\"wp-block-heading\"><strong><mark style=\"background-color:#fcb900\" class=\"has-inline-color\">FIQUE ON<\/mark><\/strong><\/h4>\n<p>Fique ligado em tudo que acontece em Ribeir\u00e3o Preto e regi\u00e3o. Siga os perfis do\u00a0<strong>acidade on\u00a0<\/strong>no\u00a0<a href=\"https:\/\/www.instagram.com\/acidadeonribeirao\" target=\"_blank\" rel=\"noreferrer noopener\">Instagram<\/a>\u00a0e no\u00a0<a href=\"https:\/\/www.facebook.com\/acidadeonribeirao\" target=\"_blank\" rel=\"noreferrer noopener\">Facebook<\/a>.<\/p>\n<p>Receba not\u00edcias do\u00a0<strong>acidade on\u00a0<\/strong>no WhatsApp.<a href=\"https:\/\/chat.whatsapp.com\/Bnv2w66ZT4VDyZW3oiZ69n\" target=\"_blank\" rel=\"noreferrer noopener\">\u00a0Para entrar no grupo, basta clicar aqui.<\/a><\/p>\n<p>Fa\u00e7a uma den\u00fancia ou sugira uma reportagem sobre Ribeir\u00e3o Preto e regi\u00e3o pelo WhatsApp: 16\u00a0 99117 7802.<\/p>\n<p>VEJA TAMB\u00c9M<\/p>\n<p>Qual a temperatura no interior de SP no final de semana?<\/p>\n<p><!-- AI CONTENT END 1 -->\n<\/div>\n<p><script async src=\"\/\/www.instagram.com\/embed.js\"><\/script><br \/>\n<br \/><br \/>\n<br \/><a href=\"https:\/\/www.acidadeon.com\/ribeiraopreto\/economia\/plataforma-oferece-cerca-de-390-oportunidades-de-emprego-em-ribeirao-e-regiao-veja-como-se-candidatar\/\">Source link <\/a><\/p>\n<!-- CONTENT END 1 -->\n","protected":false},"excerpt":{"rendered":"<p>O portal de vagas de uma empresa de tecnologia em gest\u00e3o de pessoas para pequenas e m\u00e9dias empresas (PME) est\u00e1 com cerca de 390 oportunidades&#8230;<\/p>\n","protected":false},"author":1,"featured_media":29926,"comment_status":"open","ping_status":"open","sticky":false,"template":"","format":"standard","meta":{"advanced_seo_description":"","jetpack_seo_html_title":"","jetpack_seo_noindex":false,"jetpack_post_was_ever_published":false,"_jetpack_newsletter_access":"","_jetpack_dont_email_post_to_subs":false,"_jetpack_newsletter_tier_id":0,"_jetpack_memberships_contains_paywalled_content":false,"_jetpack_memberships_contains_paid_content":false,"footnotes":"","jetpack_publicize_message":"","jetpack_publicize_feature_enabled":true,"jetpack_social_post_already_shared":true,"jetpack_social_options":{"image_generator_settings":{"template":"highway","default_image_id":0,"font":"","enabled":false},"version":2}},"categories":[11],"tags":[3716,1678,265,144,548,2351,275,277,26,48],"class_list":["post-29925","post","type-post","status-publish","format-standard","has-post-thumbnail","hentry","category-noticias-de-ribeirao-preto-sp-e-regiao-ismael-colosi","tag-candidatar","tag-cerca","tag-como","tag-emprego","tag-oferece","tag-oportunidades","tag-plataforma","tag-regiao","tag-ribeirao","tag-veja"],"jetpack_publicize_connections":[],"jetpack_featured_media_url":"https:\/\/i0.wp.com\/noticiasribeiraopreto.com.br\/wp-content\/uploads\/2024\/01\/emprego_vagas_1200x675_30092021103244.jpg?fit=1200%2C675&ssl=1","jetpack-related-posts":[{"id":3287,"url":"https:\/\/noticiasribeiraopreto.com.br\/index.php\/2023\/11\/17\/plataforma-tem-mais-de-390-vagas-abertas-para-ribeirao-preto-e-regiao\/","url_meta":{"origin":29925,"position":0},"title":"Plataforma tem mais de 390 vagas abertas para Ribeir\u00e3o Preto e regi\u00e3o","author":"noticiasribeiraopreto.com.br","date":"17 de November de 2023","format":false,"excerpt":"O portal de vagas de uma empresa de tecnologia em gest\u00e3o de pessoas para pequenas e m\u00e9dias empresas (PMEs) est\u00e1 com mais de 390 vagas abertas para Ribeir\u00e3o Preto e cidades na regi\u00e3o. As vagas dispon\u00edveis s\u00e3o para diversas \u00e1reas de atua\u00e7\u00e3o, como Executivo Comercial, Auxiliar de Vendas, Recepcionista, Vendedor\u2026","rel":"","context":"In &quot;Not\u00edcias de Ribeir\u00e3o Preto-SP e Regi\u00e3o&quot;","block_context":{"text":"Not\u00edcias de Ribeir\u00e3o Preto-SP e Regi\u00e3o","link":"https:\/\/noticiasribeiraopreto.com.br\/index.php\/category\/noticias-de-ribeirao-preto-sp-e-regiao-ismael-colosi\/"},"img":{"alt_text":"","src":"https:\/\/i0.wp.com\/noticiasribeiraopreto.com.br\/wp-content\/uploads\/2023\/11\/processo-seletivo-emprego.jpg?fit=1200%2C800&ssl=1&resize=350%2C200","width":350,"height":200,"srcset":"https:\/\/i0.wp.com\/noticiasribeiraopreto.com.br\/wp-content\/uploads\/2023\/11\/processo-seletivo-emprego.jpg?fit=1200%2C800&ssl=1&resize=350%2C200 1x, https:\/\/i0.wp.com\/noticiasribeiraopreto.com.br\/wp-content\/uploads\/2023\/11\/processo-seletivo-emprego.jpg?fit=1200%2C800&ssl=1&resize=525%2C300 1.5x, https:\/\/i0.wp.com\/noticiasribeiraopreto.com.br\/wp-content\/uploads\/2023\/11\/processo-seletivo-emprego.jpg?fit=1200%2C800&ssl=1&resize=700%2C400 2x, https:\/\/i0.wp.com\/noticiasribeiraopreto.com.br\/wp-content\/uploads\/2023\/11\/processo-seletivo-emprego.jpg?fit=1200%2C800&ssl=1&resize=1050%2C600 3x"},"classes":[]},{"id":64930,"url":"https:\/\/noticiasribeiraopreto.com.br\/index.php\/2025\/03\/13\/empresa-de-solucoes-logisticas-esta-com-vagas-abertas-em-ribeirao-preto\/","url_meta":{"origin":29925,"position":1},"title":"Empresa de solu\u00e7\u00f5es log\u00edsticas est\u00e1 com vagas abertas em Ribeir\u00e3o Preto","author":"noticiasribeiraopreto.com.br","date":"13 de March de 2025","format":false,"excerpt":"A Premier Logistics, empresa de solu\u00e7\u00f5es log\u00edsticas, anunciou a abertura de novas vagas de emprego em diversas regi\u00f5es do estado de S\u00e3o Paulo. Em Ribeir\u00e3o Preto, s\u00e3o cerca de 80 oportunidades. As vagas s\u00e3o para os cargos de auxiliar operacional, supervisor operacional e operador de empilhadeira. A empresa tamb\u00e9m oferece\u2026","rel":"","context":"In &quot;Not\u00edcias de Ribeir\u00e3o Preto-SP e Regi\u00e3o&quot;","block_context":{"text":"Not\u00edcias de Ribeir\u00e3o Preto-SP e Regi\u00e3o","link":"https:\/\/noticiasribeiraopreto.com.br\/index.php\/category\/noticias-de-ribeirao-preto-sp-e-regiao-ismael-colosi\/"},"img":{"alt_text":"","src":"https:\/\/i0.wp.com\/noticiasribeiraopreto.com.br\/wp-content\/uploads\/2025\/03\/interior-large-distribution-warehouse-with-shelves-stacked-with-palettes-goods-ready-market_2025-03-13_21-09-06_jpg_2025-03-13_21-09-06.webp.webp?fit=1200%2C800&ssl=1&resize=350%2C200","width":350,"height":200,"srcset":"https:\/\/i0.wp.com\/noticiasribeiraopreto.com.br\/wp-content\/uploads\/2025\/03\/interior-large-distribution-warehouse-with-shelves-stacked-with-palettes-goods-ready-market_2025-03-13_21-09-06_jpg_2025-03-13_21-09-06.webp.webp?fit=1200%2C800&ssl=1&resize=350%2C200 1x, https:\/\/i0.wp.com\/noticiasribeiraopreto.com.br\/wp-content\/uploads\/2025\/03\/interior-large-distribution-warehouse-with-shelves-stacked-with-palettes-goods-ready-market_2025-03-13_21-09-06_jpg_2025-03-13_21-09-06.webp.webp?fit=1200%2C800&ssl=1&resize=525%2C300 1.5x, https:\/\/i0.wp.com\/noticiasribeiraopreto.com.br\/wp-content\/uploads\/2025\/03\/interior-large-distribution-warehouse-with-shelves-stacked-with-palettes-goods-ready-market_2025-03-13_21-09-06_jpg_2025-03-13_21-09-06.webp.webp?fit=1200%2C800&ssl=1&resize=700%2C400 2x, https:\/\/i0.wp.com\/noticiasribeiraopreto.com.br\/wp-content\/uploads\/2025\/03\/interior-large-distribution-warehouse-with-shelves-stacked-with-palettes-goods-ready-market_2025-03-13_21-09-06_jpg_2025-03-13_21-09-06.webp.webp?fit=1200%2C800&ssl=1&resize=1050%2C600 3x"},"classes":[]},{"id":75797,"url":"https:\/\/noticiasribeiraopreto.com.br\/index.php\/2025\/08\/15\/empresa-de-transporte-oferece-mais-de-70-vagas-de-emprego-em-ribeirao-e-regiao\/","url_meta":{"origin":29925,"position":2},"title":"Empresa de transporte oferece mais de 70 vagas de emprego em Ribeir\u00e3o e regi\u00e3o","author":"noticiasribeiraopreto.com.br","date":"15 de August de 2025","format":false,"excerpt":"A Sertran, empresa de transportes, est\u00e1 oferecendo mais de 70 oportunidades de emprego em Ribeir\u00e3o Preto e em cidades da regi\u00e3o, com vagas para diferentes \u00e1reas e n\u00edveis de experi\u00eancia. As vagas disponibilizadas pela empresa s\u00e3o para atuar nas unidades de Ribeir\u00e3o Preto, Altin\u00f3polis, Barrinha, Cajuru, Col\u00f4mbia e Morro Agudo.\u2026","rel":"","context":"In &quot;Not\u00edcias de Ribeir\u00e3o Preto-SP e Regi\u00e3o&quot;","block_context":{"text":"Not\u00edcias de Ribeir\u00e3o Preto-SP e Regi\u00e3o","link":"https:\/\/noticiasribeiraopreto.com.br\/index.php\/category\/noticias-de-ribeirao-preto-sp-e-regiao-ismael-colosi\/"},"img":{"alt_text":"","src":"https:\/\/i0.wp.com\/noticiasribeiraopreto.com.br\/wp-content\/uploads\/2025\/08\/Sertran-02_2025-08-15_18-16-16.webp.webp?fit=675%2C423&ssl=1&resize=350%2C200","width":350,"height":200,"srcset":"https:\/\/i0.wp.com\/noticiasribeiraopreto.com.br\/wp-content\/uploads\/2025\/08\/Sertran-02_2025-08-15_18-16-16.webp.webp?fit=675%2C423&ssl=1&resize=350%2C200 1x, https:\/\/i0.wp.com\/noticiasribeiraopreto.com.br\/wp-content\/uploads\/2025\/08\/Sertran-02_2025-08-15_18-16-16.webp.webp?fit=675%2C423&ssl=1&resize=525%2C300 1.5x"},"classes":[]},{"id":59481,"url":"https:\/\/noticiasribeiraopreto.com.br\/index.php\/2024\/10\/24\/varejista-anuncia-diversas-oportunidades-de-emprego-em-ribeirao-veja-vagas\/","url_meta":{"origin":29925,"position":3},"title":"Varejista anuncia diversas oportunidades de emprego em Ribeir\u00e3o; Veja vagas","author":"noticiasribeiraopreto.com.br","date":"24 de October de 2024","format":false,"excerpt":"O Grupo Carrefour anunciou mais de 70 vagas de emprego dispon\u00edveis em Ribeir\u00e3o Preto. As oportunidades fazem parte das mais de seis mil vagas ofertadas pela empresa em todo o pa\u00eds. De acordo com a varejista, ser\u00e3o contratados profissionais com diversos n\u00edveis de experi\u00eancia para diferentes setores e posi\u00e7\u00f5es da\u2026","rel":"","context":"In &quot;Not\u00edcias de Ribeir\u00e3o Preto-SP e Regi\u00e3o&quot;","block_context":{"text":"Not\u00edcias de Ribeir\u00e3o Preto-SP e Regi\u00e3o","link":"https:\/\/noticiasribeiraopreto.com.br\/index.php\/category\/noticias-de-ribeirao-preto-sp-e-regiao-ismael-colosi\/"},"img":{"alt_text":"","src":"https:\/\/i0.wp.com\/noticiasribeiraopreto.com.br\/wp-content\/uploads\/2024\/10\/Atacado.jpg?fit=1200%2C730&ssl=1&resize=350%2C200","width":350,"height":200,"srcset":"https:\/\/i0.wp.com\/noticiasribeiraopreto.com.br\/wp-content\/uploads\/2024\/10\/Atacado.jpg?fit=1200%2C730&ssl=1&resize=350%2C200 1x, https:\/\/i0.wp.com\/noticiasribeiraopreto.com.br\/wp-content\/uploads\/2024\/10\/Atacado.jpg?fit=1200%2C730&ssl=1&resize=525%2C300 1.5x, https:\/\/i0.wp.com\/noticiasribeiraopreto.com.br\/wp-content\/uploads\/2024\/10\/Atacado.jpg?fit=1200%2C730&ssl=1&resize=700%2C400 2x, https:\/\/i0.wp.com\/noticiasribeiraopreto.com.br\/wp-content\/uploads\/2024\/10\/Atacado.jpg?fit=1200%2C730&ssl=1&resize=1050%2C600 3x"},"classes":[]},{"id":62149,"url":"https:\/\/noticiasribeiraopreto.com.br\/index.php\/2025\/01\/05\/empresa-do-setor-de-alimentos-oferece-220-vagas-em-ribeirao-veja-como-se-candidatar\/","url_meta":{"origin":29925,"position":4},"title":"Empresa do setor de alimentos oferece 220 vagas em Ribeir\u00e3o; Veja como se candidatar","author":"noticiasribeiraopreto.com.br","date":"5 de January de 2025","format":false,"excerpt":"Quer come\u00e7ar 2025 com emprego novo? O Grupo Santa Helena, empresa do setor aliment\u00edcio, est\u00e1 com 220 oportunidades de in\u00edcio imediato em Ribeir\u00e3o Preto, na \u00e1rea de produ\u00e7\u00e3o. De acordo com a empresa, as vagas dispon\u00edveis tem o objetivo de atender \u00e0 demanda do ver\u00e3o e se preparar para a\u2026","rel":"","context":"In &quot;Not\u00edcias de Ribeir\u00e3o Preto-SP e Regi\u00e3o&quot;","block_context":{"text":"Not\u00edcias de Ribeir\u00e3o Preto-SP e Regi\u00e3o","link":"https:\/\/noticiasribeiraopreto.com.br\/index.php\/category\/noticias-de-ribeirao-preto-sp-e-regiao-ismael-colosi\/"},"img":{"alt_text":"","src":"https:\/\/i0.wp.com\/noticiasribeiraopreto.com.br\/wp-content\/uploads\/2024\/04\/AnyConv.com__trabalho_carteira_digital_-_foto_guilherme_sircili_3004.webp.webp?fit=1200%2C799&ssl=1&resize=350%2C200","width":350,"height":200,"srcset":"https:\/\/i0.wp.com\/noticiasribeiraopreto.com.br\/wp-content\/uploads\/2024\/04\/AnyConv.com__trabalho_carteira_digital_-_foto_guilherme_sircili_3004.webp.webp?fit=1200%2C799&ssl=1&resize=350%2C200 1x, https:\/\/i0.wp.com\/noticiasribeiraopreto.com.br\/wp-content\/uploads\/2024\/04\/AnyConv.com__trabalho_carteira_digital_-_foto_guilherme_sircili_3004.webp.webp?fit=1200%2C799&ssl=1&resize=525%2C300 1.5x, https:\/\/i0.wp.com\/noticiasribeiraopreto.com.br\/wp-content\/uploads\/2024\/04\/AnyConv.com__trabalho_carteira_digital_-_foto_guilherme_sircili_3004.webp.webp?fit=1200%2C799&ssl=1&resize=700%2C400 2x, https:\/\/i0.wp.com\/noticiasribeiraopreto.com.br\/wp-content\/uploads\/2024\/04\/AnyConv.com__trabalho_carteira_digital_-_foto_guilherme_sircili_3004.webp.webp?fit=1200%2C799&ssl=1&resize=1050%2C600 3x"},"classes":[]},{"id":83972,"url":"https:\/\/noticiasribeiraopreto.com.br\/index.php\/2026\/03\/30\/vagas-pat-ribeirao-preto-comeca-semana-com-43-oportunidades-de-emprego\/","url_meta":{"origin":29925,"position":5},"title":"Vagas: PAT Ribeir\u00e3o Preto come\u00e7a semana com 43 oportunidades de emprego","author":"noticiasribeiraopreto.com.br","date":"30 de March de 2026","format":false,"excerpt":"Ler o resumo da not\u00edcia PAT de Ribeir\u00e3o Preto oferece 43 vagas de emprego nesta segunda-feira (30), incluindo posi\u00e7\u00f5es como a\u00e7ougueiro, gar\u00e7om, repositor e vigilante patrimonial. Interessados devem comparecer ao posto na av. Dr. Francisco Junqueira, 2625, no Jardim Macedo, das 8h \u00e0s 16h, com RG, CPF e Carteira de\u2026","rel":"","context":"In &quot;Not\u00edcias de Ribeir\u00e3o Preto-SP e Regi\u00e3o&quot;","block_context":{"text":"Not\u00edcias de Ribeir\u00e3o Preto-SP e Regi\u00e3o","link":"https:\/\/noticiasribeiraopreto.com.br\/index.php\/category\/noticias-de-ribeirao-preto-sp-e-regiao-ismael-colosi\/"},"img":{"alt_text":"","src":"https:\/\/i0.wp.com\/noticiasribeiraopreto.com.br\/wp-content\/uploads\/2026\/03\/RibeiroPretoterfeirocommaisde800vagasdeempregonestaquinta_Tamanho_2_image_2026-02-09_15-24-19.webp.webp?fit=1200%2C900&ssl=1&resize=350%2C200","width":350,"height":200,"srcset":"https:\/\/i0.wp.com\/noticiasribeiraopreto.com.br\/wp-content\/uploads\/2026\/03\/RibeiroPretoterfeirocommaisde800vagasdeempregonestaquinta_Tamanho_2_image_2026-02-09_15-24-19.webp.webp?fit=1200%2C900&ssl=1&resize=350%2C200 1x, https:\/\/i0.wp.com\/noticiasribeiraopreto.com.br\/wp-content\/uploads\/2026\/03\/RibeiroPretoterfeirocommaisde800vagasdeempregonestaquinta_Tamanho_2_image_2026-02-09_15-24-19.webp.webp?fit=1200%2C900&ssl=1&resize=525%2C300 1.5x, https:\/\/i0.wp.com\/noticiasribeiraopreto.com.br\/wp-content\/uploads\/2026\/03\/RibeiroPretoterfeirocommaisde800vagasdeempregonestaquinta_Tamanho_2_image_2026-02-09_15-24-19.webp.webp?fit=1200%2C900&ssl=1&resize=700%2C400 2x, https:\/\/i0.wp.com\/noticiasribeiraopreto.com.br\/wp-content\/uploads\/2026\/03\/RibeiroPretoterfeirocommaisde800vagasdeempregonestaquinta_Tamanho_2_image_2026-02-09_15-24-19.webp.webp?fit=1200%2C900&ssl=1&resize=1050%2C600 3x"},"classes":[]}],"jetpack_sharing_enabled":true,"jetpack_shortlink":"https:\/\/wp.me\/peQAOb-7MF","_links":{"self":[{"href":"https:\/\/noticiasribeiraopreto.com.br\/index.php\/wp-json\/wp\/v2\/posts\/29925","targetHints":{"allow":["GET"]}}],"collection":[{"href":"https:\/\/noticiasribeiraopreto.com.br\/index.php\/wp-json\/wp\/v2\/posts"}],"about":[{"href":"https:\/\/noticiasribeiraopreto.com.br\/index.php\/wp-json\/wp\/v2\/types\/post"}],"author":[{"embeddable":true,"href":"https:\/\/noticiasribeiraopreto.com.br\/index.php\/wp-json\/wp\/v2\/users\/1"}],"replies":[{"embeddable":true,"href":"https:\/\/noticiasribeiraopreto.com.br\/index.php\/wp-json\/wp\/v2\/comments?post=29925"}],"version-history":[{"count":0,"href":"https:\/\/noticiasribeiraopreto.com.br\/index.php\/wp-json\/wp\/v2\/posts\/29925\/revisions"}],"wp:featuredmedia":[{"embeddable":true,"href":"https:\/\/noticiasribeiraopreto.com.br\/index.php\/wp-json\/wp\/v2\/media\/29926"}],"wp:attachment":[{"href":"https:\/\/noticiasribeiraopreto.com.br\/index.php\/wp-json\/wp\/v2\/media?parent=29925"}],"wp:term":[{"taxonomy":"category","embeddable":true,"href":"https:\/\/noticiasribeiraopreto.com.br\/index.php\/wp-json\/wp\/v2\/categories?post=29925"},{"taxonomy":"post_tag","embeddable":true,"href":"https:\/\/noticiasribeiraopreto.com.br\/index.php\/wp-json\/wp\/v2\/tags?post=29925"}],"curies":[{"name":"wp","href":"https:\/\/api.w.org\/{rel}","templated":true}]}}