{"id":29983,"date":"2024-01-19T20:11:27","date_gmt":"2024-01-19T23:11:27","guid":{"rendered":"https:\/\/noticiasribeiraopreto.com.br\/index.php\/2024\/01\/19\/vaga-para-assistente-de-frota-em-cravinhos\/"},"modified":"2024-01-19T20:11:27","modified_gmt":"2024-01-19T23:11:27","slug":"vaga-para-assistente-de-frota-em-cravinhos","status":"publish","type":"post","link":"https:\/\/noticiasribeiraopreto.com.br\/index.php\/2024\/01\/19\/vaga-para-assistente-de-frota-em-cravinhos\/","title":{"rendered":"Vaga para Assistente de Frota em Cravinhos"},"content":{"rendered":"<div class=\"box\"><span class=\"marker\"><\/span><a href=\"https:\/\/eventosrh.selecty.com.br\/vaga\/1805\/vaga-para-assistente-de-frota-em-cravinhos\"><span>Vaga para <strong>Assistente de Frota<\/strong> em Cravinhos<\/span><\/a><\/div>\n<div class=\"box\"><span class=\"marker\"><\/span><a href=\"https:\/\/eventosrh.selecty.com.br\/vaga\/1807\/vaga-para-eletricista-de-manutencao-em-ribeirao-preto\"><span>Vaga para <strong>Eletricista de Manuten\u00e7\u00e3o<\/strong> em Ribeir\u00e3o Preto<\/span><\/a><\/div>\n<div class=\"box\"><span class=\"marker\"><\/span><a href=\"https:\/\/eventosrh.selecty.com.br\/vaga\/1806\/vaga-para-operador-de-maquina-de-usinagem-cnc-em-monte-alto-sp-brasil\"><span>Vaga para <strong>Operador de M\u00e1quina de Usinagem CNC<\/strong> em Monte Alto &#8211; SP &#8211; Brasil<\/span><small title=\"18\/01\/2024 10:13:44\">h\u00e1 1 dia<\/small><\/a><\/div>\n<div class=\"box\"><span class=\"marker\"><\/span><a href=\"https:\/\/eventosrh.selecty.com.br\/vaga\/1804\/vaga-para-lavador-em-cravinhos-sp\"><span>1 vaga para <strong>Lavador<\/strong> em Cravinhos &#8211; SP<\/span><small title=\"17\/01\/2024 17:14:34\">h\u00e1 2 dias<\/small><\/a><\/div>\n<div class=\"box\"><span class=\"marker\"><\/span><a href=\"https:\/\/eventosrh.selecty.com.br\/vaga\/1802\/vaga-para-auxiliar-de-producao-em-ribeirao-preto\"><span>Vaga para <strong>Auxiliar de Produ\u00e7\u00e3o<\/strong> em Ribeir\u00e3o Preto<\/span><\/a><\/div>\n<div class=\"box\"><span class=\"marker\"><\/span><a href=\"https:\/\/eventosrh.selecty.com.br\/vaga\/1800\/vaga-para-auxiliar-de-compras-em-ribeirao-preto\"><span>Vaga para <strong>Auxiliar de Compras<\/strong> em Ribeir\u00e3o Preto<\/span><\/a><\/div>\n<div class=\"box\"><span class=\"marker\"><\/span><a href=\"https:\/\/eventosrh.selecty.com.br\/vaga\/1801\/vaga-para-assistente-comercial-em-ribeirao-preto\"><span>Vaga para <strong>Assistente Comercial<\/strong> em Ribeir\u00e3o Preto<\/span><\/a><\/div>\n<!-- CONTENT END 1 -->\n","protected":false},"excerpt":{"rendered":"<p>Vaga para Assistente de Frota em Cravinhos Vaga para Eletricista de Manuten\u00e7\u00e3o em Ribeir\u00e3o Preto Vaga para Operador de M\u00e1quina de Usinagem CNC em Monte&#8230;<\/p>\n","protected":false},"author":1,"featured_media":29984,"comment_status":"open","ping_status":"open","sticky":false,"template":"","format":"standard","meta":{"advanced_seo_description":"","jetpack_seo_html_title":"","jetpack_seo_noindex":false,"jetpack_post_was_ever_published":false,"_jetpack_newsletter_access":"","_jetpack_dont_email_post_to_subs":false,"_jetpack_newsletter_tier_id":0,"_jetpack_memberships_contains_paywalled_content":false,"_jetpack_memberships_contains_paid_content":false,"footnotes":"","jetpack_publicize_message":"","jetpack_publicize_feature_enabled":true,"jetpack_social_post_already_shared":true,"jetpack_social_options":{"image_generator_settings":{"template":"highway","default_image_id":0,"font":"","enabled":false},"version":2}},"categories":[7],"tags":[],"class_list":["post-29983","post","type-post","status-publish","format-standard","has-post-thumbnail","hentry","category-vagas-de-empregos-em-ribeirao-preto-regiao-brasil"],"jetpack_publicize_connections":[],"jetpack_featured_media_url":"https:\/\/i0.wp.com\/noticiasribeiraopreto.com.br\/wp-content\/uploads\/2024\/01\/1705705892_8228989.jpg?fit=1200%2C675&ssl=1","jetpack-related-posts":[{"id":31311,"url":"https:\/\/noticiasribeiraopreto.com.br\/index.php\/2024\/01\/21\/vaga-para-assistente-de-frota-em-cravinhos-2\/","url_meta":{"origin":29983,"position":0},"title":"Vaga para Assistente de Frota em Cravinhos","author":"noticiasribeiraopreto.com.br","date":"21 de January de 2024","format":false,"excerpt":"Vaga para Assistente de Frota em Cravinhos Vaga para Eletricista de Manuten\u00e7\u00e3o em Ribeir\u00e3o Preto Vaga para Operador de M\u00e1quina de Usinagem CNC em Monte Alto - SP - Brasilh\u00e1 3 dias 1 vaga para Lavador em Cravinhos - SPh\u00e1 4 dias Vaga para Auxiliar de Produ\u00e7\u00e3o em Ribeir\u00e3o Preto\u2026","rel":"","context":"In &quot;Vagas de Emprego em Ribeir\u00e3o Preto-SP&quot;","block_context":{"text":"Vagas de Emprego em Ribeir\u00e3o Preto-SP","link":"https:\/\/noticiasribeiraopreto.com.br\/index.php\/category\/empregos-classificados-vagas-trabalho\/vagas-de-empregos-em-ribeirao-preto-regiao-brasil\/"},"img":{"alt_text":"","src":"https:\/\/i0.wp.com\/noticiasribeiraopreto.com.br\/wp-content\/uploads\/2024\/01\/1705879893_8228989.jpg?fit=1200%2C675&ssl=1&resize=350%2C200","width":350,"height":200,"srcset":"https:\/\/i0.wp.com\/noticiasribeiraopreto.com.br\/wp-content\/uploads\/2024\/01\/1705879893_8228989.jpg?fit=1200%2C675&ssl=1&resize=350%2C200 1x, https:\/\/i0.wp.com\/noticiasribeiraopreto.com.br\/wp-content\/uploads\/2024\/01\/1705879893_8228989.jpg?fit=1200%2C675&ssl=1&resize=525%2C300 1.5x, https:\/\/i0.wp.com\/noticiasribeiraopreto.com.br\/wp-content\/uploads\/2024\/01\/1705879893_8228989.jpg?fit=1200%2C675&ssl=1&resize=700%2C400 2x, https:\/\/i0.wp.com\/noticiasribeiraopreto.com.br\/wp-content\/uploads\/2024\/01\/1705879893_8228989.jpg?fit=1200%2C675&ssl=1&resize=1050%2C600 3x"},"classes":[]},{"id":29960,"url":"https:\/\/noticiasribeiraopreto.com.br\/index.php\/2024\/01\/19\/confira-mais-de-535-vagas-disponiveis\/","url_meta":{"origin":29983,"position":1},"title":"Confira mais de 535 vagas dispon\u00edveis.","author":"noticiasribeiraopreto.com.br","date":"19 de January de 2024","format":false,"excerpt":"Confira mais de 535 vagas dispon\u00edveis.Vagas por cidadeTodas(526)Mat\u00e3o(203)Araras(200)Ribeir\u00e3o Preto(81)Monte Alto(24)Santos(9)Cravinhos(3)Vagas por \u00e1reaTodas(536)Produ\u00e7\u00e3o\/Fabrica\u00e7\u00e3o(236)Industrial, Produ\u00e7\u00e3o...(209)Administra\u00e7\u00e3o Comercial...(13)Industrial,Produ\u00e7\u00e3o...(10)Administra\u00e7\u00e3o de...(10)Log\u00edstica(9)Vagas por cargoTodas(536)Ajudante de Produ\u00e7\u00e3o -...(401)Ajudante Geral de...(20)Auxiliar de Produ\u00e7\u00e3o...(11)Operador de Produ\u00e7\u00e3o -...(9)Auxiliar de Produ\u00e7\u00e3o(9)Auxiliar de Expedi\u00e7\u00e3o(5) Vagas recentesVaga para Assistente de Frota em CravinhosVaga para Eletricista de Manuten\u00e7\u00e3o em Ribeir\u00e3o PretoVaga para Operador de M\u00e1quina\u2026","rel":"","context":"In &quot;Vagas de Emprego em Ribeir\u00e3o Preto-SP&quot;","block_context":{"text":"Vagas de Emprego em Ribeir\u00e3o Preto-SP","link":"https:\/\/noticiasribeiraopreto.com.br\/index.php\/category\/empregos-classificados-vagas-trabalho\/vagas-de-empregos-em-ribeirao-preto-regiao-brasil\/"},"img":{"alt_text":"","src":"","width":0,"height":0},"classes":[]},{"id":31591,"url":"https:\/\/noticiasribeiraopreto.com.br\/index.php\/2024\/01\/22\/confira-mais-de-532-vagas-disponiveis\/","url_meta":{"origin":29983,"position":2},"title":"Confira mais de 532 vagas dispon\u00edveis.","author":"noticiasribeiraopreto.com.br","date":"22 de January de 2024","format":false,"excerpt":"Confira mais de 532 vagas dispon\u00edveis.Vagas por cidadeTodas(523)Mat\u00e3o(203)Araras(200)Ribeir\u00e3o Preto(79)Monte Alto(24)Santos(9)Cravinhos(3)Vagas por \u00e1reaTodas(533)Produ\u00e7\u00e3o\/Fabrica\u00e7\u00e3o(236)Industrial, Produ\u00e7\u00e3o...(209)Administra\u00e7\u00e3o Comercial...(13)Industrial,Produ\u00e7\u00e3o...(10)Administra\u00e7\u00e3o de...(10)Log\u00edstica(9)Vagas por cargoTodas(533)Ajudante de Produ\u00e7\u00e3o -...(401)Ajudante Geral de...(20)Auxiliar de Produ\u00e7\u00e3o...(11)Auxiliar de Produ\u00e7\u00e3o(9)Operador de Produ\u00e7\u00e3o -...(9)Auxiliar de Expedi\u00e7\u00e3o(6) Vagas recentesVaga para Assistente de Frota em CravinhosVaga para Eletricista de Manuten\u00e7\u00e3o em Ribeir\u00e3o PretoVaga para Operador de M\u00e1quina\u2026","rel":"","context":"In &quot;Vagas de Emprego em Ribeir\u00e3o Preto-SP&quot;","block_context":{"text":"Vagas de Emprego em Ribeir\u00e3o Preto-SP","link":"https:\/\/noticiasribeiraopreto.com.br\/index.php\/category\/empregos-classificados-vagas-trabalho\/vagas-de-empregos-em-ribeirao-preto-regiao-brasil\/"},"img":{"alt_text":"","src":"","width":0,"height":0},"classes":[]},{"id":31299,"url":"https:\/\/noticiasribeiraopreto.com.br\/index.php\/2024\/01\/21\/encontre-aqui-a-sua-oportunidade-de-emprego-12\/","url_meta":{"origin":29983,"position":3},"title":"Encontre aqui a sua oportunidade de emprego","author":"noticiasribeiraopreto.com.br","date":"21 de January de 2024","format":false,"excerpt":"Confira mais de 535 vagas dispon\u00edveis.Vagas por cidadeTodas(526)Mat\u00e3o(203)Araras(200)Ribeir\u00e3o Preto(81)Monte Alto(24)Santos(9)Cravinhos(3)Vagas por \u00e1reaTodas(536)Produ\u00e7\u00e3o\/Fabrica\u00e7\u00e3o(236)Industrial, Produ\u00e7\u00e3o...(209)Administra\u00e7\u00e3o Comercial...(13)Industrial,Produ\u00e7\u00e3o...(10)Administra\u00e7\u00e3o de...(10)Log\u00edstica(9)Vagas por cargoTodas(536)Ajudante de Produ\u00e7\u00e3o -...(401)Ajudante Geral de...(20)Auxiliar de Produ\u00e7\u00e3o...(11)Operador de Produ\u00e7\u00e3o -...(9)Auxiliar de Produ\u00e7\u00e3o(9)Auxiliar de Expedi\u00e7\u00e3o(5) Vagas recentesVaga para Assistente de Frota em CravinhosVaga para Eletricista de Manuten\u00e7\u00e3o em Ribeir\u00e3o PretoVaga para Operador de M\u00e1quina\u2026","rel":"","context":"In &quot;Vagas de Emprego em Ribeir\u00e3o Preto-SP&quot;","block_context":{"text":"Vagas de Emprego em Ribeir\u00e3o Preto-SP","link":"https:\/\/noticiasribeiraopreto.com.br\/index.php\/category\/empregos-classificados-vagas-trabalho\/vagas-de-empregos-em-ribeirao-preto-regiao-brasil\/"},"img":{"alt_text":"","src":"https:\/\/i0.wp.com\/noticiasribeiraopreto.com.br\/wp-content\/uploads\/2024\/01\/1705876523_maxresdefault.jpg?fit=1200%2C675&ssl=1&resize=350%2C200","width":350,"height":200,"srcset":"https:\/\/i0.wp.com\/noticiasribeiraopreto.com.br\/wp-content\/uploads\/2024\/01\/1705876523_maxresdefault.jpg?fit=1200%2C675&ssl=1&resize=350%2C200 1x, https:\/\/i0.wp.com\/noticiasribeiraopreto.com.br\/wp-content\/uploads\/2024\/01\/1705876523_maxresdefault.jpg?fit=1200%2C675&ssl=1&resize=525%2C300 1.5x, https:\/\/i0.wp.com\/noticiasribeiraopreto.com.br\/wp-content\/uploads\/2024\/01\/1705876523_maxresdefault.jpg?fit=1200%2C675&ssl=1&resize=700%2C400 2x, https:\/\/i0.wp.com\/noticiasribeiraopreto.com.br\/wp-content\/uploads\/2024\/01\/1705876523_maxresdefault.jpg?fit=1200%2C675&ssl=1&resize=1050%2C600 3x"},"classes":[]},{"id":29978,"url":"https:\/\/noticiasribeiraopreto.com.br\/index.php\/2024\/01\/19\/vaga-para-eletricista-de-manutencao-em-ribeirao-preto\/","url_meta":{"origin":29983,"position":4},"title":"Vaga para Eletricista de Manuten\u00e7\u00e3o em Ribeir\u00e3o Preto","author":"noticiasribeiraopreto.com.br","date":"19 de January de 2024","format":false,"excerpt":"Vaga para Assistente de Frota em Cravinhos Vaga para Eletricista de Manuten\u00e7\u00e3o em Ribeir\u00e3o Preto Vaga para Operador de M\u00e1quina de Usinagem CNC em Monte Alto - SP - Brasilh\u00e1 1 dia 1 vaga para Lavador em Cravinhos - SPh\u00e1 2 dias Vaga para Auxiliar de Produ\u00e7\u00e3o em Ribeir\u00e3o Preto\u2026","rel":"","context":"In &quot;Vagas de Emprego em Ribeir\u00e3o Preto-SP&quot;","block_context":{"text":"Vagas de Emprego em Ribeir\u00e3o Preto-SP","link":"https:\/\/noticiasribeiraopreto.com.br\/index.php\/category\/empregos-classificados-vagas-trabalho\/vagas-de-empregos-em-ribeirao-preto-regiao-brasil\/"},"img":{"alt_text":"","src":"","width":0,"height":0},"classes":[]},{"id":31605,"url":"https:\/\/noticiasribeiraopreto.com.br\/index.php\/2024\/01\/22\/vaga-para-eletricista-de-manutencao-em-ribeirao-preto-2\/","url_meta":{"origin":29983,"position":5},"title":"Vaga para Eletricista de Manuten\u00e7\u00e3o em Ribeir\u00e3o Preto","author":"noticiasribeiraopreto.com.br","date":"22 de January de 2024","format":false,"excerpt":"Vaga para Assistente de Frota em Cravinhos Vaga para Eletricista de Manuten\u00e7\u00e3o em Ribeir\u00e3o Preto Vaga para Operador de M\u00e1quina de Usinagem CNC em Monte Alto - SP - Brasilh\u00e1 4 dias 1 vaga para Lavador em Cravinhos - SPh\u00e1 5 dias Vaga para Auxiliar de Produ\u00e7\u00e3o em Ribeir\u00e3o Preto\u2026","rel":"","context":"In &quot;Vagas de Emprego em Ribeir\u00e3o Preto-SP&quot;","block_context":{"text":"Vagas de Emprego em Ribeir\u00e3o Preto-SP","link":"https:\/\/noticiasribeiraopreto.com.br\/index.php\/category\/empregos-classificados-vagas-trabalho\/vagas-de-empregos-em-ribeirao-preto-regiao-brasil\/"},"img":{"alt_text":"","src":"","width":0,"height":0},"classes":[]}],"jetpack_sharing_enabled":true,"jetpack_shortlink":"https:\/\/wp.me\/peQAOb-7NB","_links":{"self":[{"href":"https:\/\/noticiasribeiraopreto.com.br\/index.php\/wp-json\/wp\/v2\/posts\/29983","targetHints":{"allow":["GET"]}}],"collection":[{"href":"https:\/\/noticiasribeiraopreto.com.br\/index.php\/wp-json\/wp\/v2\/posts"}],"about":[{"href":"https:\/\/noticiasribeiraopreto.com.br\/index.php\/wp-json\/wp\/v2\/types\/post"}],"author":[{"embeddable":true,"href":"https:\/\/noticiasribeiraopreto.com.br\/index.php\/wp-json\/wp\/v2\/users\/1"}],"replies":[{"embeddable":true,"href":"https:\/\/noticiasribeiraopreto.com.br\/index.php\/wp-json\/wp\/v2\/comments?post=29983"}],"version-history":[{"count":0,"href":"https:\/\/noticiasribeiraopreto.com.br\/index.php\/wp-json\/wp\/v2\/posts\/29983\/revisions"}],"wp:featuredmedia":[{"embeddable":true,"href":"https:\/\/noticiasribeiraopreto.com.br\/index.php\/wp-json\/wp\/v2\/media\/29984"}],"wp:attachment":[{"href":"https:\/\/noticiasribeiraopreto.com.br\/index.php\/wp-json\/wp\/v2\/media?parent=29983"}],"wp:term":[{"taxonomy":"category","embeddable":true,"href":"https:\/\/noticiasribeiraopreto.com.br\/index.php\/wp-json\/wp\/v2\/categories?post=29983"},{"taxonomy":"post_tag","embeddable":true,"href":"https:\/\/noticiasribeiraopreto.com.br\/index.php\/wp-json\/wp\/v2\/tags?post=29983"}],"curies":[{"name":"wp","href":"https:\/\/api.w.org\/{rel}","templated":true}]}}