{"id":29985,"date":"2024-01-19T20:19:41","date_gmt":"2024-01-19T23:19:41","guid":{"rendered":"https:\/\/noticiasribeiraopreto.com.br\/index.php\/2024\/01\/19\/quem-e-o-super-rico-brasileiro-que-quer-pagar-mais-impostos-e-quais-os-motivos\/"},"modified":"2024-01-19T20:19:41","modified_gmt":"2024-01-19T23:19:41","slug":"quem-e-o-super-rico-brasileiro-que-quer-pagar-mais-impostos-e-quais-os-motivos","status":"publish","type":"post","link":"https:\/\/noticiasribeiraopreto.com.br\/index.php\/2024\/01\/19\/quem-e-o-super-rico-brasileiro-que-quer-pagar-mais-impostos-e-quais-os-motivos\/","title":{"rendered":"Quem \u00e9 o super-rico brasileiro que quer pagar mais impostos \u2014 e quais os motivos"},"content":{"rendered":"<div class='code-block code-block-1' style='margin: 8px 0 8px auto; text-align: right; display: block; clear: both;'>\n<p><a href=\"https:\/\/wa.link\/vpicfd\"><img data-recalc-dims=\"1\" class=\"wp-image-4922\" style=\"aspect-ratio: 2.0253164556962027; width: 561px; height: auto;\" src=\"https:\/\/i0.wp.com\/ismaelcolosi.com.br\/wp-content\/uploads\/2023\/11\/grupo-de-empregos-whatsapp-e-facebook-ismael-colosi-vagas.jpg?ssl=1\" alt=\"\" \/><\/a><\/p>\n<!-- \/wp:image -->\n<\/div>\n<p> <br \/>\n<\/p>\n<div id=\"js-first-letter\">\n<p>Enquanto uns querem se livrar os impostos, a outros a ideia at\u00e9 agrada. Um grupo de <strong>super-ricos <\/strong>pediu aos governos que aumentassem os impostos que eles pagam como forma de diminuir a desigualdade. <\/p>\n<p>Os integrantes do movimento Proud to Pay More (Orgulho de pagar mais, em portugu\u00eas) entregaram a carta aos l\u00edderes mundiais e executivos de neg\u00f3cios que est\u00e3o reunidos no F\u00f3rum Econ\u00f4mico Mundial, em Davos, na Su\u00ed\u00e7a. <\/p>\n<p>Entre os que assinam a carta h\u00e1 apenas um brasileiro, <strong>Jo\u00e3o Paulo Pac\u00edfico<\/strong>, CEO de Investimentos de Impacto do Grupo Gaia.<\/p>\n<p>&#8220;Nosso pedido \u00e9 simples: pedimos que nos taxem, os mais ricos da sociedade. Isto n\u00e3o ir\u00e1 alterar profundamente a nossa condi\u00e7\u00e3o de vida, privar os nossos filhos ou prejudicar o crescimento econ\u00f4mico dos nossos pa\u00edses. Mas transformar\u00e1 a riqueza privada extrema e improdutiva em um investimento para o nosso futuro democr\u00e1tico comum&#8221;, diz a carta.<\/p>\n<p>&#8220;Para mim \u00e9 t\u00e3o \u00f3bvio que pessoas mais ricas tem que pagar mais impostos&#8221;, escreve Pac\u00edfico em sua conta oficial no Instagram. Em v\u00eddeo, ele cita que os cinco homens mais ricos do mundo mais que dobraram suas fortunas desde 2022, como revelou a Oxfam nesta semana.<\/p>\n<p>Confira o v\u00eddeo: <\/p>\n<blockquote class=\"instagram-media\" data-instgrm-captioned=\"\" data-instgrm-permalink=\"https:\/\/www.instagram.com\/reel\/C2Qn_-Gscvw\/?utm_source=ig_embed&amp;utm_campaign=loading\" data-instgrm-version=\"14\" style=\" background:#FFF; border:0; border-radius:3px; box-shadow:0 0 1px 0 rgba(0,0,0,0.5),0 1px 10px 0 rgba(0,0,0,0.15); margin: 1px; max-width:540px; min-width:326px; padding:0; width:99.375%; width:-webkit-calc(100% - 2px); width:calc(100% - 2px);\">\n<\/blockquote>\n<p>Na sua vis\u00e3o, a quest\u00e3o poderia ser solucionada da seguinte forma: primeiro, ter uma <a href=\"https:\/\/www.seudinheiro.com\/2023\/economia\/taxacao-dos-super-ricos-senado-aprova-nova-tributacao-de-fundos-exclusivos-e-offshores-e-texto-segue-para-sancao-de-lula-julw\/\" target=\"_blank\" rel=\"noreferrer noopener\">tributa\u00e7\u00e3o progressiva<\/a>, &#8220;quanto mais rico, mais imposto proporcional a pessoa deve pagar&#8221;, diz ele.<\/p>\n<figure class=\"wp-block-embed is-type-video is-provider-youtube wp-block-embed-youtube wp-embed-aspect-16-9 wp-has-aspect-ratio\">\n<p>\n<iframe loading=\"lazy\" title=\"SERASA FOI S\u00d3 O COME\u00c7O: SEREI PROCESSADA POR D\u00cdVIDA COM A FACULDADE I A DINHEIRISTA\" width=\"500\" height=\"281\" src=\"https:\/\/www.youtube.com\/embed\/2D0puTR9lBI?feature=oembed\" frameborder=\"0\" allow=\"accelerometer; autoplay; clipboard-write; encrypted-media; gyroscope; picture-in-picture; web-share\" referrerpolicy=\"strict-origin-when-cross-origin\" allowfullscreen><\/iframe>\n<\/p>\n<\/figure>\n<h2 class=\"wp-block-heading\" id=\"h-quem-e-joao-paulo-pacifico\">Quem \u00e9 Jo\u00e3o Paulo Pac\u00edfico? <\/h2>\n<p>O brasileiro super-rico, Jo\u00e3o Paulo Pac\u00edfico, se autodenomina ativista e integra o movimento socioambiental e \u00e9 membro do Conselho Fiscal do Greenpeace Brasil. <\/p>\n<p>Ele j\u00e1 foi colunista da revista\u00a0<em>Veja<\/em>\u00a0e apresentador de programa da R\u00e1dio Globo. Nas duas experi\u00eancias, explorava quest\u00f5es relacionadas \u00e0 felicidade.<\/p>\n<h2 class=\"wp-block-heading\" id=\"h-o-que-faz-o-grupo-gaia\">O que faz o Grupo Gaia<\/h2>\n<p>Pac\u00edfico come\u00e7ou a sua jornada com a Gaia em 2009, quando fundou a GaiaSec, uma securitizadora imobili\u00e1ria. Depois, foi aberta a GaiaServ, empresa que faz gest\u00e3o de cr\u00e9ditos. V\u00e1rios outros bra\u00e7os do grupo surgiram, como a Gaia Esportes, Gaia Agro e Gaia Cred.<\/p>\n<p>Em 2014, o grupo montou a Gaia+, uma ONG focada na inf\u00e2ncia e nos educadores que atua para promover &#8220;a educa\u00e7\u00e3o com compaix\u00e3o entre professores&#8221; (como descreve o site oficial) e habilidades socioemocionais. O trabalho \u00e9 voltado para crian\u00e7as em situa\u00e7\u00e3o de vulnerabilidade por meio da assist\u00eancia social, dos esportes e da cultura.<\/p>\n<p>A Gaia foi dividida em duas partes: uma composta por empresas de investimentos de impacto (Gaia Impacto), e a outra de investimentos tradicionais (Planeta). <\/p>\n<p>Atualmente, Pac\u00edfico ficou apenas com o bra\u00e7o de impacto social do grupo, depois de ter vendido a parte tradicional em mar\u00e7o de 2022. Os recursos da venda e as a\u00e7\u00f5es da Gaia foram doados para a ONG de investimentos de impacto.<\/p>\n<p>A Gaia investe em projetos sociais de agricultura sustent\u00e1vel, moradia digna, gera\u00e7\u00e3o de renda, energias renov\u00e1veis e educa\u00e7\u00e3o. <\/p>\n<p>O grupo colabora com as cooperativas do Movimento dos Trabalhadores Rurais Sem-Terra (MST) e levou as cooperativas para o mercado financeiro por meio de um Certificado de Receb\u00edveis do Agroneg\u00f3cio (CRA ) emitido pelo grupo.<\/p>\n<p>*<em>Com informa\u00e7\u00f5es de Estad\u00e3o Conte\u00fado<\/em><\/p>\n<\/div>\n<p><script async src=\"\/\/www.instagram.com\/embed.js\"><\/script><br \/>\n<br \/><br \/>\n<br \/><a href=\"https:\/\/www.seudinheiro.com\/2024\/financas-pessoais\/quem-e-o-super-rico-brasileiro-que-quer-pagar-mais-impostos-e-quais-os-motivos-lils\/\">Source link <\/a><\/p>\n<!-- CONTENT END 1 -->\n","protected":false},"excerpt":{"rendered":"<p>Enquanto uns querem se livrar os impostos, a outros a ideia at\u00e9 agrada. Um grupo de super-ricos pediu aos governos que aumentassem os impostos que&#8230;<\/p>\n","protected":false},"author":1,"featured_media":29986,"comment_status":"open","ping_status":"open","sticky":false,"template":"","format":"standard","meta":{"advanced_seo_description":"","jetpack_seo_html_title":"","jetpack_seo_noindex":false,"jetpack_post_was_ever_published":false,"_jetpack_newsletter_access":"","_jetpack_dont_email_post_to_subs":false,"_jetpack_newsletter_tier_id":0,"_jetpack_memberships_contains_paywalled_content":false,"_jetpack_memberships_contains_paid_content":false,"footnotes":"","jetpack_publicize_message":"","jetpack_publicize_feature_enabled":true,"jetpack_social_post_already_shared":true,"jetpack_social_options":{"image_generator_settings":{"template":"highway","default_image_id":0,"font":"","enabled":false},"version":2}},"categories":[1235],"tags":[],"class_list":["post-29985","post","type-post","status-publish","format-standard","has-post-thumbnail","hentry","category-dinheiro-e-investimento-como-fazer-como-ganhar"],"jetpack_publicize_connections":[],"jetpack_featured_media_url":"https:\/\/i0.wp.com\/noticiasribeiraopreto.com.br\/wp-content\/uploads\/2024\/01\/Design-sem-nome-20-715x402.jpg?fit=715%2C402&ssl=1","jetpack-related-posts":[{"id":29157,"url":"https:\/\/noticiasribeiraopreto.com.br\/index.php\/2024\/01\/17\/por-que-os-ricos-estao-ficando-ainda-mais-ricos-no-brasil-e-o-que-o-governo-tem-a-ver-com-isso\/","url_meta":{"origin":29985,"position":0},"title":"Por que os ricos est\u00e3o ficando ainda mais ricos no Brasil \u2014 e o que o governo tem a ver com isso","author":"noticiasribeiraopreto.com.br","date":"17 de January de 2024","format":false,"excerpt":"Os mais riscos est\u00e3o concentrando cada vez mais renda no Brasil \u2014 e o governo tem uma parcela consider\u00e1vel de responsabilidade por essa situa\u00e7\u00e3o. Esta \u00e9 uma das conclus\u00f5es de uma nova pesquisa do Instituto Brasileiro de Economia da Funda\u00e7\u00e3o Getulio Vargas (Ibre\/FGV) feita com base em dados do imposto\u2026","rel":"","context":"In &quot;Dinheiro e Investimento&quot;","block_context":{"text":"Dinheiro e Investimento","link":"https:\/\/noticiasribeiraopreto.com.br\/index.php\/category\/dinheiro-e-investimento-como-fazer-como-ganhar\/"},"img":{"alt_text":"","src":"https:\/\/i0.wp.com\/noticiasribeiraopreto.com.br\/wp-content\/uploads\/2024\/01\/lula-leao-Shutterstock-pixabay-montagem-Brenda-Silva-628x353.jpg?fit=628%2C353&ssl=1&resize=350%2C200","width":350,"height":200,"srcset":"https:\/\/i0.wp.com\/noticiasribeiraopreto.com.br\/wp-content\/uploads\/2024\/01\/lula-leao-Shutterstock-pixabay-montagem-Brenda-Silva-628x353.jpg?fit=628%2C353&ssl=1&resize=350%2C200 1x, https:\/\/i0.wp.com\/noticiasribeiraopreto.com.br\/wp-content\/uploads\/2024\/01\/lula-leao-Shutterstock-pixabay-montagem-Brenda-Silva-628x353.jpg?fit=628%2C353&ssl=1&resize=525%2C300 1.5x"},"classes":[]},{"id":28902,"url":"https:\/\/noticiasribeiraopreto.com.br\/index.php\/2024\/01\/16\/desde-2020-dobra-fortuna-dos-cinco-mais-ricos\/","url_meta":{"origin":29985,"position":1},"title":"Desde 2020\u00a0dobra fortuna dos cinco mais ricos \u00a0","author":"noticiasribeiraopreto.com.br","date":"16 de January de 2024","format":false,"excerpt":"A fortuna dos cinco homens mais ricos do mundo mais que dobrou desde 2020, passando de US$ 405 bilh\u00f5es para US$ 869 bilh\u00f5es, a uma taxa de US$ 14 milh\u00f5es por hora. No mesmo per\u00edodo, no entanto, quase cinco bilh\u00f5es de pessoas ficaram mais pobres. O levantamento \u00e9 do novo\u2026","rel":"","context":"In &quot;Not\u00edcias de Ribeir\u00e3o Preto-SP e Regi\u00e3o&quot;","block_context":{"text":"Not\u00edcias de Ribeir\u00e3o Preto-SP e Regi\u00e3o","link":"https:\/\/noticiasribeiraopreto.com.br\/index.php\/category\/noticias-de-ribeirao-preto-sp-e-regiao-ismael-colosi\/"},"img":{"alt_text":"","src":"https:\/\/i0.wp.com\/noticiasribeiraopreto.com.br\/wp-content\/uploads\/2024\/01\/criptomoedas-dolares-fortuna-scaled.jpg?fit=1000%2C563&ssl=1&resize=350%2C200","width":350,"height":200,"srcset":"https:\/\/i0.wp.com\/noticiasribeiraopreto.com.br\/wp-content\/uploads\/2024\/01\/criptomoedas-dolares-fortuna-scaled.jpg?fit=1000%2C563&ssl=1&resize=350%2C200 1x, https:\/\/i0.wp.com\/noticiasribeiraopreto.com.br\/wp-content\/uploads\/2024\/01\/criptomoedas-dolares-fortuna-scaled.jpg?fit=1000%2C563&ssl=1&resize=525%2C300 1.5x, https:\/\/i0.wp.com\/noticiasribeiraopreto.com.br\/wp-content\/uploads\/2024\/01\/criptomoedas-dolares-fortuna-scaled.jpg?fit=1000%2C563&ssl=1&resize=700%2C400 2x"},"classes":[]},{"id":16804,"url":"https:\/\/noticiasribeiraopreto.com.br\/index.php\/2023\/12\/16\/receita-regulamenta-tributacao-de-fundos-de-investimento-dos-super-ricos\/","url_meta":{"origin":29985,"position":2},"title":"Receita regulamenta tributa\u00e7\u00e3o de fundos de investimento dos super-ricos","author":"noticiasribeiraopreto.com.br","date":"16 de December de 2023","format":false,"excerpt":"A Receita Federal regulamentou a lei que trata da tributa\u00e7\u00e3o da renda obtida por meio dos fundos de investimentos exclusivos e aplica\u00e7\u00f5es em offshores, usados pelos super-ricos. As normas foram publicadas em edi\u00e7\u00e3o extra do Di\u00e1rio Oficial da Uni\u00e3o na sexta-feira (15). A \u201ctaxa\u00e7\u00e3o dos super-ricos\u201d, como ficou conhecida a\u2026","rel":"","context":"In &quot;Dinheiro e Investimento&quot;","block_context":{"text":"Dinheiro e Investimento","link":"https:\/\/noticiasribeiraopreto.com.br\/index.php\/category\/dinheiro-e-investimento-como-fazer-como-ganhar\/"},"img":{"alt_text":"","src":"https:\/\/i0.wp.com\/noticiasribeiraopreto.com.br\/wp-content\/uploads\/2023\/12\/lula-leao-2-Shutterstock-Luisa-Dorr-TIME-montagem-Brenda-Silva-628x353.jpg?fit=628%2C353&ssl=1&resize=350%2C200","width":350,"height":200,"srcset":"https:\/\/i0.wp.com\/noticiasribeiraopreto.com.br\/wp-content\/uploads\/2023\/12\/lula-leao-2-Shutterstock-Luisa-Dorr-TIME-montagem-Brenda-Silva-628x353.jpg?fit=628%2C353&ssl=1&resize=350%2C200 1x, https:\/\/i0.wp.com\/noticiasribeiraopreto.com.br\/wp-content\/uploads\/2023\/12\/lula-leao-2-Shutterstock-Luisa-Dorr-TIME-montagem-Brenda-Silva-628x353.jpg?fit=628%2C353&ssl=1&resize=525%2C300 1.5x"},"classes":[]},{"id":11493,"url":"https:\/\/noticiasribeiraopreto.com.br\/index.php\/2023\/12\/06\/imposto-de-renda-esta-leitora-trocou-um-boleto-de-r-2-500-por-um-pix-de-r-13-mil-saiba-como\/","url_meta":{"origin":29985,"position":3},"title":"Imposto de Renda: esta leitora trocou um boleto de R$ 2.500 por um PIX de R$ 13 mil; saiba como\u00a0","author":"noticiasribeiraopreto.com.br","date":"6 de December de 2023","format":false,"excerpt":"Com a chegada do final do ano muitos brasileiros aproveitam para se preparar financeiramente para os tributos do ano seguinte: IPTU, IPVA, matr\u00edculas escolares e em alguns casos, Imposto de Renda.\u00a0 Para muitos trabalhadores do regime CLT, mesmo com o desconto na fonte todos os meses, ainda \u00e9 necess\u00e1rio pagar\u2026","rel":"","context":"In &quot;Dinheiro e Investimento&quot;","block_context":{"text":"Dinheiro e Investimento","link":"https:\/\/noticiasribeiraopreto.com.br\/index.php\/category\/dinheiro-e-investimento-como-fazer-como-ganhar\/"},"img":{"alt_text":"","src":"https:\/\/i0.wp.com\/noticiasribeiraopreto.com.br\/wp-content\/uploads\/2023\/12\/Layout-Carol-Gama-6-715x402.png?fit=715%2C402&ssl=1&resize=350%2C200","width":350,"height":200,"srcset":"https:\/\/i0.wp.com\/noticiasribeiraopreto.com.br\/wp-content\/uploads\/2023\/12\/Layout-Carol-Gama-6-715x402.png?fit=715%2C402&ssl=1&resize=350%2C200 1x, https:\/\/i0.wp.com\/noticiasribeiraopreto.com.br\/wp-content\/uploads\/2023\/12\/Layout-Carol-Gama-6-715x402.png?fit=715%2C402&ssl=1&resize=525%2C300 1.5x, https:\/\/i0.wp.com\/noticiasribeiraopreto.com.br\/wp-content\/uploads\/2023\/12\/Layout-Carol-Gama-6-715x402.png?fit=715%2C402&ssl=1&resize=700%2C400 2x"},"classes":[]},{"id":9300,"url":"https:\/\/noticiasribeiraopreto.com.br\/index.php\/2023\/12\/01\/investimentos-isentos-de-imposto-de-renda-como-funcionam-e-oportunidades\/","url_meta":{"origin":29985,"position":4},"title":"Investimentos Isentos de Imposto de Renda: Como Funcionam e Oportunidades","author":"noticiasribeiraopreto.com.br","date":"1 de December de 2023","format":false,"excerpt":"Se voc\u00ea busca maneiras de potencializar seus rendimentos e, ao mesmo tempo, escapar das garras do Imposto de Renda, est\u00e1 no lugar certo. Neste artigo, mergulharemos no fascinante mundo dos investimentos isentos de Imposto de Renda, desvendando oportunidades que aliam rentabilidade e intelig\u00eancia financeira. Portanto, seja voc\u00ea um investidor experiente\u2026","rel":"","context":"In &quot;Dinheiro e Investimento&quot;","block_context":{"text":"Dinheiro e Investimento","link":"https:\/\/noticiasribeiraopreto.com.br\/index.php\/category\/dinheiro-e-investimento-como-fazer-como-ganhar\/"},"img":{"alt_text":"","src":"https:\/\/i0.wp.com\/noticiasribeiraopreto.com.br\/wp-content\/uploads\/2023\/12\/simple-savings-formula.jpg?fit=1000%2C667&ssl=1&resize=350%2C200","width":350,"height":200,"srcset":"https:\/\/i0.wp.com\/noticiasribeiraopreto.com.br\/wp-content\/uploads\/2023\/12\/simple-savings-formula.jpg?fit=1000%2C667&ssl=1&resize=350%2C200 1x, https:\/\/i0.wp.com\/noticiasribeiraopreto.com.br\/wp-content\/uploads\/2023\/12\/simple-savings-formula.jpg?fit=1000%2C667&ssl=1&resize=525%2C300 1.5x, https:\/\/i0.wp.com\/noticiasribeiraopreto.com.br\/wp-content\/uploads\/2023\/12\/simple-savings-formula.jpg?fit=1000%2C667&ssl=1&resize=700%2C400 2x"},"classes":[]},{"id":78106,"url":"https:\/\/noticiasribeiraopreto.com.br\/index.php\/2025\/10\/02\/isencao-de-imposto-de-renda-ate-r-5-mil-e-taxacao-dos-mais-ricos-veja-o-que-muda\/","url_meta":{"origin":29985,"position":5},"title":"Isen\u00e7\u00e3o de Imposto de Renda at\u00e9 R$ 5 mil e taxa\u00e7\u00e3o dos mais ricos: veja o que muda","author":"noticiasribeiraopreto.com.br","date":"2 de October de 2025","format":false,"excerpt":"A C\u00e2mara dos Deputados aprovou na noite de quarta-feira (1\u00ba de outubro), de forma un\u00e2nime, o projeto que amplia a isen\u00e7\u00e3o do Imposto de Renda para quem ganha at\u00e9 R$ 5 mil mensais. A proposta tamb\u00e9m estabelece como compensa\u00e7\u00e3o a cria\u00e7\u00e3o de um imposto m\u00ednimo de at\u00e9 10% sobre a\u2026","rel":"","context":"In &quot;Not\u00edcias de Ribeir\u00e3o Preto-SP e Regi\u00e3o&quot;","block_context":{"text":"Not\u00edcias de Ribeir\u00e3o Preto-SP e Regi\u00e3o","link":"https:\/\/noticiasribeiraopreto.com.br\/index.php\/category\/noticias-de-ribeirao-preto-sp-e-regiao-ismael-colosi\/"},"img":{"alt_text":"","src":"https:\/\/i0.wp.com\/noticiasribeiraopreto.com.br\/wp-content\/uploads\/2025\/10\/imposto-de-renda_2025-10-02_12-47-55.webp.webp?fit=1200%2C800&ssl=1&resize=350%2C200","width":350,"height":200,"srcset":"https:\/\/i0.wp.com\/noticiasribeiraopreto.com.br\/wp-content\/uploads\/2025\/10\/imposto-de-renda_2025-10-02_12-47-55.webp.webp?fit=1200%2C800&ssl=1&resize=350%2C200 1x, https:\/\/i0.wp.com\/noticiasribeiraopreto.com.br\/wp-content\/uploads\/2025\/10\/imposto-de-renda_2025-10-02_12-47-55.webp.webp?fit=1200%2C800&ssl=1&resize=525%2C300 1.5x, https:\/\/i0.wp.com\/noticiasribeiraopreto.com.br\/wp-content\/uploads\/2025\/10\/imposto-de-renda_2025-10-02_12-47-55.webp.webp?fit=1200%2C800&ssl=1&resize=700%2C400 2x, https:\/\/i0.wp.com\/noticiasribeiraopreto.com.br\/wp-content\/uploads\/2025\/10\/imposto-de-renda_2025-10-02_12-47-55.webp.webp?fit=1200%2C800&ssl=1&resize=1050%2C600 3x"},"classes":[]}],"jetpack_sharing_enabled":true,"jetpack_shortlink":"https:\/\/wp.me\/peQAOb-7ND","_links":{"self":[{"href":"https:\/\/noticiasribeiraopreto.com.br\/index.php\/wp-json\/wp\/v2\/posts\/29985","targetHints":{"allow":["GET"]}}],"collection":[{"href":"https:\/\/noticiasribeiraopreto.com.br\/index.php\/wp-json\/wp\/v2\/posts"}],"about":[{"href":"https:\/\/noticiasribeiraopreto.com.br\/index.php\/wp-json\/wp\/v2\/types\/post"}],"author":[{"embeddable":true,"href":"https:\/\/noticiasribeiraopreto.com.br\/index.php\/wp-json\/wp\/v2\/users\/1"}],"replies":[{"embeddable":true,"href":"https:\/\/noticiasribeiraopreto.com.br\/index.php\/wp-json\/wp\/v2\/comments?post=29985"}],"version-history":[{"count":0,"href":"https:\/\/noticiasribeiraopreto.com.br\/index.php\/wp-json\/wp\/v2\/posts\/29985\/revisions"}],"wp:featuredmedia":[{"embeddable":true,"href":"https:\/\/noticiasribeiraopreto.com.br\/index.php\/wp-json\/wp\/v2\/media\/29986"}],"wp:attachment":[{"href":"https:\/\/noticiasribeiraopreto.com.br\/index.php\/wp-json\/wp\/v2\/media?parent=29985"}],"wp:term":[{"taxonomy":"category","embeddable":true,"href":"https:\/\/noticiasribeiraopreto.com.br\/index.php\/wp-json\/wp\/v2\/categories?post=29985"},{"taxonomy":"post_tag","embeddable":true,"href":"https:\/\/noticiasribeiraopreto.com.br\/index.php\/wp-json\/wp\/v2\/tags?post=29985"}],"curies":[{"name":"wp","href":"https:\/\/api.w.org\/{rel}","templated":true}]}}