{"id":29989,"date":"2024-01-19T20:24:08","date_gmt":"2024-01-19T23:24:08","guid":{"rendered":"https:\/\/noticiasribeiraopreto.com.br\/index.php\/2024\/01\/19\/saiba-qual-oleo-baratinho-e-capaz-de-dar-adeus-a-acne-e-retardar-o-envelhecimento\/"},"modified":"2024-01-19T20:24:08","modified_gmt":"2024-01-19T23:24:08","slug":"saiba-qual-oleo-baratinho-e-capaz-de-dar-adeus-a-acne-e-retardar-o-envelhecimento","status":"publish","type":"post","link":"https:\/\/noticiasribeiraopreto.com.br\/index.php\/2024\/01\/19\/saiba-qual-oleo-baratinho-e-capaz-de-dar-adeus-a-acne-e-retardar-o-envelhecimento\/","title":{"rendered":"Saiba qual \u00f3leo baratinho \u00e9 capaz de dar adeus a acne e retardar o envelhecimento"},"content":{"rendered":"<div class='code-block code-block-1' style='margin: 8px 0 8px auto; text-align: right; display: block; clear: both;'>\n<p><a href=\"https:\/\/wa.link\/vpicfd\"><img data-recalc-dims=\"1\" class=\"wp-image-4922\" style=\"aspect-ratio: 2.0253164556962027; width: 561px; height: auto;\" src=\"https:\/\/i0.wp.com\/ismaelcolosi.com.br\/wp-content\/uploads\/2023\/11\/grupo-de-empregos-whatsapp-e-facebook-ismael-colosi-vagas.jpg?ssl=1\" alt=\"\" \/><\/a><\/p>\n<!-- \/wp:image -->\n<\/div>\n<p> <br \/>\n<\/p>\n<div itemprop=\"text\">\n<p>Os cuidados com o corpo fazem uma listinha que tem como um dos principais itens manter em dia os cuidados com a pele. E como n\u00famero um na lista de prioridades, o rosto \u00e9 o primeiro passo para iniciar os cuidados.<\/p>\n<p>Com isso, uma das preocupa\u00e7\u00f5es recorrentes s\u00e3o as mais temidas marcas de express\u00e3o com o passar da idade e as t\u00e3o inc\u00f4modas acnes que s\u00e3o um dos problemas de pele mais comuns.<\/p>\n<p>Entre milhares de receitas milagrosas, muitas pessoas tem um senso comum de que para manter a pele limpinha precisa gastar bastante dinheiro. Mas essa informa\u00e7\u00e3o pode ser desmistificada com um produto bem baratinho.<\/p>\n<p>A estrela da vez \u00e9 o \u00f3leo de copa\u00edba. A especialista Soon Hee Han deixou uma lista de benef\u00edcios do uso do elemento natural que pode ser um verdadeiro milagre na pele.<\/p>\n<p>Seu uso pode trazer diversos benef\u00edcios pela composi\u00e7\u00e3o do \u00f3leo ser rico em sesquiterpenos, como beta-cariofileno e beta-bisaboleno, ao qual tem como propriedades muito importantes para a pele.<\/p>\n<p>Os sesquiterpenos garantem uma a\u00e7\u00e3o anti-inflamat\u00f3ria, expectorante, cicatrizante e analg\u00e9sica. Por isso, a recomenda\u00e7\u00e3o do uso pode ser uma ajuda incr\u00edvel no combate aos problemas de pele como acne e eczema.<\/p>\n<p><strong>\u201cVale lembrar que o \u00f3leo de copa\u00edba tamb\u00e9m pode ser utilizado para tratar ainda artrite reumat\u00f3ide, tendinite, tosse\/bronquite, al\u00e9m de gripes e resfriados\u201d<\/strong>, continuou a especialista a listar os benef\u00edcios do uso. Na ida a loja de produtos naturais, mant\u00e9m o \u00f3leo na listinha j\u00e1 para n\u00e3o esquecer.<\/p>\n<\/div>\n<p><br \/>\n<br \/><a href=\"https:\/\/fnmais.com\/saiba-qual-oleo-baratinho-capaz-dar-adeus-acne-retardar-envelhecimento\/\">Source link <\/a><\/p>\n<!-- CONTENT END 1 -->\n","protected":false},"excerpt":{"rendered":"<p>Os cuidados com o corpo fazem uma listinha que tem como um dos principais itens manter em dia os cuidados com a pele. E como&#8230;<\/p>\n","protected":false},"author":1,"featured_media":29990,"comment_status":"open","ping_status":"open","sticky":false,"template":"","format":"standard","meta":{"advanced_seo_description":"","jetpack_seo_html_title":"","jetpack_seo_noindex":false,"jetpack_post_was_ever_published":false,"_jetpack_newsletter_access":"","_jetpack_dont_email_post_to_subs":false,"_jetpack_newsletter_tier_id":0,"_jetpack_memberships_contains_paywalled_content":false,"_jetpack_memberships_contains_paid_content":false,"footnotes":"","jetpack_publicize_message":"","jetpack_publicize_feature_enabled":true,"jetpack_social_post_already_shared":true,"jetpack_social_options":{"image_generator_settings":{"template":"highway","default_image_id":0,"font":"","enabled":false},"version":2}},"categories":[1],"tags":[],"class_list":["post-29989","post","type-post","status-publish","format-standard","has-post-thumbnail","hentry","category-blog"],"jetpack_publicize_connections":[],"jetpack_featured_media_url":"https:\/\/i0.wp.com\/noticiasribeiraopreto.com.br\/wp-content\/uploads\/2024\/01\/postimg-65ab02d2317cd3576.jpg?fit=1200%2C628&ssl=1","jetpack-related-posts":[{"id":31017,"url":"https:\/\/noticiasribeiraopreto.com.br\/index.php\/2024\/01\/20\/olha-quantos-bichos-tinha-la-dentro-disso-video\/","url_meta":{"origin":29989,"position":0},"title":"Olha quantos bichos tinha l\u00e1 dentro disso \u2013 V\u00cdDEO","author":"noticiasribeiraopreto.com.br","date":"20 de January de 2024","format":false,"excerpt":"Os cravos s\u00e3o um tipo de acne que ocorre quando os poros da pele ficam entupidos com \u00f3leo, c\u00e9lulas mortas da pele e outras impurezas. Eles aparecem como pequenas protuber\u00e2ncias pretas ou brancas na pele, especialmente na zona T do rosto (testa, nariz e queixo). Algumas dicas para prevenir cravos\u2026","rel":"","context":"In &quot;Variedades&quot;","block_context":{"text":"Variedades","link":"https:\/\/noticiasribeiraopreto.com.br\/index.php\/category\/variedades\/"},"img":{"alt_text":"","src":"https:\/\/i0.wp.com\/noticiasribeiraopreto.com.br\/wp-content\/uploads\/2024\/01\/1705786922_cravo-.jpg?fit=850%2C499&ssl=1&resize=350%2C200","width":350,"height":200,"srcset":"https:\/\/i0.wp.com\/noticiasribeiraopreto.com.br\/wp-content\/uploads\/2024\/01\/1705786922_cravo-.jpg?fit=850%2C499&ssl=1&resize=350%2C200 1x, https:\/\/i0.wp.com\/noticiasribeiraopreto.com.br\/wp-content\/uploads\/2024\/01\/1705786922_cravo-.jpg?fit=850%2C499&ssl=1&resize=525%2C300 1.5x, https:\/\/i0.wp.com\/noticiasribeiraopreto.com.br\/wp-content\/uploads\/2024\/01\/1705786922_cravo-.jpg?fit=850%2C499&ssl=1&resize=700%2C400 2x"},"classes":[]},{"id":68277,"url":"https:\/\/noticiasribeiraopreto.com.br\/index.php\/2025\/04\/24\/jornal-da-franca-saiba-porque-o-alho-e-considerado-o-amigao-das-familias-brasileiras\/","url_meta":{"origin":29989,"position":1},"title":"Jornal da Franca &#8211; Saiba porque o alho \u00e9 considerado o amig\u00e3o das fam\u00edlias brasileiras","author":"noticiasribeiraopreto.com.br","date":"24 de April de 2025","format":false,"excerpt":"compartilhar no whatsapp compartilhar no telegram compartilhar no facebook compartilhar no linkedin Entre as diversas utilidades do alho est\u00e1 inclusive o poder de limpeza O alho \u00e9 o queridinho da cozinha, sendo utilizado como tempero ou base de alguns pratos. Mas al\u00e9m disso ele \u00e9, como dizia o slogan do\u2026","rel":"","context":"In &quot;Not\u00edcias de Franca-SP&quot;","block_context":{"text":"Not\u00edcias de Franca-SP","link":"https:\/\/noticiasribeiraopreto.com.br\/index.php\/category\/noticias-de-ribeirao-preto-sp-e-regiao-ismael-colosi\/noticias-franca-sp\/"},"img":{"alt_text":"","src":"https:\/\/i0.wp.com\/noticiasribeiraopreto.com.br\/wp-content\/uploads\/2025\/04\/alho.jpg?fit=900%2C600&ssl=1&resize=350%2C200","width":350,"height":200,"srcset":"https:\/\/i0.wp.com\/noticiasribeiraopreto.com.br\/wp-content\/uploads\/2025\/04\/alho.jpg?fit=900%2C600&ssl=1&resize=350%2C200 1x, https:\/\/i0.wp.com\/noticiasribeiraopreto.com.br\/wp-content\/uploads\/2025\/04\/alho.jpg?fit=900%2C600&ssl=1&resize=525%2C300 1.5x, https:\/\/i0.wp.com\/noticiasribeiraopreto.com.br\/wp-content\/uploads\/2025\/04\/alho.jpg?fit=900%2C600&ssl=1&resize=700%2C400 2x"},"classes":[]},{"id":69205,"url":"https:\/\/noticiasribeiraopreto.com.br\/index.php\/2025\/05\/03\/jornal-da-franca-conheca-6-chas-potentes-para-cuidar-da-sua-pele-e-comece-a-fazer-uso-ja\/","url_meta":{"origin":29989,"position":2},"title":"Jornal da Franca &#8211; Conhe\u00e7a 6 ch\u00e1s potentes para cuidar da sua pele e comece a fazer uso j\u00e1!","author":"noticiasribeiraopreto.com.br","date":"3 de May de 2025","format":false,"excerpt":"compartilhar no whatsapp compartilhar no telegram compartilhar no facebook compartilhar no linkedin Consumidos como infus\u00f5es, os ch\u00e1s oferecem nutrientes que certamente ajudam a tratar desde acne at\u00e9 ros\u00e1cea As propriedades ben\u00e9ficas dos ch\u00e1s s\u00e3o aliadas da sa\u00fade da pele \u2013 Foto Alto Astral \u00a0 Estudos indicam que o ch\u00e1 verde,\u2026","rel":"","context":"In &quot;Not\u00edcias de Franca-SP&quot;","block_context":{"text":"Not\u00edcias de Franca-SP","link":"https:\/\/noticiasribeiraopreto.com.br\/index.php\/category\/noticias-de-ribeirao-preto-sp-e-regiao-ismael-colosi\/noticias-franca-sp\/"},"img":{"alt_text":"","src":"https:\/\/i0.wp.com\/noticiasribeiraopreto.com.br\/wp-content\/uploads\/2025\/05\/cha-para-pele-.jpg?fit=1200%2C800&ssl=1&resize=350%2C200","width":350,"height":200,"srcset":"https:\/\/i0.wp.com\/noticiasribeiraopreto.com.br\/wp-content\/uploads\/2025\/05\/cha-para-pele-.jpg?fit=1200%2C800&ssl=1&resize=350%2C200 1x, https:\/\/i0.wp.com\/noticiasribeiraopreto.com.br\/wp-content\/uploads\/2025\/05\/cha-para-pele-.jpg?fit=1200%2C800&ssl=1&resize=525%2C300 1.5x, https:\/\/i0.wp.com\/noticiasribeiraopreto.com.br\/wp-content\/uploads\/2025\/05\/cha-para-pele-.jpg?fit=1200%2C800&ssl=1&resize=700%2C400 2x, https:\/\/i0.wp.com\/noticiasribeiraopreto.com.br\/wp-content\/uploads\/2025\/05\/cha-para-pele-.jpg?fit=1200%2C800&ssl=1&resize=1050%2C600 3x"},"classes":[]},{"id":19948,"url":"https:\/\/noticiasribeiraopreto.com.br\/index.php\/2023\/12\/23\/5-alimentos-que-mais-envelhecem-a-pele-segundo-especialistas\/","url_meta":{"origin":29989,"position":3},"title":"5 alimentos que mais envelhecem a pele, segundo especialistas","author":"noticiasribeiraopreto.com.br","date":"23 de December de 2023","format":false,"excerpt":"Cr\u00e9ditos: iStock\/ahirao_photoEntre os alimentos que mais envelhecem a pele, a batata frita possui rela\u00e7\u00e3o direta com o processo de glica\u00e7\u00e3o e, al\u00e9m disso, s\u00e3o preparadas com \u00f3leos n\u00e3o saud\u00e1veis e gorduras trans Em meio aos avan\u00e7os constantes da ind\u00fastria est\u00e9tica, muito se fala sobre os cuidados com a pele para\u2026","rel":"","context":"In &quot;Variedades&quot;","block_context":{"text":"Variedades","link":"https:\/\/noticiasribeiraopreto.com.br\/index.php\/category\/variedades\/"},"img":{"alt_text":"","src":"https:\/\/i0.wp.com\/noticiasribeiraopreto.com.br\/wp-content\/uploads\/2023\/12\/istock-1329384442-e1687886597365.jpg?fit=1200%2C638&ssl=1&resize=350%2C200","width":350,"height":200,"srcset":"https:\/\/i0.wp.com\/noticiasribeiraopreto.com.br\/wp-content\/uploads\/2023\/12\/istock-1329384442-e1687886597365.jpg?fit=1200%2C638&ssl=1&resize=350%2C200 1x, https:\/\/i0.wp.com\/noticiasribeiraopreto.com.br\/wp-content\/uploads\/2023\/12\/istock-1329384442-e1687886597365.jpg?fit=1200%2C638&ssl=1&resize=525%2C300 1.5x, https:\/\/i0.wp.com\/noticiasribeiraopreto.com.br\/wp-content\/uploads\/2023\/12\/istock-1329384442-e1687886597365.jpg?fit=1200%2C638&ssl=1&resize=700%2C400 2x, https:\/\/i0.wp.com\/noticiasribeiraopreto.com.br\/wp-content\/uploads\/2023\/12\/istock-1329384442-e1687886597365.jpg?fit=1200%2C638&ssl=1&resize=1050%2C600 3x"},"classes":[]},{"id":22883,"url":"https:\/\/noticiasribeiraopreto.com.br\/index.php\/2023\/12\/31\/5-erros-que-voce-nao-deve-cometer-com-sua-pele-no-verao\/","url_meta":{"origin":29989,"position":4},"title":"5 erros que voc\u00ea n\u00e3o deve cometer com sua pele no ver\u00e3o","author":"noticiasribeiraopreto.com.br","date":"31 de December de 2023","format":false,"excerpt":"Nossa pele exige cuidados adequados durante todo o ano. As pr\u00e1ticas e rotinas de cuidado com a pele, fundamentalmente conhecido como \u2018skincare\u2019, deve ser adaptado de acordo com cada esta\u00e7\u00e3o do ano. Cr\u00e9ditos: iSTock5 erros que voc\u00ea n\u00e3o deve cometer com sua pele no ver\u00e3o Erros que voc\u00ea n\u00e3o deve\u2026","rel":"","context":"In &quot;Variedades&quot;","block_context":{"text":"Variedades","link":"https:\/\/noticiasribeiraopreto.com.br\/index.php\/category\/variedades\/"},"img":{"alt_text":"","src":"https:\/\/i0.wp.com\/noticiasribeiraopreto.com.br\/wp-content\/uploads\/2023\/12\/istock-154185600.jpg?fit=1200%2C638&ssl=1&resize=350%2C200","width":350,"height":200,"srcset":"https:\/\/i0.wp.com\/noticiasribeiraopreto.com.br\/wp-content\/uploads\/2023\/12\/istock-154185600.jpg?fit=1200%2C638&ssl=1&resize=350%2C200 1x, https:\/\/i0.wp.com\/noticiasribeiraopreto.com.br\/wp-content\/uploads\/2023\/12\/istock-154185600.jpg?fit=1200%2C638&ssl=1&resize=525%2C300 1.5x, https:\/\/i0.wp.com\/noticiasribeiraopreto.com.br\/wp-content\/uploads\/2023\/12\/istock-154185600.jpg?fit=1200%2C638&ssl=1&resize=700%2C400 2x, https:\/\/i0.wp.com\/noticiasribeiraopreto.com.br\/wp-content\/uploads\/2023\/12\/istock-154185600.jpg?fit=1200%2C638&ssl=1&resize=1050%2C600 3x"},"classes":[]},{"id":45234,"url":"https:\/\/noticiasribeiraopreto.com.br\/index.php\/2024\/04\/03\/boticario-expande-portfolio-com-nativa-spa-lilac\/","url_meta":{"origin":29989,"position":5},"title":"Botic\u00e1rio expande portf\u00f3lio com Nativa SPA Lilac","author":"noticiasribeiraopreto.com.br","date":"3 de April de 2024","format":false,"excerpt":"3 de abril de 2024 | 9:032 de abril de 2024 | 12:15 0 O Botic\u00e1rio\u00a0lan\u00e7a a linha\u00a0Nativa SPA Lilac\u00a0com ativos que entregam nutri\u00e7\u00e3o, hidrata\u00e7\u00e3o e perfuma\u00e7\u00e3o exclusiva em sua m\u00e1xima pot\u00eancia, por meio do \u00f3leo de Quinoa \u2013 ativo exclusivo e presente em todo o portf\u00f3lio da marca de\u2026","rel":"","context":"In &quot;Not\u00edcias de Ribeir\u00e3o Preto-SP e Regi\u00e3o&quot;","block_context":{"text":"Not\u00edcias de Ribeir\u00e3o Preto-SP e Regi\u00e3o","link":"https:\/\/noticiasribeiraopreto.com.br\/index.php\/category\/noticias-de-ribeirao-preto-sp-e-regiao-ismael-colosi\/"},"img":{"alt_text":"","src":"https:\/\/i0.wp.com\/noticiasribeiraopreto.com.br\/wp-content\/uploads\/2024\/04\/O-Boticario-apresenta-Nativa-SPA-Lilac.jpg?fit=774%2C500&ssl=1&resize=350%2C200","width":350,"height":200,"srcset":"https:\/\/i0.wp.com\/noticiasribeiraopreto.com.br\/wp-content\/uploads\/2024\/04\/O-Boticario-apresenta-Nativa-SPA-Lilac.jpg?fit=774%2C500&ssl=1&resize=350%2C200 1x, https:\/\/i0.wp.com\/noticiasribeiraopreto.com.br\/wp-content\/uploads\/2024\/04\/O-Boticario-apresenta-Nativa-SPA-Lilac.jpg?fit=774%2C500&ssl=1&resize=525%2C300 1.5x, https:\/\/i0.wp.com\/noticiasribeiraopreto.com.br\/wp-content\/uploads\/2024\/04\/O-Boticario-apresenta-Nativa-SPA-Lilac.jpg?fit=774%2C500&ssl=1&resize=700%2C400 2x"},"classes":[]}],"jetpack_sharing_enabled":true,"jetpack_shortlink":"https:\/\/wp.me\/peQAOb-7NH","_links":{"self":[{"href":"https:\/\/noticiasribeiraopreto.com.br\/index.php\/wp-json\/wp\/v2\/posts\/29989","targetHints":{"allow":["GET"]}}],"collection":[{"href":"https:\/\/noticiasribeiraopreto.com.br\/index.php\/wp-json\/wp\/v2\/posts"}],"about":[{"href":"https:\/\/noticiasribeiraopreto.com.br\/index.php\/wp-json\/wp\/v2\/types\/post"}],"author":[{"embeddable":true,"href":"https:\/\/noticiasribeiraopreto.com.br\/index.php\/wp-json\/wp\/v2\/users\/1"}],"replies":[{"embeddable":true,"href":"https:\/\/noticiasribeiraopreto.com.br\/index.php\/wp-json\/wp\/v2\/comments?post=29989"}],"version-history":[{"count":0,"href":"https:\/\/noticiasribeiraopreto.com.br\/index.php\/wp-json\/wp\/v2\/posts\/29989\/revisions"}],"wp:featuredmedia":[{"embeddable":true,"href":"https:\/\/noticiasribeiraopreto.com.br\/index.php\/wp-json\/wp\/v2\/media\/29990"}],"wp:attachment":[{"href":"https:\/\/noticiasribeiraopreto.com.br\/index.php\/wp-json\/wp\/v2\/media?parent=29989"}],"wp:term":[{"taxonomy":"category","embeddable":true,"href":"https:\/\/noticiasribeiraopreto.com.br\/index.php\/wp-json\/wp\/v2\/categories?post=29989"},{"taxonomy":"post_tag","embeddable":true,"href":"https:\/\/noticiasribeiraopreto.com.br\/index.php\/wp-json\/wp\/v2\/tags?post=29989"}],"curies":[{"name":"wp","href":"https:\/\/api.w.org\/{rel}","templated":true}]}}