{"id":29997,"date":"2024-01-19T20:51:35","date_gmt":"2024-01-19T23:51:35","guid":{"rendered":"https:\/\/noticiasribeiraopreto.com.br\/index.php\/2024\/01\/19\/mulher-cai-em-emboscada-e-atacada-com-cutelo-mas-antes-de-falecer-consegue-apontar-o-autor-do-crime\/"},"modified":"2024-01-19T20:51:35","modified_gmt":"2024-01-19T23:51:35","slug":"mulher-cai-em-emboscada-e-atacada-com-cutelo-mas-antes-de-falecer-consegue-apontar-o-autor-do-crime","status":"publish","type":"post","link":"https:\/\/noticiasribeiraopreto.com.br\/index.php\/2024\/01\/19\/mulher-cai-em-emboscada-e-atacada-com-cutelo-mas-antes-de-falecer-consegue-apontar-o-autor-do-crime\/","title":{"rendered":"Mulher cai em emboscada \u00e9 atacada com cutelo, mas antes de falecer consegue apontar o autor do crime"},"content":{"rendered":"<div class='code-block code-block-1' style='margin: 8px 0 8px auto; text-align: right; display: block; clear: both;'>\n<p><a href=\"https:\/\/wa.link\/vpicfd\"><img data-recalc-dims=\"1\" class=\"wp-image-4922\" style=\"aspect-ratio: 2.0253164556962027; width: 561px; height: auto;\" src=\"https:\/\/i0.wp.com\/ismaelcolosi.com.br\/wp-content\/uploads\/2023\/11\/grupo-de-empregos-whatsapp-e-facebook-ismael-colosi-vagas.jpg?ssl=1\" alt=\"\" \/><\/a><\/p>\n<!-- \/wp:image -->\n<\/div>\n<p> <br \/>\n<\/p>\n<div itemprop=\"text\">\n<p>Uma mulher de 43 anos perdeu a vida ap\u00f3s ser v\u00edtima de uma emboscada com facadas no Alto da Boa Vista, localizado na zona norte do Rio de Janeiro, na sexta-feira (19).<\/p>\n<p>Mesmo ap\u00f3s ser conduzida para uma unidade hospitalar, na Barra da Tijuca, zona oeste, e submeter-se a uma interven\u00e7\u00e3o cir\u00fargica, Marcelle Pereira n\u00e3o conseguiu sobreviver aos ferimentos.<\/p>\n<p>Enquanto recebia assist\u00eancia e era estabilizada pelos socorristas, Marcelle conseguiu relatar que fora atacada pelo ex-parceiro, com quem compartilhou uma rela\u00e7\u00e3o de 16 anos e teve uma filha de 7 anos.<\/p>\n<p>Ainda de acordo com as informa\u00e7\u00f5es repassadas sobre o caso, mesmo com les\u00f5es graves, a v\u00edtima conseguiu relatar para a m\u00e3e o que tinha acontecido quando era levada de ambul\u00e2ncia para o hospital.<\/p>\n<p>Testemunhas relataram que Marcelle foi alvo de um ataque ao sair de casa para ir ao trabalho na quinta-feira (18). Enquanto descia a rua de sua resid\u00eancia, foi surpreendida pelo agressor, que se encontrava escondido em um matagal.<\/p>\n<p>O suspeito, antes de fugir, ainda subtraiu o celular da v\u00edtima. Informa\u00e7\u00f5es de moradores locais indicam que ele teria se escondido na regi\u00e3o da Floresta da Tijuca.<\/p>\n<p>Familiares afirmaram que o principal suspeito j\u00e1 havia proferido amea\u00e7as aproximadamente um m\u00eas antes. Ap\u00f3s altos e baixos, ela havia conseguido encerrar o relacionamento.<\/p>\n<p>Uma prima revelou que Marcelle j\u00e1 enfrentara agress\u00f5es, situa\u00e7\u00f5es de c\u00e1rcere privado e intimida\u00e7\u00f5es, chegando a obter tr\u00eas medidas protetivas contra o ex-marido.<\/p>\n<p>Ap\u00f3s o ocorrido, o agressor enviou \u00e1udios \u00e0 fam\u00edlia com amea\u00e7as adicionais. Uma testemunha afirmou que nas mensagens, ele confessou o crime.<\/p>\n<p>Marcelle deixa para tr\u00e1s n\u00e3o apenas uma crian\u00e7a pequena, mas tamb\u00e9m outra filha, de 23 anos.\u00a0 Homem suspeito de matar Marcelle de maneira cruel, foi preso na tarde desta sexta-feira (19).<\/p>\n<\/div>\n<p><br \/>\n<br \/><a href=\"https:\/\/fnmais.com\/mulher-cai-em-emboscada-atacada-com-cutelo-mas-antes-falecer-consegue-apontar-autor-crime\/\">Source link <\/a><\/p>\n<!-- CONTENT END 1 -->\n","protected":false},"excerpt":{"rendered":"<p>Uma mulher de 43 anos perdeu a vida ap\u00f3s ser v\u00edtima de uma emboscada com facadas no Alto da Boa Vista, localizado na zona norte&#8230;<\/p>\n","protected":false},"author":1,"featured_media":29998,"comment_status":"open","ping_status":"open","sticky":false,"template":"","format":"standard","meta":{"advanced_seo_description":"","jetpack_seo_html_title":"","jetpack_seo_noindex":false,"jetpack_post_was_ever_published":false,"_jetpack_newsletter_access":"","_jetpack_dont_email_post_to_subs":false,"_jetpack_newsletter_tier_id":0,"_jetpack_memberships_contains_paywalled_content":false,"_jetpack_memberships_contains_paid_content":false,"footnotes":"","jetpack_publicize_message":"","jetpack_publicize_feature_enabled":true,"jetpack_social_post_already_shared":true,"jetpack_social_options":{"image_generator_settings":{"template":"highway","default_image_id":0,"font":"","enabled":false},"version":2}},"categories":[1],"tags":[],"class_list":["post-29997","post","type-post","status-publish","format-standard","has-post-thumbnail","hentry","category-blog"],"jetpack_publicize_connections":[],"jetpack_featured_media_url":"https:\/\/i0.wp.com\/noticiasribeiraopreto.com.br\/wp-content\/uploads\/2024\/01\/postimg-65ab006590b5f9818.jpg?fit=1200%2C628&ssl=1","jetpack-related-posts":[{"id":80494,"url":"https:\/\/noticiasribeiraopreto.com.br\/index.php\/2025\/12\/04\/mulher-e-morta-por-ex-na-regiao\/","url_meta":{"origin":29997,"position":0},"title":"Mulher \u00e9 morta por ex na regi\u00e3o","author":"noticiasribeiraopreto.com.br","date":"4 de December de 2025","format":false,"excerpt":"\r V\u00edtima de feminic\u00eddio tinha 29 anos e foi atacada a facadas pelo ex-companheiro\r \r 4 de dezembro de 2025 10:18 \r Compartilhar1 Uma mulher morreu, na tarde desta quarta-feira (3), ap\u00f3s ser atacada a facadas por seu ex-companheiro. O feminic\u00eddio ocorreu na rua Ida Venturelli Mengual, Residencial Bela Vista,\u2026","rel":"","context":"In &quot;Not\u00edcias de Ribeir\u00e3o Preto-SP e Regi\u00e3o&quot;","block_context":{"text":"Not\u00edcias de Ribeir\u00e3o Preto-SP e Regi\u00e3o","link":"https:\/\/noticiasribeiraopreto.com.br\/index.php\/category\/noticias-de-ribeirao-preto-sp-e-regiao-ismael-colosi\/"},"img":{"alt_text":"","src":"https:\/\/i0.wp.com\/noticiasribeiraopreto.com.br\/wp-content\/uploads\/2025\/12\/04-dez-2025-feminicidiopontal-scaled.jpg?fit=1106%2C780&ssl=1&resize=350%2C200","width":350,"height":200,"srcset":"https:\/\/i0.wp.com\/noticiasribeiraopreto.com.br\/wp-content\/uploads\/2025\/12\/04-dez-2025-feminicidiopontal-scaled.jpg?fit=1106%2C780&ssl=1&resize=350%2C200 1x, https:\/\/i0.wp.com\/noticiasribeiraopreto.com.br\/wp-content\/uploads\/2025\/12\/04-dez-2025-feminicidiopontal-scaled.jpg?fit=1106%2C780&ssl=1&resize=525%2C300 1.5x, https:\/\/i0.wp.com\/noticiasribeiraopreto.com.br\/wp-content\/uploads\/2025\/12\/04-dez-2025-feminicidiopontal-scaled.jpg?fit=1106%2C780&ssl=1&resize=700%2C400 2x, https:\/\/i0.wp.com\/noticiasribeiraopreto.com.br\/wp-content\/uploads\/2025\/12\/04-dez-2025-feminicidiopontal-scaled.jpg?fit=1106%2C780&ssl=1&resize=1050%2C600 3x"},"classes":[]},{"id":4101,"url":"https:\/\/noticiasribeiraopreto.com.br\/index.php\/2023\/11\/20\/resumo-terca-feira-21-gravida-aline-cai-emboscada-e-atacada-fica-inconsciente-e-tem-desfecho-tragico\/","url_meta":{"origin":29997,"position":1},"title":"Resumo ter\u00e7a-feira (21) \u2013 Gr\u00e1vida, Aline cai emboscada \u00e9 atacada fica inconsciente e tem desfecho tr\u00e1gico","author":"noticiasribeiraopreto.com.br","date":"20 de November de 2023","format":false,"excerpt":"Ao que parece Nova Primavera vai ficar pequena para Ant\u00f4nio, Aline e Agatha, sendo assim a dona das terras vermelhas est\u00e1 com os dias contatos e novamente ser\u00e1 v\u00edtima das maldades dos La Selva.Agatha n\u00e3o ficar\u00e1 satisfeita em ter apenas a fortuna de Ant\u00f4nio em suas m\u00e3os. Mesmo sabendo que\u2026","rel":"","context":"In &quot;Blog&quot;","block_context":{"text":"Blog","link":"https:\/\/noticiasribeiraopreto.com.br\/index.php\/category\/blog\/"},"img":{"alt_text":"","src":"https:\/\/i0.wp.com\/noticiasribeiraopreto.com.br\/wp-content\/uploads\/2023\/11\/postimg-655bba071df7e7630.jpg?fit=1200%2C628&ssl=1&resize=350%2C200","width":350,"height":200,"srcset":"https:\/\/i0.wp.com\/noticiasribeiraopreto.com.br\/wp-content\/uploads\/2023\/11\/postimg-655bba071df7e7630.jpg?fit=1200%2C628&ssl=1&resize=350%2C200 1x, https:\/\/i0.wp.com\/noticiasribeiraopreto.com.br\/wp-content\/uploads\/2023\/11\/postimg-655bba071df7e7630.jpg?fit=1200%2C628&ssl=1&resize=525%2C300 1.5x, https:\/\/i0.wp.com\/noticiasribeiraopreto.com.br\/wp-content\/uploads\/2023\/11\/postimg-655bba071df7e7630.jpg?fit=1200%2C628&ssl=1&resize=700%2C400 2x, https:\/\/i0.wp.com\/noticiasribeiraopreto.com.br\/wp-content\/uploads\/2023\/11\/postimg-655bba071df7e7630.jpg?fit=1200%2C628&ssl=1&resize=1050%2C600 3x"},"classes":[]},{"id":60998,"url":"https:\/\/noticiasribeiraopreto.com.br\/index.php\/2024\/12\/01\/mulher-em-situacao-de-rua-morre-apos-ser-atacada-por-cao-em-ribeirao-preto\/","url_meta":{"origin":29997,"position":2},"title":"Mulher em situa\u00e7\u00e3o de rua morre ap\u00f3s ser atacada por c\u00e3o em Ribeir\u00e3o Preto","author":"noticiasribeiraopreto.com.br","date":"1 de December de 2024","format":false,"excerpt":"Uma mulher em situa\u00e7\u00e3o de rua morreu na manh\u00e3 deste domingo (1\u00ba), ap\u00f3s ser atacada por um cachorro, na avenida Caramuru, em Ribeir\u00e3o Preto. De acordo com o Corpo de Bombeiros, o c\u00e3o estava preso a uma \u00e1rvore por um cabo de a\u00e7o. A v\u00edtima teria ido at\u00e9 o local\u2026","rel":"","context":"In &quot;Not\u00edcias de Ribeir\u00e3o Preto-SP e Regi\u00e3o&quot;","block_context":{"text":"Not\u00edcias de Ribeir\u00e3o Preto-SP e Regi\u00e3o","link":"https:\/\/noticiasribeiraopreto.com.br\/index.php\/category\/noticias-de-ribeirao-preto-sp-e-regiao-ismael-colosi\/"},"img":{"alt_text":"","src":"https:\/\/i0.wp.com\/noticiasribeiraopreto.com.br\/wp-content\/uploads\/2024\/12\/Sem-titulo_2024-12-01_20-37-39_png_2024-12-01_20-37-40.webp.webp?fit=1200%2C661&ssl=1&resize=350%2C200","width":350,"height":200,"srcset":"https:\/\/i0.wp.com\/noticiasribeiraopreto.com.br\/wp-content\/uploads\/2024\/12\/Sem-titulo_2024-12-01_20-37-39_png_2024-12-01_20-37-40.webp.webp?fit=1200%2C661&ssl=1&resize=350%2C200 1x, https:\/\/i0.wp.com\/noticiasribeiraopreto.com.br\/wp-content\/uploads\/2024\/12\/Sem-titulo_2024-12-01_20-37-39_png_2024-12-01_20-37-40.webp.webp?fit=1200%2C661&ssl=1&resize=525%2C300 1.5x, https:\/\/i0.wp.com\/noticiasribeiraopreto.com.br\/wp-content\/uploads\/2024\/12\/Sem-titulo_2024-12-01_20-37-39_png_2024-12-01_20-37-40.webp.webp?fit=1200%2C661&ssl=1&resize=700%2C400 2x, https:\/\/i0.wp.com\/noticiasribeiraopreto.com.br\/wp-content\/uploads\/2024\/12\/Sem-titulo_2024-12-01_20-37-39_png_2024-12-01_20-37-40.webp.webp?fit=1200%2C661&ssl=1&resize=1050%2C600 3x"},"classes":[]},{"id":66950,"url":"https:\/\/noticiasribeiraopreto.com.br\/index.php\/2025\/04\/07\/mulher-fica-ferida-apos-ser-atacada-por-cachorro-em-ribeirao-preto\/","url_meta":{"origin":29997,"position":3},"title":"Mulher fica ferida ap\u00f3s ser atacada por cachorro em Ribeir\u00e3o Preto","author":"noticiasribeiraopreto.com.br","date":"7 de April de 2025","format":false,"excerpt":"Na tarde desta segunda-feira, uma mulher ficou ferida ap\u00f3s ser atacada por um cachorro na Vila V\u00edrginia, em Ribeir\u00e3o Preto. O animal, da ra\u00e7a Bull terrier, pertence ao irm\u00e3o da v\u00edtima. Segundo informa\u00e7\u00f5es de vizinhos e familiares, o c\u00e3o j\u00e1 havia demonstrado comportamento agressivo e, cerca de 15 dias antes\u2026","rel":"","context":"In &quot;Not\u00edcias de Ribeir\u00e3o Preto-SP e Regi\u00e3o&quot;","block_context":{"text":"Not\u00edcias de Ribeir\u00e3o Preto-SP e Regi\u00e3o","link":"https:\/\/noticiasribeiraopreto.com.br\/index.php\/category\/noticias-de-ribeirao-preto-sp-e-regiao-ismael-colosi\/"},"img":{"alt_text":"","src":"https:\/\/i0.wp.com\/noticiasribeiraopreto.com.br\/wp-content\/uploads\/2025\/04\/ambulancia_upa_1024x576_21052021184950.jpg?fit=1024%2C576&ssl=1&resize=350%2C200","width":350,"height":200,"srcset":"https:\/\/i0.wp.com\/noticiasribeiraopreto.com.br\/wp-content\/uploads\/2025\/04\/ambulancia_upa_1024x576_21052021184950.jpg?fit=1024%2C576&ssl=1&resize=350%2C200 1x, https:\/\/i0.wp.com\/noticiasribeiraopreto.com.br\/wp-content\/uploads\/2025\/04\/ambulancia_upa_1024x576_21052021184950.jpg?fit=1024%2C576&ssl=1&resize=525%2C300 1.5x, https:\/\/i0.wp.com\/noticiasribeiraopreto.com.br\/wp-content\/uploads\/2025\/04\/ambulancia_upa_1024x576_21052021184950.jpg?fit=1024%2C576&ssl=1&resize=700%2C400 2x"},"classes":[]},{"id":72816,"url":"https:\/\/noticiasribeiraopreto.com.br\/index.php\/2025\/06\/21\/mulher-e-agredida-pelo-companheiro-e-reage-com-facada\/","url_meta":{"origin":29997,"position":4},"title":"Mulher \u00e9 agredida pelo companheiro e reage com facada","author":"noticiasribeiraopreto.com.br","date":"21 de June de 2025","format":false,"excerpt":"Na manh\u00e3 deste s\u00e1bado (22), a Guarda Civil Metropolitana (GCM) foi acionada para atender uma ocorr\u00eancia de viol\u00eancia dom\u00e9stica registrada na Unidade de Pronto Atendimento (UPA) da Cuiab\u00e1, na zona Oeste de Ribeir\u00e3o Preto. De acordo com informa\u00e7\u00f5es da corpora\u00e7\u00e3o, a v\u00edtima, uma mulher, deu entrada na unidade de sa\u00fade\u2026","rel":"","context":"In &quot;Not\u00edcias de Ribeir\u00e3o Preto-SP e Regi\u00e3o&quot;","block_context":{"text":"Not\u00edcias de Ribeir\u00e3o Preto-SP e Regi\u00e3o","link":"https:\/\/noticiasribeiraopreto.com.br\/index.php\/category\/noticias-de-ribeirao-preto-sp-e-regiao-ismael-colosi\/"},"img":{"alt_text":"","src":"https:\/\/i0.wp.com\/noticiasribeiraopreto.com.br\/wp-content\/uploads\/2025\/06\/mulher_espancada-scaled.jpeg?fit=631%2C500&ssl=1&resize=350%2C200","width":350,"height":200,"srcset":"https:\/\/i0.wp.com\/noticiasribeiraopreto.com.br\/wp-content\/uploads\/2025\/06\/mulher_espancada-scaled.jpeg?fit=631%2C500&ssl=1&resize=350%2C200 1x, https:\/\/i0.wp.com\/noticiasribeiraopreto.com.br\/wp-content\/uploads\/2025\/06\/mulher_espancada-scaled.jpeg?fit=631%2C500&ssl=1&resize=525%2C300 1.5x"},"classes":[]},{"id":54076,"url":"https:\/\/noticiasribeiraopreto.com.br\/index.php\/2024\/06\/27\/irmao-de-idoso-que-morreu-apos-agressao-em-ribeirao-diz-que-a-vitima-foi-atraida-para-uma-emboscada\/","url_meta":{"origin":29997,"position":5},"title":"Irm\u00e3o de idoso que morreu ap\u00f3s agress\u00e3o em Ribeir\u00e3o diz que a v\u00edtima foi atra\u00edda para uma emboscada","author":"noticiasribeiraopreto.com.br","date":"27 de June de 2024","format":false,"excerpt":"A Pol\u00edcia Civil investiga se a agress\u00e3o que provocou a morte de J\u00falio C\u00e9sar da Silva, de 60 anos, na regi\u00e3o central de Ribeir\u00e3o Preto, foi planejada pelo vizinho da v\u00edtima, o manobrista S\u00e9rgio Salom\u00e3o Fernandes, de 48 anos, principal suspeito pelo crime. O caso aconteceu no cruzamento das ruas\u2026","rel":"","context":"In &quot;Not\u00edcias de Ribeir\u00e3o Preto-SP e Regi\u00e3o&quot;","block_context":{"text":"Not\u00edcias de Ribeir\u00e3o Preto-SP e Regi\u00e3o","link":"https:\/\/noticiasribeiraopreto.com.br\/index.php\/category\/noticias-de-ribeirao-preto-sp-e-regiao-ismael-colosi\/"},"img":{"alt_text":"","src":"https:\/\/i0.wp.com\/noticiasribeiraopreto.com.br\/wp-content\/uploads\/2024\/06\/suspeito-agredir-idoso_2024-06-27_23-46-06_png_2024-06-27_23-46-06.webp.webp?fit=984%2C554&ssl=1&resize=350%2C200","width":350,"height":200,"srcset":"https:\/\/i0.wp.com\/noticiasribeiraopreto.com.br\/wp-content\/uploads\/2024\/06\/suspeito-agredir-idoso_2024-06-27_23-46-06_png_2024-06-27_23-46-06.webp.webp?fit=984%2C554&ssl=1&resize=350%2C200 1x, https:\/\/i0.wp.com\/noticiasribeiraopreto.com.br\/wp-content\/uploads\/2024\/06\/suspeito-agredir-idoso_2024-06-27_23-46-06_png_2024-06-27_23-46-06.webp.webp?fit=984%2C554&ssl=1&resize=525%2C300 1.5x, https:\/\/i0.wp.com\/noticiasribeiraopreto.com.br\/wp-content\/uploads\/2024\/06\/suspeito-agredir-idoso_2024-06-27_23-46-06_png_2024-06-27_23-46-06.webp.webp?fit=984%2C554&ssl=1&resize=700%2C400 2x"},"classes":[]}],"jetpack_sharing_enabled":true,"jetpack_shortlink":"https:\/\/wp.me\/peQAOb-7NP","_links":{"self":[{"href":"https:\/\/noticiasribeiraopreto.com.br\/index.php\/wp-json\/wp\/v2\/posts\/29997","targetHints":{"allow":["GET"]}}],"collection":[{"href":"https:\/\/noticiasribeiraopreto.com.br\/index.php\/wp-json\/wp\/v2\/posts"}],"about":[{"href":"https:\/\/noticiasribeiraopreto.com.br\/index.php\/wp-json\/wp\/v2\/types\/post"}],"author":[{"embeddable":true,"href":"https:\/\/noticiasribeiraopreto.com.br\/index.php\/wp-json\/wp\/v2\/users\/1"}],"replies":[{"embeddable":true,"href":"https:\/\/noticiasribeiraopreto.com.br\/index.php\/wp-json\/wp\/v2\/comments?post=29997"}],"version-history":[{"count":0,"href":"https:\/\/noticiasribeiraopreto.com.br\/index.php\/wp-json\/wp\/v2\/posts\/29997\/revisions"}],"wp:featuredmedia":[{"embeddable":true,"href":"https:\/\/noticiasribeiraopreto.com.br\/index.php\/wp-json\/wp\/v2\/media\/29998"}],"wp:attachment":[{"href":"https:\/\/noticiasribeiraopreto.com.br\/index.php\/wp-json\/wp\/v2\/media?parent=29997"}],"wp:term":[{"taxonomy":"category","embeddable":true,"href":"https:\/\/noticiasribeiraopreto.com.br\/index.php\/wp-json\/wp\/v2\/categories?post=29997"},{"taxonomy":"post_tag","embeddable":true,"href":"https:\/\/noticiasribeiraopreto.com.br\/index.php\/wp-json\/wp\/v2\/tags?post=29997"}],"curies":[{"name":"wp","href":"https:\/\/api.w.org\/{rel}","templated":true}]}}