{"id":29999,"date":"2024-01-19T20:55:05","date_gmt":"2024-01-19T23:55:05","guid":{"rendered":"https:\/\/noticiasribeiraopreto.com.br\/index.php\/2024\/01\/19\/projeto-de-restauro-do-palacio-rio-branco-e-aprovado-no-conppac\/"},"modified":"2024-01-19T20:55:05","modified_gmt":"2024-01-19T23:55:05","slug":"projeto-de-restauro-do-palacio-rio-branco-e-aprovado-no-conppac","status":"publish","type":"post","link":"https:\/\/noticiasribeiraopreto.com.br\/index.php\/2024\/01\/19\/projeto-de-restauro-do-palacio-rio-branco-e-aprovado-no-conppac\/","title":{"rendered":"Projeto de restauro do Pal\u00e1cio Rio Branco \u00e9 aprovado no Conppac"},"content":{"rendered":"<div class='code-block code-block-1' style='margin: 8px 0 8px auto; text-align: right; display: block; clear: both;'>\n<p><a href=\"https:\/\/wa.link\/vpicfd\"><img data-recalc-dims=\"1\" class=\"wp-image-4922\" style=\"aspect-ratio: 2.0253164556962027; width: 561px; height: auto;\" src=\"https:\/\/i0.wp.com\/ismaelcolosi.com.br\/wp-content\/uploads\/2023\/11\/grupo-de-empregos-whatsapp-e-facebook-ismael-colosi-vagas.jpg?ssl=1\" alt=\"\" \/><\/a><\/p>\n<!-- \/wp:image -->\n<\/div>\n<p> <br \/>\n<\/p>\n<div id=\"\">\n<p> <span class=\"entry-meta-item penci-posted-on\"><i class=\"fa fa-clock-o\"\/><time class=\"entry-date published updated\" datetime=\"2024-01-19T19:44:20-03:00\">19 de janeiro de 2024 | 19:44<\/time><\/span><\/p>\n<p> <span class=\"penci-social-buttons penci-social-share-footer\"><a href=\"#\" class=\"penci-post-like penci_post-meta_item  single-like-button penci-social-item like\" data-post_id=\"370975\" title=\"Like\" data-like=\"Like\" data-unlike=\"Unlike\"><i class=\"fa fa-thumbs-o-up\"\/><span class=\"penci-share-number\">0<\/span><\/a><i class=\"fa fa-facebook\"\/><a class=\"penci-social-item twitter\" target=\"_blank\" rel=\"noopener\" title=\"\" href=\"https:\/\/twitter.com\/intent\/tweet?text=Projeto%20de%20restauro%20do%20Pal\u00e1cio%20Rio%20Branco%20\u00e9%20aprovado%20no%20Conppac%20-%20https:\/\/www.tribunaribeirao.com.br\/site\/projeto-de-restauro-do-palacio-rio-branco-e-aprovado-no-conppac\/\"><i class=\"fa fa-twitter\"\/><\/a><i class=\"fa fa-whatsapp\"\/><\/span><\/div>\n<div>\n<p>Prestes a completar 107 anos e com uma hist\u00f3ria que se entrela\u00e7a \u00e0 Funda\u00e7\u00e3o de Ribeir\u00e3o Preto, o Pal\u00e1cio Rio Branco, localizado no centro da cidade, passar\u00e1 por restauro e requalifica\u00e7\u00e3o. O projeto foi aprovado nesta sexta-feira, 19, em reuni\u00e3o extraordin\u00e1ria do Conselho de Preserva\u00e7\u00e3o do Patrim\u00f4nio Cultural (Conppac), em atendimento a uma solicita\u00e7\u00e3o da Secretaria Municipal da Cultura e Turismo de Ribeir\u00e3o Preto.<\/p>\n<p>A interven\u00e7\u00e3o diz respeito ao resgate da edifica\u00e7\u00e3o do Pal\u00e1cio Rio Branco e o projeto de restaura\u00e7\u00e3o e reforma contempla um caf\u00e9, espa\u00e7os para forma\u00e7\u00e3o permanente, acessibilidade completa com elevador externo, banheiros em todos os pisos, dentre outras coisas. O valor da obra tem uma estimativa de 6 milh\u00f5es e deve durar cerca de dois anos.<\/p>\n<p>\u201cEstamos dando mais um passo importante em rela\u00e7\u00e3o \u00e0 preserva\u00e7\u00e3o da hist\u00f3ria e mem\u00f3ria de Ribeir\u00e3o Preto. O pr\u00e9dio do Pal\u00e1cio Rio Branco e seu entorno s\u00e3o espa\u00e7os que nos remetem \u00e0 toda a hist\u00f3ria pol\u00edtica e administrativa de nossa cidade e, hoje, atende o setor cultural de forma limitada. Ap\u00f3s a interven\u00e7\u00e3o, ser\u00e1 poss\u00edvel transformar o espa\u00e7o em polo de cultura, artes e educa\u00e7\u00e3o. O Pal\u00e1cio Rio Branco dando um passo importante em se tornar ainda mais o Pal\u00e1cio do Povo\u201d, afirma Pedro Le\u00e3o, secret\u00e1rio da Cultura e Turismo de Ribeir\u00e3o Preto.<\/p>\n<p>\u201cEstamos trabalhando com prazos curtos para entregar \u00e0 cidade uma interven\u00e7\u00e3o importante para resguardar a mem\u00f3ria de Ribeir\u00e3o Preto. O Conppac acatou o relat\u00f3rio apresentado pelo Corpo T\u00e9cnico e colocou condi\u00e7\u00f5es para a aprova\u00e7\u00e3o do projeto. Essa din\u00e2mica \u00e9 importante para garantir que todas as normas sejam cumpridas e que as obras possam estar de acordo com a preserva\u00e7\u00e3o do patrim\u00f4nio hist\u00f3rico\u201d, comenta Lucas Gabriel Pereira, presidente do Conppac.<\/p>\n<p>Atualmente, o pr\u00e9dio abriga a Secretaria da Cultura e Turismo, que tem sua estrutura ocupando o andar inferior, sendo que os espa\u00e7os do piso superior s\u00e3o voltados a atividades art\u00edsticas que envolvem m\u00fasica, dan\u00e7a, teatro, entre outras. Ap\u00f3s o restauro, a pasta contar\u00e1 com agenda cont\u00ednua \u00e0 sociedade, para circula\u00e7\u00e3o rotativa de atividades art\u00edsticas e culturais como exposi\u00e7\u00f5es, saraus e apresenta\u00e7\u00f5es diversas.<\/p>\n<p>A reuni\u00e3o contou com a participa\u00e7\u00e3o do secret\u00e1rio da Cultura e Turismo, Pedro Le\u00e3o, e com equipe administrativa e de atividades culturais da pasta, al\u00e9m de conselheiros e o presidente do Conppac.<\/p>\n<p><strong>Sobre o Pal\u00e1cio Rio Branco<\/strong><\/p>\n<p>As obras de constru\u00e7\u00e3o do Pal\u00e1cio Rio Branco foram iniciadas em 3 de agosto de 1915, com a solenidade de lan\u00e7amento da pedra fundamental da constru\u00e7\u00e3o. O Pal\u00e1cio ficou pronto em abril de 1917 e foi inaugurado em 26 de maio do mesmo ano.\u00a0O local j\u00e1 foi \u00e0 casa da C\u00e2mara Municipal e sede da Prefeitura de Ribeir\u00e3o Preto e o tombamento do pr\u00e9dio se deu em 28 de mar\u00e7o de 1988, pela Lei n\u00ba 5.243.<\/p>\n<p>Com dois pavimentos e um por\u00e3o, tem 600 metros quadrados de \u00e1rea coberta, totalizando 1.800 metros quadrados de constru\u00e7\u00e3o. O estilo de sua fachada \u00e9 uma transi\u00e7\u00e3o do barroco para o moderno, inspirado nas fachadas arquitet\u00f4nicas do in\u00edcio do s\u00e9culo da Fran\u00e7a.<\/p>\n<p>O nome escolhido foi uma homenagem ao Bar\u00e3o do Rio Branco, falecido em 1912, que tamb\u00e9m ganhou um busto na pra\u00e7a que fica em frente ao Pal\u00e1cio. Durante seus anos iniciais, o Pal\u00e1cio foi a sede da C\u00e2mara dos Vereadores, da Prefeitura, da Procuradoria e outros \u00f3rg\u00e3os pol\u00edticos.<\/p>\n<p>\u00a0<\/p>\n<\/div>\n<p><script async src=\"\/\/platform.twitter.com\/widgets.js\" charset=\"utf-8\"><\/script><br \/>\n<br \/><br \/>\n<br \/><a href=\"https:\/\/www.tribunaribeirao.com.br\/site\/projeto-de-restauro-do-palacio-rio-branco-e-aprovado-no-conppac\/\">Source link <\/a><\/p>\n<!-- CONTENT END 1 -->\n","protected":false},"excerpt":{"rendered":"<p>19 de janeiro de 2024 | 19:44 0 Prestes a completar 107 anos e com uma hist\u00f3ria que se entrela\u00e7a \u00e0 Funda\u00e7\u00e3o de Ribeir\u00e3o Preto,&#8230;<\/p>\n","protected":false},"author":1,"featured_media":30000,"comment_status":"open","ping_status":"open","sticky":false,"template":"","format":"standard","meta":{"advanced_seo_description":"","jetpack_seo_html_title":"","jetpack_seo_noindex":false,"jetpack_post_was_ever_published":false,"_jetpack_newsletter_access":"","_jetpack_dont_email_post_to_subs":false,"_jetpack_newsletter_tier_id":0,"_jetpack_memberships_contains_paywalled_content":false,"_jetpack_memberships_contains_paid_content":false,"footnotes":"","jetpack_publicize_message":"","jetpack_publicize_feature_enabled":true,"jetpack_social_post_already_shared":true,"jetpack_social_options":{"image_generator_settings":{"template":"highway","default_image_id":0,"font":"","enabled":false},"version":2}},"categories":[11],"tags":[730,1446,3719,1494,685,3589,1181],"class_list":["post-29999","post","type-post","status-publish","format-standard","has-post-thumbnail","hentry","category-noticias-de-ribeirao-preto-sp-e-regiao-ismael-colosi","tag-aprovado","tag-branco","tag-conppac","tag-palacio","tag-projeto","tag-restauro","tag-rio"],"jetpack_publicize_connections":[],"jetpack_featured_media_url":"https:\/\/i0.wp.com\/noticiasribeiraopreto.com.br\/wp-content\/uploads\/2024\/01\/prefeitura_palacio_rio_branco_e_praca_-_foto_guilherme_sircili_70-scaled.jpg?fit=968%2C645&ssl=1","jetpack-related-posts":[{"id":30053,"url":"https:\/\/noticiasribeiraopreto.com.br\/index.php\/2024\/01\/20\/conppac-aprova-projeto-de-restauro-do-palacio-rio-branco-em-ribeirao-preto-entenda\/","url_meta":{"origin":29999,"position":0},"title":"Conppac aprova projeto de restauro do Pal\u00e1cio Rio Branco em Ribeir\u00e3o Preto; Entenda","author":"noticiasribeiraopreto.com.br","date":"20 de January de 2024","format":false,"excerpt":"Foi aprovado pelo Conselho de Preserva\u00e7\u00e3o do Patrim\u00f4nio Cultural (Conppac), nesta sexta-feira (19), o projeto de restaura\u00e7\u00e3o do Pal\u00e1cio Rio Branco, no Centro de Ribeir\u00e3o Preto, em atendimento a uma solicita\u00e7\u00e3o da Secretaria Municipal da Cultura e Turismo de Ribeir\u00e3o Preto. O projeto prev\u00ea a reforma de um caf\u00e9, espa\u00e7os\u2026","rel":"","context":"In &quot;Not\u00edcias de Ribeir\u00e3o Preto-SP e Regi\u00e3o&quot;","block_context":{"text":"Not\u00edcias de Ribeir\u00e3o Preto-SP e Regi\u00e3o","link":"https:\/\/noticiasribeiraopreto.com.br\/index.php\/category\/noticias-de-ribeirao-preto-sp-e-regiao-ismael-colosi\/"},"img":{"alt_text":"","src":"https:\/\/i0.wp.com\/noticiasribeiraopreto.com.br\/wp-content\/uploads\/2024\/01\/palacio_rio_1024x576_17112020111814.jpg?fit=1024%2C576&ssl=1&resize=350%2C200","width":350,"height":200,"srcset":"https:\/\/i0.wp.com\/noticiasribeiraopreto.com.br\/wp-content\/uploads\/2024\/01\/palacio_rio_1024x576_17112020111814.jpg?fit=1024%2C576&ssl=1&resize=350%2C200 1x, https:\/\/i0.wp.com\/noticiasribeiraopreto.com.br\/wp-content\/uploads\/2024\/01\/palacio_rio_1024x576_17112020111814.jpg?fit=1024%2C576&ssl=1&resize=525%2C300 1.5x, https:\/\/i0.wp.com\/noticiasribeiraopreto.com.br\/wp-content\/uploads\/2024\/01\/palacio_rio_1024x576_17112020111814.jpg?fit=1024%2C576&ssl=1&resize=700%2C400 2x"},"classes":[]},{"id":83527,"url":"https:\/\/noticiasribeiraopreto.com.br\/index.php\/2026\/03\/20\/descoberta-de-piso-afeta-obra-no-palacio-rio-branco\/","url_meta":{"origin":29999,"position":1},"title":"Descoberta de piso afeta obra no pal\u00e1cio Rio Branco","author":"noticiasribeiraopreto.com.br","date":"20 de March de 2026","format":false,"excerpt":"Segundo a prefeitura, etapas iniciais de restauro interno e externo j\u00e1 foram conclu\u00eddas, mas novos elementos surgiram e foram submetidos ao Conppac A obra de recupera\u00e7\u00e3o e restauro do Pal\u00e1cio Rio Branco, antiga sede da prefeitura de Ribeir\u00e3o Preto, n\u00e3o tem data para terminar, segundo a gest\u00e3o Ricardo Silva (PSD).\u2026","rel":"","context":"In &quot;Not\u00edcias de Ribeir\u00e3o Preto-SP e Regi\u00e3o&quot;","block_context":{"text":"Not\u00edcias de Ribeir\u00e3o Preto-SP e Regi\u00e3o","link":"https:\/\/noticiasribeiraopreto.com.br\/index.php\/category\/noticias-de-ribeirao-preto-sp-e-regiao-ismael-colosi\/"},"img":{"alt_text":"","src":"https:\/\/i0.wp.com\/noticiasribeiraopreto.com.br\/wp-content\/uploads\/2026\/03\/PalacioRP-Box-Detalhe-Alfredo-Risk-scaled.jpg?fit=1170%2C780&ssl=1&resize=350%2C200","width":350,"height":200,"srcset":"https:\/\/i0.wp.com\/noticiasribeiraopreto.com.br\/wp-content\/uploads\/2026\/03\/PalacioRP-Box-Detalhe-Alfredo-Risk-scaled.jpg?fit=1170%2C780&ssl=1&resize=350%2C200 1x, https:\/\/i0.wp.com\/noticiasribeiraopreto.com.br\/wp-content\/uploads\/2026\/03\/PalacioRP-Box-Detalhe-Alfredo-Risk-scaled.jpg?fit=1170%2C780&ssl=1&resize=525%2C300 1.5x, https:\/\/i0.wp.com\/noticiasribeiraopreto.com.br\/wp-content\/uploads\/2026\/03\/PalacioRP-Box-Detalhe-Alfredo-Risk-scaled.jpg?fit=1170%2C780&ssl=1&resize=700%2C400 2x, https:\/\/i0.wp.com\/noticiasribeiraopreto.com.br\/wp-content\/uploads\/2026\/03\/PalacioRP-Box-Detalhe-Alfredo-Risk-scaled.jpg?fit=1170%2C780&ssl=1&resize=1050%2C600 3x"},"classes":[]},{"id":34675,"url":"https:\/\/noticiasribeiraopreto.com.br\/index.php\/2024\/02\/02\/obra-de-restauro-do-palacio-rio-branco-custara-r-6-milhoes\/","url_meta":{"origin":29999,"position":2},"title":"Obra de restauro do Pal\u00e1cio Rio Branco custar\u00e1 R$ 6 milh\u00f5es","author":"noticiasribeiraopreto.com.br","date":"2 de February de 2024","format":false,"excerpt":"2 de fevereiro de 2024 | 15:302 de fevereiro de 2024 | 10:49 0O prefeito Duarte Nogueira (PSDB) e o secret\u00e1rio municipal da Cultura e Turismo, Pedro Le\u00e3o, assinaram nesta quinta-feira, 1\u00ba de fevereiro, o documento que autoriza a abertura de licita\u00e7\u00e3o para as obras de restaura\u00e7\u00e3o do Pal\u00e1cio Rio\u2026","rel":"","context":"In &quot;Not\u00edcias de Ribeir\u00e3o Preto-SP e Regi\u00e3o&quot;","block_context":{"text":"Not\u00edcias de Ribeir\u00e3o Preto-SP e Regi\u00e3o","link":"https:\/\/noticiasribeiraopreto.com.br\/index.php\/category\/noticias-de-ribeirao-preto-sp-e-regiao-ismael-colosi\/"},"img":{"alt_text":"","src":"https:\/\/i0.wp.com\/noticiasribeiraopreto.com.br\/wp-content\/uploads\/2024\/02\/PalacioRP-Pal-Alfredo-Risk-scaled.jpg?fit=967%2C645&ssl=1&resize=350%2C200","width":350,"height":200,"srcset":"https:\/\/i0.wp.com\/noticiasribeiraopreto.com.br\/wp-content\/uploads\/2024\/02\/PalacioRP-Pal-Alfredo-Risk-scaled.jpg?fit=967%2C645&ssl=1&resize=350%2C200 1x, https:\/\/i0.wp.com\/noticiasribeiraopreto.com.br\/wp-content\/uploads\/2024\/02\/PalacioRP-Pal-Alfredo-Risk-scaled.jpg?fit=967%2C645&ssl=1&resize=525%2C300 1.5x, https:\/\/i0.wp.com\/noticiasribeiraopreto.com.br\/wp-content\/uploads\/2024\/02\/PalacioRP-Pal-Alfredo-Risk-scaled.jpg?fit=967%2C645&ssl=1&resize=700%2C400 2x"},"classes":[]},{"id":11285,"url":"https:\/\/noticiasribeiraopreto.com.br\/index.php\/2023\/12\/05\/palacio-ganha-luzes-de-natal\/","url_meta":{"origin":29999,"position":3},"title":"Pal\u00e1cio ganha luzes de Natal","author":"noticiasribeiraopreto.com.br","date":"5 de December de 2023","format":false,"excerpt":"5 de dezembro de 2023 | 16:005 de dezembro de 2023 | 10:34 0Em uma noite repleta de magia, o Pal\u00e1cio Rio Branco, no Centro de Ribeir\u00e3o Preto, se vestiu de luzes para dar in\u00edcio \u00e0s celebra\u00e7\u00f5es natalinas de 2023. No \u00faltimo s\u00e1bado, 2 de dezembro, o acender das luzes\u2026","rel":"","context":"In &quot;Not\u00edcias de Ribeir\u00e3o Preto-SP e Regi\u00e3o&quot;","block_context":{"text":"Not\u00edcias de Ribeir\u00e3o Preto-SP e Regi\u00e3o","link":"https:\/\/noticiasribeiraopreto.com.br\/index.php\/category\/noticias-de-ribeirao-preto-sp-e-regiao-ismael-colosi\/"},"img":{"alt_text":"","src":"https:\/\/i0.wp.com\/noticiasribeiraopreto.com.br\/wp-content\/uploads\/2023\/12\/Palacio-scaled.jpg?fit=967%2C645&ssl=1&resize=350%2C200","width":350,"height":200,"srcset":"https:\/\/i0.wp.com\/noticiasribeiraopreto.com.br\/wp-content\/uploads\/2023\/12\/Palacio-scaled.jpg?fit=967%2C645&ssl=1&resize=350%2C200 1x, https:\/\/i0.wp.com\/noticiasribeiraopreto.com.br\/wp-content\/uploads\/2023\/12\/Palacio-scaled.jpg?fit=967%2C645&ssl=1&resize=525%2C300 1.5x, https:\/\/i0.wp.com\/noticiasribeiraopreto.com.br\/wp-content\/uploads\/2023\/12\/Palacio-scaled.jpg?fit=967%2C645&ssl=1&resize=700%2C400 2x"},"classes":[]},{"id":80891,"url":"https:\/\/noticiasribeiraopreto.com.br\/index.php\/2025\/12\/17\/conpacc-autoriza-obra-em-terminal\/","url_meta":{"origin":29999,"position":4},"title":"Conpacc autoriza \u2028obra em terminal","author":"noticiasribeiraopreto.com.br","date":"17 de December de 2025","format":false,"excerpt":"\r \r \r 17 de dezembro de 2025 07:07 \r Compartilhar0 Ser\u00e3o restaurados os paralelep\u00edpedos do terminal rodovi\u00e1rio urbano do distrito de Bonfim Paulista \u2028\u2028O Conselho de Preserva\u00e7\u00e3o do Patrim\u00f4nio Cultural (Conppac) autorizou, em reuni\u00e3o extraordin\u00e1ria nesta ter\u00e7a-feira, 16 de dezembro, que a prefeitura de Ribeir\u00e3o Preto fa\u00e7a a recupera\u00e7\u00e3o\u2026","rel":"","context":"In &quot;Not\u00edcias de Ribeir\u00e3o Preto-SP e Regi\u00e3o&quot;","block_context":{"text":"Not\u00edcias de Ribeir\u00e3o Preto-SP e Regi\u00e3o","link":"https:\/\/noticiasribeiraopreto.com.br\/index.php\/category\/noticias-de-ribeirao-preto-sp-e-regiao-ismael-colosi\/"},"img":{"alt_text":"","src":"https:\/\/i0.wp.com\/noticiasribeiraopreto.com.br\/wp-content\/uploads\/2025\/12\/Conppac-Par-Alfredo-Risk-scaled.jpg?fit=1170%2C780&ssl=1&resize=350%2C200","width":350,"height":200,"srcset":"https:\/\/i0.wp.com\/noticiasribeiraopreto.com.br\/wp-content\/uploads\/2025\/12\/Conppac-Par-Alfredo-Risk-scaled.jpg?fit=1170%2C780&ssl=1&resize=350%2C200 1x, https:\/\/i0.wp.com\/noticiasribeiraopreto.com.br\/wp-content\/uploads\/2025\/12\/Conppac-Par-Alfredo-Risk-scaled.jpg?fit=1170%2C780&ssl=1&resize=525%2C300 1.5x, https:\/\/i0.wp.com\/noticiasribeiraopreto.com.br\/wp-content\/uploads\/2025\/12\/Conppac-Par-Alfredo-Risk-scaled.jpg?fit=1170%2C780&ssl=1&resize=700%2C400 2x, https:\/\/i0.wp.com\/noticiasribeiraopreto.com.br\/wp-content\/uploads\/2025\/12\/Conppac-Par-Alfredo-Risk-scaled.jpg?fit=1170%2C780&ssl=1&resize=1050%2C600 3x"},"classes":[]},{"id":10840,"url":"https:\/\/noticiasribeiraopreto.com.br\/index.php\/2023\/12\/05\/luzes-de-natal-sao-acesas-no-palacio-rio-branco\/","url_meta":{"origin":29999,"position":5},"title":"Luzes de Natal s\u00e3o acesas no Pal\u00e1cio Rio Branco \u2013 Folha de Ribeir\u00e3o","author":"noticiasribeiraopreto.com.br","date":"5 de December de 2023","format":false,"excerpt":"Em uma noite repleta de magia, o Pal\u00e1cio Rio Branco\u00a0no Centro de Ribeir\u00e3o Preto, se vestiu de luzes para dar in\u00edcio \u00e0s celebra\u00e7\u00f5es natalinas de 2023.\u00a0Neste s\u00e1bado, dia 2 de dezembro, o acender das luzes marcaram o come\u00e7o da programa\u00e7\u00e3o cultural, que se estende durante todo o m\u00eas. A inaugura\u00e7\u00e3o\u2026","rel":"","context":"In &quot;Not\u00edcias de Ribeir\u00e3o Preto-SP e Regi\u00e3o&quot;","block_context":{"text":"Not\u00edcias de Ribeir\u00e3o Preto-SP e Regi\u00e3o","link":"https:\/\/noticiasribeiraopreto.com.br\/index.php\/category\/noticias-de-ribeirao-preto-sp-e-regiao-ismael-colosi\/"},"img":{"alt_text":"","src":"https:\/\/i0.wp.com\/noticiasribeiraopreto.com.br\/wp-content\/uploads\/2023\/12\/luzes_palacio_1.jpeg?fit=1200%2C794&ssl=1&resize=350%2C200","width":350,"height":200,"srcset":"https:\/\/i0.wp.com\/noticiasribeiraopreto.com.br\/wp-content\/uploads\/2023\/12\/luzes_palacio_1.jpeg?fit=1200%2C794&ssl=1&resize=350%2C200 1x, https:\/\/i0.wp.com\/noticiasribeiraopreto.com.br\/wp-content\/uploads\/2023\/12\/luzes_palacio_1.jpeg?fit=1200%2C794&ssl=1&resize=525%2C300 1.5x, https:\/\/i0.wp.com\/noticiasribeiraopreto.com.br\/wp-content\/uploads\/2023\/12\/luzes_palacio_1.jpeg?fit=1200%2C794&ssl=1&resize=700%2C400 2x, https:\/\/i0.wp.com\/noticiasribeiraopreto.com.br\/wp-content\/uploads\/2023\/12\/luzes_palacio_1.jpeg?fit=1200%2C794&ssl=1&resize=1050%2C600 3x"},"classes":[]}],"jetpack_sharing_enabled":true,"jetpack_shortlink":"https:\/\/wp.me\/peQAOb-7NR","_links":{"self":[{"href":"https:\/\/noticiasribeiraopreto.com.br\/index.php\/wp-json\/wp\/v2\/posts\/29999","targetHints":{"allow":["GET"]}}],"collection":[{"href":"https:\/\/noticiasribeiraopreto.com.br\/index.php\/wp-json\/wp\/v2\/posts"}],"about":[{"href":"https:\/\/noticiasribeiraopreto.com.br\/index.php\/wp-json\/wp\/v2\/types\/post"}],"author":[{"embeddable":true,"href":"https:\/\/noticiasribeiraopreto.com.br\/index.php\/wp-json\/wp\/v2\/users\/1"}],"replies":[{"embeddable":true,"href":"https:\/\/noticiasribeiraopreto.com.br\/index.php\/wp-json\/wp\/v2\/comments?post=29999"}],"version-history":[{"count":0,"href":"https:\/\/noticiasribeiraopreto.com.br\/index.php\/wp-json\/wp\/v2\/posts\/29999\/revisions"}],"wp:featuredmedia":[{"embeddable":true,"href":"https:\/\/noticiasribeiraopreto.com.br\/index.php\/wp-json\/wp\/v2\/media\/30000"}],"wp:attachment":[{"href":"https:\/\/noticiasribeiraopreto.com.br\/index.php\/wp-json\/wp\/v2\/media?parent=29999"}],"wp:term":[{"taxonomy":"category","embeddable":true,"href":"https:\/\/noticiasribeiraopreto.com.br\/index.php\/wp-json\/wp\/v2\/categories?post=29999"},{"taxonomy":"post_tag","embeddable":true,"href":"https:\/\/noticiasribeiraopreto.com.br\/index.php\/wp-json\/wp\/v2\/tags?post=29999"}],"curies":[{"name":"wp","href":"https:\/\/api.w.org\/{rel}","templated":true}]}}