{"id":3007,"date":"2023-11-17T09:30:59","date_gmt":"2023-11-17T12:30:59","guid":{"rendered":"https:\/\/noticiasribeiraopreto.com.br\/index.php\/2023\/11\/17\/acidente-envolve-3-veiculos-e-deixa-adolescente-ferido-em-rodovia-de-ribeirao\/"},"modified":"2023-11-17T09:30:59","modified_gmt":"2023-11-17T12:30:59","slug":"acidente-envolve-3-veiculos-e-deixa-adolescente-ferido-em-rodovia-de-ribeirao","status":"publish","type":"post","link":"https:\/\/noticiasribeiraopreto.com.br\/index.php\/2023\/11\/17\/acidente-envolve-3-veiculos-e-deixa-adolescente-ferido-em-rodovia-de-ribeirao\/","title":{"rendered":"Acidente envolve 3 ve\u00edculos e deixa adolescente ferido em rodovia de Ribeir\u00e3o"},"content":{"rendered":"<div class='code-block code-block-1' style='margin: 8px 0 8px auto; text-align: right; display: block; clear: both;'>\n<p><a href=\"https:\/\/wa.link\/vpicfd\"><img data-recalc-dims=\"1\" class=\"wp-image-4922\" style=\"aspect-ratio: 2.0253164556962027; width: 561px; height: auto;\" src=\"https:\/\/i0.wp.com\/ismaelcolosi.com.br\/wp-content\/uploads\/2023\/11\/grupo-de-empregos-whatsapp-e-facebook-ismael-colosi-vagas.jpg?ssl=1\" alt=\"\" \/><\/a><\/p>\n<!-- \/wp:image -->\n<\/div>\n<p> <br \/>\n<\/p>\n<div data-td-block-uid=\"tdi_104\">\n<div class=\"tdb-block-inner td-fix-index\">\n<p><strong>Um adolescente ficou ferido e um acidente com tr\u00eas ve\u00edculos na manh\u00e3 desta sexta-feira (17), no km 44 da rodovia Abr\u00e3o Assed (SP-333), entre Serrana e Ribeir\u00e3o Preto<\/strong>.<\/p>\n<p>Segundo as primeiras informa\u00e7\u00f5es da PMR (Pol\u00edcia Militar Rodovi\u00e1ria), <strong>o motorista de um carro atingiu a traseira de uma caminhonete, que cruzou o canteiro central e bateu em outro carro <\/strong>que vinha pela pista contr\u00e1ria. <span style=\"background-color:#f7cc62\" class=\"td_text_highlight_marker\">A vitima, que teria sofrido uma les\u00e3o em uma das m\u00e3os, \u00a0seguia como passageira na caminhonete.<\/span><\/p>\n<p>A <strong>pista <\/strong>sentido <strong>Serrana-Ribeir\u00e3o<\/strong> tem <span style=\"background-color:#f7cc62\" class=\"td_text_highlight_marker\">uma faixa bloqueada ao tr\u00e2nsito<\/span> e <strong>h\u00e1 lentid\u00e3o<\/strong> no trecho.<\/p>\n<p>Al\u00e9m da PMR, a ocorr\u00eancia envolve equipes do DER (Departamento de Estradas de Rodagem). As causas, contudo, ainda dever\u00e3o ser apuradas.<\/p>\n<h4 class=\"wp-block-heading\"><strong>FIQUE ON<\/strong><\/h4>\n<p>Fique ligado em tudo que acontece em Ribeir\u00e3o Preto e regi\u00e3o. Siga os perfis do\u00a0<strong>acidade on<\/strong>\u00a0no\u00a0<a href=\"https:\/\/www.instagram.com\/acidadeonribeirao\" target=\"_blank\" rel=\"noreferrer noopener\">Instagram\u00a0<\/a>e no<a href=\"https:\/\/www.facebook.com\/acidadeonribeirao\" target=\"_blank\" rel=\"noreferrer noopener\">\u00a0Facebook.<\/a><\/p>\n<p>Receba not\u00edcias do\u00a0<strong>acidade on\u00a0<\/strong>no WhatsApp.\u00a0<a href=\"https:\/\/chat.whatsapp.com\/Bnv2w66ZT4VDyZW3oiZ69n\" target=\"_blank\" rel=\"noreferrer noopener\">Para entrar no grupo, basta clicar aqui.<\/a><\/p>\n<p>Fa\u00e7a uma den\u00fancia ou sugira uma reportagem sobre Ribeir\u00e3o Preto e regi\u00e3o pelo WhatsApp:\u00a0<strong>(16) 99117 7802.<\/strong><\/p>\n<p>LEIA MAIS<br \/>Motociclista \u00e9 preso por furtar radar m\u00f3vel na avenida Costa e Silva em Ribeir\u00e3o<\/p>\n<p><!-- AI CONTENT END 1 -->\n<\/div>\n<\/div>\n<p><script async src=\"\/\/www.instagram.com\/embed.js\"><\/script><br \/>\n<br \/><br \/>\n<br \/><a href=\"https:\/\/www.acidadeon.com\/ribeiraopreto\/cotidiano\/acidente-envolve-3-veiculos-e-deixa-adolescente-ferido-em-rodovia-de-ribeirao\/\">Source link <\/a><\/p>\n<!-- CONTENT END 1 -->\n","protected":false},"excerpt":{"rendered":"<p>Um adolescente ficou ferido e um acidente com tr\u00eas ve\u00edculos na manh\u00e3 desta sexta-feira (17), no km 44 da rodovia Abr\u00e3o Assed (SP-333), entre Serrana&#8230;<\/p>\n","protected":false},"author":1,"featured_media":3008,"comment_status":"open","ping_status":"open","sticky":false,"template":"","format":"standard","meta":{"advanced_seo_description":"","jetpack_seo_html_title":"","jetpack_seo_noindex":false,"jetpack_post_was_ever_published":false,"_jetpack_newsletter_access":"","_jetpack_dont_email_post_to_subs":false,"_jetpack_newsletter_tier_id":0,"_jetpack_memberships_contains_paywalled_content":false,"_jetpack_memberships_contains_paid_content":false,"footnotes":"","jetpack_publicize_message":"","jetpack_publicize_feature_enabled":true,"jetpack_social_post_already_shared":true,"jetpack_social_options":{"image_generator_settings":{"template":"highway","default_image_id":0,"font":"","enabled":false},"version":2}},"categories":[11],"tags":[74,78,77,75,79,26,80,76],"class_list":["post-3007","post","type-post","status-publish","format-standard","has-post-thumbnail","hentry","category-noticias-de-ribeirao-preto-sp-e-regiao-ismael-colosi","tag-acidente","tag-adolescente","tag-deixa","tag-envolve","tag-ferido","tag-ribeirao","tag-rodovia","tag-veiculos"],"jetpack_publicize_connections":[],"jetpack_featured_media_url":"https:\/\/i0.wp.com\/noticiasribeiraopreto.com.br\/wp-content\/uploads\/2023\/11\/caution-389408_1920.jpg?fit=1920%2C1285&ssl=1","jetpack-related-posts":[{"id":84735,"url":"https:\/\/noticiasribeiraopreto.com.br\/index.php\/2026\/04\/15\/acidente-envolve-carreta-com-etanol-tem-explosao-e-deixa-ferido-em-rodovia\/","url_meta":{"origin":3007,"position":0},"title":"Acidente envolve carreta com etanol, tem explos\u00e3o e deixa ferido em rodovia","author":"noticiasribeiraopreto.com.br","date":"15 de April de 2026","format":false,"excerpt":"Ler o resumo da not\u00edcia Acidente entre carretas de etanol e cimento ocorreu na noite de ter\u00e7a-feira (14) na rodovia Engenheiro Ronan Rocha (SP-345), em Itirapu\u00e3, a 120 km de Ribeir\u00e3o Preto. Uma colis\u00e3o traseira em trecho de subida causou explos\u00e3o e inc\u00eandio que destruiu a cabine de um dos\u2026","rel":"","context":"In &quot;Not\u00edcias de Ribeir\u00e3o Preto-SP e Regi\u00e3o&quot;","block_context":{"text":"Not\u00edcias de Ribeir\u00e3o Preto-SP e Regi\u00e3o","link":"https:\/\/noticiasribeiraopreto.com.br\/index.php\/category\/noticias-de-ribeirao-preto-sp-e-regiao-ismael-colosi\/"},"img":{"alt_text":"","src":"https:\/\/i0.wp.com\/noticiasribeiraopreto.com.br\/wp-content\/uploads\/2026\/04\/incendio_2026-04-15_10-15-33.webp.webp?fit=1200%2C904&ssl=1&resize=350%2C200","width":350,"height":200,"srcset":"https:\/\/i0.wp.com\/noticiasribeiraopreto.com.br\/wp-content\/uploads\/2026\/04\/incendio_2026-04-15_10-15-33.webp.webp?fit=1200%2C904&ssl=1&resize=350%2C200 1x, https:\/\/i0.wp.com\/noticiasribeiraopreto.com.br\/wp-content\/uploads\/2026\/04\/incendio_2026-04-15_10-15-33.webp.webp?fit=1200%2C904&ssl=1&resize=525%2C300 1.5x, https:\/\/i0.wp.com\/noticiasribeiraopreto.com.br\/wp-content\/uploads\/2026\/04\/incendio_2026-04-15_10-15-33.webp.webp?fit=1200%2C904&ssl=1&resize=700%2C400 2x, https:\/\/i0.wp.com\/noticiasribeiraopreto.com.br\/wp-content\/uploads\/2026\/04\/incendio_2026-04-15_10-15-33.webp.webp?fit=1200%2C904&ssl=1&resize=1050%2C600 3x"},"classes":[]},{"id":74713,"url":"https:\/\/noticiasribeiraopreto.com.br\/index.php\/2025\/07\/28\/batida-deixa-dois-mortos-em-rodovia-na-regiao-de-ribeirao-preto\/","url_meta":{"origin":3007,"position":1},"title":"Batida deixa dois mortos em rodovia na regi\u00e3o de Ribeir\u00e3o Preto","author":"noticiasribeiraopreto.com.br","date":"28 de July de 2025","format":false,"excerpt":"Duas pessoas morreram na noite deste domingo (27), ap\u00f3s uma batida entre um carro e uma caminhonete no km 326+400 da rodovia Brigadeiro Faria Lima (SP-326), em Guariba, a 50 quil\u00f4metros de Ribeir\u00e3o Preto. Um adolescente foi socorrido e o motorista da caminhonete acabou detido por apresentar sinais de embriaguez.\u2026","rel":"","context":"In &quot;Not\u00edcias de Ribeir\u00e3o Preto-SP e Regi\u00e3o&quot;","block_context":{"text":"Not\u00edcias de Ribeir\u00e3o Preto-SP e Regi\u00e3o","link":"https:\/\/noticiasribeiraopreto.com.br\/index.php\/category\/noticias-de-ribeirao-preto-sp-e-regiao-ismael-colosi\/"},"img":{"alt_text":"","src":"https:\/\/i0.wp.com\/noticiasribeiraopreto.com.br\/wp-content\/uploads\/2025\/07\/WhatsApp-Image-2025-07-28-at-06.34.33_2025-07-28_10-41-03.webp.webp?fit=1200%2C675&ssl=1&resize=350%2C200","width":350,"height":200,"srcset":"https:\/\/i0.wp.com\/noticiasribeiraopreto.com.br\/wp-content\/uploads\/2025\/07\/WhatsApp-Image-2025-07-28-at-06.34.33_2025-07-28_10-41-03.webp.webp?fit=1200%2C675&ssl=1&resize=350%2C200 1x, https:\/\/i0.wp.com\/noticiasribeiraopreto.com.br\/wp-content\/uploads\/2025\/07\/WhatsApp-Image-2025-07-28-at-06.34.33_2025-07-28_10-41-03.webp.webp?fit=1200%2C675&ssl=1&resize=525%2C300 1.5x, https:\/\/i0.wp.com\/noticiasribeiraopreto.com.br\/wp-content\/uploads\/2025\/07\/WhatsApp-Image-2025-07-28-at-06.34.33_2025-07-28_10-41-03.webp.webp?fit=1200%2C675&ssl=1&resize=700%2C400 2x, https:\/\/i0.wp.com\/noticiasribeiraopreto.com.br\/wp-content\/uploads\/2025\/07\/WhatsApp-Image-2025-07-28-at-06.34.33_2025-07-28_10-41-03.webp.webp?fit=1200%2C675&ssl=1&resize=1050%2C600 3x"},"classes":[]},{"id":57969,"url":"https:\/\/noticiasribeiraopreto.com.br\/index.php\/2024\/09\/15\/acidente-envolvendo-sete-veiculos-deixa-feridos-na-rodovia-anhanguera\/","url_meta":{"origin":3007,"position":2},"title":"Acidente envolvendo sete ve\u00edculos deixa feridos na rodovia Anhanguera","author":"noticiasribeiraopreto.com.br","date":"15 de September de 2024","format":false,"excerpt":"Um acidente envolvendo sete ve\u00edculos foi registrado no inicio da tarde deste domingo (15), na rodovia Anhanguera, em S\u00e3o Joaquim da Barra, regi\u00e3o de Ribeir\u00e3o Preto. Duas pessoas foram socorridas em estado grave. De acordo com a Pol\u00edcia Rodovi\u00e1ria Federal, a fuma\u00e7a no local pode ter causado o acidente. A\u2026","rel":"","context":"In &quot;Not\u00edcias de Ribeir\u00e3o Preto-SP e Regi\u00e3o&quot;","block_context":{"text":"Not\u00edcias de Ribeir\u00e3o Preto-SP e Regi\u00e3o","link":"https:\/\/noticiasribeiraopreto.com.br\/index.php\/category\/noticias-de-ribeirao-preto-sp-e-regiao-ismael-colosi\/"},"img":{"alt_text":"","src":"https:\/\/i0.wp.com\/noticiasribeiraopreto.com.br\/wp-content\/uploads\/2024\/09\/Copia-de-Copia-de-Copia-de-TAMANHO-EXATO-PARA-FOTOS-NO-SISTEMA-NOVO-19_2024-09-15_16-19-48_png_2024-09-15_16-19-49.webp.webp?fit=1200%2C675&ssl=1&resize=350%2C200","width":350,"height":200,"srcset":"https:\/\/i0.wp.com\/noticiasribeiraopreto.com.br\/wp-content\/uploads\/2024\/09\/Copia-de-Copia-de-Copia-de-TAMANHO-EXATO-PARA-FOTOS-NO-SISTEMA-NOVO-19_2024-09-15_16-19-48_png_2024-09-15_16-19-49.webp.webp?fit=1200%2C675&ssl=1&resize=350%2C200 1x, https:\/\/i0.wp.com\/noticiasribeiraopreto.com.br\/wp-content\/uploads\/2024\/09\/Copia-de-Copia-de-Copia-de-TAMANHO-EXATO-PARA-FOTOS-NO-SISTEMA-NOVO-19_2024-09-15_16-19-48_png_2024-09-15_16-19-49.webp.webp?fit=1200%2C675&ssl=1&resize=525%2C300 1.5x, https:\/\/i0.wp.com\/noticiasribeiraopreto.com.br\/wp-content\/uploads\/2024\/09\/Copia-de-Copia-de-Copia-de-TAMANHO-EXATO-PARA-FOTOS-NO-SISTEMA-NOVO-19_2024-09-15_16-19-48_png_2024-09-15_16-19-49.webp.webp?fit=1200%2C675&ssl=1&resize=700%2C400 2x, https:\/\/i0.wp.com\/noticiasribeiraopreto.com.br\/wp-content\/uploads\/2024\/09\/Copia-de-Copia-de-Copia-de-TAMANHO-EXATO-PARA-FOTOS-NO-SISTEMA-NOVO-19_2024-09-15_16-19-48_png_2024-09-15_16-19-49.webp.webp?fit=1200%2C675&ssl=1&resize=1050%2C600 3x"},"classes":[]},{"id":74469,"url":"https:\/\/noticiasribeiraopreto.com.br\/index.php\/2025\/07\/23\/engavetamento-envolve-tres-caminhoes-e-deixa-vitima-grave-em-rodovia\/","url_meta":{"origin":3007,"position":3},"title":"Engavetamento envolve tr\u00eas caminh\u00f5es e deixa v\u00edtima grave em rodovia","author":"noticiasribeiraopreto.com.br","date":"23 de July de 2025","format":false,"excerpt":"Tr\u00eas caminh\u00f5es se envolveram em um engavetamento na manh\u00e3 desta quarta-feira (23), no km 352 da rodovia Brigadeiro Faria Lima (SP-326), em Jaboticabal, a 50 quil\u00f4metros de Ribeir\u00e3o Preto. A concession\u00e1ria Ecovias Noroeste Paulista informou que o acidente ocorreu na pista sentido sul, entre Jaboticabal e Mat\u00e3o, e tr\u00eas pessoas\u2026","rel":"","context":"In &quot;Not\u00edcias de Ribeir\u00e3o Preto-SP e Regi\u00e3o&quot;","block_context":{"text":"Not\u00edcias de Ribeir\u00e3o Preto-SP e Regi\u00e3o","link":"https:\/\/noticiasribeiraopreto.com.br\/index.php\/category\/noticias-de-ribeirao-preto-sp-e-regiao-ismael-colosi\/"},"img":{"alt_text":"","src":"https:\/\/i0.wp.com\/noticiasribeiraopreto.com.br\/wp-content\/uploads\/2025\/07\/PMR-3.jpg?fit=1200%2C907&ssl=1&resize=350%2C200","width":350,"height":200,"srcset":"https:\/\/i0.wp.com\/noticiasribeiraopreto.com.br\/wp-content\/uploads\/2025\/07\/PMR-3.jpg?fit=1200%2C907&ssl=1&resize=350%2C200 1x, https:\/\/i0.wp.com\/noticiasribeiraopreto.com.br\/wp-content\/uploads\/2025\/07\/PMR-3.jpg?fit=1200%2C907&ssl=1&resize=525%2C300 1.5x, https:\/\/i0.wp.com\/noticiasribeiraopreto.com.br\/wp-content\/uploads\/2025\/07\/PMR-3.jpg?fit=1200%2C907&ssl=1&resize=700%2C400 2x, https:\/\/i0.wp.com\/noticiasribeiraopreto.com.br\/wp-content\/uploads\/2025\/07\/PMR-3.jpg?fit=1200%2C907&ssl=1&resize=1050%2C600 3x"},"classes":[]},{"id":82457,"url":"https:\/\/noticiasribeiraopreto.com.br\/index.php\/2026\/02\/15\/motociclista-morre-apos-bater-em-carro-e-ser-atropelado-por-outro-veiculo-na-regiao\/","url_meta":{"origin":3007,"position":4},"title":"Motociclista morre ap\u00f3s bater em carro e ser atropelado por outro ve\u00edculo na regi\u00e3o","author":"noticiasribeiraopreto.com.br","date":"15 de February de 2026","format":false,"excerpt":"Um motociclista de 26 anos morreu na tarde deste s\u00e1bado (14), ap\u00f3s bater na traseira de um carro e ser atropelado por outro ve\u00edculo no km 29 da rodovia Ronan Rocha (SP-345), em Franca, a 80 quil\u00f4metros de Ribeir\u00e3o Preto. A suspeita da PMR (Pol\u00edcia Militar Rodovi\u00e1ria) \u00e9 que o\u2026","rel":"","context":"In &quot;Not\u00edcias de Ribeir\u00e3o Preto-SP e Regi\u00e3o&quot;","block_context":{"text":"Not\u00edcias de Ribeir\u00e3o Preto-SP e Regi\u00e3o","link":"https:\/\/noticiasribeiraopreto.com.br\/index.php\/category\/noticias-de-ribeirao-preto-sp-e-regiao-ismael-colosi\/"},"img":{"alt_text":"","src":"https:\/\/i0.wp.com\/noticiasribeiraopreto.com.br\/wp-content\/uploads\/2026\/02\/WhatsApp-Image-2026-02-14-at-17.54.19_2026-02-14_22-07-07-e1771106856659.webp.webp?fit=1200%2C754&ssl=1&resize=350%2C200","width":350,"height":200,"srcset":"https:\/\/i0.wp.com\/noticiasribeiraopreto.com.br\/wp-content\/uploads\/2026\/02\/WhatsApp-Image-2026-02-14-at-17.54.19_2026-02-14_22-07-07-e1771106856659.webp.webp?fit=1200%2C754&ssl=1&resize=350%2C200 1x, https:\/\/i0.wp.com\/noticiasribeiraopreto.com.br\/wp-content\/uploads\/2026\/02\/WhatsApp-Image-2026-02-14-at-17.54.19_2026-02-14_22-07-07-e1771106856659.webp.webp?fit=1200%2C754&ssl=1&resize=525%2C300 1.5x, https:\/\/i0.wp.com\/noticiasribeiraopreto.com.br\/wp-content\/uploads\/2026\/02\/WhatsApp-Image-2026-02-14-at-17.54.19_2026-02-14_22-07-07-e1771106856659.webp.webp?fit=1200%2C754&ssl=1&resize=700%2C400 2x, https:\/\/i0.wp.com\/noticiasribeiraopreto.com.br\/wp-content\/uploads\/2026\/02\/WhatsApp-Image-2026-02-14-at-17.54.19_2026-02-14_22-07-07-e1771106856659.webp.webp?fit=1200%2C754&ssl=1&resize=1050%2C600 3x"},"classes":[]},{"id":84938,"url":"https:\/\/noticiasribeiraopreto.com.br\/index.php\/2026\/04\/18\/acidente-entre-carro-e-ambulancia-deixa-sete-feridos-em-rodovia-no-interior-de-sao-paulo\/","url_meta":{"origin":3007,"position":5},"title":"Acidente entre carro e ambul\u00e2ncia deixa sete feridos em rodovia no interior de S\u00e3o Paulo","author":"noticiasribeiraopreto.com.br","date":"18 de April de 2026","format":false,"excerpt":"Ler o resumo da not\u00edcia Na madrugada de s\u00e1bado (18), na rodovia Engenheiro Ronan Rocha (SP\u2011345), km\u202f26, em Franca (SP), um Corsa colidiu na traseira de uma ambul\u00e2ncia da Arteris Via Paulista que atendia um carro tombado. O carro que havia sa\u00eddo da pista transportava cinco ocupantes que retornavam de\u2026","rel":"","context":"In &quot;Not\u00edcias de Ribeir\u00e3o Preto-SP e Regi\u00e3o&quot;","block_context":{"text":"Not\u00edcias de Ribeir\u00e3o Preto-SP e Regi\u00e3o","link":"https:\/\/noticiasribeiraopreto.com.br\/index.php\/category\/noticias-de-ribeirao-preto-sp-e-regiao-ismael-colosi\/"},"img":{"alt_text":"","src":"https:\/\/i0.wp.com\/noticiasribeiraopreto.com.br\/wp-content\/uploads\/2026\/04\/domingo-1_2026-04-18_13-31-02.webp.webp?fit=1200%2C675&ssl=1&resize=350%2C200","width":350,"height":200,"srcset":"https:\/\/i0.wp.com\/noticiasribeiraopreto.com.br\/wp-content\/uploads\/2026\/04\/domingo-1_2026-04-18_13-31-02.webp.webp?fit=1200%2C675&ssl=1&resize=350%2C200 1x, https:\/\/i0.wp.com\/noticiasribeiraopreto.com.br\/wp-content\/uploads\/2026\/04\/domingo-1_2026-04-18_13-31-02.webp.webp?fit=1200%2C675&ssl=1&resize=525%2C300 1.5x, https:\/\/i0.wp.com\/noticiasribeiraopreto.com.br\/wp-content\/uploads\/2026\/04\/domingo-1_2026-04-18_13-31-02.webp.webp?fit=1200%2C675&ssl=1&resize=700%2C400 2x, https:\/\/i0.wp.com\/noticiasribeiraopreto.com.br\/wp-content\/uploads\/2026\/04\/domingo-1_2026-04-18_13-31-02.webp.webp?fit=1200%2C675&ssl=1&resize=1050%2C600 3x"},"classes":[]}],"jetpack_sharing_enabled":true,"jetpack_shortlink":"https:\/\/wp.me\/peQAOb-Mv","_links":{"self":[{"href":"https:\/\/noticiasribeiraopreto.com.br\/index.php\/wp-json\/wp\/v2\/posts\/3007","targetHints":{"allow":["GET"]}}],"collection":[{"href":"https:\/\/noticiasribeiraopreto.com.br\/index.php\/wp-json\/wp\/v2\/posts"}],"about":[{"href":"https:\/\/noticiasribeiraopreto.com.br\/index.php\/wp-json\/wp\/v2\/types\/post"}],"author":[{"embeddable":true,"href":"https:\/\/noticiasribeiraopreto.com.br\/index.php\/wp-json\/wp\/v2\/users\/1"}],"replies":[{"embeddable":true,"href":"https:\/\/noticiasribeiraopreto.com.br\/index.php\/wp-json\/wp\/v2\/comments?post=3007"}],"version-history":[{"count":0,"href":"https:\/\/noticiasribeiraopreto.com.br\/index.php\/wp-json\/wp\/v2\/posts\/3007\/revisions"}],"wp:featuredmedia":[{"embeddable":true,"href":"https:\/\/noticiasribeiraopreto.com.br\/index.php\/wp-json\/wp\/v2\/media\/3008"}],"wp:attachment":[{"href":"https:\/\/noticiasribeiraopreto.com.br\/index.php\/wp-json\/wp\/v2\/media?parent=3007"}],"wp:term":[{"taxonomy":"category","embeddable":true,"href":"https:\/\/noticiasribeiraopreto.com.br\/index.php\/wp-json\/wp\/v2\/categories?post=3007"},{"taxonomy":"post_tag","embeddable":true,"href":"https:\/\/noticiasribeiraopreto.com.br\/index.php\/wp-json\/wp\/v2\/tags?post=3007"}],"curies":[{"name":"wp","href":"https:\/\/api.w.org\/{rel}","templated":true}]}}