{"id":30117,"date":"2024-01-20T08:15:48","date_gmt":"2024-01-20T11:15:48","guid":{"rendered":"https:\/\/noticiasribeiraopreto.com.br\/index.php\/2024\/01\/20\/banda-da-regiao-de-ribeirao-abre-inscricoes-para-aulas-de-instrumentos\/"},"modified":"2024-01-20T08:15:48","modified_gmt":"2024-01-20T11:15:48","slug":"banda-da-regiao-de-ribeirao-abre-inscricoes-para-aulas-de-instrumentos","status":"publish","type":"post","link":"https:\/\/noticiasribeiraopreto.com.br\/index.php\/2024\/01\/20\/banda-da-regiao-de-ribeirao-abre-inscricoes-para-aulas-de-instrumentos\/","title":{"rendered":"Banda da regi\u00e3o de Ribeir\u00e3o abre inscri\u00e7\u00f5es para aulas de instrumentos"},"content":{"rendered":"<div class='code-block code-block-1' style='margin: 8px 0 8px auto; text-align: right; display: block; clear: both;'>\n<p><a href=\"https:\/\/wa.link\/vpicfd\"><img data-recalc-dims=\"1\" class=\"wp-image-4922\" style=\"aspect-ratio: 2.0253164556962027; width: 561px; height: auto;\" src=\"https:\/\/i0.wp.com\/ismaelcolosi.com.br\/wp-content\/uploads\/2023\/11\/grupo-de-empregos-whatsapp-e-facebook-ismael-colosi-vagas.jpg?ssl=1\" alt=\"\" \/><\/a><\/p>\n<!-- \/wp:image -->\n<\/div>\n<p> <br \/>\n<\/p>\n<div data-td-block-uid=\"tdi_104\">\n<div class=\"tdb-block-inner td-fix-index\">\n<p><strong>A Banda Marcial da Juventude de Sert\u00e3ozinho vai abrir inscri\u00e7\u00f5es, a partir da segunda-feira (22), para aulas de percuss\u00e3o sinf\u00f4nica, canto coral, dan\u00e7a e instrumentos de sopro (trompete, trombone, tuba, trompa e trombone).<\/strong><\/p>\n<p>A banda oferece aulas de instrumentos musicais, canto coral e dan\u00e7a para pessoas a partir de 10 anos de idade. As atividades s\u00e3o gratuitas.<\/p>\n<h4 class=\"wp-block-heading\"><strong>Inscri\u00e7\u00f5es<\/strong><\/h4>\n<p><strong>Os interessados podem se inscrever acessando o link<\/strong> (<a href=\"https:\/\/docs.google.com\/forms\/d\/e\/1FAIpQLScQiRZBPn8vwrm_d2PQ-auawtjwoESf61ZjxcMyF41lanqs1A\/viewform\" target=\"_blank\" rel=\"noreferrer noopener\">clique aqui<\/a>). As matr\u00edculas para novos alunos ser\u00e3o realizadas entre 22 de janeiro e 16 de fevereiro. O in\u00edcio das aulas ocorrer\u00e1 de acordo com a data de matr\u00edcula de cada aluno.<\/p>\n<p><strong>N\u00e3o haver\u00e1 testes seletivos para participar das aulas. Tamb\u00e9m n\u00e3o \u00e9 necess\u00e1rio ter conhecimento pr\u00e9vio de m\u00fasica e nem possuir os instrumentos.<\/strong><\/p>\n<p>Para mais informa\u00e7\u00f5es sobre os cursos oferecidos, a disponibilidade de vagas, endere\u00e7o, hor\u00e1rio de funcionamento, entre em contato enviando um e-mail para banda.bmmjs@gmail.com ou via WhatsApp no n\u00famero 16 98108 6650.<\/p>\n<p><strong>SAIBA MAIS<\/strong><br \/>Novela da Nove de Julho: Construtora tem liminar para retomar obra em Ribeir\u00e3o<\/p>\n<h4 class=\"wp-block-heading\"><strong>FIQUE ON<\/strong><\/h4>\n<p>Fique ligado em tudo que acontece em Ribeir\u00e3o Preto e regi\u00e3o. Siga os perfis do acidade on no <a href=\"https:\/\/www.instagram.com\/acidadeonribeirao\" target=\"_blank\" rel=\"noreferrer noopener\">Instagram<\/a> e no <a href=\"https:\/\/www.facebook.com\/acidadeonribeirao\" target=\"_blank\" rel=\"noreferrer noopener\">Facebook<\/a>.<\/p>\n<p>Receba not\u00edcias do acidade on no WhatsApp. Para entrar no grupo, basta <a href=\"https:\/\/chat.whatsapp.com\/Bnv2w66ZT4VDyZW3oiZ69n\" target=\"_blank\" rel=\"noreferrer noopener\">clicar aqui<\/a>.<\/p>\n<p>Fa\u00e7a uma den\u00fancia ou sugira uma reportagem sobre Ribeir\u00e3o Preto e regi\u00e3o pelo WhatsApp: <strong>16 99117 7802.<\/strong><\/p>\n<p><strong>VEJA TAMB\u00c9M<\/strong><br \/>BBB 24: Vanessa Lopes briga com MC Bin Laden e o desafia para o Pared\u00e3o<strong><br \/><\/strong><\/p>\n<p><!-- AI CONTENT END 1 -->\n<\/div>\n<\/div>\n<p><script async src=\"\/\/www.instagram.com\/embed.js\"><\/script><br \/>\n<br \/><br \/>\n<br \/><a href=\"https:\/\/www.acidadeon.com\/ribeiraopreto\/lazer-e-cultura\/banda-da-regiao-de-ribeirao-abre-inscricoes-para-aulas-de-instrumentos\/\">Source link <\/a><\/p>\n<!-- CONTENT END 1 -->\n","protected":false},"excerpt":{"rendered":"<p>A Banda Marcial da Juventude de Sert\u00e3ozinho vai abrir inscri\u00e7\u00f5es, a partir da segunda-feira (22), para aulas de percuss\u00e3o sinf\u00f4nica, canto coral, dan\u00e7a e instrumentos&#8230;<\/p>\n","protected":false},"author":1,"featured_media":30118,"comment_status":"open","ping_status":"open","sticky":false,"template":"","format":"standard","meta":{"advanced_seo_description":"","jetpack_seo_html_title":"","jetpack_seo_noindex":false,"jetpack_post_was_ever_published":false,"_jetpack_newsletter_access":"","_jetpack_dont_email_post_to_subs":false,"_jetpack_newsletter_tier_id":0,"_jetpack_memberships_contains_paywalled_content":false,"_jetpack_memberships_contains_paid_content":false,"footnotes":"","jetpack_publicize_message":"","jetpack_publicize_feature_enabled":true,"jetpack_social_post_already_shared":true,"jetpack_social_options":{"image_generator_settings":{"template":"highway","default_image_id":0,"font":"","enabled":false},"version":2}},"categories":[11],"tags":[210,3231,826,566,3583,71,277,26],"class_list":["post-30117","post","type-post","status-publish","format-standard","has-post-thumbnail","hentry","category-noticias-de-ribeirao-preto-sp-e-regiao-ismael-colosi","tag-abre","tag-aulas","tag-banda","tag-inscricoes","tag-instrumentos","tag-para","tag-regiao","tag-ribeirao"],"jetpack_publicize_connections":[],"jetpack_featured_media_url":"https:\/\/i0.wp.com\/noticiasribeiraopreto.com.br\/wp-content\/uploads\/2024\/01\/thumbnail_IMG_1471.jpg?fit=1920%2C1280&ssl=1","jetpack-related-posts":[{"id":62617,"url":"https:\/\/noticiasribeiraopreto.com.br\/index.php\/2025\/01\/19\/ribeirao-esta-com-inscricoes-para-cursos-nas-areas-de-musica-e-danca-veja-como-participar\/","url_meta":{"origin":30117,"position":0},"title":"Ribeir\u00e3o est\u00e1 com inscri\u00e7\u00f5es para cursos nas \u00e1reas de m\u00fasica e dan\u00e7a; Veja como participar","author":"noticiasribeiraopreto.com.br","date":"19 de January de 2025","format":false,"excerpt":"Est\u00e3o abertas as inscri\u00e7\u00f5es para sele\u00e7\u00e3o de novos alunos para os cursos gratuitos nas \u00e1reas de m\u00fasica e dan\u00e7a da Alma (Academia Livre de M\u00fasica e Artes) de Ribeir\u00e3o Preto. As inscri\u00e7\u00f5es devem ser feitas at\u00e9 o dia 31 de janeiro pelo site da institui\u00e7\u00e3o (clique aqui). Conforme a modalidade\u2026","rel":"","context":"In &quot;Not\u00edcias de Ribeir\u00e3o Preto-SP e Regi\u00e3o&quot;","block_context":{"text":"Not\u00edcias de Ribeir\u00e3o Preto-SP e Regi\u00e3o","link":"https:\/\/noticiasribeiraopreto.com.br\/index.php\/category\/noticias-de-ribeirao-preto-sp-e-regiao-ismael-colosi\/"},"img":{"alt_text":"","src":"https:\/\/i0.wp.com\/noticiasribeiraopreto.com.br\/wp-content\/uploads\/2025\/01\/ef805537-36f6-4894-b9b5-4ab2b8c49766_2025-01-19_18-25-35_jpg_2025-01-19_18-25-35.webp.webp?fit=1200%2C800&ssl=1&resize=350%2C200","width":350,"height":200,"srcset":"https:\/\/i0.wp.com\/noticiasribeiraopreto.com.br\/wp-content\/uploads\/2025\/01\/ef805537-36f6-4894-b9b5-4ab2b8c49766_2025-01-19_18-25-35_jpg_2025-01-19_18-25-35.webp.webp?fit=1200%2C800&ssl=1&resize=350%2C200 1x, https:\/\/i0.wp.com\/noticiasribeiraopreto.com.br\/wp-content\/uploads\/2025\/01\/ef805537-36f6-4894-b9b5-4ab2b8c49766_2025-01-19_18-25-35_jpg_2025-01-19_18-25-35.webp.webp?fit=1200%2C800&ssl=1&resize=525%2C300 1.5x, https:\/\/i0.wp.com\/noticiasribeiraopreto.com.br\/wp-content\/uploads\/2025\/01\/ef805537-36f6-4894-b9b5-4ab2b8c49766_2025-01-19_18-25-35_jpg_2025-01-19_18-25-35.webp.webp?fit=1200%2C800&ssl=1&resize=700%2C400 2x, https:\/\/i0.wp.com\/noticiasribeiraopreto.com.br\/wp-content\/uploads\/2025\/01\/ef805537-36f6-4894-b9b5-4ab2b8c49766_2025-01-19_18-25-35_jpg_2025-01-19_18-25-35.webp.webp?fit=1200%2C800&ssl=1&resize=1050%2C600 3x"},"classes":[]},{"id":74551,"url":"https:\/\/noticiasribeiraopreto.com.br\/index.php\/2025\/07\/24\/oficinas-de-musica-em-ribeirao-preto-oferecem-aulas-gratuitas-de-instrumentos-e-canto-coral\/","url_meta":{"origin":30117,"position":1},"title":"Oficinas de m\u00fasica em Ribeir\u00e3o Preto oferecem aulas gratuitas de instrumentos e canto coral","author":"noticiasribeiraopreto.com.br","date":"24 de July de 2025","format":false,"excerpt":"Moradores de Ribeir\u00e3o Preto podem se inscrever, at\u00e9 as 16h do dia 30 de julho, nas oficinas gratuitas de m\u00fasica promovidas pelo Departamento de M\u00fasica da Faculdade de Filosofia, Ci\u00eancias e Letras da Universidade de S\u00e3o Paulo (USP). As aulas come\u00e7am em 11 de agosto e seguem at\u00e9 5 de\u2026","rel":"","context":"In &quot;Not\u00edcias de Ribeir\u00e3o Preto-SP e Regi\u00e3o&quot;","block_context":{"text":"Not\u00edcias de Ribeir\u00e3o Preto-SP e Regi\u00e3o","link":"https:\/\/noticiasribeiraopreto.com.br\/index.php\/category\/noticias-de-ribeirao-preto-sp-e-regiao-ismael-colosi\/"},"img":{"alt_text":"","src":"https:\/\/i0.wp.com\/noticiasribeiraopreto.com.br\/wp-content\/uploads\/2025\/07\/violin-standing-sheet-music_2025-01-30_18-26-46_jpg_2025-01-30_18-26-48-1024x683.webp.webp?fit=1024%2C683&ssl=1&resize=350%2C200","width":350,"height":200,"srcset":"https:\/\/i0.wp.com\/noticiasribeiraopreto.com.br\/wp-content\/uploads\/2025\/07\/violin-standing-sheet-music_2025-01-30_18-26-46_jpg_2025-01-30_18-26-48-1024x683.webp.webp?fit=1024%2C683&ssl=1&resize=350%2C200 1x, https:\/\/i0.wp.com\/noticiasribeiraopreto.com.br\/wp-content\/uploads\/2025\/07\/violin-standing-sheet-music_2025-01-30_18-26-46_jpg_2025-01-30_18-26-48-1024x683.webp.webp?fit=1024%2C683&ssl=1&resize=525%2C300 1.5x, https:\/\/i0.wp.com\/noticiasribeiraopreto.com.br\/wp-content\/uploads\/2025\/07\/violin-standing-sheet-music_2025-01-30_18-26-46_jpg_2025-01-30_18-26-48-1024x683.webp.webp?fit=1024%2C683&ssl=1&resize=700%2C400 2x"},"classes":[]},{"id":74578,"url":"https:\/\/noticiasribeiraopreto.com.br\/index.php\/2025\/07\/24\/oficinas-de-musica-em-ribeirao-preto-oferecem-aulas-gratuitas-de-instrumentos-e-canto-coral-2\/","url_meta":{"origin":30117,"position":2},"title":"Oficinas de m\u00fasica em Ribeir\u00e3o Preto oferecem aulas gratuitas de instrumentos e canto coral","author":"noticiasribeiraopreto.com.br","date":"24 de July de 2025","format":false,"excerpt":"Moradores de Ribeir\u00e3o Preto podem se inscrever, at\u00e9 as 16h do dia 30 de julho, nas oficinas gratuitas de m\u00fasica promovidas pelo Departamento de M\u00fasica da Faculdade de Filosofia, Ci\u00eancias e Letras da Universidade de S\u00e3o Paulo (USP). As aulas come\u00e7am em 11 de agosto e seguem at\u00e9 5 de\u2026","rel":"","context":"In &quot;Not\u00edcias de Ribeir\u00e3o Preto-SP e Regi\u00e3o&quot;","block_context":{"text":"Not\u00edcias de Ribeir\u00e3o Preto-SP e Regi\u00e3o","link":"https:\/\/noticiasribeiraopreto.com.br\/index.php\/category\/noticias-de-ribeirao-preto-sp-e-regiao-ismael-colosi\/"},"img":{"alt_text":"","src":"https:\/\/i0.wp.com\/noticiasribeiraopreto.com.br\/wp-content\/uploads\/2025\/07\/violin-standing-sheet-music_2025-01-30_18-26-46_jpg_2025-01-30_18-26-48-1024x683.webp.webp?fit=1024%2C683&ssl=1&resize=350%2C200","width":350,"height":200,"srcset":"https:\/\/i0.wp.com\/noticiasribeiraopreto.com.br\/wp-content\/uploads\/2025\/07\/violin-standing-sheet-music_2025-01-30_18-26-46_jpg_2025-01-30_18-26-48-1024x683.webp.webp?fit=1024%2C683&ssl=1&resize=350%2C200 1x, https:\/\/i0.wp.com\/noticiasribeiraopreto.com.br\/wp-content\/uploads\/2025\/07\/violin-standing-sheet-music_2025-01-30_18-26-46_jpg_2025-01-30_18-26-48-1024x683.webp.webp?fit=1024%2C683&ssl=1&resize=525%2C300 1.5x, https:\/\/i0.wp.com\/noticiasribeiraopreto.com.br\/wp-content\/uploads\/2025\/07\/violin-standing-sheet-music_2025-01-30_18-26-46_jpg_2025-01-30_18-26-48-1024x683.webp.webp?fit=1024%2C683&ssl=1&resize=700%2C400 2x"},"classes":[]},{"id":31962,"url":"https:\/\/noticiasribeiraopreto.com.br\/index.php\/2024\/01\/23\/alma-abre-inscricoes-para-cursos-livres\/","url_meta":{"origin":30117,"position":3},"title":"Alma abre inscri\u00e7\u00f5es para \u2018cursos livres\u2019\u00a0","author":"noticiasribeiraopreto.com.br","date":"23 de January de 2024","format":false,"excerpt":"Est\u00e1 aberto o per\u00edodo de inscri\u00e7\u00f5es para os cursos da Academia Livre de M\u00fasica e Artes de Ribeir\u00e3o Preto (Alma). Para o primeiro semestre do ano, a escola tem vagas para teatro, m\u00fasica, bal\u00e9 e dan\u00e7a inclusiva. As inscri\u00e7\u00f5es s\u00e3o gratuitas e feitas diretamente no site da institui\u00e7\u00e3o: www.almarp.com.br.Artes C\u00eanicas\u2026","rel":"","context":"In &quot;Not\u00edcias de Ribeir\u00e3o Preto-SP e Regi\u00e3o&quot;","block_context":{"text":"Not\u00edcias de Ribeir\u00e3o Preto-SP e Regi\u00e3o","link":"https:\/\/noticiasribeiraopreto.com.br\/index.php\/category\/noticias-de-ribeirao-preto-sp-e-regiao-ismael-colosi\/"},"img":{"alt_text":"","src":"https:\/\/i0.wp.com\/noticiasribeiraopreto.com.br\/wp-content\/uploads\/2024\/01\/Alma-Bat-Fabio-Melo-scaled.jpg?fit=967%2C645&ssl=1&resize=350%2C200","width":350,"height":200,"srcset":"https:\/\/i0.wp.com\/noticiasribeiraopreto.com.br\/wp-content\/uploads\/2024\/01\/Alma-Bat-Fabio-Melo-scaled.jpg?fit=967%2C645&ssl=1&resize=350%2C200 1x, https:\/\/i0.wp.com\/noticiasribeiraopreto.com.br\/wp-content\/uploads\/2024\/01\/Alma-Bat-Fabio-Melo-scaled.jpg?fit=967%2C645&ssl=1&resize=525%2C300 1.5x, https:\/\/i0.wp.com\/noticiasribeiraopreto.com.br\/wp-content\/uploads\/2024\/01\/Alma-Bat-Fabio-Melo-scaled.jpg?fit=967%2C645&ssl=1&resize=700%2C400 2x"},"classes":[]},{"id":38709,"url":"https:\/\/noticiasribeiraopreto.com.br\/index.php\/2024\/02\/21\/projeto-guri-esta-com-inscricoes-abertas-em-ribeirao-saiba-como-participar\/","url_meta":{"origin":30117,"position":4},"title":"Projeto Guri est\u00e1 com inscri\u00e7\u00f5es abertas em Ribeir\u00e3o; Saiba como participar","author":"noticiasribeiraopreto.com.br","date":"21 de February de 2024","format":false,"excerpt":"O Projeto Guri est\u00e1 com inscri\u00e7\u00f5es abertas em Ribeir\u00e3o Preto para cursos gratuitos de inicia\u00e7\u00e3o musical. As inscri\u00e7\u00f5es podem ser realizadas at\u00e9 o dia 22 de mar\u00e7o, presencialmente no Centro Cultural Palace, na rua \u00c1lvares Cabral, 322, Centro, de segunda \u00e0 sexta-feira, das 8h \u00e0s 21h, e, aos s\u00e1bados, das\u2026","rel":"","context":"In &quot;Not\u00edcias de Ribeir\u00e3o Preto-SP e Regi\u00e3o&quot;","block_context":{"text":"Not\u00edcias de Ribeir\u00e3o Preto-SP e Regi\u00e3o","link":"https:\/\/noticiasribeiraopreto.com.br\/index.php\/category\/noticias-de-ribeirao-preto-sp-e-regiao-ismael-colosi\/"},"img":{"alt_text":"","src":"https:\/\/i0.wp.com\/noticiasribeiraopreto.com.br\/wp-content\/uploads\/2024\/02\/77037050_10156868135606984_3808918667589058560_n-1.jpg?fit=1200%2C800&ssl=1&resize=350%2C200","width":350,"height":200,"srcset":"https:\/\/i0.wp.com\/noticiasribeiraopreto.com.br\/wp-content\/uploads\/2024\/02\/77037050_10156868135606984_3808918667589058560_n-1.jpg?fit=1200%2C800&ssl=1&resize=350%2C200 1x, https:\/\/i0.wp.com\/noticiasribeiraopreto.com.br\/wp-content\/uploads\/2024\/02\/77037050_10156868135606984_3808918667589058560_n-1.jpg?fit=1200%2C800&ssl=1&resize=525%2C300 1.5x, https:\/\/i0.wp.com\/noticiasribeiraopreto.com.br\/wp-content\/uploads\/2024\/02\/77037050_10156868135606984_3808918667589058560_n-1.jpg?fit=1200%2C800&ssl=1&resize=700%2C400 2x, https:\/\/i0.wp.com\/noticiasribeiraopreto.com.br\/wp-content\/uploads\/2024\/02\/77037050_10156868135606984_3808918667589058560_n-1.jpg?fit=1200%2C800&ssl=1&resize=1050%2C600 3x"},"classes":[]},{"id":33242,"url":"https:\/\/noticiasribeiraopreto.com.br\/index.php\/2024\/01\/28\/guri-abre-vagas-para-cursos-gratuitos-de-musica\/","url_meta":{"origin":30117,"position":5},"title":"Guri abre vagas para cursos gratuitos de m\u00fasica\u00a0","author":"noticiasribeiraopreto.com.br","date":"28 de January de 2024","format":false,"excerpt":"28 de janeiro de 2024 | 18:0027 de janeiro de 2024 | 19:35 0O Guri \u2013 programa de educa\u00e7\u00e3o musical da Secretaria da Cultura, Economia e Ind\u00fastria Criativas do Governo do Estado de S\u00e3o Paulo, gerido pela Santa Marcelina Cultura \u2013 abre a partir de 29 de janeiro at\u00e9 22\u2026","rel":"","context":"In &quot;Not\u00edcias de Ribeir\u00e3o Preto-SP e Regi\u00e3o&quot;","block_context":{"text":"Not\u00edcias de Ribeir\u00e3o Preto-SP e Regi\u00e3o","link":"https:\/\/noticiasribeiraopreto.com.br\/index.php\/category\/noticias-de-ribeirao-preto-sp-e-regiao-ismael-colosi\/"},"img":{"alt_text":"","src":"https:\/\/i0.wp.com\/noticiasribeiraopreto.com.br\/wp-content\/uploads\/2024\/01\/1-guri-1.png?fit=753%2C502&ssl=1&resize=350%2C200","width":350,"height":200,"srcset":"https:\/\/i0.wp.com\/noticiasribeiraopreto.com.br\/wp-content\/uploads\/2024\/01\/1-guri-1.png?fit=753%2C502&ssl=1&resize=350%2C200 1x, https:\/\/i0.wp.com\/noticiasribeiraopreto.com.br\/wp-content\/uploads\/2024\/01\/1-guri-1.png?fit=753%2C502&ssl=1&resize=525%2C300 1.5x, https:\/\/i0.wp.com\/noticiasribeiraopreto.com.br\/wp-content\/uploads\/2024\/01\/1-guri-1.png?fit=753%2C502&ssl=1&resize=700%2C400 2x"},"classes":[]}],"jetpack_sharing_enabled":true,"jetpack_shortlink":"https:\/\/wp.me\/peQAOb-7PL","_links":{"self":[{"href":"https:\/\/noticiasribeiraopreto.com.br\/index.php\/wp-json\/wp\/v2\/posts\/30117","targetHints":{"allow":["GET"]}}],"collection":[{"href":"https:\/\/noticiasribeiraopreto.com.br\/index.php\/wp-json\/wp\/v2\/posts"}],"about":[{"href":"https:\/\/noticiasribeiraopreto.com.br\/index.php\/wp-json\/wp\/v2\/types\/post"}],"author":[{"embeddable":true,"href":"https:\/\/noticiasribeiraopreto.com.br\/index.php\/wp-json\/wp\/v2\/users\/1"}],"replies":[{"embeddable":true,"href":"https:\/\/noticiasribeiraopreto.com.br\/index.php\/wp-json\/wp\/v2\/comments?post=30117"}],"version-history":[{"count":0,"href":"https:\/\/noticiasribeiraopreto.com.br\/index.php\/wp-json\/wp\/v2\/posts\/30117\/revisions"}],"wp:featuredmedia":[{"embeddable":true,"href":"https:\/\/noticiasribeiraopreto.com.br\/index.php\/wp-json\/wp\/v2\/media\/30118"}],"wp:attachment":[{"href":"https:\/\/noticiasribeiraopreto.com.br\/index.php\/wp-json\/wp\/v2\/media?parent=30117"}],"wp:term":[{"taxonomy":"category","embeddable":true,"href":"https:\/\/noticiasribeiraopreto.com.br\/index.php\/wp-json\/wp\/v2\/categories?post=30117"},{"taxonomy":"post_tag","embeddable":true,"href":"https:\/\/noticiasribeiraopreto.com.br\/index.php\/wp-json\/wp\/v2\/tags?post=30117"}],"curies":[{"name":"wp","href":"https:\/\/api.w.org\/{rel}","templated":true}]}}