{"id":30151,"date":"2024-01-20T12:04:57","date_gmt":"2024-01-20T15:04:57","guid":{"rendered":"https:\/\/noticiasribeiraopreto.com.br\/index.php\/2024\/01\/20\/putin-esta-de-olho-microsoft-sofre-ataque-hacker-e-diz-que-governo-da-russia-pode-estar-por-tras-disso\/"},"modified":"2024-01-20T12:04:57","modified_gmt":"2024-01-20T15:04:57","slug":"putin-esta-de-olho-microsoft-sofre-ataque-hacker-e-diz-que-governo-da-russia-pode-estar-por-tras-disso","status":"publish","type":"post","link":"https:\/\/noticiasribeiraopreto.com.br\/index.php\/2024\/01\/20\/putin-esta-de-olho-microsoft-sofre-ataque-hacker-e-diz-que-governo-da-russia-pode-estar-por-tras-disso\/","title":{"rendered":"Putin est\u00e1 de olho? Microsoft sofre ataque hacker \u2014 e diz que governo da R\u00fassia pode estar por tr\u00e1s disso"},"content":{"rendered":"<div class='code-block code-block-1' style='margin: 8px 0 8px auto; text-align: right; display: block; clear: both;'>\n<p><a href=\"https:\/\/wa.link\/vpicfd\"><img data-recalc-dims=\"1\" class=\"wp-image-4922\" style=\"aspect-ratio: 2.0253164556962027; width: 561px; height: auto;\" src=\"https:\/\/i0.wp.com\/ismaelcolosi.com.br\/wp-content\/uploads\/2023\/11\/grupo-de-empregos-whatsapp-e-facebook-ismael-colosi-vagas.jpg?ssl=1\" alt=\"\" \/><\/a><\/p>\n<!-- \/wp:image -->\n<\/div>\n<p> <br \/>\n<\/p>\n<div id=\"js-first-letter\">\n<p>A <strong>Microsoft <\/strong>anunciou na \u00faltima sexta-feira (19) que sofreu um <strong>ataque hacke<\/strong>r que roubou informa\u00e7\u00f5es da equipe de lideran\u00e7a s\u00eanior e de outros funcion\u00e1rios \u2014 e acredita que o governo da <strong>R\u00fassia <\/strong>pode estar por tr\u00e1s disso.<\/p>\n<p>O acesso dos hackers teria come\u00e7ado no fim de novembro de 2023, mas a companhia s\u00f3 veio a descobrir neste m\u00eas. A gigante da tecnologia detectou na semana passada que os atacantes extra\u00edram informa\u00e7\u00f5es de parte de contas de e-mail de funcion\u00e1rios.\u00a0<\/p>\n<p>Essas contas inclu\u00edam membros da sua equipa de lideran\u00e7a s\u00eanior e funcion\u00e1rios das suas equipes jur\u00eddicas e de seguran\u00e7a cibern\u00e9tica, segundo uma an\u00e1lise preliminar.<\/p>\n<p>\u201cA equipe de seguran\u00e7a da Microsoft detectou um ataque estatal aos nossos sistemas corporativos em 12 de janeiro de 2024 e ativou imediatamente nosso processo de resposta para investigar, interromper atividades maliciosas, mitigar o ataque e negar acesso adicional ao ator da amea\u00e7a\u201d, revelou a gigante do <em>software<\/em>, em documento regulat\u00f3rio na tarde de sexta-feira.<\/p>\n<p>Para a <em>big tech<\/em>, os hackers supostamente patrocinados pelo Estado russo foram identificados como Midnight Blizzard, tamb\u00e9m conhecido como Nobelium, o grupo respons\u00e1vel pela viola\u00e7\u00e3o da SolarWinds em 2020.<\/p>\n<figure class=\"wp-block-embed is-type-video is-provider-youtube wp-block-embed-youtube wp-embed-aspect-16-9 wp-has-aspect-ratio\">\n<p>\n<iframe loading=\"lazy\" title=\"ONDE INVESTIR EM 2024: A\u00c7\u00d5ES, RENDA FIXA, DIVIDENDOS, FIIS, BDRs E CRIPTOMOEDAS - INDICA\u00c7\u00d5ES GR\u00c1TIS\" width=\"500\" height=\"281\" src=\"https:\/\/www.youtube.com\/embed\/12mhWLu7bl4?feature=oembed\" frameborder=\"0\" allow=\"accelerometer; autoplay; clipboard-write; encrypted-media; gyroscope; picture-in-picture; web-share\" referrerpolicy=\"strict-origin-when-cross-origin\" allowfullscreen><\/iframe>\n<\/p>\n<\/figure>\n<h2 class=\"wp-block-heading\" id=\"h-o-ataque-hacker-a-microsoft\">O ataque hacker \u00e0 Microsoft<\/h2>\n<p>A Microsoft conseguiu remover o acesso do invasor \u00e0s contas de e-mail em 13 de janeiro e ainda est\u00e1 avaliando o impacto do incidente.<\/p>\n<p>A companhia disse que n\u00e3o determinou se o incidente poder\u00e1 afetar a sua situa\u00e7\u00e3o financeira ou os resultados das suas opera\u00e7\u00f5es, mas que n\u00e3o houve um impacto material nas opera\u00e7\u00f5es at\u00e9 agora.<\/p>\n<p>Segundo a Microsoft, a invas\u00e3o n\u00e3o foi resultado de uma vulnerabilidade em produtos ou servi\u00e7os da companhia. Os hackers teriam ganhado uma posi\u00e7\u00e3o inicial usando o \u201cataque de spray de senha\u201d \u2014 a tentativa de acessar um grande n\u00famero de contas usando senhas comumente conhecidas.<\/p>\n<p>Al\u00e9m disso, a empresa destaca que n\u00e3o h\u00e1 evid\u00eancias de que os invasores tivessem acesso a ambientes de clientes, sistemas de produ\u00e7\u00e3o, c\u00f3digo-fonte ou sistemas de IA, disse a empresa.<\/p>\n<p>Na realidade, de acordo com a investiga\u00e7\u00e3o preliminar, os invasores pareciam estar buscando informa\u00e7\u00f5es relacionadas \u00e0 pr\u00f3pria Midnight Blizzard \u2014 em um movimento parecido \u00e0 a\u00e7\u00e3o do Nobelium h\u00e1 quatro anos.<\/p>\n<p>Na \u00e9poca, o mesmo grupo utilizou software adulterado fabricado pela SolarWinds para se infiltrar nas ag\u00eancias dos EUA e passou a monitorar como o governo dos EUA respondia aos seus ataques.<\/p>\n<p>\u201cEste ataque destaca o risco cont\u00ednuo representado para todas as organiza\u00e7\u00f5es por agentes de amea\u00e7as estatais com bons recursos, como a Midnight Blizzard\u201d, escreveu a Microsoft.<\/p>\n<p>O FBI informou \u00e0 <em>CNN<\/em> que est\u00e1 \u201cciente do incidente e trabalhando diligentemente com os parceiros federais para fornecer assist\u00eancia\u201d.\u00a0<\/p>\n<p><em>*Com informa\u00e7\u00f5es de CNN e Estad\u00e3o Conte\u00fado<\/em>.<\/p>\n<\/div>\n<p><br \/>\n<br \/><a href=\"https:\/\/www.seudinheiro.com\/2024\/empresas\/putin-esta-de-olho-microsoft-sofre-ataque-hacker-e-diz-que-governo-da-russia-pode-estar-por-tras-disso-miql\/\">Source link <\/a><\/p>\n<!-- CONTENT END 1 -->\n","protected":false},"excerpt":{"rendered":"<p>A Microsoft anunciou na \u00faltima sexta-feira (19) que sofreu um ataque hacker que roubou informa\u00e7\u00f5es da equipe de lideran\u00e7a s\u00eanior e de outros funcion\u00e1rios \u2014&#8230;<\/p>\n","protected":false},"author":1,"featured_media":30152,"comment_status":"open","ping_status":"open","sticky":false,"template":"","format":"standard","meta":{"advanced_seo_description":"","jetpack_seo_html_title":"","jetpack_seo_noindex":false,"jetpack_post_was_ever_published":false,"_jetpack_newsletter_access":"","_jetpack_dont_email_post_to_subs":false,"_jetpack_newsletter_tier_id":0,"_jetpack_memberships_contains_paywalled_content":false,"_jetpack_memberships_contains_paid_content":false,"footnotes":"","jetpack_publicize_message":"","jetpack_publicize_feature_enabled":true,"jetpack_social_post_already_shared":true,"jetpack_social_options":{"image_generator_settings":{"template":"highway","default_image_id":0,"font":"","enabled":false},"version":2}},"categories":[1235],"tags":[],"class_list":["post-30151","post","type-post","status-publish","format-standard","has-post-thumbnail","hentry","category-dinheiro-e-investimento-como-fazer-como-ganhar"],"jetpack_publicize_connections":[],"jetpack_featured_media_url":"https:\/\/i0.wp.com\/noticiasribeiraopreto.com.br\/wp-content\/uploads\/2024\/01\/Microsoft-MSFT-628x353.jpg?fit=628%2C353&ssl=1","jetpack-related-posts":[{"id":31517,"url":"https:\/\/noticiasribeiraopreto.com.br\/index.php\/2024\/01\/22\/a-resposta-da-russia-ao-que-chamou-de-ataque-monstruoso\/","url_meta":{"origin":30151,"position":0},"title":"A resposta da R\u00fassia ao que chamou de &#8220;ataque monstruoso&#8221;","author":"noticiasribeiraopreto.com.br","date":"22 de January de 2024","format":false,"excerpt":"Se n\u00e3o bastasse a escalada da tens\u00e3o no Oriente M\u00e9dio, Ucr\u00e2nia e R\u00fassia aumentaram os ataques retaliat\u00f3rios no final de semana, depois que outro terminal petrol\u00edfero russo foi atacado no domingo (21), assim como a cidade de Donetsk ocupada pelos homens de Vladimir Putin e nove regi\u00f5es ucranianas. Al\u00e9m da\u2026","rel":"","context":"In &quot;Dinheiro e Investimento&quot;","block_context":{"text":"Dinheiro e Investimento","link":"https:\/\/noticiasribeiraopreto.com.br\/index.php\/category\/dinheiro-e-investimento-como-fazer-como-ganhar\/"},"img":{"alt_text":"","src":"https:\/\/i0.wp.com\/noticiasribeiraopreto.com.br\/wp-content\/uploads\/2024\/01\/Putin-acelera-relogio-do-fim-do-mundo-ameaca-de-guerra-nuclear-com-guerra-na-Ucrania-715x402.png?fit=715%2C402&ssl=1&resize=350%2C200","width":350,"height":200,"srcset":"https:\/\/i0.wp.com\/noticiasribeiraopreto.com.br\/wp-content\/uploads\/2024\/01\/Putin-acelera-relogio-do-fim-do-mundo-ameaca-de-guerra-nuclear-com-guerra-na-Ucrania-715x402.png?fit=715%2C402&ssl=1&resize=350%2C200 1x, https:\/\/i0.wp.com\/noticiasribeiraopreto.com.br\/wp-content\/uploads\/2024\/01\/Putin-acelera-relogio-do-fim-do-mundo-ameaca-de-guerra-nuclear-com-guerra-na-Ucrania-715x402.png?fit=715%2C402&ssl=1&resize=525%2C300 1.5x, https:\/\/i0.wp.com\/noticiasribeiraopreto.com.br\/wp-content\/uploads\/2024\/01\/Putin-acelera-relogio-do-fim-do-mundo-ameaca-de-guerra-nuclear-com-guerra-na-Ucrania-715x402.png?fit=715%2C402&ssl=1&resize=700%2C400 2x"},"classes":[]},{"id":5412,"url":"https:\/\/noticiasribeiraopreto.com.br\/index.php\/2023\/11\/23\/camara-aprova-botao-de-alerta-para-escolas-da-rede-municipal\/","url_meta":{"origin":30151,"position":1},"title":"C\u00e2mara aprova \u201cBot\u00e3o de Alerta\u201d para escolas da rede municipal","author":"noticiasribeiraopreto.com.br","date":"23 de November de 2023","format":false,"excerpt":"7 Ataques a escolas t\u00eam crescido em todo o Pa\u00eds nos \u00faltimos anos. Entre janeiro e outubro deste ano foram nove ataques em institui\u00e7\u00f5es de ensino, com nove mortes registradas \u2013 ano de maior incid\u00eancia esse tipo de crime no Brasil -. Com o intuito de criar um ambiente mais\u2026","rel":"","context":"In &quot;Not\u00edcias de Ribeir\u00e3o Preto-SP e Regi\u00e3o&quot;","block_context":{"text":"Not\u00edcias de Ribeir\u00e3o Preto-SP e Regi\u00e3o","link":"https:\/\/noticiasribeiraopreto.com.br\/index.php\/category\/noticias-de-ribeirao-preto-sp-e-regiao-ismael-colosi\/"},"img":{"alt_text":"","src":"https:\/\/i0.wp.com\/noticiasribeiraopreto.com.br\/wp-content\/uploads\/2023\/11\/398993662_724071823097410_3185260106992482884_n20231110110627.jpg?fit=1200%2C800&ssl=1&resize=350%2C200","width":350,"height":200,"srcset":"https:\/\/i0.wp.com\/noticiasribeiraopreto.com.br\/wp-content\/uploads\/2023\/11\/398993662_724071823097410_3185260106992482884_n20231110110627.jpg?fit=1200%2C800&ssl=1&resize=350%2C200 1x, https:\/\/i0.wp.com\/noticiasribeiraopreto.com.br\/wp-content\/uploads\/2023\/11\/398993662_724071823097410_3185260106992482884_n20231110110627.jpg?fit=1200%2C800&ssl=1&resize=525%2C300 1.5x, https:\/\/i0.wp.com\/noticiasribeiraopreto.com.br\/wp-content\/uploads\/2023\/11\/398993662_724071823097410_3185260106992482884_n20231110110627.jpg?fit=1200%2C800&ssl=1&resize=700%2C400 2x, https:\/\/i0.wp.com\/noticiasribeiraopreto.com.br\/wp-content\/uploads\/2023\/11\/398993662_724071823097410_3185260106992482884_n20231110110627.jpg?fit=1200%2C800&ssl=1&resize=1050%2C600 3x"},"classes":[]},{"id":48831,"url":"https:\/\/noticiasribeiraopreto.com.br\/index.php\/2024\/05\/07\/abstinencia-sexual-afeta-o-desempenho-no-trabalho\/","url_meta":{"origin":30151,"position":2},"title":"Abstin\u00eancia sexual afeta o desempenho no trabalho","author":"noticiasribeiraopreto.com.br","date":"7 de May de 2024","format":false,"excerpt":"As repercuss\u00f5es da abstin\u00eancia sexual no desempenho da equipe podem ser sutis, mas significativas Um fen\u00f4meno conhecido como \u201capag\u00e3o sexual\u201d tem atra\u00eddo cada vez mais a aten\u00e7\u00e3o de psic\u00f3logos e soci\u00f3logos e, agora, tamb\u00e9m virou assunto para l\u00edderes de empresas e profissionais de RH. Esse cen\u00e1rio \u2013 que define um\u2026","rel":"","context":"In &quot;Blog&quot;","block_context":{"text":"Blog","link":"https:\/\/noticiasribeiraopreto.com.br\/index.php\/category\/blog\/"},"img":{"alt_text":"","src":"https:\/\/i0.wp.com\/noticiasribeiraopreto.com.br\/wp-content\/uploads\/2024\/05\/carreira-burnout-ansiedade-1024x683.jpg?fit=1024%2C683&ssl=1&resize=350%2C200","width":350,"height":200,"srcset":"https:\/\/i0.wp.com\/noticiasribeiraopreto.com.br\/wp-content\/uploads\/2024\/05\/carreira-burnout-ansiedade-1024x683.jpg?fit=1024%2C683&ssl=1&resize=350%2C200 1x, https:\/\/i0.wp.com\/noticiasribeiraopreto.com.br\/wp-content\/uploads\/2024\/05\/carreira-burnout-ansiedade-1024x683.jpg?fit=1024%2C683&ssl=1&resize=525%2C300 1.5x, https:\/\/i0.wp.com\/noticiasribeiraopreto.com.br\/wp-content\/uploads\/2024\/05\/carreira-burnout-ansiedade-1024x683.jpg?fit=1024%2C683&ssl=1&resize=700%2C400 2x"},"classes":[]},{"id":22670,"url":"https:\/\/noticiasribeiraopreto.com.br\/index.php\/2023\/12\/30\/ucrania-revida-e-lanca-ataque-aereo-a-russia-deixando-14-civis-mortos-segundo-autoridades-locais\/","url_meta":{"origin":30151,"position":3},"title":"Ucr\u00e2nia revida e lan\u00e7a ataque a\u00e9reo \u00e0 R\u00fassia, deixando 14 civis mortos, segundo autoridades locais","author":"noticiasribeiraopreto.com.br","date":"30 de December de 2023","format":false,"excerpt":"A guerra entre R\u00fassia e Ucr\u00e2nia voltou a esquentar neste fim de ano. Neste s\u00e1bado (30), a na\u00e7\u00e3o comandada por Volodymyr Zelensky lan\u00e7ou uma s\u00e9rie de ataques a\u00e9reos contra o pa\u00eds de Vladimir Putin, muitos dos quais interceptados pelas for\u00e7as de Moscou. Por\u00e9m, estilha\u00e7os de foguetes e muni\u00e7\u00f5es atingiram a\u2026","rel":"","context":"In &quot;Dinheiro e Investimento&quot;","block_context":{"text":"Dinheiro e Investimento","link":"https:\/\/noticiasribeiraopreto.com.br\/index.php\/category\/dinheiro-e-investimento-como-fazer-como-ganhar\/"},"img":{"alt_text":"","src":"https:\/\/i0.wp.com\/noticiasribeiraopreto.com.br\/wp-content\/uploads\/2023\/12\/1703965104_tensoes-ucrania-russia-armas-628x353.jpg?fit=628%2C353&ssl=1&resize=350%2C200","width":350,"height":200,"srcset":"https:\/\/i0.wp.com\/noticiasribeiraopreto.com.br\/wp-content\/uploads\/2023\/12\/1703965104_tensoes-ucrania-russia-armas-628x353.jpg?fit=628%2C353&ssl=1&resize=350%2C200 1x, https:\/\/i0.wp.com\/noticiasribeiraopreto.com.br\/wp-content\/uploads\/2023\/12\/1703965104_tensoes-ucrania-russia-armas-628x353.jpg?fit=628%2C353&ssl=1&resize=525%2C300 1.5x"},"classes":[]},{"id":41409,"url":"https:\/\/noticiasribeiraopreto.com.br\/index.php\/2024\/03\/08\/empresas-atingem-igualdade-de-genero-na-lideranca\/","url_meta":{"origin":30151,"position":4},"title":"Empresas atingem igualdade de g\u00eanero na lideran\u00e7a","author":"noticiasribeiraopreto.com.br","date":"8 de March de 2024","format":false,"excerpt":"Luciana Batista \u00e9 CEO da Coca-Cola no Brasil e Cone-Sul, onde a igualdade de g\u00eanero na lideran\u00e7a foi atingida antes mesmo da meta global Alcan\u00e7ar a equidade de g\u00eanero, al\u00e9m do \u00f3bvio compromisso social, \u00e9 um imperativo econ\u00f4mico que pode representar um aumento de mais de 20% no PIB (Produto\u2026","rel":"","context":"In &quot;Blog&quot;","block_context":{"text":"Blog","link":"https:\/\/noticiasribeiraopreto.com.br\/index.php\/category\/blog\/"},"img":{"alt_text":"","src":"https:\/\/i0.wp.com\/noticiasribeiraopreto.com.br\/wp-content\/uploads\/2024\/03\/mulher-lideranca-luciana-batista-coca-cola-1024x683.jpg?fit=1024%2C683&ssl=1&resize=350%2C200","width":350,"height":200,"srcset":"https:\/\/i0.wp.com\/noticiasribeiraopreto.com.br\/wp-content\/uploads\/2024\/03\/mulher-lideranca-luciana-batista-coca-cola-1024x683.jpg?fit=1024%2C683&ssl=1&resize=350%2C200 1x, https:\/\/i0.wp.com\/noticiasribeiraopreto.com.br\/wp-content\/uploads\/2024\/03\/mulher-lideranca-luciana-batista-coca-cola-1024x683.jpg?fit=1024%2C683&ssl=1&resize=525%2C300 1.5x, https:\/\/i0.wp.com\/noticiasribeiraopreto.com.br\/wp-content\/uploads\/2024\/03\/mulher-lideranca-luciana-batista-coca-cola-1024x683.jpg?fit=1024%2C683&ssl=1&resize=700%2C400 2x"},"classes":[]},{"id":41413,"url":"https:\/\/noticiasribeiraopreto.com.br\/index.php\/2024\/03\/08\/empresas-atingem-igualdade-de-genero-na-lideranca-2\/","url_meta":{"origin":30151,"position":5},"title":"Empresas atingem igualdade de g\u00eanero na lideran\u00e7a","author":"noticiasribeiraopreto.com.br","date":"8 de March de 2024","format":false,"excerpt":"Luciana Batista \u00e9 CEO da Coca-Cola no Brasil e Cone-Sul, onde a igualdade de g\u00eanero na lideran\u00e7a foi atingida antes mesmo da meta global Alcan\u00e7ar a equidade de g\u00eanero, al\u00e9m do \u00f3bvio compromisso social, \u00e9 um imperativo econ\u00f4mico que pode representar um aumento de mais de 20% no PIB (Produto\u2026","rel":"","context":"In &quot;Blog&quot;","block_context":{"text":"Blog","link":"https:\/\/noticiasribeiraopreto.com.br\/index.php\/category\/blog\/"},"img":{"alt_text":"","src":"https:\/\/i0.wp.com\/noticiasribeiraopreto.com.br\/wp-content\/uploads\/2024\/03\/1709894302_mulher-lideranca-luciana-batista-coca-cola-1024x683.jpg?fit=1024%2C683&ssl=1&resize=350%2C200","width":350,"height":200,"srcset":"https:\/\/i0.wp.com\/noticiasribeiraopreto.com.br\/wp-content\/uploads\/2024\/03\/1709894302_mulher-lideranca-luciana-batista-coca-cola-1024x683.jpg?fit=1024%2C683&ssl=1&resize=350%2C200 1x, https:\/\/i0.wp.com\/noticiasribeiraopreto.com.br\/wp-content\/uploads\/2024\/03\/1709894302_mulher-lideranca-luciana-batista-coca-cola-1024x683.jpg?fit=1024%2C683&ssl=1&resize=525%2C300 1.5x, https:\/\/i0.wp.com\/noticiasribeiraopreto.com.br\/wp-content\/uploads\/2024\/03\/1709894302_mulher-lideranca-luciana-batista-coca-cola-1024x683.jpg?fit=1024%2C683&ssl=1&resize=700%2C400 2x"},"classes":[]}],"jetpack_sharing_enabled":true,"jetpack_shortlink":"https:\/\/wp.me\/peQAOb-7Qj","_links":{"self":[{"href":"https:\/\/noticiasribeiraopreto.com.br\/index.php\/wp-json\/wp\/v2\/posts\/30151","targetHints":{"allow":["GET"]}}],"collection":[{"href":"https:\/\/noticiasribeiraopreto.com.br\/index.php\/wp-json\/wp\/v2\/posts"}],"about":[{"href":"https:\/\/noticiasribeiraopreto.com.br\/index.php\/wp-json\/wp\/v2\/types\/post"}],"author":[{"embeddable":true,"href":"https:\/\/noticiasribeiraopreto.com.br\/index.php\/wp-json\/wp\/v2\/users\/1"}],"replies":[{"embeddable":true,"href":"https:\/\/noticiasribeiraopreto.com.br\/index.php\/wp-json\/wp\/v2\/comments?post=30151"}],"version-history":[{"count":0,"href":"https:\/\/noticiasribeiraopreto.com.br\/index.php\/wp-json\/wp\/v2\/posts\/30151\/revisions"}],"wp:featuredmedia":[{"embeddable":true,"href":"https:\/\/noticiasribeiraopreto.com.br\/index.php\/wp-json\/wp\/v2\/media\/30152"}],"wp:attachment":[{"href":"https:\/\/noticiasribeiraopreto.com.br\/index.php\/wp-json\/wp\/v2\/media?parent=30151"}],"wp:term":[{"taxonomy":"category","embeddable":true,"href":"https:\/\/noticiasribeiraopreto.com.br\/index.php\/wp-json\/wp\/v2\/categories?post=30151"},{"taxonomy":"post_tag","embeddable":true,"href":"https:\/\/noticiasribeiraopreto.com.br\/index.php\/wp-json\/wp\/v2\/tags?post=30151"}],"curies":[{"name":"wp","href":"https:\/\/api.w.org\/{rel}","templated":true}]}}