{"id":31085,"date":"2024-01-20T23:50:52","date_gmt":"2024-01-21T02:50:52","guid":{"rendered":"https:\/\/noticiasribeiraopreto.com.br\/index.php\/2024\/01\/20\/utm_sourcerssutm_mediumrssutm_campaignidosa-e-preso-com-maconha-no-anus-tentando-entrar-na-penitenciaria-de-ribeirao-preto\/"},"modified":"2024-01-20T23:50:52","modified_gmt":"2024-01-21T02:50:52","slug":"utm_sourcerssutm_mediumrssutm_campaignidosa-e-preso-com-maconha-no-anus-tentando-entrar-na-penitenciaria-de-ribeirao-preto","status":"publish","type":"post","link":"https:\/\/noticiasribeiraopreto.com.br\/index.php\/2024\/01\/20\/utm_sourcerssutm_mediumrssutm_campaignidosa-e-preso-com-maconha-no-anus-tentando-entrar-na-penitenciaria-de-ribeirao-preto\/","title":{"rendered":"Idosa \u00e9 preso com maconha no \u00e2nus tentando entrar na Penitenci\u00e1ria de Ribeir\u00e3o Preto \u2013 X Tudo Ribeir\u00e3o"},"content":{"rendered":"<div class='code-block code-block-1' style='margin: 8px 0 8px auto; text-align: right; display: block; clear: both;'>\n<p><a href=\"https:\/\/wa.link\/vpicfd\"><img data-recalc-dims=\"1\" class=\"wp-image-4922\" style=\"aspect-ratio: 2.0253164556962027; width: 561px; height: auto;\" src=\"https:\/\/i0.wp.com\/ismaelcolosi.com.br\/wp-content\/uploads\/2023\/11\/grupo-de-empregos-whatsapp-e-facebook-ismael-colosi-vagas.jpg?ssl=1\" alt=\"\" \/><\/a><\/p>\n<!-- \/wp:image -->\n<\/div>\n<p> <br \/>\n<\/p>\n<div>\n<p>Uma idosa de 62 anos foi presa ao tentar entrar com uma por\u00e7\u00e3o de maconha introduzida no \u00e2nus na Penitenci\u00e1ria de Ribeir\u00e3o Preto, as margens da rodovia Abra\u00e3o Assed.\u00a0<\/p>\n<p>Segundo informa\u00e7\u00f5es da Pol\u00edcia, a descoberta da droga foi feita pelos Policiais Penais durante a vistoria no scanner aos visitantes dos detentos da Penitenci\u00e1ria de RP. Consta no B.O (boletim de ocorr\u00eancia), que a acusada ao ser submetida ao scanner, os Policiais notaram algo estranho na regi\u00e3o anal dela. Ao ser indagada, ela n\u00e3o disse nada, sendo necess\u00e1ria a ida da idosa at\u00e9 \u00e0 UPA (Unidade de Pronto Atendimento) da avenida Treze de maio.\u00a0<\/p>\n<p>Durante o atendimento m\u00e9dico, foi constatado que a idosa trazia com si, uma quantidade expressiva de maconha na regi\u00e3o do \u00e2nus. A droga foi retirada, e a ocorr\u00eancia apresentada ao Delegado de plant\u00e3o da CPJ da rua Duque de Caxias.\u00a0<\/p>\n<p>Em depoimento, a acusada disse que foi abordada por um estranho, que disse se ela entrasse com a droga no sistema prisional, receberia uma boa quantia em dinheiro.\u00a0<\/p>\n<p>Ap\u00f3s tomar ci\u00eancia dos fatos, o Delegado ratificou a pris\u00e3o em flagrante pelo crime de tr\u00e1fico de drogas.\u00a0<\/p>\n<\/p><\/div>\n<p><br \/>\n<br \/><a href=\"https:\/\/xtudoribeirao.com.br\/2024\/01\/20\/idosa-e-preso-com-maconha-no-anus-tentando-entrar-na-penitenciaria-de-ribeirao-preto\/?utm_source=rss&#038;utm_medium=rss&#038;utm_campaign=idosa-e-preso-com-maconha-no-anus-tentando-entrar-na-penitenciaria-de-ribeirao-preto\">Source link <\/a><\/p>\n<!-- CONTENT END 1 -->\n","protected":false},"excerpt":{"rendered":"<p>Uma idosa de 62 anos foi presa ao tentar entrar com uma por\u00e7\u00e3o de maconha introduzida no \u00e2nus na Penitenci\u00e1ria de Ribeir\u00e3o Preto, as margens&#8230;<\/p>\n","protected":false},"author":1,"featured_media":31086,"comment_status":"open","ping_status":"open","sticky":false,"template":"","format":"standard","meta":{"advanced_seo_description":"","jetpack_seo_html_title":"","jetpack_seo_noindex":false,"jetpack_post_was_ever_published":false,"_jetpack_newsletter_access":"","_jetpack_dont_email_post_to_subs":false,"_jetpack_newsletter_tier_id":0,"_jetpack_memberships_contains_paywalled_content":false,"_jetpack_memberships_contains_paid_content":false,"footnotes":"","jetpack_publicize_message":"","jetpack_publicize_feature_enabled":true,"jetpack_social_post_already_shared":true,"jetpack_social_options":{"image_generator_settings":{"template":"highway","default_image_id":0,"font":"","enabled":false},"version":2}},"categories":[11],"tags":[3742,327,1368,328,329,36,27,26,326,43],"class_list":["post-31085","post","type-post","status-publish","format-standard","has-post-thumbnail","hentry","category-noticias-de-ribeirao-preto-sp-e-regiao-ismael-colosi","tag-anus","tag-entrar","tag-idosa","tag-maconha","tag-penitenciaria","tag-preso","tag-preto","tag-ribeirao","tag-tentando","tag-tudo"],"jetpack_publicize_connections":[],"jetpack_featured_media_url":"https:\/\/i0.wp.com\/noticiasribeiraopreto.com.br\/wp-content\/uploads\/2024\/01\/IMG-20181105-WA0000.jpg?fit=620%2C465&ssl=1","jetpack-related-posts":[{"id":26164,"url":"https:\/\/noticiasribeiraopreto.com.br\/index.php\/2024\/01\/09\/utm_sourcerssutm_mediumrssutm_campaignmulher-e-presa-tentando-entrar-com-viagra-e-maconha-na-penitenciaria-de-ribeirao-preto\/","url_meta":{"origin":31085,"position":0},"title":"Mulher \u00e9 presa tentando entrar com viagra e maconha na Penitenci\u00e1ria de Ribeir\u00e3o Preto \u2013 X Tudo Ribeir\u00e3o","author":"noticiasribeiraopreto.com.br","date":"9 de January de 2024","format":false,"excerpt":"Uma mulher de 36 anos, foi presa pela Pol\u00edcia Penal tentando entrar com comprimidos de viagra e maconha dentro da Penitenci\u00e1ria de Ribeir\u00e3o Preto. Segundo informa\u00e7\u00f5es da Pol\u00edcia Civil, durante as revistas aos visitantes dos presos da Penitenci\u00e1ria de Ribeir\u00e3o Preto, os Policiais Penais suspeitaram de uma visitante que ao\u2026","rel":"","context":"In &quot;Not\u00edcias de Ribeir\u00e3o Preto-SP e Regi\u00e3o&quot;","block_context":{"text":"Not\u00edcias de Ribeir\u00e3o Preto-SP e Regi\u00e3o","link":"https:\/\/noticiasribeiraopreto.com.br\/index.php\/category\/noticias-de-ribeirao-preto-sp-e-regiao-ismael-colosi\/"},"img":{"alt_text":"","src":"https:\/\/i0.wp.com\/noticiasribeiraopreto.com.br\/wp-content\/uploads\/2024\/01\/WhatsApp-Image-2024-01-09-at-10.17.14.jpeg?fit=1200%2C803&ssl=1&resize=350%2C200","width":350,"height":200,"srcset":"https:\/\/i0.wp.com\/noticiasribeiraopreto.com.br\/wp-content\/uploads\/2024\/01\/WhatsApp-Image-2024-01-09-at-10.17.14.jpeg?fit=1200%2C803&ssl=1&resize=350%2C200 1x, https:\/\/i0.wp.com\/noticiasribeiraopreto.com.br\/wp-content\/uploads\/2024\/01\/WhatsApp-Image-2024-01-09-at-10.17.14.jpeg?fit=1200%2C803&ssl=1&resize=525%2C300 1.5x, https:\/\/i0.wp.com\/noticiasribeiraopreto.com.br\/wp-content\/uploads\/2024\/01\/WhatsApp-Image-2024-01-09-at-10.17.14.jpeg?fit=1200%2C803&ssl=1&resize=700%2C400 2x, https:\/\/i0.wp.com\/noticiasribeiraopreto.com.br\/wp-content\/uploads\/2024\/01\/WhatsApp-Image-2024-01-09-at-10.17.14.jpeg?fit=1200%2C803&ssl=1&resize=1050%2C600 3x"},"classes":[]},{"id":3559,"url":"https:\/\/noticiasribeiraopreto.com.br\/index.php\/2023\/11\/19\/utm_sourcerssutm_mediumrssutm_campaignmulher-e-presa-tentando-entrar-com-maconha-na-penitenciaria-de-ribeirao-preto\/","url_meta":{"origin":31085,"position":1},"title":"Mulher \u00e9 presa tentando entrar com maconha na Penitenci\u00e1ria de Ribeir\u00e3o Preto \u2013 X Tudo Ribeir\u00e3o","author":"noticiasribeiraopreto.com.br","date":"19 de November de 2023","format":false,"excerpt":"Uma mulher foi presa na manh\u00e3 deste s\u00e1bado (18\/11), tentando entrar com maconha dentro da Penitenci\u00e1ria masculina situada na rodovia Abra\u00e3o Assed, entre Ribeir\u00e3o Preto e Serrana.\u00a0 Segundo informa\u00e7\u00f5es da Pol\u00edcia Civil, durante as revistas aos visitantes dos presos da Penitenci\u00e1ria de Ribeir\u00e3o Preto, os Policiais Penais suspeitaram de uma\u2026","rel":"","context":"In &quot;Not\u00edcias de Ribeir\u00e3o Preto-SP e Regi\u00e3o&quot;","block_context":{"text":"Not\u00edcias de Ribeir\u00e3o Preto-SP e Regi\u00e3o","link":"https:\/\/noticiasribeiraopreto.com.br\/index.php\/category\/noticias-de-ribeirao-preto-sp-e-regiao-ismael-colosi\/"},"img":{"alt_text":"","src":"https:\/\/i0.wp.com\/noticiasribeiraopreto.com.br\/wp-content\/uploads\/2023\/11\/WhatsApp-Image-2023-11-19-at-01.33.45.jpeg?fit=802%2C714&ssl=1&resize=350%2C200","width":350,"height":200,"srcset":"https:\/\/i0.wp.com\/noticiasribeiraopreto.com.br\/wp-content\/uploads\/2023\/11\/WhatsApp-Image-2023-11-19-at-01.33.45.jpeg?fit=802%2C714&ssl=1&resize=350%2C200 1x, https:\/\/i0.wp.com\/noticiasribeiraopreto.com.br\/wp-content\/uploads\/2023\/11\/WhatsApp-Image-2023-11-19-at-01.33.45.jpeg?fit=802%2C714&ssl=1&resize=525%2C300 1.5x, https:\/\/i0.wp.com\/noticiasribeiraopreto.com.br\/wp-content\/uploads\/2023\/11\/WhatsApp-Image-2023-11-19-at-01.33.45.jpeg?fit=802%2C714&ssl=1&resize=700%2C400 2x"},"classes":[]},{"id":823,"url":"https:\/\/noticiasribeiraopreto.com.br\/index.php\/2023\/11\/09\/mulher-e-presa-tentando-entrar-com-drogas-no-anus-na-penitenciaria-de-ribeirao-preto-x-tudo-ribeirao\/","url_meta":{"origin":31085,"position":2},"title":"Mulher \u00e9 presa tentando entrar com drogas no \u00e2nus na Penitenci\u00e1ria de Ribeir\u00e3o Preto \u2013 X Tudo Ribeir\u00e3o","author":"noticiasribeiraopreto.com.br","date":"9 de November de 2023","format":false,"excerpt":"Uma mulher foi presa na manh\u00e3 deste domingo (5\/11), tentando entrar com drogas introduzidas no \u00e2nus dentro da Penitenci\u00e1ria de Ribeir\u00e3o Preto. Segundo informa\u00e7\u00f5es da Pol\u00edcia Civil, durante as revistas aos visitantes dos presos da Penitenci\u00e1ria de Ribeir\u00e3o Preto, os Policiais Penais suspeitaram de uma visitante que ao passar pelo\u2026","rel":"","context":"In &quot;Not\u00edcias de Ribeir\u00e3o Preto-SP e Regi\u00e3o&quot;","block_context":{"text":"Not\u00edcias de Ribeir\u00e3o Preto-SP e Regi\u00e3o","link":"https:\/\/noticiasribeiraopreto.com.br\/index.php\/category\/noticias-de-ribeirao-preto-sp-e-regiao-ismael-colosi\/"},"img":{"alt_text":"","src":"https:\/\/i0.wp.com\/noticiasribeiraopreto.com.br\/wp-content\/uploads\/2023\/11\/WhatsApp-Image-2023-11-05-at-17.18.58.jpeg?fit=672%2C423&ssl=1&resize=350%2C200","width":350,"height":200,"srcset":"https:\/\/i0.wp.com\/noticiasribeiraopreto.com.br\/wp-content\/uploads\/2023\/11\/WhatsApp-Image-2023-11-05-at-17.18.58.jpeg?fit=672%2C423&ssl=1&resize=350%2C200 1x, https:\/\/i0.wp.com\/noticiasribeiraopreto.com.br\/wp-content\/uploads\/2023\/11\/WhatsApp-Image-2023-11-05-at-17.18.58.jpeg?fit=672%2C423&ssl=1&resize=525%2C300 1.5x"},"classes":[]},{"id":43052,"url":"https:\/\/noticiasribeiraopreto.com.br\/index.php\/2024\/03\/19\/mulher-e-presa-tentando-entrar-com-maconha-na-penitenciaria\/","url_meta":{"origin":31085,"position":3},"title":"Mulher \u00e9 presa tentando entrar com maconha na penitenci\u00e1ria","author":"noticiasribeiraopreto.com.br","date":"19 de March de 2024","format":false,"excerpt":"Visitante foi flagrada em revista por meio de esc\u00e2ner corporal 19 de mar\u00e7o de 2024 | 7:1018 de mar\u00e7o de 2024 | 17:12 1Por: Adalberto LuqueUma mulher foi presa, neste domingo (17), ao tentar entrar com 70 gramas de maconha escondidas em seu corpo. Ela visitava o companheiro, que est\u00e1\u2026","rel":"","context":"In &quot;Not\u00edcias de Ribeir\u00e3o Preto-SP e Regi\u00e3o&quot;","block_context":{"text":"Not\u00edcias de Ribeir\u00e3o Preto-SP e Regi\u00e3o","link":"https:\/\/noticiasribeiraopreto.com.br\/index.php\/category\/noticias-de-ribeirao-preto-sp-e-regiao-ismael-colosi\/"},"img":{"alt_text":"","src":"https:\/\/i0.wp.com\/noticiasribeiraopreto.com.br\/wp-content\/uploads\/2024\/03\/00-18-fev-2024-maconha-penitenciaria-foto-sap.jpg?fit=360%2C232&ssl=1&resize=350%2C200","width":350,"height":200},"classes":[]},{"id":83333,"url":"https:\/\/noticiasribeiraopreto.com.br\/index.php\/2026\/03\/16\/mulher-e-detida-ao-tentar-entrar-com-droga-escondida-em-presidio-de-ribeirao-preto\/","url_meta":{"origin":31085,"position":4},"title":"Mulher \u00e9 detida ao tentar entrar com droga escondida em pres\u00eddio de Ribeir\u00e3o Preto","author":"noticiasribeiraopreto.com.br","date":"16 de March de 2026","format":false,"excerpt":"00:00 A+ A- Uma mulher foi detida neste domingo (15) ap\u00f3s tentar entrar com drogas no Centro de Deten\u00e7\u00e3o Provis\u00f3ria de Ribeir\u00e3o Preto, onde o irm\u00e3o est\u00e1 preso. De acordo com a SAP (Secretaria da Administra\u00e7\u00e3o Penitenci\u00e1ria do Estado de S\u00e3o Paulo), durante os procedimentos de seguran\u00e7a para a entrada\u2026","rel":"","context":"In &quot;Not\u00edcias de Ribeir\u00e3o Preto-SP e Regi\u00e3o&quot;","block_context":{"text":"Not\u00edcias de Ribeir\u00e3o Preto-SP e Regi\u00e3o","link":"https:\/\/noticiasribeiraopreto.com.br\/index.php\/category\/noticias-de-ribeirao-preto-sp-e-regiao-ismael-colosi\/"},"img":{"alt_text":"","src":"https:\/\/i0.wp.com\/noticiasribeiraopreto.com.br\/wp-content\/uploads\/2026\/03\/palace-58_2026-03-16_21-37-26.webp.webp?fit=1200%2C675&ssl=1&resize=350%2C200","width":350,"height":200,"srcset":"https:\/\/i0.wp.com\/noticiasribeiraopreto.com.br\/wp-content\/uploads\/2026\/03\/palace-58_2026-03-16_21-37-26.webp.webp?fit=1200%2C675&ssl=1&resize=350%2C200 1x, https:\/\/i0.wp.com\/noticiasribeiraopreto.com.br\/wp-content\/uploads\/2026\/03\/palace-58_2026-03-16_21-37-26.webp.webp?fit=1200%2C675&ssl=1&resize=525%2C300 1.5x, https:\/\/i0.wp.com\/noticiasribeiraopreto.com.br\/wp-content\/uploads\/2026\/03\/palace-58_2026-03-16_21-37-26.webp.webp?fit=1200%2C675&ssl=1&resize=700%2C400 2x, https:\/\/i0.wp.com\/noticiasribeiraopreto.com.br\/wp-content\/uploads\/2026\/03\/palace-58_2026-03-16_21-37-26.webp.webp?fit=1200%2C675&ssl=1&resize=1050%2C600 3x"},"classes":[]},{"id":58945,"url":"https:\/\/noticiasribeiraopreto.com.br\/index.php\/2024\/10\/10\/idosa-e-baleada-durante-assalto-na-zona-norte-de-ribeirao-preto\/","url_meta":{"origin":31085,"position":5},"title":"Idosa \u00e9 baleada durante assalto na zona Norte de Ribeir\u00e3o Preto","author":"noticiasribeiraopreto.com.br","date":"10 de October de 2024","format":false,"excerpt":"Uma mulher de 79 anos foi baleada durante um assalto na noite desta quarta-feira (9), no Jardim Joaquim Proc\u00f3pio, zona Norte de Ribeir\u00e3o Preto. Segundo o boletim de ocorr\u00eancia (BO), a v\u00edtima conversava com um vendedor, de 27 anos, na rua Orlando Bartocci, pr\u00f3ximo ao Parque Tom Jobim, quando foram\u2026","rel":"","context":"In &quot;Not\u00edcias de Ribeir\u00e3o Preto-SP e Regi\u00e3o&quot;","block_context":{"text":"Not\u00edcias de Ribeir\u00e3o Preto-SP e Regi\u00e3o","link":"https:\/\/noticiasribeiraopreto.com.br\/index.php\/category\/noticias-de-ribeirao-preto-sp-e-regiao-ismael-colosi\/"},"img":{"alt_text":"","src":"https:\/\/i0.wp.com\/noticiasribeiraopreto.com.br\/wp-content\/uploads\/2024\/10\/1728566408_20220620_114539075_policia_qru_1024x576_25052021184749_jpg_715985292.jpg?fit=1200%2C606&ssl=1&resize=350%2C200","width":350,"height":200,"srcset":"https:\/\/i0.wp.com\/noticiasribeiraopreto.com.br\/wp-content\/uploads\/2024\/10\/1728566408_20220620_114539075_policia_qru_1024x576_25052021184749_jpg_715985292.jpg?fit=1200%2C606&ssl=1&resize=350%2C200 1x, https:\/\/i0.wp.com\/noticiasribeiraopreto.com.br\/wp-content\/uploads\/2024\/10\/1728566408_20220620_114539075_policia_qru_1024x576_25052021184749_jpg_715985292.jpg?fit=1200%2C606&ssl=1&resize=525%2C300 1.5x, https:\/\/i0.wp.com\/noticiasribeiraopreto.com.br\/wp-content\/uploads\/2024\/10\/1728566408_20220620_114539075_policia_qru_1024x576_25052021184749_jpg_715985292.jpg?fit=1200%2C606&ssl=1&resize=700%2C400 2x, https:\/\/i0.wp.com\/noticiasribeiraopreto.com.br\/wp-content\/uploads\/2024\/10\/1728566408_20220620_114539075_policia_qru_1024x576_25052021184749_jpg_715985292.jpg?fit=1200%2C606&ssl=1&resize=1050%2C600 3x"},"classes":[]}],"jetpack_sharing_enabled":true,"jetpack_shortlink":"https:\/\/wp.me\/peQAOb-85n","_links":{"self":[{"href":"https:\/\/noticiasribeiraopreto.com.br\/index.php\/wp-json\/wp\/v2\/posts\/31085","targetHints":{"allow":["GET"]}}],"collection":[{"href":"https:\/\/noticiasribeiraopreto.com.br\/index.php\/wp-json\/wp\/v2\/posts"}],"about":[{"href":"https:\/\/noticiasribeiraopreto.com.br\/index.php\/wp-json\/wp\/v2\/types\/post"}],"author":[{"embeddable":true,"href":"https:\/\/noticiasribeiraopreto.com.br\/index.php\/wp-json\/wp\/v2\/users\/1"}],"replies":[{"embeddable":true,"href":"https:\/\/noticiasribeiraopreto.com.br\/index.php\/wp-json\/wp\/v2\/comments?post=31085"}],"version-history":[{"count":0,"href":"https:\/\/noticiasribeiraopreto.com.br\/index.php\/wp-json\/wp\/v2\/posts\/31085\/revisions"}],"wp:featuredmedia":[{"embeddable":true,"href":"https:\/\/noticiasribeiraopreto.com.br\/index.php\/wp-json\/wp\/v2\/media\/31086"}],"wp:attachment":[{"href":"https:\/\/noticiasribeiraopreto.com.br\/index.php\/wp-json\/wp\/v2\/media?parent=31085"}],"wp:term":[{"taxonomy":"category","embeddable":true,"href":"https:\/\/noticiasribeiraopreto.com.br\/index.php\/wp-json\/wp\/v2\/categories?post=31085"},{"taxonomy":"post_tag","embeddable":true,"href":"https:\/\/noticiasribeiraopreto.com.br\/index.php\/wp-json\/wp\/v2\/tags?post=31085"}],"curies":[{"name":"wp","href":"https:\/\/api.w.org\/{rel}","templated":true}]}}