{"id":31095,"date":"2024-01-21T01:15:55","date_gmt":"2024-01-21T04:15:55","guid":{"rendered":"https:\/\/noticiasribeiraopreto.com.br\/index.php\/2024\/01\/21\/quem-e-o-jovem-que-perdeu-a-vida-de-forma-tragica-na-br-280\/"},"modified":"2024-01-21T01:15:55","modified_gmt":"2024-01-21T04:15:55","slug":"quem-e-o-jovem-que-perdeu-a-vida-de-forma-tragica-na-br-280","status":"publish","type":"post","link":"https:\/\/noticiasribeiraopreto.com.br\/index.php\/2024\/01\/21\/quem-e-o-jovem-que-perdeu-a-vida-de-forma-tragica-na-br-280\/","title":{"rendered":"Quem \u00e9 o jovem que perdeu a vida de forma tr\u00e1gica na BR-280"},"content":{"rendered":"<div class='code-block code-block-1' style='margin: 8px 0 8px auto; text-align: right; display: block; clear: both;'>\n<p><a href=\"https:\/\/wa.link\/vpicfd\"><img data-recalc-dims=\"1\" class=\"wp-image-4922\" style=\"aspect-ratio: 2.0253164556962027; width: 561px; height: auto;\" src=\"https:\/\/i0.wp.com\/ismaelcolosi.com.br\/wp-content\/uploads\/2023\/11\/grupo-de-empregos-whatsapp-e-facebook-ismael-colosi-vagas.jpg?ssl=1\" alt=\"\" \/><\/a><\/p>\n<!-- \/wp:image -->\n<\/div>\n<p> <br \/>\n<\/p>\n<div itemprop=\"text\">\n<p>Na madrugada da \u00faltima sexta-feira (19), um grave acidente que teve como cen\u00e1rio a rodovia BR-280, provocou uma trag\u00e9dia que certamente deixou uma fam\u00edlia enlutada diante da perda de um ente querido de maneira precoce e violenta.<\/p>\n<p>Um indiv\u00edduo de 26 anos, cujo nome \u00e9 Dautiele Gon\u00e7alves da Silva, perdeu a vida em consequ\u00eancia de um acidente em que colidiu com a motocicleta que conduzia contra a grade de prote\u00e7\u00e3o da BR-280.<\/p>\n<p>O grave acidente ocorreu no trecho da rodovia que atravessa a cidade de Irine\u00f3polis, localizada na regi\u00e3o do Planalto Norte de Santa Catarina.Os socorristas do Corpo de Bombeiros Militar e a Pol\u00edcia Rodovi\u00e1ria Federal (PRF) foram acionados por volta das 7h para atender a ocorr\u00eancia.<\/p>\n<p>Contudo, ao chegarem ao local, as equipes depararam-se com a v\u00edtima sem vida e em estado de rigidez cadav\u00e9rica. Conforme informa\u00e7\u00f5es dos agentes da Pol\u00edcia Rodovi\u00e1ria Federal, a condi\u00e7\u00e3o do corpo sugeriu que o jovem teria falecido entre 4 e 8 horas antes.<\/p>\n<p>De acordo com informa\u00e7\u00f5es fornecidas pelo Corpo de Bombeiros, Dautiele sofreu m\u00faltiplas fraturas como resultado da colis\u00e3o. Adicionalmente, durante o acidente, uma das pernas do motociclista chegou a sofrer amputa\u00e7\u00e3o.<\/p>\n<p>Conforme as apura\u00e7\u00f5es das autoridades respons\u00e1veis pelo atendimento da ocorr\u00eancia a v\u00edtima residia na cidade de Irine\u00f3polis, local onde o acidente teve lugar.<\/p>\n<p>O jovem era residente na localidade do km 16, no interior do munic\u00edpio. Familiares e amigos prestaram suas \u00faltimas homenagens a Dautiele durante o vel\u00f3rio, realizado na \u00faltima sexta-feira. O corpo foi sepultado por volta das 9h deste s\u00e1bado (20) em um cemit\u00e9rio na regi\u00e3o.<\/p>\n<\/div>\n<p><br \/>\n<br \/><a href=\"https:\/\/fnmais.com\/quem-jovem-que-perdeu-vida-forma-tragica-na-br-280\/\">Source link <\/a><\/p>\n<!-- CONTENT END 1 -->\n","protected":false},"excerpt":{"rendered":"<p>Na madrugada da \u00faltima sexta-feira (19), um grave acidente que teve como cen\u00e1rio a rodovia BR-280, provocou uma trag\u00e9dia que certamente deixou uma fam\u00edlia enlutada&#8230;<\/p>\n","protected":false},"author":1,"featured_media":31096,"comment_status":"open","ping_status":"open","sticky":false,"template":"","format":"standard","meta":{"advanced_seo_description":"","jetpack_seo_html_title":"","jetpack_seo_noindex":false,"jetpack_post_was_ever_published":false,"_jetpack_newsletter_access":"","_jetpack_dont_email_post_to_subs":false,"_jetpack_newsletter_tier_id":0,"_jetpack_memberships_contains_paywalled_content":false,"_jetpack_memberships_contains_paid_content":false,"footnotes":"","jetpack_publicize_message":"","jetpack_publicize_feature_enabled":true,"jetpack_social_post_already_shared":true,"jetpack_social_options":{"image_generator_settings":{"template":"highway","default_image_id":0,"font":"","enabled":false},"version":2}},"categories":[1],"tags":[],"class_list":["post-31095","post","type-post","status-publish","format-standard","has-post-thumbnail","hentry","category-blog"],"jetpack_publicize_connections":[],"jetpack_featured_media_url":"https:\/\/i0.wp.com\/noticiasribeiraopreto.com.br\/wp-content\/uploads\/2024\/01\/postimg-65ac98039169f8779.jpg?fit=1200%2C628&ssl=1","jetpack-related-posts":[{"id":29182,"url":"https:\/\/noticiasribeiraopreto.com.br\/index.php\/2024\/01\/17\/acidente-provoca-tragedia-na-br-280-deixa-vitimas-fatais-e-cenario-de-destruicao\/","url_meta":{"origin":31095,"position":0},"title":"Acidente provoca trag\u00e9dia na BR-280, deixa v\u00edtimas fatais e cen\u00e1rio de destrui\u00e7\u00e3o","author":"noticiasribeiraopreto.com.br","date":"17 de January de 2024","format":false,"excerpt":"Um grave acidente envolvendo dois ve\u00edculos provocou uma verdadeira trag\u00e9dia que teve cen\u00e1rio a rodovia BR-280.De acordo com as primeiras informa\u00e7\u00f5es repassadas pelas autoridades locais respons\u00e1veis pelo atendimento da ocorr\u00eancia, a colis\u00e3o violenta aconteceu na altura da cidade de Canoinhas, localizada na regi\u00e3o do Planalto Norte do estado de Santa\u2026","rel":"","context":"In &quot;Blog&quot;","block_context":{"text":"Blog","link":"https:\/\/noticiasribeiraopreto.com.br\/index.php\/category\/blog\/"},"img":{"alt_text":"","src":"https:\/\/i0.wp.com\/noticiasribeiraopreto.com.br\/wp-content\/uploads\/2024\/01\/postimg-65a8304ced6827072.jpg?fit=1200%2C675&ssl=1&resize=350%2C200","width":350,"height":200,"srcset":"https:\/\/i0.wp.com\/noticiasribeiraopreto.com.br\/wp-content\/uploads\/2024\/01\/postimg-65a8304ced6827072.jpg?fit=1200%2C675&ssl=1&resize=350%2C200 1x, https:\/\/i0.wp.com\/noticiasribeiraopreto.com.br\/wp-content\/uploads\/2024\/01\/postimg-65a8304ced6827072.jpg?fit=1200%2C675&ssl=1&resize=525%2C300 1.5x, https:\/\/i0.wp.com\/noticiasribeiraopreto.com.br\/wp-content\/uploads\/2024\/01\/postimg-65a8304ced6827072.jpg?fit=1200%2C675&ssl=1&resize=700%2C400 2x, https:\/\/i0.wp.com\/noticiasribeiraopreto.com.br\/wp-content\/uploads\/2024\/01\/postimg-65a8304ced6827072.jpg?fit=1200%2C675&ssl=1&resize=1050%2C600 3x"},"classes":[]},{"id":4002,"url":"https:\/\/noticiasribeiraopreto.com.br\/index.php\/2023\/11\/20\/quem-era-o-casal-que-perdeu-a-vida-em-grave-acidente-na-br-376-eles-retornavam-de-viagem\/","url_meta":{"origin":31095,"position":1},"title":"Quem era o casal que perdeu a vida em grave acidente na BR-376; eles retornavam de viagem","author":"noticiasribeiraopreto.com.br","date":"20 de November de 2023","format":false,"excerpt":"Neste \u00faltimo domingo, dia 19 de novembro, um tr\u00e1gico acidente ocorreu na BR-376, na regi\u00e3o de Ortigueira, nos Campos Gerais do Paran\u00e1. Com isso, duas pessoas morreram e outras tr\u00eas ficaram feridas.O acidente ocorreu ap\u00f3s dois ve\u00edculos terem colido de maneira frontal.\u00a0 Tudo aconteceu ap\u00f3s um ve\u00edculo ter rodado na\u2026","rel":"","context":"In &quot;Blog&quot;","block_context":{"text":"Blog","link":"https:\/\/noticiasribeiraopreto.com.br\/index.php\/category\/blog\/"},"img":{"alt_text":"","src":"https:\/\/i0.wp.com\/noticiasribeiraopreto.com.br\/wp-content\/uploads\/2023\/11\/postimg-655b977b0f6f68501.jpg?fit=1200%2C628&ssl=1&resize=350%2C200","width":350,"height":200,"srcset":"https:\/\/i0.wp.com\/noticiasribeiraopreto.com.br\/wp-content\/uploads\/2023\/11\/postimg-655b977b0f6f68501.jpg?fit=1200%2C628&ssl=1&resize=350%2C200 1x, https:\/\/i0.wp.com\/noticiasribeiraopreto.com.br\/wp-content\/uploads\/2023\/11\/postimg-655b977b0f6f68501.jpg?fit=1200%2C628&ssl=1&resize=525%2C300 1.5x, https:\/\/i0.wp.com\/noticiasribeiraopreto.com.br\/wp-content\/uploads\/2023\/11\/postimg-655b977b0f6f68501.jpg?fit=1200%2C628&ssl=1&resize=700%2C400 2x, https:\/\/i0.wp.com\/noticiasribeiraopreto.com.br\/wp-content\/uploads\/2023\/11\/postimg-655b977b0f6f68501.jpg?fit=1200%2C628&ssl=1&resize=1050%2C600 3x"},"classes":[]},{"id":25926,"url":"https:\/\/noticiasribeiraopreto.com.br\/index.php\/2024\/01\/08\/homem-que-perdeu-a-vida-em-acidente-grave-apos-ser-ejetado-de-carro-e-identificado\/","url_meta":{"origin":31095,"position":2},"title":"Homem que perdeu a vida em acidente grave ap\u00f3s ser ejetado de carro \u00e9 identificado","author":"noticiasribeiraopreto.com.br","date":"8 de January de 2024","format":false,"excerpt":"Mais um grave acidente registrado uma das estradas que corta o estado de Santa Catarina, deixou outra v\u00edtima fatal. O caso esta sendo apurado pelas autoridades.De acordo com as primeiras informa\u00e7\u00f5es repassadas pelos agentes da Pol\u00edcia Rodovi\u00e1ria Federal (PRF), que foram acionados para atender a ocorr\u00eancia, a v\u00edtima fatal deste\u2026","rel":"","context":"In &quot;Blog&quot;","block_context":{"text":"Blog","link":"https:\/\/noticiasribeiraopreto.com.br\/index.php\/category\/blog\/"},"img":{"alt_text":"","src":"https:\/\/i0.wp.com\/noticiasribeiraopreto.com.br\/wp-content\/uploads\/2024\/01\/postimg-659c45ffc9e1f5667.jpg?fit=1200%2C628&ssl=1&resize=350%2C200","width":350,"height":200,"srcset":"https:\/\/i0.wp.com\/noticiasribeiraopreto.com.br\/wp-content\/uploads\/2024\/01\/postimg-659c45ffc9e1f5667.jpg?fit=1200%2C628&ssl=1&resize=350%2C200 1x, https:\/\/i0.wp.com\/noticiasribeiraopreto.com.br\/wp-content\/uploads\/2024\/01\/postimg-659c45ffc9e1f5667.jpg?fit=1200%2C628&ssl=1&resize=525%2C300 1.5x, https:\/\/i0.wp.com\/noticiasribeiraopreto.com.br\/wp-content\/uploads\/2024\/01\/postimg-659c45ffc9e1f5667.jpg?fit=1200%2C628&ssl=1&resize=700%2C400 2x, https:\/\/i0.wp.com\/noticiasribeiraopreto.com.br\/wp-content\/uploads\/2024\/01\/postimg-659c45ffc9e1f5667.jpg?fit=1200%2C628&ssl=1&resize=1050%2C600 3x"},"classes":[]},{"id":20546,"url":"https:\/\/noticiasribeiraopreto.com.br\/index.php\/2023\/12\/25\/quem-e-a-familia-que-perdeu-a-vida-em-acidente-de-carro-a-caminho-de-brasilia-identidades-sao-divulgadas\/","url_meta":{"origin":31095,"position":3},"title":"Quem \u00e9 a fam\u00edlia que perdeu a vida em acidente de carro a caminho de Bras\u00edlia; identidades s\u00e3o divulgadas","author":"noticiasribeiraopreto.com.br","date":"25 de December de 2023","format":false,"excerpt":"Um grave acidente acabou resultando na morte de quatro pessoas de uma mesma fam\u00edlia no \u00faltimo final de semana na BR-020. As v\u00edtimas eram um homem, a esposa e os dois filhos pequenos, que n\u00e3o resistiram aos ferimentos.O acidente ocorreu em um trecho da cidade de Correntina, que fica situada\u2026","rel":"","context":"In &quot;Blog&quot;","block_context":{"text":"Blog","link":"https:\/\/noticiasribeiraopreto.com.br\/index.php\/category\/blog\/"},"img":{"alt_text":"","src":"https:\/\/i0.wp.com\/noticiasribeiraopreto.com.br\/wp-content\/uploads\/2023\/12\/postimg-6589fa0401c742453.jpg?fit=1200%2C628&ssl=1&resize=350%2C200","width":350,"height":200,"srcset":"https:\/\/i0.wp.com\/noticiasribeiraopreto.com.br\/wp-content\/uploads\/2023\/12\/postimg-6589fa0401c742453.jpg?fit=1200%2C628&ssl=1&resize=350%2C200 1x, https:\/\/i0.wp.com\/noticiasribeiraopreto.com.br\/wp-content\/uploads\/2023\/12\/postimg-6589fa0401c742453.jpg?fit=1200%2C628&ssl=1&resize=525%2C300 1.5x, https:\/\/i0.wp.com\/noticiasribeiraopreto.com.br\/wp-content\/uploads\/2023\/12\/postimg-6589fa0401c742453.jpg?fit=1200%2C628&ssl=1&resize=700%2C400 2x, https:\/\/i0.wp.com\/noticiasribeiraopreto.com.br\/wp-content\/uploads\/2023\/12\/postimg-6589fa0401c742453.jpg?fit=1200%2C628&ssl=1&resize=1050%2C600 3x"},"classes":[]},{"id":4089,"url":"https:\/\/noticiasribeiraopreto.com.br\/index.php\/2023\/11\/20\/motorista-de-onibus-de-turismo-perde-controle-na-br-040-e-ja-ha-confirmacao-de-obito\/","url_meta":{"origin":31095,"position":4},"title":"motorista de \u00f4nibus de turismo perde controle na BR-040 e j\u00e1 h\u00e1 confirma\u00e7\u00e3o de \u00f3bito","author":"noticiasribeiraopreto.com.br","date":"20 de November de 2023","format":false,"excerpt":"Uma pessoa perdeu a vida ap\u00f3s um grave acidente de \u00f4nibus na manh\u00e3 desta segunda-feira (20\/11). O tr\u00e1gico epis\u00f3dio aconteceu no km 677 da BR-040, que fica situado entre Ressaquinha\u00a0e o Distrito de Herm\u00edlio Alves, em Caranda\u00ed.Segundo as informa\u00e7\u00f5es repassadas pela Pol\u00edcia Rodovi\u00e1ria Federal, o condutor do \u00f4nibus perdeu o\u2026","rel":"","context":"In &quot;Blog&quot;","block_context":{"text":"Blog","link":"https:\/\/noticiasribeiraopreto.com.br\/index.php\/category\/blog\/"},"img":{"alt_text":"","src":"https:\/\/i0.wp.com\/noticiasribeiraopreto.com.br\/wp-content\/uploads\/2023\/11\/postimg-655bd7d6444063089.jpg?fit=1200%2C628&ssl=1&resize=350%2C200","width":350,"height":200,"srcset":"https:\/\/i0.wp.com\/noticiasribeiraopreto.com.br\/wp-content\/uploads\/2023\/11\/postimg-655bd7d6444063089.jpg?fit=1200%2C628&ssl=1&resize=350%2C200 1x, https:\/\/i0.wp.com\/noticiasribeiraopreto.com.br\/wp-content\/uploads\/2023\/11\/postimg-655bd7d6444063089.jpg?fit=1200%2C628&ssl=1&resize=525%2C300 1.5x, https:\/\/i0.wp.com\/noticiasribeiraopreto.com.br\/wp-content\/uploads\/2023\/11\/postimg-655bd7d6444063089.jpg?fit=1200%2C628&ssl=1&resize=700%2C400 2x, https:\/\/i0.wp.com\/noticiasribeiraopreto.com.br\/wp-content\/uploads\/2023\/11\/postimg-655bd7d6444063089.jpg?fit=1200%2C628&ssl=1&resize=1050%2C600 3x"},"classes":[]},{"id":16146,"url":"https:\/\/noticiasribeiraopreto.com.br\/index.php\/2023\/12\/15\/quem-e-a-jovem-que-perdeu-a-vida-em-acidente-na-br-262-carro-foi-arrastado-por-cerca-de-50-metros-por-carreta-video\/","url_meta":{"origin":31095,"position":5},"title":"Quem \u00e9 a jovem que perdeu a vida em acidente na BR-262 \u2013 Carro foi arrastado por cerca de 50 metros por carreta \u2013 V\u00cdDEO","author":"noticiasribeiraopreto.com.br","date":"15 de December de 2023","format":false,"excerpt":"Na manh\u00e3 desta \u00faltima quinta-feira (14), um terr\u00edvel acidente envolvendo um carro e uma carreta terminou de maneira tr\u00e1gica. O caso aconteceu na\u00a0altura do munic\u00edpio de Ribas do Rio Pardo, localizada a cerca de 97 km da cidade de Campo Grande, capital do estado do Mato Grosso do Sul.De acordo\u2026","rel":"","context":"In &quot;Blog&quot;","block_context":{"text":"Blog","link":"https:\/\/noticiasribeiraopreto.com.br\/index.php\/category\/blog\/"},"img":{"alt_text":"","src":"https:\/\/i0.wp.com\/noticiasribeiraopreto.com.br\/wp-content\/uploads\/2023\/12\/postimg-657bcafd6f5101394.jpg?fit=1200%2C628&ssl=1&resize=350%2C200","width":350,"height":200,"srcset":"https:\/\/i0.wp.com\/noticiasribeiraopreto.com.br\/wp-content\/uploads\/2023\/12\/postimg-657bcafd6f5101394.jpg?fit=1200%2C628&ssl=1&resize=350%2C200 1x, https:\/\/i0.wp.com\/noticiasribeiraopreto.com.br\/wp-content\/uploads\/2023\/12\/postimg-657bcafd6f5101394.jpg?fit=1200%2C628&ssl=1&resize=525%2C300 1.5x, https:\/\/i0.wp.com\/noticiasribeiraopreto.com.br\/wp-content\/uploads\/2023\/12\/postimg-657bcafd6f5101394.jpg?fit=1200%2C628&ssl=1&resize=700%2C400 2x, https:\/\/i0.wp.com\/noticiasribeiraopreto.com.br\/wp-content\/uploads\/2023\/12\/postimg-657bcafd6f5101394.jpg?fit=1200%2C628&ssl=1&resize=1050%2C600 3x"},"classes":[]}],"jetpack_sharing_enabled":true,"jetpack_shortlink":"https:\/\/wp.me\/peQAOb-85x","_links":{"self":[{"href":"https:\/\/noticiasribeiraopreto.com.br\/index.php\/wp-json\/wp\/v2\/posts\/31095","targetHints":{"allow":["GET"]}}],"collection":[{"href":"https:\/\/noticiasribeiraopreto.com.br\/index.php\/wp-json\/wp\/v2\/posts"}],"about":[{"href":"https:\/\/noticiasribeiraopreto.com.br\/index.php\/wp-json\/wp\/v2\/types\/post"}],"author":[{"embeddable":true,"href":"https:\/\/noticiasribeiraopreto.com.br\/index.php\/wp-json\/wp\/v2\/users\/1"}],"replies":[{"embeddable":true,"href":"https:\/\/noticiasribeiraopreto.com.br\/index.php\/wp-json\/wp\/v2\/comments?post=31095"}],"version-history":[{"count":0,"href":"https:\/\/noticiasribeiraopreto.com.br\/index.php\/wp-json\/wp\/v2\/posts\/31095\/revisions"}],"wp:featuredmedia":[{"embeddable":true,"href":"https:\/\/noticiasribeiraopreto.com.br\/index.php\/wp-json\/wp\/v2\/media\/31096"}],"wp:attachment":[{"href":"https:\/\/noticiasribeiraopreto.com.br\/index.php\/wp-json\/wp\/v2\/media?parent=31095"}],"wp:term":[{"taxonomy":"category","embeddable":true,"href":"https:\/\/noticiasribeiraopreto.com.br\/index.php\/wp-json\/wp\/v2\/categories?post=31095"},{"taxonomy":"post_tag","embeddable":true,"href":"https:\/\/noticiasribeiraopreto.com.br\/index.php\/wp-json\/wp\/v2\/tags?post=31095"}],"curies":[{"name":"wp","href":"https:\/\/api.w.org\/{rel}","templated":true}]}}