{"id":31101,"date":"2024-01-21T02:02:56","date_gmt":"2024-01-21T05:02:56","guid":{"rendered":"https:\/\/noticiasribeiraopreto.com.br\/index.php\/2024\/01\/21\/guitarristas-do-korn-escolhem-os-11-riffs-mais-pesados-da-banda\/"},"modified":"2024-01-21T02:02:56","modified_gmt":"2024-01-21T05:02:56","slug":"guitarristas-do-korn-escolhem-os-11-riffs-mais-pesados-da-banda","status":"publish","type":"post","link":"https:\/\/noticiasribeiraopreto.com.br\/index.php\/2024\/01\/21\/guitarristas-do-korn-escolhem-os-11-riffs-mais-pesados-da-banda\/","title":{"rendered":"Guitarristas do KoRn escolhem os 11 riffs mais pesados\u00a0da\u00a0banda"},"content":{"rendered":"<div class='code-block code-block-1' style='margin: 8px 0 8px auto; text-align: right; display: block; clear: both;'>\n<p><a href=\"https:\/\/wa.link\/vpicfd\"><img data-recalc-dims=\"1\" class=\"wp-image-4922\" style=\"aspect-ratio: 2.0253164556962027; width: 561px; height: auto;\" src=\"https:\/\/i0.wp.com\/ismaelcolosi.com.br\/wp-content\/uploads\/2023\/11\/grupo-de-empregos-whatsapp-e-facebook-ismael-colosi-vagas.jpg?ssl=1\" alt=\"\" \/><\/a><\/p>\n<!-- \/wp:image -->\n<\/div>\n<p> <br \/>\n<\/p>\n<div>\n<div class=\"td-post-featured-image\">\n<figure><picture class=\"entry-thumb td-modal-image\" title=\"Munky, guitarrista do KoRn\"><source type=\"image\/webp\" data-lazy-srcset=\"https:\/\/www.tenhomaisdiscosqueamigos.com\/wp-content\/uploads\/2020\/03\/korn-munky-guitarrista.jpg.webp 696w, https:\/\/www.tenhomaisdiscosqueamigos.com\/wp-content\/uploads\/2020\/03\/korn-munky-guitarrista-300x202.jpg.webp 300w\" srcset=\"data:image\/svg+xml,%3Csvg%20xmlns='http:\/\/www.w3.org\/2000\/svg'%20viewBox='0%200%20696%20468'%3E%3C\/svg%3E\" data-lazy-sizes=\"(max-width: 696px) 100vw, 696px\"\/><img data-recalc-dims=\"1\" loading=\"lazy\" decoding=\"async\" width=\"696\" height=\"468\" src=\"https:\/\/i0.wp.com\/www.tenhomaisdiscosqueamigos.com\/wp-content\/uploads\/2020\/03\/korn-munky-guitarrista-696x468.jpg?resize=696%2C468&#038;ssl=1\" data-lazy-srcset=\"https:\/\/www.tenhomaisdiscosqueamigos.com\/wp-content\/uploads\/2020\/03\/korn-munky-guitarrista.jpg 696w, https:\/\/www.tenhomaisdiscosqueamigos.com\/wp-content\/uploads\/2020\/03\/korn-munky-guitarrista-300x202.jpg 300w\" data-lazy-sizes=\"(max-width: 696px) 100vw, 696px\" alt=\"Munky, guitarrista do KoRn\" data-lazy-src=\"https:\/\/www.tenhomaisdiscosqueamigos.com\/wp-content\/uploads\/2020\/03\/korn-munky-guitarrista-696x468.jpg\"\/>\n<\/picture>\n<noscript><picture class=\"entry-thumb td-modal-image\" title=\"Munky, guitarrista do KoRn\"><source type=\"image\/webp\" srcset=\"https:\/\/www.tenhomaisdiscosqueamigos.com\/wp-content\/uploads\/2020\/03\/korn-munky-guitarrista.jpg.webp 696w, https:\/\/www.tenhomaisdiscosqueamigos.com\/wp-content\/uploads\/2020\/03\/korn-munky-guitarrista-300x202.jpg.webp 300w\" sizes=\"(max-width: 696px) 100vw, 696px\"\/><img data-recalc-dims=\"1\" loading=\"lazy\" decoding=\"async\" width=\"696\" height=\"468\" src=\"https:\/\/i0.wp.com\/www.tenhomaisdiscosqueamigos.com\/wp-content\/uploads\/2020\/03\/korn-munky-guitarrista-696x468.jpg?resize=696%2C468&#038;ssl=1\" srcset=\"https:\/\/www.tenhomaisdiscosqueamigos.com\/wp-content\/uploads\/2020\/03\/korn-munky-guitarrista.jpg 696w, https:\/\/www.tenhomaisdiscosqueamigos.com\/wp-content\/uploads\/2020\/03\/korn-munky-guitarrista-300x202.jpg 300w\" sizes=\"auto, (max-width: 696px) 100vw, 696px\" alt=\"Munky, guitarrista do KoRn\"\/>\n<\/picture>\n<\/noscript><figcaption class=\"wp-caption-text\">Foto: Wikimedia Commons<\/figcaption><\/figure>\n<\/div>\n<p>            <!-- echo $td_mod_single->get_content(); --><\/p>\n<p>Uma das bandas de Nu Metal h\u00e1 mais tempo em atividade, o <strong>KoRn<\/strong> j\u00e1 nos presenteou com riffs pesad\u00edssimos criados pelos guitarristas <strong>James \u201cMunky\u201d Shaffer<\/strong> e <strong>Brian \u201cHead\u201d Welch<\/strong> ao longo de incr\u00edveis 14 discos de est\u00fadio.<\/p>\n<p>Como seria muito dif\u00edcil escolher apenas alguns desses riffs para uma lista de melhores da carreira, a revista americana <em>Revolver<\/em> convidou os pr\u00f3prios guitarristas para essa miss\u00e3o.<\/p>\n<p>No v\u00eddeo que voc\u00ea pode assistir <a href=\"https:\/\/youtu.be\/Ny3jd-juuhM?si=2gWxRHWBQp9pk23F\" target=\"_blank\" rel=\"noopener\">por aqui<\/a>, Munky e Head elegem os seus 11 riffs favoritos do KoRn, passeando por toda a discografia contando curiosidades, explicando as t\u00e9cnicas na guitarra e porque algumas m\u00fasicas funcionam ainda melhor ao vivo.<\/p>\n<p>Abaixo, voc\u00ea pode conferir a lista completa na ordem em que foram lembradas pelos guitarristas, incluindo sucessos da banda de <strong>Jonathan Davis<\/strong> como <strong>\u201cFreak on a Leash\u201d<\/strong>, <strong>\u201cTwist\u201d<\/strong> e <strong>\u201cSomebody Someone\u201d<\/strong>.<\/p>\n<p><em><strong>LEIA TAMB\u00c9M: Jonathan Davis (KoRn) relembra hit que fala sobre pensar em sexo o dia inteiro: \u201cm\u00fasica idiota\u201d<\/strong><\/em><\/p>\n<h3>Os 11 riffs mais pesados\u00a0do KoRn, segundo Munky e Head<\/h3>\n<h4>\u201cDaddy\u201d (1994)<\/h4>\n<p><noscript><iframe loading=\"lazy\" title=\"Daddy\" width=\"500\" height=\"375\" src=\"https:\/\/www.youtube.com\/embed\/zQZodBV39F4?feature=oembed\" frameborder=\"0\" allow=\"accelerometer; autoplay; clipboard-write; encrypted-media; gyroscope; picture-in-picture; web-share\" referrerpolicy=\"strict-origin-when-cross-origin\" allowfullscreen><\/iframe><\/noscript><\/p>\n<h4>\u201cBall Tongue\u201d (1994)<\/h4>\n<p><noscript><iframe loading=\"lazy\" title=\"Ball Tongue\" width=\"500\" height=\"375\" src=\"https:\/\/www.youtube.com\/embed\/gQsfIn7_lQQ?feature=oembed\" frameborder=\"0\" allow=\"accelerometer; autoplay; clipboard-write; encrypted-media; gyroscope; picture-in-picture; web-share\" referrerpolicy=\"strict-origin-when-cross-origin\" allowfullscreen><\/iframe><\/noscript><\/p>\n<h4>\u201cFaget\u201d (1994)<\/h4>\n<p><noscript><iframe loading=\"lazy\" title=\"Faget\" width=\"500\" height=\"375\" src=\"https:\/\/www.youtube.com\/embed\/4LsZt6z4_0I?feature=oembed\" frameborder=\"0\" allow=\"accelerometer; autoplay; clipboard-write; encrypted-media; gyroscope; picture-in-picture; web-share\" referrerpolicy=\"strict-origin-when-cross-origin\" allowfullscreen><\/iframe><\/noscript><\/p>\n<h4>\u201cLost in the Grandeur\u201d (2022)<\/h4>\n<p><noscript><iframe loading=\"lazy\" title=\"Korn - Lost In The Grandeur (Requiem Mass)\" width=\"500\" height=\"281\" src=\"https:\/\/www.youtube.com\/embed\/satPBSzKAhY?feature=oembed\" frameborder=\"0\" allow=\"accelerometer; autoplay; clipboard-write; encrypted-media; gyroscope; picture-in-picture; web-share\" referrerpolicy=\"strict-origin-when-cross-origin\" allowfullscreen><\/iframe><\/noscript><\/p>\n<h4>\u201cSomebody Someone\u201d (1999)<\/h4>\n<p><noscript><iframe loading=\"lazy\" title=\"Korn - Somebody Someone (Official HD Video)\" width=\"500\" height=\"281\" src=\"https:\/\/www.youtube.com\/embed\/FBEE-t-uyI0?feature=oembed\" frameborder=\"0\" allow=\"accelerometer; autoplay; clipboard-write; encrypted-media; gyroscope; picture-in-picture; web-share\" referrerpolicy=\"strict-origin-when-cross-origin\" allowfullscreen><\/iframe><\/noscript><\/p>\n<h4>\u201cInsane\u201d (2016)<\/h4>\n<p><noscript><iframe loading=\"lazy\" title=\"Korn - Insane (OFFICIAL VIDEO)\" width=\"500\" height=\"281\" src=\"https:\/\/www.youtube.com\/embed\/P-zb4C_k7Ek?feature=oembed\" frameborder=\"0\" allow=\"accelerometer; autoplay; clipboard-write; encrypted-media; gyroscope; picture-in-picture; web-share\" referrerpolicy=\"strict-origin-when-cross-origin\" allowfullscreen><\/iframe><\/noscript><\/p>\n<h4>\u201cKill You\u201d (1996)<\/h4>\n<p><noscript><iframe loading=\"lazy\" title=\"Kill You\" width=\"500\" height=\"375\" src=\"https:\/\/www.youtube.com\/embed\/FHxys8pM_G4?feature=oembed\" frameborder=\"0\" allow=\"accelerometer; autoplay; clipboard-write; encrypted-media; gyroscope; picture-in-picture; web-share\" referrerpolicy=\"strict-origin-when-cross-origin\" allowfullscreen><\/iframe><\/noscript><\/p>\n<h4>\u201cAll in the Family\u201d (1998)<\/h4>\n<p><noscript><iframe loading=\"lazy\" title=\"All In the Family\" width=\"500\" height=\"375\" src=\"https:\/\/www.youtube.com\/embed\/QCrbErzHD0g?feature=oembed\" frameborder=\"0\" allow=\"accelerometer; autoplay; clipboard-write; encrypted-media; gyroscope; picture-in-picture; web-share\" referrerpolicy=\"strict-origin-when-cross-origin\" allowfullscreen><\/iframe><\/noscript><\/p>\n<h4>\u201cMy Gift to You\u201d (1998)<\/h4>\n<p><noscript><iframe loading=\"lazy\" title=\"My Gift to You\" width=\"500\" height=\"375\" src=\"https:\/\/www.youtube.com\/embed\/68YDxUWvWSo?feature=oembed\" frameborder=\"0\" allow=\"accelerometer; autoplay; clipboard-write; encrypted-media; gyroscope; picture-in-picture; web-share\" referrerpolicy=\"strict-origin-when-cross-origin\" allowfullscreen><\/iframe><\/noscript><\/p>\n<h4>\u201cTwist\u201d (1996)<\/h4>\n<p><noscript><iframe loading=\"lazy\" title=\"Korn - Twist (Official Audio)\" width=\"500\" height=\"281\" src=\"https:\/\/www.youtube.com\/embed\/TcePkwagNFA?feature=oembed\" frameborder=\"0\" allow=\"accelerometer; autoplay; clipboard-write; encrypted-media; gyroscope; picture-in-picture; web-share\" referrerpolicy=\"strict-origin-when-cross-origin\" allowfullscreen><\/iframe><\/noscript><\/p>\n<h4>\u201cFreak on a Leash\u201d (1998)<\/h4>\n<p><noscript><iframe loading=\"lazy\" title=\"Korn - Freak On a Leash (Official HD Video)\" width=\"500\" height=\"281\" src=\"https:\/\/www.youtube.com\/embed\/jRGrNDV2mKc?feature=oembed\" frameborder=\"0\" allow=\"accelerometer; autoplay; clipboard-write; encrypted-media; gyroscope; picture-in-picture; web-share\" referrerpolicy=\"strict-origin-when-cross-origin\" allowfullscreen><\/iframe><\/noscript><\/p>\n<div class=\"td-a-rec td-a-rec-id-content_bottom  tdi_3 td_block_template_1\">\n<h3>OU\u00c7A AGORA MESMO A PLAYLIST TMDQA! CHARTS<\/h3>\n<p>               Hits, sucessos e novidades quentes est\u00e3o te esperando agora mesmo na <strong>Playlist TMDQA! Charts<\/strong>; aproveite e <a href=\"https:\/\/open.spotify.com\/playlist\/05jyAgzDISm9DyKJt4WUj1?si=fa5ec8e47e7f49da\" target=\"_blank\" rel=\"noopener\">siga o TMDQA! no Spotify!<\/a><\/p>\n<p>                <iframe style=\"border-radius:12px\" src=\"https:\/\/www.tenhomaisdiscosqueamigos.com\/2024\/01\/20\/korn-riffs-mais-pesados\/about:blank\" width=\"100%\" height=\"352\" frameborder=\"0\" allowfullscreen=\"\" allow=\"autoplay; clipboard-write; encrypted-media; fullscreen; picture-in-picture\" loading=\"lazy\" data-rocket-lazyload=\"fitvidscompatible\" data-lazy-src=\"https:\/\/open.spotify.com\/embed\/playlist\/05jyAgzDISm9DyKJt4WUj1?utm_source=generator\"><\/iframe><noscript><iframe style=\"border-radius:12px\" src=\"https:\/\/open.spotify.com\/embed\/playlist\/05jyAgzDISm9DyKJt4WUj1?utm_source=generator\" width=\"100%\" height=\"352\" frameborder=\"0\" allowfullscreen=\"\" allow=\"autoplay; clipboard-write; encrypted-media; fullscreen; picture-in-picture\" loading=\"lazy\"><\/iframe><\/noscript><\/p>\n<\/div>\n<p>                <!-- YOUR ARTICLE BOTTOM AD --><br \/>\n                <!-- \n\n<h3>NOT&Iacute;CIAS MAIS QUENTES no RESUMO DA SEMANA<\/h3>\n\n\n                Fique por dentro das not&iacute;cias mais quentes do mundo da m&uacute;sica, bem como dos lan&ccedil;amentos nacionais, ouvindo o <strong>Resumo da Semana<\/strong>, programa do <strong>Podcast Tenho Mais Discos Que Amigos!<\/strong>\n\n                <iframe loading=\"lazy\" style=\"border-radius:12px\" src=\"https:\/\/www.tenhomaisdiscosqueamigos.com\/2024\/01\/20\/korn-riffs-mais-pesados\/about:blank\" width=\"100%\" height=\"232\" frameBorder=\"0\" allowfullscreen=\"\" allow=\"autoplay; clipboard-write; encrypted-media; fullscreen; picture-in-picture\" data-rocket-lazyload=\"fitvidscompatible\" data-lazy-src=\"https:\/\/open.spotify.com\/embed-podcast\/episode\/77gyOc7Ern5hPOH93li1xi?utm_source=generator\"><\/iframe><noscript><iframe loading=\"lazy\" style=\"border-radius:12px\" src=\"https:\/\/open.spotify.com\/embed-podcast\/episode\/77gyOc7Ern5hPOH93li1xi?utm_source=generator\" width=\"100%\" height=\"232\" frameBorder=\"0\" allowfullscreen=\"\" allow=\"autoplay; clipboard-write; encrypted-media; fullscreen; picture-in-picture\"><\/iframe><\/noscript>\n\n                &nbsp;\n\n                \n\n<div id=\"taboola-below-article-thumbnails\"><\/div>\n\n\n                 --><br \/>\n                <!-- .YOUR ARTICLE BOTTOM AD --><\/p><\/div>\n<p><script type=\"rocketlazyloadscript\">\n        (function(d, s, id) {\n        var js, fjs = d.getElementsByTagName(s)[0];\n        if (d.getElementById(id)) return;\n        js = d.createElement(s);\n        js.id = id;\n        js.src = \"\/\/connect.facebook.net\/pt_BR\/sdk.js#xfbml=1&version=v2.8&appId=578941478929256\";\n        fjs.parentNode.insertBefore(js, fjs);\n        }(document, 'script', 'facebook-jssdk'));\n    <\/script><script type=\"rocketlazyloadscript\">(function(d, s, id) {\n  var js, fjs = d.getElementsByTagName(s)[0];\n  if (d.getElementById(id)) return;\n  js = d.createElement(s); js.id = id;\n  js.src = \"\/\/connect.facebook.net\/en_US\/sdk.js#xfbml=1&appId=120335281773834&version=v2.3\";\n  fjs.parentNode.insertBefore(js, fjs);\n}(document, 'script', 'facebook-jssdk'));<\/script><br \/>\n<br \/><br \/>\n<br \/><a href=\"https:\/\/www.tenhomaisdiscosqueamigos.com\/2024\/01\/20\/korn-riffs-mais-pesados\/\">Source link <\/a><\/p>\n<!-- CONTENT END 1 -->\n","protected":false},"excerpt":{"rendered":"<p>Foto: Wikimedia Commons Uma das bandas de Nu Metal h\u00e1 mais tempo em atividade, o KoRn j\u00e1 nos presenteou com riffs pesad\u00edssimos criados pelos guitarristas&#8230;<\/p>\n","protected":false},"author":1,"featured_media":31102,"comment_status":"open","ping_status":"open","sticky":false,"template":"","format":"standard","meta":{"advanced_seo_description":"","jetpack_seo_html_title":"","jetpack_seo_noindex":false,"jetpack_post_was_ever_published":false,"_jetpack_newsletter_access":"","_jetpack_dont_email_post_to_subs":false,"_jetpack_newsletter_tier_id":0,"_jetpack_memberships_contains_paywalled_content":false,"_jetpack_memberships_contains_paid_content":false,"footnotes":"","jetpack_publicize_message":"","jetpack_publicize_feature_enabled":true,"jetpack_social_post_already_shared":true,"jetpack_social_options":{"image_generator_settings":{"template":"highway","default_image_id":0,"font":"","enabled":false},"version":2}},"categories":[1],"tags":[],"class_list":["post-31101","post","type-post","status-publish","format-standard","has-post-thumbnail","hentry","category-blog"],"jetpack_publicize_connections":[],"jetpack_featured_media_url":"https:\/\/i0.wp.com\/noticiasribeiraopreto.com.br\/wp-content\/uploads\/2024\/01\/korn-munky-guitarrista.jpg?fit=696%2C468&ssl=1","jetpack-related-posts":[{"id":31217,"url":"https:\/\/noticiasribeiraopreto.com.br\/index.php\/2024\/01\/21\/10-riffs-iconicos-do-metallica-que-nao-foram-escritos-por-james-hetfield\/","url_meta":{"origin":31101,"position":0},"title":"10 riffs ic\u00f4nicos do Metallica que n\u00e3o foram escritos por\u00a0James\u00a0Hetfield","author":"noticiasribeiraopreto.com.br","date":"21 de January de 2024","format":false,"excerpt":"Fotos via Wikimedia Commons Ao longo de mais de 40 anos de banda, quase todas as m\u00fasicas do Metallica surgiram a partir de uma ideia de James Hetfield na guitarra, complementada pelo ritmo de Lars Ulrich na bateria. Mas \u00e9 claro que o vocalista contou com a ajuda dos companheiros\u2026","rel":"","context":"In &quot;Blog&quot;","block_context":{"text":"Blog","link":"https:\/\/noticiasribeiraopreto.com.br\/index.php\/category\/blog\/"},"img":{"alt_text":"","src":"https:\/\/i0.wp.com\/noticiasribeiraopreto.com.br\/wp-content\/uploads\/2024\/01\/dave-mustaine-kirk-hammett.jpg?fit=696%2C400&ssl=1&resize=350%2C200","width":350,"height":200,"srcset":"https:\/\/i0.wp.com\/noticiasribeiraopreto.com.br\/wp-content\/uploads\/2024\/01\/dave-mustaine-kirk-hammett.jpg?fit=696%2C400&ssl=1&resize=350%2C200 1x, https:\/\/i0.wp.com\/noticiasribeiraopreto.com.br\/wp-content\/uploads\/2024\/01\/dave-mustaine-kirk-hammett.jpg?fit=696%2C400&ssl=1&resize=525%2C300 1.5x"},"classes":[]},{"id":60002,"url":"https:\/\/noticiasribeiraopreto.com.br\/index.php\/2024\/11\/04\/guitarrista-do-r-e-m-visita-ribeirao-preto-e-leva-lembranca-da-cidade\/","url_meta":{"origin":31101,"position":1},"title":"Guitarrista do R.E.M visita Ribeir\u00e3o Preto e leva lembran\u00e7a da cidade","author":"noticiasribeiraopreto.com.br","date":"4 de November de 2024","format":false,"excerpt":"O guitarrista da banda norte-americana R.E.M, Peter Buck, visitou Ribeir\u00e3o Preto neste fim de semana e ainda levou uma lembran\u00e7a da cidade. O artista participou do show do cantor Nando Reis, que se apresentou no Theatro Pedro II nos dias 2 e 3 de novembro. Nesta segunda-feira (4), os perfis\u2026","rel":"","context":"In &quot;Not\u00edcias de Ribeir\u00e3o Preto-SP e Regi\u00e3o&quot;","block_context":{"text":"Not\u00edcias de Ribeir\u00e3o Preto-SP e Regi\u00e3o","link":"https:\/\/noticiasribeiraopreto.com.br\/index.php\/category\/noticias-de-ribeirao-preto-sp-e-regiao-ismael-colosi\/"},"img":{"alt_text":"","src":"https:\/\/i0.wp.com\/noticiasribeiraopreto.com.br\/wp-content\/uploads\/2024\/11\/peter-buck-pinguim_2024-11-04_15-33-29_jpg_2024-11-04_15-33-29.webp.webp?fit=1200%2C868&ssl=1&resize=350%2C200","width":350,"height":200,"srcset":"https:\/\/i0.wp.com\/noticiasribeiraopreto.com.br\/wp-content\/uploads\/2024\/11\/peter-buck-pinguim_2024-11-04_15-33-29_jpg_2024-11-04_15-33-29.webp.webp?fit=1200%2C868&ssl=1&resize=350%2C200 1x, https:\/\/i0.wp.com\/noticiasribeiraopreto.com.br\/wp-content\/uploads\/2024\/11\/peter-buck-pinguim_2024-11-04_15-33-29_jpg_2024-11-04_15-33-29.webp.webp?fit=1200%2C868&ssl=1&resize=525%2C300 1.5x, https:\/\/i0.wp.com\/noticiasribeiraopreto.com.br\/wp-content\/uploads\/2024\/11\/peter-buck-pinguim_2024-11-04_15-33-29_jpg_2024-11-04_15-33-29.webp.webp?fit=1200%2C868&ssl=1&resize=700%2C400 2x, https:\/\/i0.wp.com\/noticiasribeiraopreto.com.br\/wp-content\/uploads\/2024\/11\/peter-buck-pinguim_2024-11-04_15-33-29_jpg_2024-11-04_15-33-29.webp.webp?fit=1200%2C868&ssl=1&resize=1050%2C600 3x"},"classes":[]},{"id":45510,"url":"https:\/\/noticiasribeiraopreto.com.br\/index.php\/2024\/04\/04\/tribo-de-jah-se-apresenta-na-fabrica-de-extintores\/","url_meta":{"origin":31101,"position":2},"title":"Tribo de Jah se apresenta na F\u00e1brica de Extintores \u00a0","author":"noticiasribeiraopreto.com.br","date":"4 de April de 2024","format":false,"excerpt":"4 de abril de 2024 | 17:004 de abril de 2024 | 11:49 0 A banda Tribo de Jah, pioneira do Reggae no Brasil, chega a Ribeir\u00e3o Preto neste s\u00e1bado, 06\/04, para um show hist\u00f3rico, atra\u00e7\u00e3o principal da festa \u201cREGGAE CELEBRATION\u201d, evento que integra a programa de comemora\u00e7\u00e3o dos 14\u2026","rel":"","context":"In &quot;Not\u00edcias de Ribeir\u00e3o Preto-SP e Regi\u00e3o&quot;","block_context":{"text":"Not\u00edcias de Ribeir\u00e3o Preto-SP e Regi\u00e3o","link":"https:\/\/noticiasribeiraopreto.com.br\/index.php\/category\/noticias-de-ribeirao-preto-sp-e-regiao-ismael-colosi\/"},"img":{"alt_text":"","src":"","width":0,"height":0},"classes":[]},{"id":64160,"url":"https:\/\/noticiasribeiraopreto.com.br\/index.php\/2025\/03\/03\/tony-bellotto-dos-titas-e-diagnosticado-com-cancer-no-pancreas-e-se-afasta-dos-palcos\/","url_meta":{"origin":31101,"position":3},"title":"Tony Bellotto, dos Tit\u00e3s, \u00e9 diagnosticado com c\u00e2ncer no p\u00e2ncreas e se afasta dos palcos","author":"noticiasribeiraopreto.com.br","date":"3 de March de 2025","format":false,"excerpt":"Em um v\u00eddeo publicado nesta segunda-feira (3), Tony Bellotto, guitarrista da banda Tit\u00e3s, compartilhou com seus f\u00e3s que foi diagnosticado com c\u00e2ncer no p\u00e2ncreas e ficar\u00e1 longe dos palcos por tempo indeterminado. \u201cDurante um exame de rotina, fui diagnosticado com um tumor no p\u00e2ncreas e precisarei passar por uma cirurgia\u201d,\u2026","rel":"","context":"In &quot;Not\u00edcias de Ribeir\u00e3o Preto-SP e Regi\u00e3o&quot;","block_context":{"text":"Not\u00edcias de Ribeir\u00e3o Preto-SP e Regi\u00e3o","link":"https:\/\/noticiasribeiraopreto.com.br\/index.php\/category\/noticias-de-ribeirao-preto-sp-e-regiao-ismael-colosi\/"},"img":{"alt_text":"","src":"https:\/\/i0.wp.com\/noticiasribeiraopreto.com.br\/wp-content\/uploads\/2025\/03\/tony-bellotto_widelg_2025-03-03_22-11-13_jpg_2025-03-03_22-11-13.webp.webp?fit=800%2C450&ssl=1&resize=350%2C200","width":350,"height":200,"srcset":"https:\/\/i0.wp.com\/noticiasribeiraopreto.com.br\/wp-content\/uploads\/2025\/03\/tony-bellotto_widelg_2025-03-03_22-11-13_jpg_2025-03-03_22-11-13.webp.webp?fit=800%2C450&ssl=1&resize=350%2C200 1x, https:\/\/i0.wp.com\/noticiasribeiraopreto.com.br\/wp-content\/uploads\/2025\/03\/tony-bellotto_widelg_2025-03-03_22-11-13_jpg_2025-03-03_22-11-13.webp.webp?fit=800%2C450&ssl=1&resize=525%2C300 1.5x, https:\/\/i0.wp.com\/noticiasribeiraopreto.com.br\/wp-content\/uploads\/2025\/03\/tony-bellotto_widelg_2025-03-03_22-11-13_jpg_2025-03-03_22-11-13.webp.webp?fit=800%2C450&ssl=1&resize=700%2C400 2x"},"classes":[]},{"id":8601,"url":"https:\/\/noticiasribeiraopreto.com.br\/index.php\/2023\/11\/30\/elenco-do-filme-mamonas-assassinas-impressiona-por-semelhanca-com-banda\/","url_meta":{"origin":31101,"position":4},"title":"Elenco do filme &#8216;Mamonas Assassinas&#8217; impressiona por semelhan\u00e7a com banda","author":"noticiasribeiraopreto.com.br","date":"30 de November de 2023","format":false,"excerpt":"Cr\u00e9ditos: Divulga\u00e7\u00e3oSaiba tudo sobre o filme \u201cMamonas Assassinas\u201d O aguardado filme dos \u201cMamonas Assassinas \u2013 O Imposs\u00edvel N\u00e3o Existe\u201d est\u00e1 chegando nas telonas! Com um elenco que impressiona pela semelhan\u00e7a com os integrantes originais da banda, o longa promete conquistar os f\u00e3s. Abaixo, voc\u00ea vai ficar por dentro de todas\u2026","rel":"","context":"In &quot;Variedades&quot;","block_context":{"text":"Variedades","link":"https:\/\/noticiasribeiraopreto.com.br\/index.php\/category\/variedades\/"},"img":{"alt_text":"","src":"https:\/\/i0.wp.com\/noticiasribeiraopreto.com.br\/wp-content\/uploads\/2023\/11\/fotos-catraca-2023-11-30t005359734.png?fit=1200%2C638&ssl=1&resize=350%2C200","width":350,"height":200,"srcset":"https:\/\/i0.wp.com\/noticiasribeiraopreto.com.br\/wp-content\/uploads\/2023\/11\/fotos-catraca-2023-11-30t005359734.png?fit=1200%2C638&ssl=1&resize=350%2C200 1x, https:\/\/i0.wp.com\/noticiasribeiraopreto.com.br\/wp-content\/uploads\/2023\/11\/fotos-catraca-2023-11-30t005359734.png?fit=1200%2C638&ssl=1&resize=525%2C300 1.5x, https:\/\/i0.wp.com\/noticiasribeiraopreto.com.br\/wp-content\/uploads\/2023\/11\/fotos-catraca-2023-11-30t005359734.png?fit=1200%2C638&ssl=1&resize=700%2C400 2x, https:\/\/i0.wp.com\/noticiasribeiraopreto.com.br\/wp-content\/uploads\/2023\/11\/fotos-catraca-2023-11-30t005359734.png?fit=1200%2C638&ssl=1&resize=1050%2C600 3x"},"classes":[]},{"id":37442,"url":"https:\/\/noticiasribeiraopreto.com.br\/index.php\/2024\/02\/16\/banda-magic-fara-show-no-pedro-ii\/","url_meta":{"origin":31101,"position":5},"title":"Banda Magic! far\u00e1 show no Pedro II\u00a0","author":"noticiasribeiraopreto.com.br","date":"16 de February de 2024","format":false,"excerpt":"16 de fevereiro de 2024 | 10:0015 de fevereiro de 2024 | 19:24 0Magic! volta ao Brasil em meio a novidades na vitoriosa e produtiva carreira de doze anos, como o single \u201cGood Feeling About You\u201d, que chegou \u00e0s plataformas digitais de todo o mundo em 19 de janeiro. Este\u2026","rel":"","context":"In &quot;Not\u00edcias de Ribeir\u00e3o Preto-SP e Regi\u00e3o&quot;","block_context":{"text":"Not\u00edcias de Ribeir\u00e3o Preto-SP e Regi\u00e3o","link":"https:\/\/noticiasribeiraopreto.com.br\/index.php\/category\/noticias-de-ribeirao-preto-sp-e-regiao-ismael-colosi\/"},"img":{"alt_text":"","src":"https:\/\/i0.wp.com\/noticiasribeiraopreto.com.br\/wp-content\/uploads\/2024\/02\/Magic-Tri-Reproducao-Instagram-03.jpg?fit=950%2C500&ssl=1&resize=350%2C200","width":350,"height":200,"srcset":"https:\/\/i0.wp.com\/noticiasribeiraopreto.com.br\/wp-content\/uploads\/2024\/02\/Magic-Tri-Reproducao-Instagram-03.jpg?fit=950%2C500&ssl=1&resize=350%2C200 1x, https:\/\/i0.wp.com\/noticiasribeiraopreto.com.br\/wp-content\/uploads\/2024\/02\/Magic-Tri-Reproducao-Instagram-03.jpg?fit=950%2C500&ssl=1&resize=525%2C300 1.5x, https:\/\/i0.wp.com\/noticiasribeiraopreto.com.br\/wp-content\/uploads\/2024\/02\/Magic-Tri-Reproducao-Instagram-03.jpg?fit=950%2C500&ssl=1&resize=700%2C400 2x"},"classes":[]}],"jetpack_sharing_enabled":true,"jetpack_shortlink":"https:\/\/wp.me\/peQAOb-85D","_links":{"self":[{"href":"https:\/\/noticiasribeiraopreto.com.br\/index.php\/wp-json\/wp\/v2\/posts\/31101","targetHints":{"allow":["GET"]}}],"collection":[{"href":"https:\/\/noticiasribeiraopreto.com.br\/index.php\/wp-json\/wp\/v2\/posts"}],"about":[{"href":"https:\/\/noticiasribeiraopreto.com.br\/index.php\/wp-json\/wp\/v2\/types\/post"}],"author":[{"embeddable":true,"href":"https:\/\/noticiasribeiraopreto.com.br\/index.php\/wp-json\/wp\/v2\/users\/1"}],"replies":[{"embeddable":true,"href":"https:\/\/noticiasribeiraopreto.com.br\/index.php\/wp-json\/wp\/v2\/comments?post=31101"}],"version-history":[{"count":0,"href":"https:\/\/noticiasribeiraopreto.com.br\/index.php\/wp-json\/wp\/v2\/posts\/31101\/revisions"}],"wp:featuredmedia":[{"embeddable":true,"href":"https:\/\/noticiasribeiraopreto.com.br\/index.php\/wp-json\/wp\/v2\/media\/31102"}],"wp:attachment":[{"href":"https:\/\/noticiasribeiraopreto.com.br\/index.php\/wp-json\/wp\/v2\/media?parent=31101"}],"wp:term":[{"taxonomy":"category","embeddable":true,"href":"https:\/\/noticiasribeiraopreto.com.br\/index.php\/wp-json\/wp\/v2\/categories?post=31101"},{"taxonomy":"post_tag","embeddable":true,"href":"https:\/\/noticiasribeiraopreto.com.br\/index.php\/wp-json\/wp\/v2\/tags?post=31101"}],"curies":[{"name":"wp","href":"https:\/\/api.w.org\/{rel}","templated":true}]}}