{"id":31105,"date":"2024-01-21T02:47:10","date_gmt":"2024-01-21T05:47:10","guid":{"rendered":"https:\/\/noticiasribeiraopreto.com.br\/index.php\/2024\/01\/21\/top-10-fatos-sobre-o-futebol-feminino-no-brasil\/"},"modified":"2024-01-21T02:47:10","modified_gmt":"2024-01-21T05:47:10","slug":"top-10-fatos-sobre-o-futebol-feminino-no-brasil","status":"publish","type":"post","link":"https:\/\/noticiasribeiraopreto.com.br\/index.php\/2024\/01\/21\/top-10-fatos-sobre-o-futebol-feminino-no-brasil\/","title":{"rendered":"Top 10 fatos sobre o futebol feminino no Brasil"},"content":{"rendered":"<div class='code-block code-block-1' style='margin: 8px 0 8px auto; text-align: right; display: block; clear: both;'>\n<p><a href=\"https:\/\/wa.link\/vpicfd\"><img data-recalc-dims=\"1\" class=\"wp-image-4922\" style=\"aspect-ratio: 2.0253164556962027; width: 561px; height: auto;\" src=\"https:\/\/i0.wp.com\/ismaelcolosi.com.br\/wp-content\/uploads\/2023\/11\/grupo-de-empregos-whatsapp-e-facebook-ismael-colosi-vagas.jpg?ssl=1\" alt=\"\" \/><\/a><\/p>\n<!-- \/wp:image -->\n<\/div>\n<p> <br \/>\n<\/p>\n<div itemprop=\"articleBody\">\n<p>A sele\u00e7\u00e3o brasileira sequer passou da fase de grupos da Copa do Mundo Feminina. <strong>Artilheira hist\u00f3rica da sele\u00e7\u00e3o<\/strong>, a atacante Cristiane n\u00e3o foi convocada por op\u00e7\u00e3o da t\u00e9cnica<strong> Pia Sundhage<\/strong>.<br \/>Em entrevista recente \u00e0 imprensa brasileira, <strong>Cristiane <\/strong>analisou a elimina\u00e7\u00e3o. \u201cA passividade, principalmente a que a comiss\u00e3o t\u00e9cnica teve na beira do campo\u2026 Isso me irritou muito num n\u00edvel, sabe?\u201d.<br \/>Al\u00e9m disso, a artilheira do <a href=\"https:\/\/pt.wikipedia.org\/wiki\/Santos_Futebol_Clube\" target=\"_blank\" rel=\"noopener\">Santos <\/a>foi bastante dura ao descrever o trope\u00e7o brasileiro como \u2018<strong>extremamente vergonhoso<\/strong>\u2019. \u201cAcho que as pessoas ainda n\u00e3o se ligaram da gravidade, do que foi ter sa\u00eddo da Copa do Mundo dessa maneira. \u00c9 extremamente vergonhoso\u201d, acrescentou.<\/p>\n<h2 id=\"curiosidades-sobre-o-futebol-feminino-no-brasil\" class=\"rb-heading-index-0\">Curiosidades sobre o futebol feminino no Brasil<\/h2>\n<p>A Copa do Mundo despertou muitas curiosidades sobre o esporte feminino. O futebol feminino no Brasil tem ganhado destaque e reconhecimento ao longo dos anos. Com um hist\u00f3rico repleto de conquistas e talento, essa modalidade esportiva vem conquistando cora\u00e7\u00f5es e quebrando barreiras. Neste artigo, exploraremos 10 curiosidades fascinantes sobre o futebol feminino no Brasil.<br \/><img loading=\"lazy\" decoding=\"async\" src=\"https:\/\/i0.wp.com\/top10mais.org\/wp-content\/uploads\/2023\/08\/futebol-feminino.png?resize=600%2C400&amp;ssl=1\" alt=\"futebol feminino\" width=\"600\" height=\"400\" class=\"aligncenter size-full wp-image-45989\" srcset=\"https:\/\/i0.wp.com\/top10mais.org\/wp-content\/uploads\/2023\/08\/futebol-feminino.png?w=600&amp;ssl=1 600w, https:\/\/i0.wp.com\/top10mais.org\/wp-content\/uploads\/2023\/08\/futebol-feminino.png?resize=200%2C133&amp;ssl=1 200w, https:\/\/i0.wp.com\/top10mais.org\/wp-content\/uploads\/2023\/08\/futebol-feminino.png?resize=330%2C220&amp;ssl=1 330w, https:\/\/i0.wp.com\/top10mais.org\/wp-content\/uploads\/2023\/08\/futebol-feminino.png?resize=420%2C280&amp;ssl=1 420w\" sizes=\"auto, (max-width: 600px) 100vw, 600px\" data-recalc-dims=\"1\"\/><\/p>\n<h2 id=\"1-8211-pioneirismo-historico\" class=\"rb-heading-index-1 mvp-feat1-pop-head\"><span class=\"mvp-feat1-pop-head\">1 \u2013 Pioneirismo Hist\u00f3rico<\/span><\/h2>\n<p>O primeiro registro de um jogo de futebol feminino no Brasil data de 1921, quando equipes femininas se enfrentaram no estado de S\u00e3o Paulo. Isso demonstra que as mulheres brasileiras estavam presentes nos campos muito antes do esporte ganhar visibilidade.<\/p>\n<h2 id=\"2-8211-marta-a-rainha-do-futebol\" class=\"rb-heading-index-2 mvp-feat1-pop-head\"><span class=\"mvp-feat1-pop-head\">2 \u2013 Marta: A Rainha do Futebol<\/span><\/h2>\n<p>Marta Vieira da Silva, conhecida simplesmente como Marta, \u00e9 uma das maiores jogadoras de futebol de todos os tempos. Ela det\u00e9m o recorde de cinco vezes como a Melhor Jogadora do Mundo da FIFA e \u00e9 uma inspira\u00e7\u00e3o para jovens talentos.<\/p>\n<h2 id=\"3-8211-hexacampeas-sulamericanas\" class=\"rb-heading-index-3 mvp-feat1-pop-head\"><span class=\"mvp-feat1-pop-head\">3 \u2013 Hexacampe\u00e3s Sul-Americanas<\/span><\/h2>\n<p>A sele\u00e7\u00e3o brasileira de futebol feminino j\u00e1 conquistou seis vezes a Copa Am\u00e9rica, o que a torna uma pot\u00eancia no cen\u00e1rio sul-americano. Essas vit\u00f3rias demonstram a for\u00e7a e o dom\u00ednio das jogadoras brasileiras na regi\u00e3o.<\/p>\n<h2 id=\"4-8211-desafios-de-reconhecimento\" class=\"rb-heading-index-4 mvp-feat1-pop-head\"><span class=\"mvp-feat1-pop-head\">4 \u2013 Desafios de Reconhecimento<\/span><\/h2>\n<p>Apesar das conquistas, o futebol feminino no Brasil enfrenta desafios persistentes de reconhecimento e investimento em compara\u00e7\u00e3o com o masculino. Esse problema tem sido alvo de debates e movimentos por igualdade.<\/p>\n<h2 id=\"5-8211-olimpiadas-e-mundiais\" class=\"rb-heading-index-5 mvp-feat1-pop-head\"><span class=\"mvp-feat1-pop-head\">5 \u2013 Olimp\u00edadas e Mundiais<\/span><\/h2>\n<p>A sele\u00e7\u00e3o feminina brasileira j\u00e1 subiu ao p\u00f3dio nas Olimp\u00edadas, com medalhas de prata (2004 e 2008) e de ouro (2016). Al\u00e9m disso, elas chegaram \u00e0 final da Copa do Mundo Feminina em 2007, destacando-se internacionalmente.<\/p>\n<h2 id=\"6-8211-aumento-da-visibilidade\" class=\"rb-heading-index-6 mvp-feat1-pop-head\"><span class=\"mvp-feat1-pop-head\">6 \u2013 Aumento da Visibilidade<\/span><\/h2>\n<p>Com a crescente visibilidade do futebol feminino, a participa\u00e7\u00e3o e o interesse do p\u00fablico t\u00eam aumentado. Isso se deve em parte \u00e0s iniciativas de divulga\u00e7\u00e3o e \u00e0 transmiss\u00e3o de jogos em canais de televis\u00e3o e plataformas online.<\/p>\n<h2 id=\"7-8211-futebol-feminino-nas-escolas\" class=\"rb-heading-index-7 mvp-feat1-pop-head\"><span class=\"mvp-feat1-pop-head\">7 \u2013 Futebol Feminino nas Escolas<\/span><\/h2>\n<p>Projetos educacionais t\u00eam se empenhado em introduzir o futebol feminino nas escolas, incentivando a pr\u00e1tica esportiva desde a inf\u00e2ncia e quebrando estere\u00f3tipos de g\u00eanero.<\/p>\n<h2 id=\"8-8211-formacao-de-novos-talentosclubes-brasileiros-tem-investido-na-formacao-de-jovens-talentos-no-futebol-feminino-criando-oportunidades-para-que-jogadoras-em-ascensao-desenvolvam-suas-habilidades\" class=\"rb-heading-index-8 mvp-feat1-pop-head\"><span class=\"mvp-feat1-pop-head\">9 \u2013 Participa\u00e7\u00e3o em Ligas Internacionais<\/span><\/h2>\n<p>Muitas jogadoras brasileiras t\u00eam sido contratadas por clubes estrangeiros e t\u00eam participado de ligas internacionais, contribuindo para a dissemina\u00e7\u00e3o do talento brasileiro pelo mundo.<\/p>\n<h2 id=\"10-8211-luta-por-igualdade\" class=\"rb-heading-index-9 mvp-feat1-pop-head\"><span class=\"mvp-feat1-pop-head\">10 \u2013 Luta por Igualdade<\/span><\/h2>\n<p>Jogadoras e entusiastas do futebol feminino no Brasil t\u00eam se mobilizado por mais igualdade de oportunidades, sal\u00e1rios e investimentos. Esse movimento busca garantir que o futebol feminino alcance o reconhecimento e a valoriza\u00e7\u00e3o que merece.<\/p>\n<h2 id=\"despedida-da-copa\" class=\"rb-heading-index-10\">Despedida da Copa<\/h2>\n<p>O <strong>Brasil se despediu da Copa do Mundo<\/strong> com uma vit\u00f3ria em cima do Panam\u00e1, derrota para a Fran\u00e7a e empate com a Jamaica. A equipe chegou pressionada \u00e0 terceira rodada, necessitando vencer as jamaicanas.<br \/>Entretanto, as brasileiras n\u00e3o conseguiram balan\u00e7ar as redes e ficaram na primeira fase, algo que n\u00e3o acontecia desde 1995.<\/p>\n<h2 id=\"cristiane-na-selecao-brasileira\" class=\"rb-heading-index-11\">Cristiane na sele\u00e7\u00e3o brasileira<\/h2>\n<p>Uma das refer\u00eancias do futebol feminino nacional, Cristiane \u00e9 a <strong>segunda maior artilheira da hist\u00f3ria da Sele\u00e7\u00e3o<\/strong>, com 96 gols, atr\u00e1s apenas de Marta, que soma 119 tentos.<br \/>Ela participou de cinco edi\u00e7\u00f5es da Copa do Mundo, em <strong>2003, 2007, 2011, 2015 e 2019<\/strong>. Neste ano, ela marcou 11 gols em 21 jogos e foi artilheira do Campeonato Brasileiro do ano passado.<br \/>Com a prov\u00e1vel demiss\u00e3o de Pia, a expectativa \u00e9 que Cristiane volte a ter oportunidades com uma nova comiss\u00e3o t\u00e9cnica. Aos 38 anos, ela acredita que ainda pode contribuir com a equipe nacional, sobretudo, no ciclo at\u00e9 as <strong>Olimp\u00edadas de Paris<\/strong>, no ano que vem.<\/p>\n<h2 id=\"apostas\" class=\"rb-heading-index-12\">Apostas<\/h2>\n<p>O nome mais cotado para assumir a sele\u00e7\u00e3o brasileira feminina \u00e9 <strong>Arthur Elias<\/strong>, t\u00e9cnico multicampe\u00e3o com o time feminino do Corinthians. Al\u00e9m dele, <strong>Jonas Urias<\/strong> (treinador da sele\u00e7\u00e3o brasileira sub-20) tamb\u00e9m \u00e9 considerado para a fun\u00e7\u00e3o ap\u00f3s uma campanha expressiva no Mundial da categoria.<br \/>O fato \u00e9 que as duas <strong>sele\u00e7\u00f5es principais do Brasil<\/strong> devem vivenciar novos ciclos nos pr\u00f3ximos meses. Ainda assim, o futebol nacional n\u00e3o pode ser subestimado e as equipes continuam como boas op\u00e7\u00f5es de apostas para quem gosta de palpitar em futebol.<br \/>Na <strong>VaideBob<\/strong>, \u00e9 poss\u00edvel apostar em esportes, jogos de cassino e at\u00e9 em campeonatos de <a href=\"https:\/\/m.vaidebob.com\/ptb\" target=\"_blank\" rel=\"noopener\">E-Sports<\/a>. Afinal, a Vaidebob acredita que o universo das apostas esportivas deve ser leve, descontra\u00eddo e divertido. Combinando estat\u00edstica, alta tecnologia, humor e muita brasilidade tendo como foco o principal parceiro: o <strong>cliente BOB<\/strong>.<\/p>\n<\/div>\n<p><br \/>\n<br \/><a href=\"https:\/\/top10mais.org\/top-10-fatos-sobre-o-futebol-feminino-no-brasil\/\">Source link <\/a><\/p>\n<!-- CONTENT END 1 -->\n","protected":false},"excerpt":{"rendered":"<p>A sele\u00e7\u00e3o brasileira sequer passou da fase de grupos da Copa do Mundo Feminina. Artilheira hist\u00f3rica da sele\u00e7\u00e3o, a atacante Cristiane n\u00e3o foi convocada por&#8230;<\/p>\n","protected":false},"author":1,"featured_media":31106,"comment_status":"open","ping_status":"open","sticky":false,"template":"","format":"standard","meta":{"advanced_seo_description":"","jetpack_seo_html_title":"","jetpack_seo_noindex":false,"jetpack_post_was_ever_published":false,"_jetpack_newsletter_access":"","_jetpack_dont_email_post_to_subs":false,"_jetpack_newsletter_tier_id":0,"_jetpack_memberships_contains_paywalled_content":false,"_jetpack_memberships_contains_paid_content":false,"footnotes":"","jetpack_publicize_message":"","jetpack_publicize_feature_enabled":true,"jetpack_social_post_already_shared":true,"jetpack_social_options":{"image_generator_settings":{"template":"highway","default_image_id":0,"font":"","enabled":false},"version":2}},"categories":[1],"tags":[],"class_list":["post-31105","post","type-post","status-publish","format-standard","has-post-thumbnail","hentry","category-blog"],"jetpack_publicize_connections":[],"jetpack_featured_media_url":"https:\/\/i0.wp.com\/noticiasribeiraopreto.com.br\/wp-content\/uploads\/2024\/01\/futebol-feminino.png?fit=600%2C400&ssl=1","jetpack-related-posts":[{"id":25296,"url":"https:\/\/noticiasribeiraopreto.com.br\/index.php\/2024\/01\/06\/de-soldado-do-exercito-a-unico-tetracampeao-mundial-de-futebol-veja-os-numeros-da-carreira-de-zagallo\/","url_meta":{"origin":31105,"position":0},"title":"De soldado do Ex\u00e9rcito a \u00fanico tetracampe\u00e3o mundial de futebol; veja os n\u00fameros da carreira de Zagallo\u00a0","author":"noticiasribeiraopreto.com.br","date":"6 de January de 2024","format":false,"excerpt":"O futebol e o Brasil est\u00e3o de luto mais uma vez. Depois de um ano e uma semana da morte do Rei Pel\u00e9, hoje o dia \u00e9 de despedida do \u201cVelho Lobo\u201d, o Zagallo.\u00a0 A lenda M\u00e1rio Jorge Lobo Zagallo se despediu do campo da vida nesta sexta-feira (5), no\u2026","rel":"","context":"In &quot;Dinheiro e Investimento&quot;","block_context":{"text":"Dinheiro e Investimento","link":"https:\/\/noticiasribeiraopreto.com.br\/index.php\/category\/dinheiro-e-investimento-como-fazer-como-ganhar\/"},"img":{"alt_text":"","src":"https:\/\/i0.wp.com\/noticiasribeiraopreto.com.br\/wp-content\/uploads\/2024\/01\/Design-sem-nome-8-715x402.png?fit=715%2C402&ssl=1&resize=350%2C200","width":350,"height":200,"srcset":"https:\/\/i0.wp.com\/noticiasribeiraopreto.com.br\/wp-content\/uploads\/2024\/01\/Design-sem-nome-8-715x402.png?fit=715%2C402&ssl=1&resize=350%2C200 1x, https:\/\/i0.wp.com\/noticiasribeiraopreto.com.br\/wp-content\/uploads\/2024\/01\/Design-sem-nome-8-715x402.png?fit=715%2C402&ssl=1&resize=525%2C300 1.5x, https:\/\/i0.wp.com\/noticiasribeiraopreto.com.br\/wp-content\/uploads\/2024\/01\/Design-sem-nome-8-715x402.png?fit=715%2C402&ssl=1&resize=700%2C400 2x"},"classes":[]},{"id":25897,"url":"https:\/\/noticiasribeiraopreto.com.br\/index.php\/2024\/01\/08\/dias-apos-morte-de-zagallo-o-mundo-perde-outra-grande-lenda-do-futebol-aos-78-anos\/","url_meta":{"origin":31105,"position":1},"title":"Dias ap\u00f3s morte de Zagallo, o mundo perde outra grande lenda do futebol aos 78 anos","author":"noticiasribeiraopreto.com.br","date":"8 de January de 2024","format":false,"excerpt":"Poucos dias ap\u00f3s a perda do grande t\u00e9cnico da Sele\u00e7\u00e3o Brasileira de futebol, Zagallo, o mundo perdeu uma outra grande lenda que faleceu aos 78 anos de idade no \u00faltimo domingo, dia 7 de janeiro.Franz Beckenbauer, carinhosamente apelidado de \u201cKaiser\u201d, faleceu pacificamente enquanto dormia. A not\u00edcia foi confirmada pela fam\u00edlia\u2026","rel":"","context":"In &quot;Blog&quot;","block_context":{"text":"Blog","link":"https:\/\/noticiasribeiraopreto.com.br\/index.php\/category\/blog\/"},"img":{"alt_text":"","src":"https:\/\/i0.wp.com\/noticiasribeiraopreto.com.br\/wp-content\/uploads\/2024\/01\/postimg-659c60ca044a54739.jpg?fit=1200%2C628&ssl=1&resize=350%2C200","width":350,"height":200,"srcset":"https:\/\/i0.wp.com\/noticiasribeiraopreto.com.br\/wp-content\/uploads\/2024\/01\/postimg-659c60ca044a54739.jpg?fit=1200%2C628&ssl=1&resize=350%2C200 1x, https:\/\/i0.wp.com\/noticiasribeiraopreto.com.br\/wp-content\/uploads\/2024\/01\/postimg-659c60ca044a54739.jpg?fit=1200%2C628&ssl=1&resize=525%2C300 1.5x, https:\/\/i0.wp.com\/noticiasribeiraopreto.com.br\/wp-content\/uploads\/2024\/01\/postimg-659c60ca044a54739.jpg?fit=1200%2C628&ssl=1&resize=700%2C400 2x, https:\/\/i0.wp.com\/noticiasribeiraopreto.com.br\/wp-content\/uploads\/2024\/01\/postimg-659c60ca044a54739.jpg?fit=1200%2C628&ssl=1&resize=1050%2C600 3x"},"classes":[]},{"id":84756,"url":"https:\/\/noticiasribeiraopreto.com.br\/index.php\/2026\/04\/15\/fifa-seleciona-ribeirao-preto-como-subsede-da-copa-do-mundo-feminina-de-2027\/","url_meta":{"origin":31105,"position":2},"title":"Fifa seleciona Ribeir\u00e3o Preto como subsede da Copa do Mundo feminina de 2027","author":"noticiasribeiraopreto.com.br","date":"15 de April de 2026","format":false,"excerpt":"\r Local aprovado, Est\u00e1dio Santa Cruz\/Arena Nicnet j\u00e1 recebeu sele\u00e7\u00e3o francesa no Mundial masculino de 2014\r \r 15 de abril de 2026 13:09 \r Compartilhar0 Por Hugo Luque O Est\u00e1dio Santa Cruz\/Arena Nicnet pode voltar a receber uma sele\u00e7\u00e3o em um Mundial no ano que vem, durante a Copa do\u2026","rel":"","context":"In &quot;Not\u00edcias de Ribeir\u00e3o Preto-SP e Regi\u00e3o&quot;","block_context":{"text":"Not\u00edcias de Ribeir\u00e3o Preto-SP e Regi\u00e3o","link":"https:\/\/noticiasribeiraopreto.com.br\/index.php\/category\/noticias-de-ribeirao-preto-sp-e-regiao-ismael-colosi\/"},"img":{"alt_text":"","src":"https:\/\/i0.wp.com\/noticiasribeiraopreto.com.br\/wp-content\/uploads\/2026\/04\/3-Estadio-Santa-Cruz-Raul-Ramos.jpg?fit=755%2C500&ssl=1&resize=350%2C200","width":350,"height":200,"srcset":"https:\/\/i0.wp.com\/noticiasribeiraopreto.com.br\/wp-content\/uploads\/2026\/04\/3-Estadio-Santa-Cruz-Raul-Ramos.jpg?fit=755%2C500&ssl=1&resize=350%2C200 1x, https:\/\/i0.wp.com\/noticiasribeiraopreto.com.br\/wp-content\/uploads\/2026\/04\/3-Estadio-Santa-Cruz-Raul-Ramos.jpg?fit=755%2C500&ssl=1&resize=525%2C300 1.5x, https:\/\/i0.wp.com\/noticiasribeiraopreto.com.br\/wp-content\/uploads\/2026\/04\/3-Estadio-Santa-Cruz-Raul-Ramos.jpg?fit=755%2C500&ssl=1&resize=700%2C400 2x"},"classes":[]},{"id":66190,"url":"https:\/\/noticiasribeiraopreto.com.br\/index.php\/2025\/03\/28\/dorival-junior-e-demitido-da-selecao-brasileira-apos-goleada-para-argentina\/","url_meta":{"origin":31105,"position":3},"title":"Dorival J\u00fanior \u00e9 demitido da sele\u00e7\u00e3o brasileira ap\u00f3s goleada para Argentina","author":"noticiasribeiraopreto.com.br","date":"28 de March de 2025","format":false,"excerpt":"Dorival J\u00fanior n\u00e3o \u00e9 mais t\u00e9cnico da sele\u00e7\u00e3o brasileira. Ap\u00f3s reuni\u00e3o com Ednaldo Rodrigues, presidente da CBF, nesta sexta-feira (28), no Rio de Janeiro, o treinador foi demitido do comando depois de 14 meses em que acumulou fracassos. O estopim foi o \u201cbaile\u201d sofrido contra a Argentina na ter\u00e7a-feira (25),\u2026","rel":"","context":"In &quot;Not\u00edcias de Ribeir\u00e3o Preto-SP e Regi\u00e3o&quot;","block_context":{"text":"Not\u00edcias de Ribeir\u00e3o Preto-SP e Regi\u00e3o","link":"https:\/\/noticiasribeiraopreto.com.br\/index.php\/category\/noticias-de-ribeirao-preto-sp-e-regiao-ismael-colosi\/"},"img":{"alt_text":"","src":"https:\/\/i0.wp.com\/noticiasribeiraopreto.com.br\/wp-content\/uploads\/2025\/03\/dorival-junior.jpeg?fit=910%2C607&ssl=1&resize=350%2C200","width":350,"height":200,"srcset":"https:\/\/i0.wp.com\/noticiasribeiraopreto.com.br\/wp-content\/uploads\/2025\/03\/dorival-junior.jpeg?fit=910%2C607&ssl=1&resize=350%2C200 1x, https:\/\/i0.wp.com\/noticiasribeiraopreto.com.br\/wp-content\/uploads\/2025\/03\/dorival-junior.jpeg?fit=910%2C607&ssl=1&resize=525%2C300 1.5x, https:\/\/i0.wp.com\/noticiasribeiraopreto.com.br\/wp-content\/uploads\/2025\/03\/dorival-junior.jpeg?fit=910%2C607&ssl=1&resize=700%2C400 2x"},"classes":[]},{"id":4412,"url":"https:\/\/noticiasribeiraopreto.com.br\/index.php\/2023\/11\/21\/saiba-quem-e-o-jogador-da-regiao-que-e-revelacao-do-palmeiras-e-da-selecao-e-custa-r-345-milhoes\/","url_meta":{"origin":31105,"position":4},"title":"Saiba quem \u00e9 o jogador da regi\u00e3o que \u00e9 revela\u00e7\u00e3o do Palmeiras e da sele\u00e7\u00e3o e custa R$ 345 milh\u00f5es","author":"noticiasribeiraopreto.com.br","date":"21 de November de 2023","format":false,"excerpt":"\u00c9 jogador do Palmeiras, \u00e9 destaque da sele\u00e7\u00e3o brasileira e est\u00e1 avaliado em valores astron\u00f4micos. N\u00e3o, n\u00e3o \u00e9 o Endrick, \u00e9 o atacante Est\u00eav\u00e3o, outra revela\u00e7\u00e3o da base do alviverde e destaque da sele\u00e7\u00e3o brasileira na Copa do Mundo Sub-17, que acontece na Indon\u00e9sia. Est\u00eav\u00e3o, que \u00e9 nascido em Franca,\u2026","rel":"","context":"In &quot;Not\u00edcias de Ribeir\u00e3o Preto-SP e Regi\u00e3o&quot;","block_context":{"text":"Not\u00edcias de Ribeir\u00e3o Preto-SP e Regi\u00e3o","link":"https:\/\/noticiasribeiraopreto.com.br\/index.php\/category\/noticias-de-ribeirao-preto-sp-e-regiao-ismael-colosi\/"},"img":{"alt_text":"","src":"https:\/\/i0.wp.com\/noticiasribeiraopreto.com.br\/wp-content\/uploads\/2023\/11\/ESTEVAO.jpeg?fit=910%2C606&ssl=1&resize=350%2C200","width":350,"height":200,"srcset":"https:\/\/i0.wp.com\/noticiasribeiraopreto.com.br\/wp-content\/uploads\/2023\/11\/ESTEVAO.jpeg?fit=910%2C606&ssl=1&resize=350%2C200 1x, https:\/\/i0.wp.com\/noticiasribeiraopreto.com.br\/wp-content\/uploads\/2023\/11\/ESTEVAO.jpeg?fit=910%2C606&ssl=1&resize=525%2C300 1.5x, https:\/\/i0.wp.com\/noticiasribeiraopreto.com.br\/wp-content\/uploads\/2023\/11\/ESTEVAO.jpeg?fit=910%2C606&ssl=1&resize=700%2C400 2x"},"classes":[]},{"id":76239,"url":"https:\/\/noticiasribeiraopreto.com.br\/index.php\/2025\/08\/25\/ao-vivo-veja-a-convocacao-de-ancelotti-para-selecao-brasileira\/","url_meta":{"origin":31105,"position":5},"title":"AO VIVO: Veja a convoca\u00e7\u00e3o de Ancelotti para sele\u00e7\u00e3o brasileira","author":"noticiasribeiraopreto.com.br","date":"25 de August de 2025","format":false,"excerpt":"O t\u00e9cnico Carlo Ancelotti anuncia nesta segunda-feira (25), \u00e0s 15h30, a convoca\u00e7\u00e3o dos 23 jogadores selecionados para os dois \u00faltimos compromissos do Brasil pelas Eliminat\u00f3rias da Copa do Mundo de 2026 \u2013 veja no player acima. O evento ser\u00e1 realizado na sede da CBF (Confedera\u00e7\u00e3o Brasileira de Futebol), no Rio\u2026","rel":"","context":"In &quot;Not\u00edcias de Ribeir\u00e3o Preto-SP e Regi\u00e3o&quot;","block_context":{"text":"Not\u00edcias de Ribeir\u00e3o Preto-SP e Regi\u00e3o","link":"https:\/\/noticiasribeiraopreto.com.br\/index.php\/category\/noticias-de-ribeirao-preto-sp-e-regiao-ismael-colosi\/"},"img":{"alt_text":"","src":"https:\/\/i0.wp.com\/noticiasribeiraopreto.com.br\/wp-content\/uploads\/2025\/08\/carlo-ancelotti-convocacao_2025-08-25_16-26-11.webp.webp?fit=1200%2C793&ssl=1&resize=350%2C200","width":350,"height":200,"srcset":"https:\/\/i0.wp.com\/noticiasribeiraopreto.com.br\/wp-content\/uploads\/2025\/08\/carlo-ancelotti-convocacao_2025-08-25_16-26-11.webp.webp?fit=1200%2C793&ssl=1&resize=350%2C200 1x, https:\/\/i0.wp.com\/noticiasribeiraopreto.com.br\/wp-content\/uploads\/2025\/08\/carlo-ancelotti-convocacao_2025-08-25_16-26-11.webp.webp?fit=1200%2C793&ssl=1&resize=525%2C300 1.5x, https:\/\/i0.wp.com\/noticiasribeiraopreto.com.br\/wp-content\/uploads\/2025\/08\/carlo-ancelotti-convocacao_2025-08-25_16-26-11.webp.webp?fit=1200%2C793&ssl=1&resize=700%2C400 2x, https:\/\/i0.wp.com\/noticiasribeiraopreto.com.br\/wp-content\/uploads\/2025\/08\/carlo-ancelotti-convocacao_2025-08-25_16-26-11.webp.webp?fit=1200%2C793&ssl=1&resize=1050%2C600 3x"},"classes":[]}],"jetpack_sharing_enabled":true,"jetpack_shortlink":"https:\/\/wp.me\/peQAOb-85H","_links":{"self":[{"href":"https:\/\/noticiasribeiraopreto.com.br\/index.php\/wp-json\/wp\/v2\/posts\/31105","targetHints":{"allow":["GET"]}}],"collection":[{"href":"https:\/\/noticiasribeiraopreto.com.br\/index.php\/wp-json\/wp\/v2\/posts"}],"about":[{"href":"https:\/\/noticiasribeiraopreto.com.br\/index.php\/wp-json\/wp\/v2\/types\/post"}],"author":[{"embeddable":true,"href":"https:\/\/noticiasribeiraopreto.com.br\/index.php\/wp-json\/wp\/v2\/users\/1"}],"replies":[{"embeddable":true,"href":"https:\/\/noticiasribeiraopreto.com.br\/index.php\/wp-json\/wp\/v2\/comments?post=31105"}],"version-history":[{"count":0,"href":"https:\/\/noticiasribeiraopreto.com.br\/index.php\/wp-json\/wp\/v2\/posts\/31105\/revisions"}],"wp:featuredmedia":[{"embeddable":true,"href":"https:\/\/noticiasribeiraopreto.com.br\/index.php\/wp-json\/wp\/v2\/media\/31106"}],"wp:attachment":[{"href":"https:\/\/noticiasribeiraopreto.com.br\/index.php\/wp-json\/wp\/v2\/media?parent=31105"}],"wp:term":[{"taxonomy":"category","embeddable":true,"href":"https:\/\/noticiasribeiraopreto.com.br\/index.php\/wp-json\/wp\/v2\/categories?post=31105"},{"taxonomy":"post_tag","embeddable":true,"href":"https:\/\/noticiasribeiraopreto.com.br\/index.php\/wp-json\/wp\/v2\/tags?post=31105"}],"curies":[{"name":"wp","href":"https:\/\/api.w.org\/{rel}","templated":true}]}}