{"id":31107,"date":"2024-01-21T03:13:23","date_gmt":"2024-01-21T06:13:23","guid":{"rendered":"https:\/\/noticiasribeiraopreto.com.br\/index.php\/2024\/01\/21\/os-100-brasileiros-mais-seguidos-do-facebook\/"},"modified":"2024-01-21T03:13:23","modified_gmt":"2024-01-21T06:13:23","slug":"os-100-brasileiros-mais-seguidos-do-facebook","status":"publish","type":"post","link":"https:\/\/noticiasribeiraopreto.com.br\/index.php\/2024\/01\/21\/os-100-brasileiros-mais-seguidos-do-facebook\/","title":{"rendered":"Os 100 brasileiros mais seguidos do Facebook"},"content":{"rendered":"<div class='code-block code-block-1' style='margin: 8px 0 8px auto; text-align: right; display: block; clear: both;'>\n<p><a href=\"https:\/\/wa.link\/vpicfd\"><img data-recalc-dims=\"1\" class=\"wp-image-4922\" style=\"aspect-ratio: 2.0253164556962027; width: 561px; height: auto;\" src=\"https:\/\/i0.wp.com\/ismaelcolosi.com.br\/wp-content\/uploads\/2023\/11\/grupo-de-empregos-whatsapp-e-facebook-ismael-colosi-vagas.jpg?ssl=1\" alt=\"\" \/><\/a><\/p>\n<!-- \/wp:image -->\n<\/div>\n<p> <br \/>\n<br \/>POSI\u00c7\u00c3O NOME SEGUIDORES #100 MARAISA (MAIARA &#038; MARAISA) 4300000 #99 MAIARA (MAIARA &#038; MARAISA) 4300000 #98 CRISTIANO (Z\u00c9 NETO &#038; CRISTIANO) 4400000 #97 Z\u00c9 NETO (Z\u00c9 NETO &#038; CRISTIANO) 4400000 #96 RICHARLISON 4600000 #95 JULIANO (HENRIQUE &#038; JULIANO) 4600000 #94 HENRIQUE (HENRIQUE &#038; JULIANO) 4600000 #93 SOROCABA (FERNANDO &#038; SOROCABA) 4600000 #92 FERNANDO (FERNANDO &#038; [&#8230;]<br \/>\n<br \/><br \/>\n<br \/><a href=\"https:\/\/assuperlistas.wordpress.com\/2023\/12\/16\/os-100-brasileiros-mais-seguidos-do-facebook\/\">Source link <\/a><\/p>\n<!-- CONTENT END 1 -->\n","protected":false},"excerpt":{"rendered":"<p>POSI\u00c7\u00c3O NOME SEGUIDORES #100 MARAISA (MAIARA &#038; MARAISA) 4300000 #99 MAIARA (MAIARA &#038; MARAISA) 4300000 #98 CRISTIANO (Z\u00c9 NETO &#038; CRISTIANO) 4400000 #97 Z\u00c9 NETO&#8230;<\/p>\n","protected":false},"author":1,"featured_media":31108,"comment_status":"open","ping_status":"open","sticky":false,"template":"","format":"standard","meta":{"advanced_seo_description":"","jetpack_seo_html_title":"","jetpack_seo_noindex":false,"jetpack_post_was_ever_published":false,"_jetpack_newsletter_access":"","_jetpack_dont_email_post_to_subs":false,"_jetpack_newsletter_tier_id":0,"_jetpack_memberships_contains_paywalled_content":false,"_jetpack_memberships_contains_paid_content":false,"footnotes":"","jetpack_publicize_message":"","jetpack_publicize_feature_enabled":true,"jetpack_social_post_already_shared":true,"jetpack_social_options":{"image_generator_settings":{"template":"highway","default_image_id":0,"font":"","enabled":false},"version":2}},"categories":[1],"tags":[],"class_list":["post-31107","post","type-post","status-publish","format-standard","has-post-thumbnail","hentry","category-blog"],"jetpack_publicize_connections":[],"jetpack_featured_media_url":"https:\/\/i0.wp.com\/noticiasribeiraopreto.com.br\/wp-content\/uploads\/2024\/01\/famosos_facebook.jpg?fit=1200%2C461&ssl=1","jetpack-related-posts":[{"id":31265,"url":"https:\/\/noticiasribeiraopreto.com.br\/index.php\/2024\/01\/21\/top-10-musicas-mais-tocadas-nas-radios-em-2024-janeiro\/","url_meta":{"origin":31107,"position":0},"title":"Top 10 M\u00fasicas Mais Tocadas nas R\u00e1dios em 2024 (Janeiro)","author":"noticiasribeiraopreto.com.br","date":"21 de January de 2024","format":false,"excerpt":"Confira quais s\u00e3o as m\u00fasicas mais tocadas nas r\u00e1dios do Brasil. Ou\u00e7a a playlist das melhores m\u00fasicas mais tocadas atualmente. S\u00e3o os maiores sucessos musicais que os ouvintes mais pedem para tocar nas r\u00e1dios brasileiras. Dessa forma, aproveite para ouvir o ranking do top m\u00fasicas do momento atualizado(2024). Al\u00e9m disso,\u2026","rel":"","context":"In &quot;Blog&quot;","block_context":{"text":"Blog","link":"https:\/\/noticiasribeiraopreto.com.br\/index.php\/category\/blog\/"},"img":{"alt_text":"","src":"https:\/\/i0.wp.com\/noticiasribeiraopreto.com.br\/wp-content\/uploads\/2024\/01\/Musicas-Mais-Tocadas-nas-Radios.jpg?fit=1200%2C753&ssl=1&resize=350%2C200","width":350,"height":200,"srcset":"https:\/\/i0.wp.com\/noticiasribeiraopreto.com.br\/wp-content\/uploads\/2024\/01\/Musicas-Mais-Tocadas-nas-Radios.jpg?fit=1200%2C753&ssl=1&resize=350%2C200 1x, https:\/\/i0.wp.com\/noticiasribeiraopreto.com.br\/wp-content\/uploads\/2024\/01\/Musicas-Mais-Tocadas-nas-Radios.jpg?fit=1200%2C753&ssl=1&resize=525%2C300 1.5x, https:\/\/i0.wp.com\/noticiasribeiraopreto.com.br\/wp-content\/uploads\/2024\/01\/Musicas-Mais-Tocadas-nas-Radios.jpg?fit=1200%2C753&ssl=1&resize=700%2C400 2x, https:\/\/i0.wp.com\/noticiasribeiraopreto.com.br\/wp-content\/uploads\/2024\/01\/Musicas-Mais-Tocadas-nas-Radios.jpg?fit=1200%2C753&ssl=1&resize=1050%2C600 3x"},"classes":[]},{"id":31275,"url":"https:\/\/noticiasribeiraopreto.com.br\/index.php\/2024\/01\/21\/top-10-musicas-sertanejas-mais-tocadas-em-2024-janeiro\/","url_meta":{"origin":31107,"position":1},"title":"Top 10 M\u00fasicas Sertanejas Mais Tocadas em 2024 (Janeiro)","author":"noticiasribeiraopreto.com.br","date":"21 de January de 2024","format":false,"excerpt":"Confira a lista das m\u00fasicas sertanejas mais tocadas. Ou\u00e7a a playlist das melhores m\u00fasicas sertanejas mais tocadas nas r\u00e1dios do Brasil. S\u00e3o portanto os maiores sucessos do g\u00eanero sertanejo que os ouvintes mais pedem para tocar. Desse modo, aproveite para ouvir o ranking do top sertanejo do momento atualizado(2024). Al\u00e9m\u2026","rel":"","context":"In &quot;Blog&quot;","block_context":{"text":"Blog","link":"https:\/\/noticiasribeiraopreto.com.br\/index.php\/category\/blog\/"},"img":{"alt_text":"","src":"https:\/\/i0.wp.com\/noticiasribeiraopreto.com.br\/wp-content\/uploads\/2024\/01\/Musicas-Sertanejas-Mais-Tocadas.jpg?fit=1200%2C799&ssl=1&resize=350%2C200","width":350,"height":200,"srcset":"https:\/\/i0.wp.com\/noticiasribeiraopreto.com.br\/wp-content\/uploads\/2024\/01\/Musicas-Sertanejas-Mais-Tocadas.jpg?fit=1200%2C799&ssl=1&resize=350%2C200 1x, https:\/\/i0.wp.com\/noticiasribeiraopreto.com.br\/wp-content\/uploads\/2024\/01\/Musicas-Sertanejas-Mais-Tocadas.jpg?fit=1200%2C799&ssl=1&resize=525%2C300 1.5x, https:\/\/i0.wp.com\/noticiasribeiraopreto.com.br\/wp-content\/uploads\/2024\/01\/Musicas-Sertanejas-Mais-Tocadas.jpg?fit=1200%2C799&ssl=1&resize=700%2C400 2x, https:\/\/i0.wp.com\/noticiasribeiraopreto.com.br\/wp-content\/uploads\/2024\/01\/Musicas-Sertanejas-Mais-Tocadas.jpg?fit=1200%2C799&ssl=1&resize=1050%2C600 3x"},"classes":[]},{"id":45169,"url":"https:\/\/noticiasribeiraopreto.com.br\/index.php\/2024\/04\/02\/ze-neto-veja-mais-shows\/","url_meta":{"origin":31107,"position":2},"title":"Z\u00e9 Neto &#038; Cristiano confirmados na Festa do Pe\u00e3o de Barretos; Veja mais shows","author":"noticiasribeiraopreto.com.br","date":"2 de April de 2024","format":false,"excerpt":"A dupla sertaneja Z\u00e9 Neto & Cristiano est\u00e1 confirmada na Festa do Pe\u00e3o de Barretos, que acontece de 15 a 25 de agosto. Os cantores, foram anunciados pela organiza\u00e7\u00e3o do evento na tarde desta ter\u00e7a-feira (2), e se apresentam no dia 23 de agosto (veja abaixo). Al\u00e9m de Z\u00e9 Neto\u2026","rel":"","context":"In &quot;Not\u00edcias de Ribeir\u00e3o Preto-SP e Regi\u00e3o&quot;","block_context":{"text":"Not\u00edcias de Ribeir\u00e3o Preto-SP e Regi\u00e3o","link":"https:\/\/noticiasribeiraopreto.com.br\/index.php\/category\/noticias-de-ribeirao-preto-sp-e-regiao-ismael-colosi\/"},"img":{"alt_text":"","src":"https:\/\/i0.wp.com\/noticiasribeiraopreto.com.br\/wp-content\/uploads\/2024\/04\/Copia-de-Copia-de-TAMANHO-EXATO-PARA-FOTOS-NO-SISTEMA-NOVO-19.jpg?fit=1200%2C675&ssl=1&resize=350%2C200","width":350,"height":200,"srcset":"https:\/\/i0.wp.com\/noticiasribeiraopreto.com.br\/wp-content\/uploads\/2024\/04\/Copia-de-Copia-de-TAMANHO-EXATO-PARA-FOTOS-NO-SISTEMA-NOVO-19.jpg?fit=1200%2C675&ssl=1&resize=350%2C200 1x, https:\/\/i0.wp.com\/noticiasribeiraopreto.com.br\/wp-content\/uploads\/2024\/04\/Copia-de-Copia-de-TAMANHO-EXATO-PARA-FOTOS-NO-SISTEMA-NOVO-19.jpg?fit=1200%2C675&ssl=1&resize=525%2C300 1.5x, https:\/\/i0.wp.com\/noticiasribeiraopreto.com.br\/wp-content\/uploads\/2024\/04\/Copia-de-Copia-de-TAMANHO-EXATO-PARA-FOTOS-NO-SISTEMA-NOVO-19.jpg?fit=1200%2C675&ssl=1&resize=700%2C400 2x, https:\/\/i0.wp.com\/noticiasribeiraopreto.com.br\/wp-content\/uploads\/2024\/04\/Copia-de-Copia-de-TAMANHO-EXATO-PARA-FOTOS-NO-SISTEMA-NOVO-19.jpg?fit=1200%2C675&ssl=1&resize=1050%2C600 3x"},"classes":[]},{"id":64409,"url":"https:\/\/noticiasribeiraopreto.com.br\/index.php\/2025\/03\/07\/para-comemorar-aniversario-de-patrocinio-paulista-tem-shows-gratuitos-nesta-sexta-e-sabado\/","url_meta":{"origin":31107,"position":3},"title":"Para comemorar anivers\u00e1rio de Patroc\u00ednio Paulista, t\u00eam shows gratuitos nesta sexta e s\u00e1bado","author":"noticiasribeiraopreto.com.br","date":"7 de March de 2025","format":false,"excerpt":"O munic\u00edpio de Patroc\u00ednio Paulista vai completar 140 anos de funda\u00e7\u00e3o no dia 10 de mar\u00e7o e a cidade estar\u00e1 em festa, com apresenta\u00e7\u00f5es das duplas Humberto e Ronaldo, nesta sexta-feira (7), e Diego e Victor Hugo, no s\u00e1bado (8). A entrada para os eventos \u00e9 gratuita em ambos os\u2026","rel":"","context":"In &quot;Not\u00edcias de Franca-SP&quot;","block_context":{"text":"Not\u00edcias de Franca-SP","link":"https:\/\/noticiasribeiraopreto.com.br\/index.php\/category\/noticias-de-ribeirao-preto-sp-e-regiao-ismael-colosi\/noticias-franca-sp\/"},"img":{"alt_text":"","src":"https:\/\/i0.wp.com\/noticiasribeiraopreto.com.br\/wp-content\/uploads\/2025\/03\/duplas-patrocinio-paulista.png?fit=700%2C400&ssl=1&resize=350%2C200","width":350,"height":200,"srcset":"https:\/\/i0.wp.com\/noticiasribeiraopreto.com.br\/wp-content\/uploads\/2025\/03\/duplas-patrocinio-paulista.png?fit=700%2C400&ssl=1&resize=350%2C200 1x, https:\/\/i0.wp.com\/noticiasribeiraopreto.com.br\/wp-content\/uploads\/2025\/03\/duplas-patrocinio-paulista.png?fit=700%2C400&ssl=1&resize=525%2C300 1.5x, https:\/\/i0.wp.com\/noticiasribeiraopreto.com.br\/wp-content\/uploads\/2025\/03\/duplas-patrocinio-paulista.png?fit=700%2C400&ssl=1&resize=700%2C400 2x"},"classes":[]},{"id":45214,"url":"https:\/\/noticiasribeiraopreto.com.br\/index.php\/2024\/04\/03\/festa-do-peao-de-barretos-tera-show-de-ze-neto-cristiano\/","url_meta":{"origin":31107,"position":4},"title":"Festa do Pe\u00e3o de Barretos ter\u00e1 show de Z\u00e9 Neto &#038; Cristiano","author":"noticiasribeiraopreto.com.br","date":"3 de April de 2024","format":false,"excerpt":"Festa do Pe\u00e3o de Barretos ter\u00e1 show de Z\u00e9 Neto & CristianoA dupla Z\u00e9 Neto & Cristiano, uma das mais aclamadas e ouvidas do pa\u00eds, est\u00e1 confirmada na grade musical da 69\u00aa Festa do Pe\u00e3o de Boiadeiro de Barretos (15 a 25 de agosto). Os cantores far\u00e3o show no dia\u2026","rel":"","context":"In &quot;Not\u00edcias de Ribeir\u00e3o Preto-SP e Regi\u00e3o&quot;","block_context":{"text":"Not\u00edcias de Ribeir\u00e3o Preto-SP e Regi\u00e3o","link":"https:\/\/noticiasribeiraopreto.com.br\/index.php\/category\/noticias-de-ribeirao-preto-sp-e-regiao-ismael-colosi\/"},"img":{"alt_text":"","src":"https:\/\/i0.wp.com\/noticiasribeiraopreto.com.br\/wp-content\/uploads\/2024\/04\/78896df7ff9867b582066d0c653570be.jpeg?fit=1200%2C800&ssl=1&resize=350%2C200","width":350,"height":200,"srcset":"https:\/\/i0.wp.com\/noticiasribeiraopreto.com.br\/wp-content\/uploads\/2024\/04\/78896df7ff9867b582066d0c653570be.jpeg?fit=1200%2C800&ssl=1&resize=350%2C200 1x, https:\/\/i0.wp.com\/noticiasribeiraopreto.com.br\/wp-content\/uploads\/2024\/04\/78896df7ff9867b582066d0c653570be.jpeg?fit=1200%2C800&ssl=1&resize=525%2C300 1.5x, https:\/\/i0.wp.com\/noticiasribeiraopreto.com.br\/wp-content\/uploads\/2024\/04\/78896df7ff9867b582066d0c653570be.jpeg?fit=1200%2C800&ssl=1&resize=700%2C400 2x, https:\/\/i0.wp.com\/noticiasribeiraopreto.com.br\/wp-content\/uploads\/2024\/04\/78896df7ff9867b582066d0c653570be.jpeg?fit=1200%2C800&ssl=1&resize=1050%2C600 3x"},"classes":[]},{"id":65192,"url":"https:\/\/noticiasribeiraopreto.com.br\/index.php\/2025\/03\/17\/felipe-e-rodrigo-estreiam-entre-as-atracoes-principais-do-ribeirao-rodeo-music\/","url_meta":{"origin":31107,"position":5},"title":"Felipe e Rodrigo estreiam entre as atra\u00e7\u00f5es principais do Ribeir\u00e3o Rodeo Music","author":"noticiasribeiraopreto.com.br","date":"17 de March de 2025","format":false,"excerpt":"Uma das apostas do mercado sertanejo para este ano, a dupla Felipe e Rodrigo est\u00e1 entre as novidades do Ribeir\u00e3o Ribeir\u00e3o Rodeo Music 2025. Eles se apresentam no primeiro dia, 26 de abril, dividindo palco com a \u201cboiadeira\u201d Ana Castela, Dennis e a dupla Matheus e Kauan. No ano passado,\u2026","rel":"","context":"In &quot;Not\u00edcias de Ribeir\u00e3o Preto-SP e Regi\u00e3o&quot;","block_context":{"text":"Not\u00edcias de Ribeir\u00e3o Preto-SP e Regi\u00e3o","link":"https:\/\/noticiasribeiraopreto.com.br\/index.php\/category\/noticias-de-ribeirao-preto-sp-e-regiao-ismael-colosi\/"},"img":{"alt_text":"","src":"https:\/\/i0.wp.com\/noticiasribeiraopreto.com.br\/wp-content\/uploads\/2025\/03\/felipe-e-rodrigo_2025-03-17_13-42-06_jpeg_2025-03-17_13-42-07.webp.webp?fit=1200%2C800&ssl=1&resize=350%2C200","width":350,"height":200,"srcset":"https:\/\/i0.wp.com\/noticiasribeiraopreto.com.br\/wp-content\/uploads\/2025\/03\/felipe-e-rodrigo_2025-03-17_13-42-06_jpeg_2025-03-17_13-42-07.webp.webp?fit=1200%2C800&ssl=1&resize=350%2C200 1x, https:\/\/i0.wp.com\/noticiasribeiraopreto.com.br\/wp-content\/uploads\/2025\/03\/felipe-e-rodrigo_2025-03-17_13-42-06_jpeg_2025-03-17_13-42-07.webp.webp?fit=1200%2C800&ssl=1&resize=525%2C300 1.5x, https:\/\/i0.wp.com\/noticiasribeiraopreto.com.br\/wp-content\/uploads\/2025\/03\/felipe-e-rodrigo_2025-03-17_13-42-06_jpeg_2025-03-17_13-42-07.webp.webp?fit=1200%2C800&ssl=1&resize=700%2C400 2x, https:\/\/i0.wp.com\/noticiasribeiraopreto.com.br\/wp-content\/uploads\/2025\/03\/felipe-e-rodrigo_2025-03-17_13-42-06_jpeg_2025-03-17_13-42-07.webp.webp?fit=1200%2C800&ssl=1&resize=1050%2C600 3x"},"classes":[]}],"jetpack_sharing_enabled":true,"jetpack_shortlink":"https:\/\/wp.me\/peQAOb-85J","_links":{"self":[{"href":"https:\/\/noticiasribeiraopreto.com.br\/index.php\/wp-json\/wp\/v2\/posts\/31107","targetHints":{"allow":["GET"]}}],"collection":[{"href":"https:\/\/noticiasribeiraopreto.com.br\/index.php\/wp-json\/wp\/v2\/posts"}],"about":[{"href":"https:\/\/noticiasribeiraopreto.com.br\/index.php\/wp-json\/wp\/v2\/types\/post"}],"author":[{"embeddable":true,"href":"https:\/\/noticiasribeiraopreto.com.br\/index.php\/wp-json\/wp\/v2\/users\/1"}],"replies":[{"embeddable":true,"href":"https:\/\/noticiasribeiraopreto.com.br\/index.php\/wp-json\/wp\/v2\/comments?post=31107"}],"version-history":[{"count":0,"href":"https:\/\/noticiasribeiraopreto.com.br\/index.php\/wp-json\/wp\/v2\/posts\/31107\/revisions"}],"wp:featuredmedia":[{"embeddable":true,"href":"https:\/\/noticiasribeiraopreto.com.br\/index.php\/wp-json\/wp\/v2\/media\/31108"}],"wp:attachment":[{"href":"https:\/\/noticiasribeiraopreto.com.br\/index.php\/wp-json\/wp\/v2\/media?parent=31107"}],"wp:term":[{"taxonomy":"category","embeddable":true,"href":"https:\/\/noticiasribeiraopreto.com.br\/index.php\/wp-json\/wp\/v2\/categories?post=31107"},{"taxonomy":"post_tag","embeddable":true,"href":"https:\/\/noticiasribeiraopreto.com.br\/index.php\/wp-json\/wp\/v2\/tags?post=31107"}],"curies":[{"name":"wp","href":"https:\/\/api.w.org\/{rel}","templated":true}]}}