{"id":31111,"date":"2024-01-21T03:53:58","date_gmt":"2024-01-21T06:53:58","guid":{"rendered":"https:\/\/noticiasribeiraopreto.com.br\/index.php\/2024\/01\/21\/feliz-2024\/"},"modified":"2024-01-21T03:53:58","modified_gmt":"2024-01-21T06:53:58","slug":"feliz-2024","status":"publish","type":"post","link":"https:\/\/noticiasribeiraopreto.com.br\/index.php\/2024\/01\/21\/feliz-2024\/","title":{"rendered":"FELIZ 2024!!!"},"content":{"rendered":"<div class='code-block code-block-1' style='margin: 8px 0 8px auto; text-align: right; display: block; clear: both;'>\n<p><a href=\"https:\/\/wa.link\/vpicfd\"><img data-recalc-dims=\"1\" class=\"wp-image-4922\" style=\"aspect-ratio: 2.0253164556962027; width: 561px; height: auto;\" src=\"https:\/\/i0.wp.com\/ismaelcolosi.com.br\/wp-content\/uploads\/2023\/11\/grupo-de-empregos-whatsapp-e-facebook-ismael-colosi-vagas.jpg?ssl=1\" alt=\"\" \/><\/a><\/p>\n<!-- \/wp:image -->\n<\/div>\n<p> <br \/>\n<\/p>\n<p>Desejamos um ano de 2024 aben\u00e7oado com muita sa\u00fade e paz.<br \/>Prosperidade e sabedoria para que possamos conquistar tudo que desejamos.<\/p>\n<p>Obrigada por sua visita e audi\u00eancia de sempre.<\/p>\n<p>Equipe Lista10.org<\/p>\n<p><br \/>\n<br \/><a href=\"https:\/\/lista10.org\/destaques\/feliz-2024\/\">Source link <\/a><\/p>\n<!-- CONTENT END 1 -->\n","protected":false},"excerpt":{"rendered":"<p>Desejamos um ano de 2024 aben\u00e7oado com muita sa\u00fade e paz.Prosperidade e sabedoria para que possamos conquistar tudo que desejamos. Obrigada por sua visita e&#8230;<\/p>\n","protected":false},"author":1,"featured_media":31112,"comment_status":"open","ping_status":"open","sticky":false,"template":"","format":"standard","meta":{"advanced_seo_description":"","jetpack_seo_html_title":"","jetpack_seo_noindex":false,"jetpack_post_was_ever_published":false,"_jetpack_newsletter_access":"","_jetpack_dont_email_post_to_subs":false,"_jetpack_newsletter_tier_id":0,"_jetpack_memberships_contains_paywalled_content":false,"_jetpack_memberships_contains_paid_content":false,"footnotes":"","jetpack_publicize_message":"","jetpack_publicize_feature_enabled":true,"jetpack_social_post_already_shared":true,"jetpack_social_options":{"image_generator_settings":{"template":"highway","default_image_id":0,"font":"","enabled":false},"version":2}},"categories":[1],"tags":[],"class_list":["post-31111","post","type-post","status-publish","format-standard","has-post-thumbnail","hentry","category-blog"],"jetpack_publicize_connections":[],"jetpack_featured_media_url":"https:\/\/i0.wp.com\/noticiasribeiraopreto.com.br\/wp-content\/uploads\/2024\/01\/feliz-ano.jpg?fit=842%2C550&ssl=1","jetpack-related-posts":[{"id":44656,"url":"https:\/\/noticiasribeiraopreto.com.br\/index.php\/2024\/03\/29\/continuamos-no-holoceno-com-rochas-de-plastico\/","url_meta":{"origin":31111,"position":0},"title":"Continuamos no Holoceno com rochas de pl\u00e1stico\u00a0","author":"noticiasribeiraopreto.com.br","date":"29 de March de 2024","format":false,"excerpt":"29 de mar\u00e7o de 2024 | 8:1528 de mar\u00e7o de 2024 | 18:11 0 Perci Guzzo *[email\u00a0protected] Ter a perspectiva da hist\u00f3ria geol\u00f3gica da Terra pode ser t\u00e3o importante quanto a perspectiva hist\u00f3rica da humanidade, se desejamos, de fato, superar a deteriora\u00e7\u00e3o da vida em nosso planeta. \u00c9 preciso nos\u2026","rel":"","context":"In &quot;Not\u00edcias de Ribeir\u00e3o Preto-SP e Regi\u00e3o&quot;","block_context":{"text":"Not\u00edcias de Ribeir\u00e3o Preto-SP e Regi\u00e3o","link":"https:\/\/noticiasribeiraopreto.com.br\/index.php\/category\/noticias-de-ribeirao-preto-sp-e-regiao-ismael-colosi\/"},"img":{"alt_text":"","src":"https:\/\/i0.wp.com\/noticiasribeiraopreto.com.br\/wp-content\/uploads\/2024\/03\/perciguzzo-scaled.jpg?fit=1000%2C625&ssl=1&resize=350%2C200","width":350,"height":200,"srcset":"https:\/\/i0.wp.com\/noticiasribeiraopreto.com.br\/wp-content\/uploads\/2024\/03\/perciguzzo-scaled.jpg?fit=1000%2C625&ssl=1&resize=350%2C200 1x, https:\/\/i0.wp.com\/noticiasribeiraopreto.com.br\/wp-content\/uploads\/2024\/03\/perciguzzo-scaled.jpg?fit=1000%2C625&ssl=1&resize=525%2C300 1.5x, https:\/\/i0.wp.com\/noticiasribeiraopreto.com.br\/wp-content\/uploads\/2024\/03\/perciguzzo-scaled.jpg?fit=1000%2C625&ssl=1&resize=700%2C400 2x"},"classes":[]},{"id":59668,"url":"https:\/\/noticiasribeiraopreto.com.br\/index.php\/2024\/10\/28\/analise-real-das-eleicoes-em-ribeirao-preto-ricardo-silva-vence-mas-desafios-politicos-permanecem\/","url_meta":{"origin":31111,"position":1},"title":"An\u00e1lise Real das Elei\u00e7\u00f5es em Ribeir\u00e3o Preto: Ricardo Silva Vence, Mas Desafios Pol\u00edticos Permanecem","author":"noticiasribeiraopreto.com.br","date":"28 de October de 2024","format":false,"excerpt":"Sob o ponto de vista legal, n\u00e3o d\u00e1 para contestar a elei\u00e7\u00e3o de nenhum candidato eleito nestas elei\u00e7\u00f5es, considerando as regras do jogo previamente postas. Pronto, Ricardo Silva est\u00e1 eleito Prefeito Municipal de Ribeir\u00e3o Preto, para o mandato 2025\/2028, e desejamos sucesso a sua gest\u00e3o e governan\u00e7a da cidade. Encerra\u2026","rel":"","context":"In &quot;Not\u00edcias de Ribeir\u00e3o Preto-SP e Regi\u00e3o&quot;","block_context":{"text":"Not\u00edcias de Ribeir\u00e3o Preto-SP e Regi\u00e3o","link":"https:\/\/noticiasribeiraopreto.com.br\/index.php\/category\/noticias-de-ribeirao-preto-sp-e-regiao-ismael-colosi\/"},"img":{"alt_text":"","src":"https:\/\/i0.wp.com\/noticiasribeiraopreto.com.br\/wp-content\/uploads\/2024\/10\/ricardo-silva-psd-848x477-1.webp.webp?fit=848%2C477&ssl=1&resize=350%2C200","width":350,"height":200,"srcset":"https:\/\/i0.wp.com\/noticiasribeiraopreto.com.br\/wp-content\/uploads\/2024\/10\/ricardo-silva-psd-848x477-1.webp.webp?fit=848%2C477&ssl=1&resize=350%2C200 1x, https:\/\/i0.wp.com\/noticiasribeiraopreto.com.br\/wp-content\/uploads\/2024\/10\/ricardo-silva-psd-848x477-1.webp.webp?fit=848%2C477&ssl=1&resize=525%2C300 1.5x, https:\/\/i0.wp.com\/noticiasribeiraopreto.com.br\/wp-content\/uploads\/2024\/10\/ricardo-silva-psd-848x477-1.webp.webp?fit=848%2C477&ssl=1&resize=700%2C400 2x"},"classes":[]},{"id":59744,"url":"https:\/\/noticiasribeiraopreto.com.br\/index.php\/2024\/10\/29\/utm_sourcerssutm_mediumrssutm_campaignanalise-real-das-eleicoes-em-ribeirao-preto-ricardo-silva-vence-mas-desafios-politicos-permanecem\/","url_meta":{"origin":31111,"position":2},"title":"An\u00e1lise Real das Elei\u00e7\u00f5es em Ribeir\u00e3o Preto: Ricardo Silva Vence, Mas Desafios Pol\u00edticos Permanecem","author":"noticiasribeiraopreto.com.br","date":"29 de October de 2024","format":false,"excerpt":"Sob o ponto de vista legal, n\u00e3o d\u00e1 para contestar a elei\u00e7\u00e3o de nenhum candidato eleito nestas elei\u00e7\u00f5es, considerando as regras do jogo previamente postas. Pronto, Ricardo Silva est\u00e1 eleito Prefeito Municipal de Ribeir\u00e3o Preto, para o mandato 2025\/2028, e desejamos sucesso a sua gest\u00e3o e governan\u00e7a da cidade. Encerra\u2026","rel":"","context":"In &quot;Not\u00edcias de Ribeir\u00e3o Preto-SP e Regi\u00e3o&quot;","block_context":{"text":"Not\u00edcias de Ribeir\u00e3o Preto-SP e Regi\u00e3o","link":"https:\/\/noticiasribeiraopreto.com.br\/index.php\/category\/noticias-de-ribeirao-preto-sp-e-regiao-ismael-colosi\/"},"img":{"alt_text":"","src":"https:\/\/i0.wp.com\/noticiasribeiraopreto.com.br\/wp-content\/uploads\/2024\/10\/ricardo-silva-psd-848x477-1.webp.webp?fit=848%2C477&ssl=1&resize=350%2C200","width":350,"height":200,"srcset":"https:\/\/i0.wp.com\/noticiasribeiraopreto.com.br\/wp-content\/uploads\/2024\/10\/ricardo-silva-psd-848x477-1.webp.webp?fit=848%2C477&ssl=1&resize=350%2C200 1x, https:\/\/i0.wp.com\/noticiasribeiraopreto.com.br\/wp-content\/uploads\/2024\/10\/ricardo-silva-psd-848x477-1.webp.webp?fit=848%2C477&ssl=1&resize=525%2C300 1.5x, https:\/\/i0.wp.com\/noticiasribeiraopreto.com.br\/wp-content\/uploads\/2024\/10\/ricardo-silva-psd-848x477-1.webp.webp?fit=848%2C477&ssl=1&resize=700%2C400 2x"},"classes":[]},{"id":11905,"url":"https:\/\/noticiasribeiraopreto.com.br\/index.php\/2023\/12\/07\/concurso-do-observatorio-nacional-tem-editais-retificados-confira-o-que-mudou\/","url_meta":{"origin":31111,"position":3},"title":"Concurso do Observat\u00f3rio Nacional tem editais retificados; confira o que mudou","author":"noticiasribeiraopreto.com.br","date":"7 de December de 2023","format":false,"excerpt":"As vagas do concurso do Observat\u00f3rio Nacional s\u00e3o para dois cargos As oportunidades do Concurso do Observat\u00f3rio Nacional s\u00e3o excelentes. Al\u00e9m dos sal\u00e1rios, os benef\u00edcios concedidos s\u00e3o muito bons. Veja a seguir mais detalhes e n\u00e3o perca. Concurso Observat\u00f3rio Nacional com 22 Vagas\u00a0 Os concursos do Observat\u00f3rio Nacional ganharam novos\u2026","rel":"","context":"In &quot;Vagas de Emprego em Ribeir\u00e3o Preto-SP&quot;","block_context":{"text":"Vagas de Emprego em Ribeir\u00e3o Preto-SP","link":"https:\/\/noticiasribeiraopreto.com.br\/index.php\/category\/empregos-classificados-vagas-trabalho\/vagas-de-empregos-em-ribeirao-preto-regiao-brasil\/"},"img":{"alt_text":"","src":"https:\/\/i0.wp.com\/noticiasribeiraopreto.com.br\/wp-content\/uploads\/2023\/12\/noticiasconcursos.com_.br-concurso-do-observatorio-nacional-tem-editais-retificados-confira-o-que-mudou-obervatorio-nacional.jpg?fit=1200%2C804&ssl=1&resize=350%2C200","width":350,"height":200,"srcset":"https:\/\/i0.wp.com\/noticiasribeiraopreto.com.br\/wp-content\/uploads\/2023\/12\/noticiasconcursos.com_.br-concurso-do-observatorio-nacional-tem-editais-retificados-confira-o-que-mudou-obervatorio-nacional.jpg?fit=1200%2C804&ssl=1&resize=350%2C200 1x, https:\/\/i0.wp.com\/noticiasribeiraopreto.com.br\/wp-content\/uploads\/2023\/12\/noticiasconcursos.com_.br-concurso-do-observatorio-nacional-tem-editais-retificados-confira-o-que-mudou-obervatorio-nacional.jpg?fit=1200%2C804&ssl=1&resize=525%2C300 1.5x, https:\/\/i0.wp.com\/noticiasribeiraopreto.com.br\/wp-content\/uploads\/2023\/12\/noticiasconcursos.com_.br-concurso-do-observatorio-nacional-tem-editais-retificados-confira-o-que-mudou-obervatorio-nacional.jpg?fit=1200%2C804&ssl=1&resize=700%2C400 2x, https:\/\/i0.wp.com\/noticiasribeiraopreto.com.br\/wp-content\/uploads\/2023\/12\/noticiasconcursos.com_.br-concurso-do-observatorio-nacional-tem-editais-retificados-confira-o-que-mudou-obervatorio-nacional.jpg?fit=1200%2C804&ssl=1&resize=1050%2C600 3x"},"classes":[]},{"id":46238,"url":"https:\/\/noticiasribeiraopreto.com.br\/index.php\/2024\/04\/10\/como-lidar-com-as-criticas\/","url_meta":{"origin":31111,"position":4},"title":"como lidar com as cr\u00edticas?","author":"noticiasribeiraopreto.com.br","date":"10 de April de 2024","format":false,"excerpt":"Para Andr\u00e9 Felic\u00edssimo, cr\u00edticas s\u00e3o um presente Cr\u00edticas s\u00e3o um presente! Vamos l\u00e1. Papo reto. Quando ouvia isso, no in\u00edcio da minha carreira, achava que era balela. Eu via cr\u00edticas quase como ofensas, tentativas de desmoralizar. \u201cComo assim, criticar meu comportamento? Voc\u00eas sabem o que passei para conseguir esse resultado?\u201d\u2026","rel":"","context":"In &quot;Blog&quot;","block_context":{"text":"Blog","link":"https:\/\/noticiasribeiraopreto.com.br\/index.php\/category\/blog\/"},"img":{"alt_text":"","src":"https:\/\/i0.wp.com\/noticiasribeiraopreto.com.br\/wp-content\/uploads\/2024\/04\/coluna-andre-felicissimo-1024x683.jpg?fit=1024%2C683&ssl=1&resize=350%2C200","width":350,"height":200,"srcset":"https:\/\/i0.wp.com\/noticiasribeiraopreto.com.br\/wp-content\/uploads\/2024\/04\/coluna-andre-felicissimo-1024x683.jpg?fit=1024%2C683&ssl=1&resize=350%2C200 1x, https:\/\/i0.wp.com\/noticiasribeiraopreto.com.br\/wp-content\/uploads\/2024\/04\/coluna-andre-felicissimo-1024x683.jpg?fit=1024%2C683&ssl=1&resize=525%2C300 1.5x, https:\/\/i0.wp.com\/noticiasribeiraopreto.com.br\/wp-content\/uploads\/2024\/04\/coluna-andre-felicissimo-1024x683.jpg?fit=1024%2C683&ssl=1&resize=700%2C400 2x"},"classes":[]},{"id":22156,"url":"https:\/\/noticiasribeiraopreto.com.br\/index.php\/2023\/12\/29\/acreditar-nos-ajudou-a-chegar-ate-aqui-nao-desista\/","url_meta":{"origin":31111,"position":5},"title":"Acreditar nos ajudou a chegar at\u00e9 aqui, n\u00e3o desista","author":"noticiasribeiraopreto.com.br","date":"29 de December de 2023","format":false,"excerpt":"Acreditar nos ajudou \u2013 Foto: Canva. Perseveran\u00e7a e coragem s\u00e3o as palavras m\u00e1gicas para vivermos um 2024 incr\u00edvel no exterior. Acreditar nos ajudou a chegar at\u00e9 aqui. \u00a0Ufa, chegou o fim do ano e que temporada, hein\u2026 Eu n\u00e3o tenho d\u00favida que voc\u00ea vivenciou muitas chances de evolu\u00e7\u00e3o e crescimento,\u2026","rel":"","context":"In &quot;Vagas de Emprego em Ribeir\u00e3o Preto-SP&quot;","block_context":{"text":"Vagas de Emprego em Ribeir\u00e3o Preto-SP","link":"https:\/\/noticiasribeiraopreto.com.br\/index.php\/category\/empregos-classificados-vagas-trabalho\/vagas-de-empregos-em-ribeirao-preto-regiao-brasil\/"},"img":{"alt_text":"","src":"https:\/\/i0.wp.com\/noticiasribeiraopreto.com.br\/wp-content\/uploads\/2023\/12\/acreditar-nos-ajudou.jpeg?fit=660%2C360&ssl=1&resize=350%2C200","width":350,"height":200,"srcset":"https:\/\/i0.wp.com\/noticiasribeiraopreto.com.br\/wp-content\/uploads\/2023\/12\/acreditar-nos-ajudou.jpeg?fit=660%2C360&ssl=1&resize=350%2C200 1x, https:\/\/i0.wp.com\/noticiasribeiraopreto.com.br\/wp-content\/uploads\/2023\/12\/acreditar-nos-ajudou.jpeg?fit=660%2C360&ssl=1&resize=525%2C300 1.5x"},"classes":[]}],"jetpack_sharing_enabled":true,"jetpack_shortlink":"https:\/\/wp.me\/peQAOb-85N","_links":{"self":[{"href":"https:\/\/noticiasribeiraopreto.com.br\/index.php\/wp-json\/wp\/v2\/posts\/31111","targetHints":{"allow":["GET"]}}],"collection":[{"href":"https:\/\/noticiasribeiraopreto.com.br\/index.php\/wp-json\/wp\/v2\/posts"}],"about":[{"href":"https:\/\/noticiasribeiraopreto.com.br\/index.php\/wp-json\/wp\/v2\/types\/post"}],"author":[{"embeddable":true,"href":"https:\/\/noticiasribeiraopreto.com.br\/index.php\/wp-json\/wp\/v2\/users\/1"}],"replies":[{"embeddable":true,"href":"https:\/\/noticiasribeiraopreto.com.br\/index.php\/wp-json\/wp\/v2\/comments?post=31111"}],"version-history":[{"count":0,"href":"https:\/\/noticiasribeiraopreto.com.br\/index.php\/wp-json\/wp\/v2\/posts\/31111\/revisions"}],"wp:featuredmedia":[{"embeddable":true,"href":"https:\/\/noticiasribeiraopreto.com.br\/index.php\/wp-json\/wp\/v2\/media\/31112"}],"wp:attachment":[{"href":"https:\/\/noticiasribeiraopreto.com.br\/index.php\/wp-json\/wp\/v2\/media?parent=31111"}],"wp:term":[{"taxonomy":"category","embeddable":true,"href":"https:\/\/noticiasribeiraopreto.com.br\/index.php\/wp-json\/wp\/v2\/categories?post=31111"},{"taxonomy":"post_tag","embeddable":true,"href":"https:\/\/noticiasribeiraopreto.com.br\/index.php\/wp-json\/wp\/v2\/tags?post=31111"}],"curies":[{"name":"wp","href":"https:\/\/api.w.org\/{rel}","templated":true}]}}