{"id":31497,"date":"2024-01-22T14:17:21","date_gmt":"2024-01-22T17:17:21","guid":{"rendered":"https:\/\/noticiasribeiraopreto.com.br\/index.php\/2024\/01\/22\/mercado-reduz-novamente-previsao-de-inflacao-para-2024\/"},"modified":"2024-01-22T14:17:21","modified_gmt":"2024-01-22T17:17:21","slug":"mercado-reduz-novamente-previsao-de-inflacao-para-2024","status":"publish","type":"post","link":"https:\/\/noticiasribeiraopreto.com.br\/index.php\/2024\/01\/22\/mercado-reduz-novamente-previsao-de-inflacao-para-2024\/","title":{"rendered":"Mercado reduz novamente previs\u00e3o de infla\u00e7\u00e3o para 2024"},"content":{"rendered":"<div class='code-block code-block-1' style='margin: 8px 0 8px auto; text-align: right; display: block; clear: both;'>\n<p><a href=\"https:\/\/wa.link\/vpicfd\"><img data-recalc-dims=\"1\" class=\"wp-image-4922\" style=\"aspect-ratio: 2.0253164556962027; width: 561px; height: auto;\" src=\"https:\/\/i0.wp.com\/ismaelcolosi.com.br\/wp-content\/uploads\/2023\/11\/grupo-de-empregos-whatsapp-e-facebook-ismael-colosi-vagas.jpg?ssl=1\" alt=\"\" \/><\/a><\/p>\n<!-- \/wp:image -->\n<\/div>\n<p> <br \/>\n<\/p>\n<div>\n<p>O mercado financeiro reduziu novamente a previs\u00e3o da infla\u00e7\u00e3o para este ano. Segundo proje\u00e7\u00e3o do Boletim Focus, divulgada hoje (22) pelo Banco Central (BC), o \u00cdndice de Pre\u00e7os ao Consumidor Amplo (IPCA) \u2013 considerado a infla\u00e7\u00e3o oficial do pa\u00eds \u2013 deve fechar este ano em 3,86%. H\u00e1 uma semana, a proje\u00e7\u00e3o do mercado era de que a infla\u00e7\u00e3o este ano ficasse em 3,87%. H\u00e1 quatro semanas, a previs\u00e3o era de 3,91%. <noscript><img data-recalc-dims=\"1\" decoding=\"async\" src=\"https:\/\/i0.wp.com\/agenciabrasil.ebc.com.br\/ebc.png?ssl=1\"\/><\/noscript><img data-recalc-dims=\"1\" decoding=\"async\" src=\"https:\/\/i0.wp.com\/agenciabrasil.ebc.com.br\/ebc.gif?ssl=1\" class=\"lazyload\"\/><noscript><img data-recalc-dims=\"1\" decoding=\"async\" src=\"https:\/\/i0.wp.com\/agenciabrasil.ebc.com.br\/ebc.gif?ssl=1\"\/><\/noscript><\/p>\n<p>Divulgado semanalmente, o Boletim Focus re\u00fane a proje\u00e7\u00e3o de mais de 100 institui\u00e7\u00f5es do mercado para os principais indicadores econ\u00f4micos do pa\u00eds. Para 2025, a proje\u00e7\u00e3o da infla\u00e7\u00e3o ficar\u00e1 em 3,5%. Para 2026 e 2027, a previs\u00e3o \u00e9 que o \u00edndice fique nos 3,5% nos dois anos.<\/p>\n<p>A estimativa para 2024 est\u00e1 dentro do intervalo de meta de infla\u00e7\u00e3o que deve ser perseguida pelo BC. Definida pelo Conselho Monet\u00e1rio Nacional (CMN), a meta \u00e9 3% para 2023, com intervalo de toler\u00e2ncia de 1,5 ponto percentual (p.p) para cima ou para baixo. Ou seja, o limite inferior \u00e9 1,5% e o superior 4,5%.<\/p>\n<p>Para alcan\u00e7ar a meta de infla\u00e7\u00e3o, o BC usa como principal instrumento a taxa b\u00e1sica de juros, a Selic, a taxa b\u00e1sica de juros, definida em 11,75% ao ano pelo Comit\u00ea de Pol\u00edtica Monet\u00e1ria (Copom).<\/p>\n<p>O comit\u00ea informou que deve seguir com cortes de 0,05 p.p\u00a0nas pr\u00f3ximas reuni\u00f5es.<\/p>\n<p>Quando o Copom aumenta a taxa b\u00e1sica de juros, a finalidade \u00e9 conter a demanda aquecida, e isso causa reflexos nos pre\u00e7os porque os juros mais altos encarecem o cr\u00e9dito e estimulam a poupan\u00e7a.<\/p>\n<p>Quando o Copom diminui a Selic, a tend\u00eancia \u00e9 que o cr\u00e9dito fique mais barato, com incentivo \u00e0 produ\u00e7\u00e3o e ao consumo, reduzindo o controle sobre a infla\u00e7\u00e3o e estimulando a atividade econ\u00f4mica.<\/p>\n<p>Para o mercado financeiro, a Selic deve encerrar 2024 em 9% ao ano. Para o fim de 2025, a estimativa \u00e9 de que a taxa b\u00e1sica caia para 8,5% ao ano. A mesma previs\u00e3o para 2026 e 2027.<\/p>\n<p><strong>PIB<\/strong> -Em rela\u00e7\u00e3o ao crescimento do Produto Interno Bruto \u2013 soma de todos os bens e servi\u00e7os finais produzidos no pa\u00eds \u2013 (PIB), o Focus aumentou a previs\u00e3o de crescimento, em 2024, para 1,6%, ante os 1,59% da semana passada. Para 2025, o boletim tamb\u00e9m manteve a previs\u00e3o de crescimento da semana passada de 2%, que tamb\u00e9m \u00e9 a mesma para os anos de 2025 e 2026.<\/p>\n<p><strong>C\u00e2mbio<\/strong> \u2013 O boletim divulgado nesta segunda-feira tamb\u00e9m prev\u00ea diminui\u00e7\u00e3o no valor do c\u00e2mbio em d\u00f3lar. Segundo o Focus, em 2024, a moeda fecha o ano em R$ 4,92. Na semana passada, a previs\u00e3o era de R$ 4,95. H\u00e1 quatro semanas a previs\u00e3o era de que a moeda norte-americana ficasse em R$ 5,00. Para 2025, a proje\u00e7\u00e3o \u00e9 que o d\u00f3lar tamb\u00e9m fique em R$ 5,00. Para 2026, a expectativa \u00e9 que o c\u00e2mbio feche em R$ 5,05 e para 2027, em R$ 5,10.<\/p>\n<\/div>\n<p><br \/>\n<br \/><a href=\"https:\/\/www.tribunaribeirao.com.br\/site\/mercado-reduz-novamente-previsao-de-inflacao-para-2024\/\">Source link <\/a><\/p>\n<!-- CONTENT END 1 -->\n","protected":false},"excerpt":{"rendered":"<p>O mercado financeiro reduziu novamente a previs\u00e3o da infla\u00e7\u00e3o para este ano. Segundo proje\u00e7\u00e3o do Boletim Focus, divulgada hoje (22) pelo Banco Central (BC), o&#8230;<\/p>\n","protected":false},"author":1,"featured_media":31498,"comment_status":"open","ping_status":"open","sticky":false,"template":"","format":"standard","meta":{"advanced_seo_description":"","jetpack_seo_html_title":"","jetpack_seo_noindex":false,"jetpack_post_was_ever_published":false,"_jetpack_newsletter_access":"","_jetpack_dont_email_post_to_subs":false,"_jetpack_newsletter_tier_id":0,"_jetpack_memberships_contains_paywalled_content":false,"_jetpack_memberships_contains_paid_content":false,"footnotes":"","jetpack_publicize_message":"","jetpack_publicize_feature_enabled":true,"jetpack_social_post_already_shared":true,"jetpack_social_options":{"image_generator_settings":{"template":"highway","default_image_id":0,"font":"","enabled":false},"version":2}},"categories":[11],"tags":[510,879,448,71,350,880],"class_list":["post-31497","post","type-post","status-publish","format-standard","has-post-thumbnail","hentry","category-noticias-de-ribeirao-preto-sp-e-regiao-ismael-colosi","tag-inflacao","tag-mercado","tag-novamente","tag-para","tag-previsao","tag-reduz"],"jetpack_publicize_connections":[],"jetpack_featured_media_url":"https:\/\/i0.wp.com\/noticiasribeiraopreto.com.br\/wp-content\/uploads\/2024\/01\/1705943844_dfa4414a-b54c-4d1b-99ae-35a99d19811f-scaled.jpg?fit=1000%2C598&ssl=1","jetpack-related-posts":[{"id":7049,"url":"https:\/\/noticiasribeiraopreto.com.br\/index.php\/2023\/11\/27\/mercado-reduz-previsao-da-inflacao-de-455-para-453-este-ano\/","url_meta":{"origin":31497,"position":0},"title":"Mercado reduz previs\u00e3o da infla\u00e7\u00e3o de 4,55% para 4,53% este ano","author":"noticiasribeiraopreto.com.br","date":"27 de November de 2023","format":false,"excerpt":"27 de novembro de 2023 | 13:0027 de novembro de 2023 | 11:39 0Pela terceira semana seguida, a previs\u00e3o do mercado financeiro para o \u00cdndice Nacional de Pre\u00e7os ao Consumidor Amplo (IPCA) \u2013 considerado a infla\u00e7\u00e3o oficial do pa\u00eds \u2013 teve redu\u00e7\u00e3o, passando de 4,55% para 4,53% este ano. A\u2026","rel":"","context":"In &quot;Not\u00edcias de Ribeir\u00e3o Preto-SP e Regi\u00e3o&quot;","block_context":{"text":"Not\u00edcias de Ribeir\u00e3o Preto-SP e Regi\u00e3o","link":"https:\/\/noticiasribeiraopreto.com.br\/index.php\/category\/noticias-de-ribeirao-preto-sp-e-regiao-ismael-colosi\/"},"img":{"alt_text":"","src":"https:\/\/i0.wp.com\/noticiasribeiraopreto.com.br\/wp-content\/uploads\/2023\/11\/shutterstock_1486752722-770x478-2.jpg?fit=770%2C478&ssl=1&resize=350%2C200","width":350,"height":200,"srcset":"https:\/\/i0.wp.com\/noticiasribeiraopreto.com.br\/wp-content\/uploads\/2023\/11\/shutterstock_1486752722-770x478-2.jpg?fit=770%2C478&ssl=1&resize=350%2C200 1x, https:\/\/i0.wp.com\/noticiasribeiraopreto.com.br\/wp-content\/uploads\/2023\/11\/shutterstock_1486752722-770x478-2.jpg?fit=770%2C478&ssl=1&resize=525%2C300 1.5x, https:\/\/i0.wp.com\/noticiasribeiraopreto.com.br\/wp-content\/uploads\/2023\/11\/shutterstock_1486752722-770x478-2.jpg?fit=770%2C478&ssl=1&resize=700%2C400 2x"},"classes":[]},{"id":28328,"url":"https:\/\/noticiasribeiraopreto.com.br\/index.php\/2024\/01\/15\/inflacao-deve-fechar-este-ano-em-387\/","url_meta":{"origin":31497,"position":1},"title":"Infla\u00e7\u00e3o deve fechar este ano em 3,87%","author":"noticiasribeiraopreto.com.br","date":"15 de January de 2024","format":false,"excerpt":"15 de janeiro de 2024 | 15:0015 de janeiro de 2024 | 11:36 0O mercado financeiro reduziu a previs\u00e3o da infla\u00e7\u00e3o para este ano. Segundo proje\u00e7\u00e3o do Boletim Focus, divulgada hoje (15) pelo Banco Central (BC), o \u00cdndice de Pre\u00e7os ao Consumidor Amplo (IPCA) \u2013 considerado a infla\u00e7\u00e3o oficial do\u2026","rel":"","context":"In &quot;Not\u00edcias de Ribeir\u00e3o Preto-SP e Regi\u00e3o&quot;","block_context":{"text":"Not\u00edcias de Ribeir\u00e3o Preto-SP e Regi\u00e3o","link":"https:\/\/noticiasribeiraopreto.com.br\/index.php\/category\/noticias-de-ribeirao-preto-sp-e-regiao-ismael-colosi\/"},"img":{"alt_text":"","src":"https:\/\/i0.wp.com\/noticiasribeiraopreto.com.br\/wp-content\/uploads\/2024\/01\/dfa4414a-b54c-4d1b-99ae-35a99d19811f-scaled.jpg?fit=1000%2C598&ssl=1&resize=350%2C200","width":350,"height":200,"srcset":"https:\/\/i0.wp.com\/noticiasribeiraopreto.com.br\/wp-content\/uploads\/2024\/01\/dfa4414a-b54c-4d1b-99ae-35a99d19811f-scaled.jpg?fit=1000%2C598&ssl=1&resize=350%2C200 1x, https:\/\/i0.wp.com\/noticiasribeiraopreto.com.br\/wp-content\/uploads\/2024\/01\/dfa4414a-b54c-4d1b-99ae-35a99d19811f-scaled.jpg?fit=1000%2C598&ssl=1&resize=525%2C300 1.5x, https:\/\/i0.wp.com\/noticiasribeiraopreto.com.br\/wp-content\/uploads\/2024\/01\/dfa4414a-b54c-4d1b-99ae-35a99d19811f-scaled.jpg?fit=1000%2C598&ssl=1&resize=700%2C400 2x"},"classes":[]},{"id":28398,"url":"https:\/\/noticiasribeiraopreto.com.br\/index.php\/2024\/01\/15\/inflacao-deve-fechar-este-ano-em-387-2\/","url_meta":{"origin":31497,"position":2},"title":"Infla\u00e7\u00e3o deve fechar este ano em 3,87% \u2013 Folha de Ribeir\u00e3o","author":"noticiasribeiraopreto.com.br","date":"15 de January de 2024","format":false,"excerpt":"O mercado financeiro reduziu a previs\u00e3o da infla\u00e7\u00e3o para este ano. Segundo proje\u00e7\u00e3o do Boletim Focus, divulgada hoje (15) pelo Banco Central (BC), o \u00cdndice de Pre\u00e7os ao Consumidor Amplo (IPCA) \u2013 considerado a infla\u00e7\u00e3o oficial do pa\u00eds \u2013 deve fechar este ano em 3,87%. H\u00e1 uma semana, a proje\u00e7\u00e3o\u2026","rel":"","context":"In &quot;Not\u00edcias de Ribeir\u00e3o Preto-SP e Regi\u00e3o&quot;","block_context":{"text":"Not\u00edcias de Ribeir\u00e3o Preto-SP e Regi\u00e3o","link":"https:\/\/noticiasribeiraopreto.com.br\/index.php\/category\/noticias-de-ribeirao-preto-sp-e-regiao-ismael-colosi\/"},"img":{"alt_text":"","src":"","width":0,"height":0},"classes":[]},{"id":20735,"url":"https:\/\/noticiasribeiraopreto.com.br\/index.php\/2023\/12\/26\/mercado-financeiro-reduz-previsao-para-inflacao\/","url_meta":{"origin":31497,"position":3},"title":"Mercado financeiro reduz previs\u00e3o para infla\u00e7\u00e3o","author":"noticiasribeiraopreto.com.br","date":"26 de December de 2023","format":false,"excerpt":"O mercado financeiro reduziu pela terceira semana consecutiva a previs\u00e3o para o \u00cdndice Nacional de Pre\u00e7os ao Consumidor Amplo (IPCA), considerado a infla\u00e7\u00e3o oficial do pa\u00eds. De acordo com o Boletim Focus divulgado nesta ter\u00e7a-feira (26), o ano fechar\u00e1 com uma infla\u00e7\u00e3o de 4,46%. H\u00e1 uma semana ele estava em\u2026","rel":"","context":"In &quot;Not\u00edcias de Ribeir\u00e3o Preto-SP e Regi\u00e3o&quot;","block_context":{"text":"Not\u00edcias de Ribeir\u00e3o Preto-SP e Regi\u00e3o","link":"https:\/\/noticiasribeiraopreto.com.br\/index.php\/category\/noticias-de-ribeirao-preto-sp-e-regiao-ismael-colosi\/"},"img":{"alt_text":"","src":"https:\/\/i0.wp.com\/noticiasribeiraopreto.com.br\/wp-content\/uploads\/2023\/12\/33535ba7-6419-40e6-bf2b-aa8bc2a4889d-scaled.jpg?fit=1000%2C598&ssl=1&resize=350%2C200","width":350,"height":200,"srcset":"https:\/\/i0.wp.com\/noticiasribeiraopreto.com.br\/wp-content\/uploads\/2023\/12\/33535ba7-6419-40e6-bf2b-aa8bc2a4889d-scaled.jpg?fit=1000%2C598&ssl=1&resize=350%2C200 1x, https:\/\/i0.wp.com\/noticiasribeiraopreto.com.br\/wp-content\/uploads\/2023\/12\/33535ba7-6419-40e6-bf2b-aa8bc2a4889d-scaled.jpg?fit=1000%2C598&ssl=1&resize=525%2C300 1.5x, https:\/\/i0.wp.com\/noticiasribeiraopreto.com.br\/wp-content\/uploads\/2023\/12\/33535ba7-6419-40e6-bf2b-aa8bc2a4889d-scaled.jpg?fit=1000%2C598&ssl=1&resize=700%2C400 2x"},"classes":[]},{"id":10420,"url":"https:\/\/noticiasribeiraopreto.com.br\/index.php\/2023\/12\/04\/mercado-preve-que-inflacao-fechara-o-ano-em-454\/","url_meta":{"origin":31497,"position":4},"title":"Mercado prev\u00ea que infla\u00e7\u00e3o fechar\u00e1 o ano em 4,54%","author":"noticiasribeiraopreto.com.br","date":"4 de December de 2023","format":false,"excerpt":"4 de dezembro de 2023 | 14:004 de dezembro de 2023 | 12:22 0O mercado financeiro prev\u00ea uma infla\u00e7\u00e3o de 4,54% ao fim deste ano. O n\u00famero \u00e9 ligeiramente superior ao previsto h\u00e1 uma semana pelo Boletim Focus (4,53%); e abaixo dos 4,63% estimados h\u00e1 quatro semanas para o \u00cdndice\u2026","rel":"","context":"In &quot;Not\u00edcias de Ribeir\u00e3o Preto-SP e Regi\u00e3o&quot;","block_context":{"text":"Not\u00edcias de Ribeir\u00e3o Preto-SP e Regi\u00e3o","link":"https:\/\/noticiasribeiraopreto.com.br\/index.php\/category\/noticias-de-ribeirao-preto-sp-e-regiao-ismael-colosi\/"},"img":{"alt_text":"","src":"https:\/\/i0.wp.com\/noticiasribeiraopreto.com.br\/wp-content\/uploads\/2023\/12\/copon-scaled.jpg?fit=1000%2C600&ssl=1&resize=350%2C200","width":350,"height":200,"srcset":"https:\/\/i0.wp.com\/noticiasribeiraopreto.com.br\/wp-content\/uploads\/2023\/12\/copon-scaled.jpg?fit=1000%2C600&ssl=1&resize=350%2C200 1x, https:\/\/i0.wp.com\/noticiasribeiraopreto.com.br\/wp-content\/uploads\/2023\/12\/copon-scaled.jpg?fit=1000%2C600&ssl=1&resize=525%2C300 1.5x, https:\/\/i0.wp.com\/noticiasribeiraopreto.com.br\/wp-content\/uploads\/2023\/12\/copon-scaled.jpg?fit=1000%2C600&ssl=1&resize=700%2C400 2x"},"classes":[]},{"id":17460,"url":"https:\/\/noticiasribeiraopreto.com.br\/index.php\/2023\/12\/18\/cai-expectativa-de-inflacao-para-este-ano\/","url_meta":{"origin":31497,"position":5},"title":"Cai expectativa de infla\u00e7\u00e3o para este ano","author":"noticiasribeiraopreto.com.br","date":"18 de December de 2023","format":false,"excerpt":"A expectativa para a infla\u00e7\u00e3o deste ano recuou mais uma vez no Boletim Focus divulgado nesta segunda-feira, 18. A proje\u00e7\u00e3o para 2023 passou de 4,51% para 4,49%. Um m\u00eas antes, a mediana era de 4,55%. Para 2024, foco da pol\u00edtica monet\u00e1ria, a proje\u00e7\u00e3o se manteve em 3,93%. H\u00e1 um m\u00eas,\u2026","rel":"","context":"In &quot;Not\u00edcias de Ribeir\u00e3o Preto-SP e Regi\u00e3o&quot;","block_context":{"text":"Not\u00edcias de Ribeir\u00e3o Preto-SP e Regi\u00e3o","link":"https:\/\/noticiasribeiraopreto.com.br\/index.php\/category\/noticias-de-ribeirao-preto-sp-e-regiao-ismael-colosi\/"},"img":{"alt_text":"","src":"https:\/\/i0.wp.com\/noticiasribeiraopreto.com.br\/wp-content\/uploads\/2023\/12\/banco_central_mcajr_abr_0104222276-scaled.jpg?fit=1000%2C598&ssl=1&resize=350%2C200","width":350,"height":200,"srcset":"https:\/\/i0.wp.com\/noticiasribeiraopreto.com.br\/wp-content\/uploads\/2023\/12\/banco_central_mcajr_abr_0104222276-scaled.jpg?fit=1000%2C598&ssl=1&resize=350%2C200 1x, https:\/\/i0.wp.com\/noticiasribeiraopreto.com.br\/wp-content\/uploads\/2023\/12\/banco_central_mcajr_abr_0104222276-scaled.jpg?fit=1000%2C598&ssl=1&resize=525%2C300 1.5x, https:\/\/i0.wp.com\/noticiasribeiraopreto.com.br\/wp-content\/uploads\/2023\/12\/banco_central_mcajr_abr_0104222276-scaled.jpg?fit=1000%2C598&ssl=1&resize=700%2C400 2x"},"classes":[]}],"jetpack_sharing_enabled":true,"jetpack_shortlink":"https:\/\/wp.me\/peQAOb-8c1","_links":{"self":[{"href":"https:\/\/noticiasribeiraopreto.com.br\/index.php\/wp-json\/wp\/v2\/posts\/31497","targetHints":{"allow":["GET"]}}],"collection":[{"href":"https:\/\/noticiasribeiraopreto.com.br\/index.php\/wp-json\/wp\/v2\/posts"}],"about":[{"href":"https:\/\/noticiasribeiraopreto.com.br\/index.php\/wp-json\/wp\/v2\/types\/post"}],"author":[{"embeddable":true,"href":"https:\/\/noticiasribeiraopreto.com.br\/index.php\/wp-json\/wp\/v2\/users\/1"}],"replies":[{"embeddable":true,"href":"https:\/\/noticiasribeiraopreto.com.br\/index.php\/wp-json\/wp\/v2\/comments?post=31497"}],"version-history":[{"count":0,"href":"https:\/\/noticiasribeiraopreto.com.br\/index.php\/wp-json\/wp\/v2\/posts\/31497\/revisions"}],"wp:featuredmedia":[{"embeddable":true,"href":"https:\/\/noticiasribeiraopreto.com.br\/index.php\/wp-json\/wp\/v2\/media\/31498"}],"wp:attachment":[{"href":"https:\/\/noticiasribeiraopreto.com.br\/index.php\/wp-json\/wp\/v2\/media?parent=31497"}],"wp:term":[{"taxonomy":"category","embeddable":true,"href":"https:\/\/noticiasribeiraopreto.com.br\/index.php\/wp-json\/wp\/v2\/categories?post=31497"},{"taxonomy":"post_tag","embeddable":true,"href":"https:\/\/noticiasribeiraopreto.com.br\/index.php\/wp-json\/wp\/v2\/tags?post=31497"}],"curies":[{"name":"wp","href":"https:\/\/api.w.org\/{rel}","templated":true}]}}