{"id":31764,"date":"2024-01-23T08:47:34","date_gmt":"2024-01-23T11:47:34","guid":{"rendered":"https:\/\/noticiasribeiraopreto.com.br\/index.php\/2024\/01\/23\/obras-do-corredor-de-onibus-da-castelo-branco-e-treze-de-maio-serao-retomadas-hoje-23\/"},"modified":"2024-01-23T08:47:34","modified_gmt":"2024-01-23T11:47:34","slug":"obras-do-corredor-de-onibus-da-castelo-branco-e-treze-de-maio-serao-retomadas-hoje-23","status":"publish","type":"post","link":"https:\/\/noticiasribeiraopreto.com.br\/index.php\/2024\/01\/23\/obras-do-corredor-de-onibus-da-castelo-branco-e-treze-de-maio-serao-retomadas-hoje-23\/","title":{"rendered":"Obras do corredor de \u00f4nibus da Castelo Branco e Treze de Maio ser\u00e3o retomadas hoje, 23"},"content":{"rendered":"<div class='code-block code-block-1' style='margin: 8px 0 8px auto; text-align: right; display: block; clear: both;'>\n<p><a href=\"https:\/\/wa.link\/vpicfd\"><img data-recalc-dims=\"1\" class=\"wp-image-4922\" style=\"aspect-ratio: 2.0253164556962027; width: 561px; height: auto;\" src=\"https:\/\/i0.wp.com\/ismaelcolosi.com.br\/wp-content\/uploads\/2023\/11\/grupo-de-empregos-whatsapp-e-facebook-ismael-colosi-vagas.jpg?ssl=1\" alt=\"\" \/><\/a><\/p>\n<!-- \/wp:image -->\n<\/div>\n<p> <br \/>\n<\/p>\n<div id=\"\">\n<p> <span class=\"entry-meta-item penci-posted-on\"><i class=\"fa fa-clock-o\"\/><time class=\"entry-date published\" datetime=\"2024-01-23T08:30:44-03:00\">23 de janeiro de 2024 | 8:30<\/time><time class=\"updated\" datetime=\"2024-01-22T17:31:42-03:00\">22 de janeiro de 2024 | 17:31<\/time><\/span><\/p>\n<p> <span class=\"penci-social-buttons penci-social-share-footer\"><a href=\"#\" class=\"penci-post-like penci_post-meta_item  single-like-button penci-social-item like\" data-post_id=\"371215\" title=\"Like\" data-like=\"Like\" data-unlike=\"Unlike\"><i class=\"fa fa-thumbs-o-up\"\/><span class=\"penci-share-number\">0<\/span><\/a><i class=\"fa fa-facebook\"\/><a class=\"penci-social-item twitter\" target=\"_blank\" rel=\"noopener\" title=\"\" href=\"https:\/\/twitter.com\/intent\/tweet?text=Obras%20do%20corredor%20de%20\u00f4nibus%20da%20Castelo%20Branco%20e%20Treze%20de%20Maio%20ser\u00e3o%20retomadas%20hoje,%2023%20-%20https:\/\/www.tribunaribeirao.com.br\/site\/obras-do-corredor-de-onibus-da-castelo-branco-e-treze-de-maio-serao-retomadas-hoje-23\/\"><i class=\"fa fa-twitter\"\/><\/a><i class=\"fa fa-whatsapp\"\/><\/span><\/div>\n<div>\n<p>As obras do corredor de \u00f4nibus Castelo Branco\/Treze de Maio ser\u00e3o retomadas nesta ter\u00e7a-feira, 23 de janeiro. A previs\u00e3o \u00e9 retomar a obra pela reconstru\u00e7\u00e3o do pavimento no trecho da avenida Le\u00e3o XII, que dever\u00e1 durar uma semana. Depois, as obras seguir\u00e3o para a avenida Treze de Maio. O corredor Castelo Branco \/Treze de Maio ter\u00e1 8,4 de extens\u00e3o e est\u00e1 or\u00e7ado em R$ 26.123.173,77.<\/p>\n<p>Na \u00faltima segunda-feira, 15 de janeiro, foram retomadas as obras dos corredores do Centro e o da Costabile\/Pres. Kennedy. Na regi\u00e3o central, as obras do corredor est\u00e3o em dois trechos da rua Bar\u00e3o do Amazonas, que ficar\u00e3o interditados por 20 dias.<\/p>\n<p>O trecho da rua Bar\u00e3o do Amazonas, entre a avenida Nove de Julho e a rua Bernardino de Campos e no trecho entre as ruas Rui Barbosa e Campos Salles, os trabalhos come\u00e7aram com a\u00a0retirada do asfalto. Depois, as equipes v\u00e3o realizar a sondagem das redes de \u00e1gua e g\u00e1s.<\/p>\n<p><strong>Novas Rotas<\/strong><\/p>\n<p>Com a interdi\u00e7\u00e3o na rua Bar\u00e3o do Amazonas, a RP Mobi recomenda aos condutores a utilizarem as seguintes rotas alternativas.<\/p>\n<p>\u2013 Quem vem da regi\u00e3o do Boulevard, em dire\u00e7\u00e3o ao centro da cidade pela rua Bar\u00e3o do Amazonas, deve virar \u00e0 esquerda na avenida Nove de Julho, \u00e0 direita na rua Amador Bueno, \u00e0 direita na rua Campos Salles e \u00e0 esquerda, para acessar novamente a rua Bar\u00e3o do Amazonas e seguir ao destino desejado.<\/p>\n<p>Para quem vem da rua Rui Barbosa em dire\u00e7\u00e3o a regi\u00e3o central, deve virar \u00e0 direita na rua Comandante Marcondes Salgado, \u00e0 esquerda na rua Prudente de Morais e seguir o destino desejado.<\/p>\n<p>A interdi\u00e7\u00e3o estar\u00e1 devidamente sinalizada com cavaletes e cones, al\u00e9m de placas com indica\u00e7\u00f5es sobre os desvios necess\u00e1rios. Al\u00e9m disso, uma equipe t\u00e9cnica estar\u00e1 monitorando o andamento dos servi\u00e7os, para garantir a seguran\u00e7a necess\u00e1ria aos condutores e pedestres.<\/p>\n<\/div>\n<p><script async src=\"\/\/platform.twitter.com\/widgets.js\" charset=\"utf-8\"><\/script><br \/>\n<br \/><br \/>\n<br \/><a href=\"https:\/\/www.tribunaribeirao.com.br\/site\/obras-do-corredor-de-onibus-da-castelo-branco-e-treze-de-maio-serao-retomadas-hoje-23\/\">Source link <\/a><\/p>\n<!-- CONTENT END 1 -->\n","protected":false},"excerpt":{"rendered":"<p>23 de janeiro de 2024 | 8:3022 de janeiro de 2024 | 17:31 0 As obras do corredor de \u00f4nibus Castelo Branco\/Treze de Maio ser\u00e3o&#8230;<\/p>\n","protected":false},"author":1,"featured_media":31765,"comment_status":"open","ping_status":"open","sticky":false,"template":"","format":"standard","meta":{"advanced_seo_description":"","jetpack_seo_html_title":"","jetpack_seo_noindex":false,"jetpack_post_was_ever_published":false,"_jetpack_newsletter_access":"","_jetpack_dont_email_post_to_subs":false,"_jetpack_newsletter_tier_id":0,"_jetpack_memberships_contains_paywalled_content":false,"_jetpack_memberships_contains_paid_content":false,"footnotes":"","jetpack_publicize_message":"","jetpack_publicize_feature_enabled":true,"jetpack_social_post_already_shared":true,"jetpack_social_options":{"image_generator_settings":{"template":"highway","default_image_id":0,"font":"","enabled":false},"version":2}},"categories":[11],"tags":[1446,1968,1883,1752,1969,1059,335,3385,2462,3809],"class_list":["post-31764","post","type-post","status-publish","format-standard","has-post-thumbnail","hentry","category-noticias-de-ribeirao-preto-sp-e-regiao-ismael-colosi","tag-branco","tag-castelo","tag-corredor","tag-hoje","tag-maio","tag-obras","tag-onibus","tag-retomadas","tag-serao","tag-treze"],"jetpack_publicize_connections":[],"jetpack_featured_media_url":"https:\/\/i0.wp.com\/noticiasribeiraopreto.com.br\/wp-content\/uploads\/2024\/01\/obras_corredor_castelo_branco_-_foto_guilherme_sircili_14-scaled.jpg?fit=967%2C645&ssl=1","jetpack-related-posts":[{"id":31700,"url":"https:\/\/noticiasribeiraopreto.com.br\/index.php\/2024\/01\/23\/obras-em-corredor-de-onibus-da-castelo-branco-e-treze-de-maio-serao-retomadas-em-ribeirao\/","url_meta":{"origin":31764,"position":0},"title":"Obras em corredor de \u00f4nibus da Castelo Branco e Treze de Maio ser\u00e3o retomadas em Ribeir\u00e3o","author":"noticiasribeiraopreto.com.br","date":"23 de January de 2024","format":false,"excerpt":"As obras do corredor de \u00f4nibus Castelo Branco\/Treze de Maio, na zona Leste de Ribeir\u00e3o Preto, ser\u00e3o retomadas nesta ter\u00e7a-feira (23). O primeiro trabalho a ser executado neste retorno \u00e9 a pavimenta\u00e7\u00e3o do trecho da avenida Le\u00e3o XIII. A previs\u00e3o \u00e9 de que essa etapa dure ao menos uma semana.\u2026","rel":"","context":"In &quot;Not\u00edcias de Ribeir\u00e3o Preto-SP e Regi\u00e3o&quot;","block_context":{"text":"Not\u00edcias de Ribeir\u00e3o Preto-SP e Regi\u00e3o","link":"https:\/\/noticiasribeiraopreto.com.br\/index.php\/category\/noticias-de-ribeirao-preto-sp-e-regiao-ismael-colosi\/"},"img":{"alt_text":"","src":"https:\/\/i0.wp.com\/noticiasribeiraopreto.com.br\/wp-content\/uploads\/2024\/01\/corredor-castelo.jpg?fit=1200%2C800&ssl=1&resize=350%2C200","width":350,"height":200,"srcset":"https:\/\/i0.wp.com\/noticiasribeiraopreto.com.br\/wp-content\/uploads\/2024\/01\/corredor-castelo.jpg?fit=1200%2C800&ssl=1&resize=350%2C200 1x, https:\/\/i0.wp.com\/noticiasribeiraopreto.com.br\/wp-content\/uploads\/2024\/01\/corredor-castelo.jpg?fit=1200%2C800&ssl=1&resize=525%2C300 1.5x, https:\/\/i0.wp.com\/noticiasribeiraopreto.com.br\/wp-content\/uploads\/2024\/01\/corredor-castelo.jpg?fit=1200%2C800&ssl=1&resize=700%2C400 2x, https:\/\/i0.wp.com\/noticiasribeiraopreto.com.br\/wp-content\/uploads\/2024\/01\/corredor-castelo.jpg?fit=1200%2C800&ssl=1&resize=1050%2C600 3x"},"classes":[]},{"id":14115,"url":"https:\/\/noticiasribeiraopreto.com.br\/index.php\/2023\/12\/11\/obras-do-corredor-de-onibus-castelo-branco-13-de-maio-estao-em-andamento\/","url_meta":{"origin":31764,"position":1},"title":"Obras do corredor de \u00f4nibus Castelo Branco\/ 13 de Maio est\u00e3o em andamento \u2013 Folha de Ribeir\u00e3o","author":"noticiasribeiraopreto.com.br","date":"11 de December de 2023","format":false,"excerpt":"As obras do corredor de \u00f4nibus das avenidas Castelo Branco\/ 13 de Maio est\u00e3o\u00a0em ritmo acelerado, com mais de 40% do projeto conclu\u00eddo. Com previs\u00e3o para ser entregue em setembro de 2024, os trabalhos est\u00e3o concentrados na reconstru\u00e7\u00e3o do pavimento dos corredores na avenida Le\u00e3o XIII e, nas marginais da\u2026","rel":"","context":"In &quot;Not\u00edcias de Ribeir\u00e3o Preto-SP e Regi\u00e3o&quot;","block_context":{"text":"Not\u00edcias de Ribeir\u00e3o Preto-SP e Regi\u00e3o","link":"https:\/\/noticiasribeiraopreto.com.br\/index.php\/category\/noticias-de-ribeirao-preto-sp-e-regiao-ismael-colosi\/"},"img":{"alt_text":"","src":"https:\/\/i0.wp.com\/noticiasribeiraopreto.com.br\/wp-content\/uploads\/2023\/12\/obras_corredor_castelo_branco_-_foto_guilherme_sircili_5.jpg?fit=1200%2C800&ssl=1&resize=350%2C200","width":350,"height":200,"srcset":"https:\/\/i0.wp.com\/noticiasribeiraopreto.com.br\/wp-content\/uploads\/2023\/12\/obras_corredor_castelo_branco_-_foto_guilherme_sircili_5.jpg?fit=1200%2C800&ssl=1&resize=350%2C200 1x, https:\/\/i0.wp.com\/noticiasribeiraopreto.com.br\/wp-content\/uploads\/2023\/12\/obras_corredor_castelo_branco_-_foto_guilherme_sircili_5.jpg?fit=1200%2C800&ssl=1&resize=525%2C300 1.5x, https:\/\/i0.wp.com\/noticiasribeiraopreto.com.br\/wp-content\/uploads\/2023\/12\/obras_corredor_castelo_branco_-_foto_guilherme_sircili_5.jpg?fit=1200%2C800&ssl=1&resize=700%2C400 2x, https:\/\/i0.wp.com\/noticiasribeiraopreto.com.br\/wp-content\/uploads\/2023\/12\/obras_corredor_castelo_branco_-_foto_guilherme_sircili_5.jpg?fit=1200%2C800&ssl=1&resize=1050%2C600 3x"},"classes":[]},{"id":27947,"url":"https:\/\/noticiasribeiraopreto.com.br\/index.php\/2024\/01\/14\/bloqueios-no-centro-de-rp-voltam-dia-15\/","url_meta":{"origin":31764,"position":2},"title":"Bloqueios no centro\u00a0de RP voltam dia 15\u00a0","author":"noticiasribeiraopreto.com.br","date":"14 de January de 2024","format":false,"excerpt":"13 de janeiro de 2024 | 11:0013 de janeiro de 2024 | 10:34 0A Black Friday e o Natal passaram e com isso acabou o sossego dos comerciantes. Devido ao andamento das obras do corredor de \u00f4nibus do quadril\u00e1tero central, a partir de segunda-feira, 15 de janeiro, ser\u00e1 necess\u00e1ria a\u2026","rel":"","context":"In &quot;Not\u00edcias de Ribeir\u00e3o Preto-SP e Regi\u00e3o&quot;","block_context":{"text":"Not\u00edcias de Ribeir\u00e3o Preto-SP e Regi\u00e3o","link":"https:\/\/noticiasribeiraopreto.com.br\/index.php\/category\/noticias-de-ribeirao-preto-sp-e-regiao-ismael-colosi\/"},"img":{"alt_text":"","src":"https:\/\/i0.wp.com\/noticiasribeiraopreto.com.br\/wp-content\/uploads\/2024\/01\/Obras-Alfredo-Risk-scaled.jpg?fit=1000%2C563&ssl=1&resize=350%2C200","width":350,"height":200,"srcset":"https:\/\/i0.wp.com\/noticiasribeiraopreto.com.br\/wp-content\/uploads\/2024\/01\/Obras-Alfredo-Risk-scaled.jpg?fit=1000%2C563&ssl=1&resize=350%2C200 1x, https:\/\/i0.wp.com\/noticiasribeiraopreto.com.br\/wp-content\/uploads\/2024\/01\/Obras-Alfredo-Risk-scaled.jpg?fit=1000%2C563&ssl=1&resize=525%2C300 1.5x, https:\/\/i0.wp.com\/noticiasribeiraopreto.com.br\/wp-content\/uploads\/2024\/01\/Obras-Alfredo-Risk-scaled.jpg?fit=1000%2C563&ssl=1&resize=700%2C400 2x"},"classes":[]},{"id":10472,"url":"https:\/\/noticiasribeiraopreto.com.br\/index.php\/2023\/12\/04\/obras-de-corredores-de-onibus-ajudam-ou-atrapalham-o-transito-de-ribeirao\/","url_meta":{"origin":31764,"position":3},"title":"Obras de corredores de \u00f4nibus, ajudam ou atrapalham o transito de Ribeir\u00e3o? \u2013 Folha de Ribeir\u00e3o","author":"noticiasribeiraopreto.com.br","date":"4 de December de 2023","format":false,"excerpt":"A prefeitura municipal de Ribeir\u00e3o Preto, atrav\u00e9s da secretaria de Obras P\u00fablicas, entregou para \u00e0 popula\u00e7\u00e3o 8 dos 11 corredores de \u00f4nibus previstos no Programa Ribeir\u00e3o Mobilidade. Os corredores das avenidas Castelo Branco\/ Treze de Maio e Cost\u00e1bile Romano\/ Presidente Kennedy est\u00e3o com as obras em andamento. Quando prontos ser\u00e3o\u2026","rel":"","context":"In &quot;Not\u00edcias de Ribeir\u00e3o Preto-SP e Regi\u00e3o&quot;","block_context":{"text":"Not\u00edcias de Ribeir\u00e3o Preto-SP e Regi\u00e3o","link":"https:\/\/noticiasribeiraopreto.com.br\/index.php\/category\/noticias-de-ribeirao-preto-sp-e-regiao-ismael-colosi\/"},"img":{"alt_text":"","src":"https:\/\/i0.wp.com\/noticiasribeiraopreto.com.br\/wp-content\/uploads\/2023\/12\/corredor_castelo_branco-_treze_de_maio_-_foto_fernando_gonzaga_13.jpg?fit=1200%2C799&ssl=1&resize=350%2C200","width":350,"height":200,"srcset":"https:\/\/i0.wp.com\/noticiasribeiraopreto.com.br\/wp-content\/uploads\/2023\/12\/corredor_castelo_branco-_treze_de_maio_-_foto_fernando_gonzaga_13.jpg?fit=1200%2C799&ssl=1&resize=350%2C200 1x, https:\/\/i0.wp.com\/noticiasribeiraopreto.com.br\/wp-content\/uploads\/2023\/12\/corredor_castelo_branco-_treze_de_maio_-_foto_fernando_gonzaga_13.jpg?fit=1200%2C799&ssl=1&resize=525%2C300 1.5x, https:\/\/i0.wp.com\/noticiasribeiraopreto.com.br\/wp-content\/uploads\/2023\/12\/corredor_castelo_branco-_treze_de_maio_-_foto_fernando_gonzaga_13.jpg?fit=1200%2C799&ssl=1&resize=700%2C400 2x, https:\/\/i0.wp.com\/noticiasribeiraopreto.com.br\/wp-content\/uploads\/2023\/12\/corredor_castelo_branco-_treze_de_maio_-_foto_fernando_gonzaga_13.jpg?fit=1200%2C799&ssl=1&resize=1050%2C600 3x"},"classes":[]},{"id":13452,"url":"https:\/\/noticiasribeiraopreto.com.br\/index.php\/2023\/12\/10\/obras-do-corredor-costabile-romano-e-presidente-kennedy-estao-em-andamento\/","url_meta":{"origin":31764,"position":4},"title":"Obras do corredor Cost\u00e1bile Romano e Presidente Kennedy est\u00e3o em andamento \u2013 Folha de Ribeir\u00e3o","author":"noticiasribeiraopreto.com.br","date":"10 de December de 2023","format":false,"excerpt":"O corredor de \u00f4nibus das avenidas Cost\u00e1bile Romano e Presidente Kennedy est\u00e1 com quase 45% do projeto conclu\u00eddo, e deve ser entregue dentro do prazo estipulado, em setembro de 2024. Com valor licitado em\u00a0R$ 29.930.470,50, o corredor far\u00e1 parte do segundo maior eixo vi\u00e1rio do munic\u00edpio, com 19 km, e\u2026","rel":"","context":"In &quot;Not\u00edcias de Ribeir\u00e3o Preto-SP e Regi\u00e3o&quot;","block_context":{"text":"Not\u00edcias de Ribeir\u00e3o Preto-SP e Regi\u00e3o","link":"https:\/\/noticiasribeiraopreto.com.br\/index.php\/category\/noticias-de-ribeirao-preto-sp-e-regiao-ismael-colosi\/"},"img":{"alt_text":"","src":"https:\/\/i0.wp.com\/noticiasribeiraopreto.com.br\/wp-content\/uploads\/2023\/12\/obras_ciclofaixa_kennedy_-_foto_guilherme_sircili_16.jpg?fit=1200%2C800&ssl=1&resize=350%2C200","width":350,"height":200,"srcset":"https:\/\/i0.wp.com\/noticiasribeiraopreto.com.br\/wp-content\/uploads\/2023\/12\/obras_ciclofaixa_kennedy_-_foto_guilherme_sircili_16.jpg?fit=1200%2C800&ssl=1&resize=350%2C200 1x, https:\/\/i0.wp.com\/noticiasribeiraopreto.com.br\/wp-content\/uploads\/2023\/12\/obras_ciclofaixa_kennedy_-_foto_guilherme_sircili_16.jpg?fit=1200%2C800&ssl=1&resize=525%2C300 1.5x, https:\/\/i0.wp.com\/noticiasribeiraopreto.com.br\/wp-content\/uploads\/2023\/12\/obras_ciclofaixa_kennedy_-_foto_guilherme_sircili_16.jpg?fit=1200%2C800&ssl=1&resize=700%2C400 2x, https:\/\/i0.wp.com\/noticiasribeiraopreto.com.br\/wp-content\/uploads\/2023\/12\/obras_ciclofaixa_kennedy_-_foto_guilherme_sircili_16.jpg?fit=1200%2C800&ssl=1&resize=1050%2C600 3x"},"classes":[]},{"id":59041,"url":"https:\/\/noticiasribeiraopreto.com.br\/index.php\/2024\/10\/12\/saiba-quando-comecam-as-multas-em-novos-corredores-de-onibus-de-ribeirao-preto\/","url_meta":{"origin":31764,"position":5},"title":"Saiba quando come\u00e7am as multas em novos corredores de \u00f4nibus de Ribeir\u00e3o Preto","author":"noticiasribeiraopreto.com.br","date":"12 de October de 2024","format":false,"excerpt":"Os novos corredores de \u00f4nibus das avenidas Castelo Branco e Treze de Maio, em Ribeir\u00e3o Preto, foram inaugurados na \u00faltima quinta-feira (10). Segundo a RP Mobi, as faixas dos corredores de \u00f4nibus s\u00e3o preferenciais, com proibi\u00e7\u00e3o para estacionamento ao longo do percurso. Segundo a empresa respons\u00e1vel pelo gerenciamento do tr\u00e2nsito,\u2026","rel":"","context":"In &quot;Not\u00edcias de Ribeir\u00e3o Preto-SP e Regi\u00e3o&quot;","block_context":{"text":"Not\u00edcias de Ribeir\u00e3o Preto-SP e Regi\u00e3o","link":"https:\/\/noticiasribeiraopreto.com.br\/index.php\/category\/noticias-de-ribeirao-preto-sp-e-regiao-ismael-colosi\/"},"img":{"alt_text":"","src":"https:\/\/i0.wp.com\/noticiasribeiraopreto.com.br\/wp-content\/uploads\/2024\/10\/corredor-de-onibus-2_2024-10-12_16-43-31_jpg_2024-10-12_16-43-32.webp.webp?fit=901%2C697&ssl=1&resize=350%2C200","width":350,"height":200,"srcset":"https:\/\/i0.wp.com\/noticiasribeiraopreto.com.br\/wp-content\/uploads\/2024\/10\/corredor-de-onibus-2_2024-10-12_16-43-31_jpg_2024-10-12_16-43-32.webp.webp?fit=901%2C697&ssl=1&resize=350%2C200 1x, https:\/\/i0.wp.com\/noticiasribeiraopreto.com.br\/wp-content\/uploads\/2024\/10\/corredor-de-onibus-2_2024-10-12_16-43-31_jpg_2024-10-12_16-43-32.webp.webp?fit=901%2C697&ssl=1&resize=525%2C300 1.5x, https:\/\/i0.wp.com\/noticiasribeiraopreto.com.br\/wp-content\/uploads\/2024\/10\/corredor-de-onibus-2_2024-10-12_16-43-31_jpg_2024-10-12_16-43-32.webp.webp?fit=901%2C697&ssl=1&resize=700%2C400 2x"},"classes":[]}],"jetpack_sharing_enabled":true,"jetpack_shortlink":"https:\/\/wp.me\/peQAOb-8gk","_links":{"self":[{"href":"https:\/\/noticiasribeiraopreto.com.br\/index.php\/wp-json\/wp\/v2\/posts\/31764","targetHints":{"allow":["GET"]}}],"collection":[{"href":"https:\/\/noticiasribeiraopreto.com.br\/index.php\/wp-json\/wp\/v2\/posts"}],"about":[{"href":"https:\/\/noticiasribeiraopreto.com.br\/index.php\/wp-json\/wp\/v2\/types\/post"}],"author":[{"embeddable":true,"href":"https:\/\/noticiasribeiraopreto.com.br\/index.php\/wp-json\/wp\/v2\/users\/1"}],"replies":[{"embeddable":true,"href":"https:\/\/noticiasribeiraopreto.com.br\/index.php\/wp-json\/wp\/v2\/comments?post=31764"}],"version-history":[{"count":0,"href":"https:\/\/noticiasribeiraopreto.com.br\/index.php\/wp-json\/wp\/v2\/posts\/31764\/revisions"}],"wp:featuredmedia":[{"embeddable":true,"href":"https:\/\/noticiasribeiraopreto.com.br\/index.php\/wp-json\/wp\/v2\/media\/31765"}],"wp:attachment":[{"href":"https:\/\/noticiasribeiraopreto.com.br\/index.php\/wp-json\/wp\/v2\/media?parent=31764"}],"wp:term":[{"taxonomy":"category","embeddable":true,"href":"https:\/\/noticiasribeiraopreto.com.br\/index.php\/wp-json\/wp\/v2\/categories?post=31764"},{"taxonomy":"post_tag","embeddable":true,"href":"https:\/\/noticiasribeiraopreto.com.br\/index.php\/wp-json\/wp\/v2\/tags?post=31764"}],"curies":[{"name":"wp","href":"https:\/\/api.w.org\/{rel}","templated":true}]}}